{"id":981,"date":"2021-09-23T07:47:57","date_gmt":"2021-09-23T05:47:57","guid":{"rendered":"https:\/\/popburo.fr\/?p=6089"},"modified":"2021-09-23T07:47:57","modified_gmt":"2021-09-23T05:47:57","slug":"le-choeur-philharmonique-de-strasbourg-recrute-un-charge-dadministration-et-de-developpement-f-h","status":"publish","type":"post","link":"https:\/\/hierostrasbourg.com\/index.php\/2021\/09\/23\/le-choeur-philharmonique-de-strasbourg-recrute-un-charge-dadministration-et-de-developpement-f-h\/","title":{"rendered":"LE CHOEUR PHILHARMONIQUE DE STRASBOURG recrute un charg\u00e9 d\u2019administration et de d\u00e9veloppement [F\/H]"},"content":{"rendered":"<p style=\"text-align: justify;\">Form\u00e9 de quatre-vingt-dix choristes amateurs passionn\u00e9s, le Ch\u0153ur philharmonique de Strasbourg a \u00e9t\u00e9 cr\u00e9\u00e9 en 2003 par l\u2019Orchestre Philharmonique de Strasbourg pour chanter le grand r\u00e9pertoire, sous la direction artistique de Catherine Bolzinger. En 18 saisons d\u2019existence, le Ch\u0153ur a donn\u00e9 plus de 100\u00a0concerts dirig\u00e9s par une trentaine de grands chefs d\u2019orchestre devant plus de 180 000\u00a0spectateurs, et interpr\u00e9t\u00e9 une cinquantaine d\u2019\u0153uvres incontournables du r\u00e9pertoire choral depuis le r\u00e9pertoire baroque jusqu\u2019aux cr\u00e9ations contemporaines.<\/p>\n<p style=\"text-align: justify;\">Constitu\u00e9 en association depuis 2017, le Ch\u0153ur pr\u00e9sente 3 \u00e0 5 programmes par an a cappella ou avec diff\u00e9rents orchestres de la R\u00e9gion et participe ponctuellement \u00e0 des \u00e9v\u00e9nements protocolaires. Il organise 1 \u00e0 2 autoproductions par an autour desquelles il met en \u0153uvre des partenariats avec diff\u00e9rents acteurs culturels de la Ville.<\/p>\n<p style=\"text-align: justify;\">Le\/La charg\u00e9(e) d\u2019administration et de d\u00e9veloppement aura pour principale mission d\u2019<strong>assurer la gestion op\u00e9rationnelle de l\u2019association<\/strong>\u00a0sous l\u2019autorit\u00e9 de la directrice artistique et du bureau de l\u2019association.<\/p>\n<p style=\"text-align: justify;\">Il\/elle travaillera \u00e0 la\u00a0<strong>mise en \u0153uvre des projets artistiques<\/strong>\u00a0en lien avec les commissions b\u00e9n\u00e9voles de l\u2019association.<\/p>\n<p style=\"text-align: justify;\">Il\/elle sera aussi en charge de\u00a0<strong>d\u00e9velopper l\u2019activit\u00e9 du Ch\u0153ur<\/strong>\u00a0en relation avec les diff\u00e9rents partenaires du Ch\u0153ur, orchestres professionnels, acteurs institutionnels, priv\u00e9s ou associatifs.<\/p>\n<p style=\"text-align: justify;\">Le lieu de travail se situe \u00e0 Strasbourg (67000).<\/p>\n<p style=\"text-align: justify;\"><b>Fiche de poste<\/b><\/p>\n<p style=\"text-align: justify;\"><b>Administration g\u00e9n\u00e9rale, coordination et d\u00e9veloppement de l\u2019activit\u00e9 du Ch\u0153ur\u00a0<\/b><\/p>\n<p style=\"text-align: justify;\"><b>En lien avec la directrice artistique et le comit\u00e9 de l\u2019association\u00a0:<\/b><\/p>\n<ul style=\"text-align: justify;\">\n<li>assurer la tenue des comptes, la gestion pr\u00e9visionnelle analytique, les demandes de subvention et les t\u00e2ches administratives en lien avec l\u2019activit\u00e9 du Ch\u0153ur : conventions, assurances, contrats \u2026\u00a0;<\/li>\n<li>assurer les relations avec les financeurs et autres partenaires du Ch\u0153ur : correspondance, participations aux r\u00e9unions et \u00e9v\u00e9nements, etc. ;<\/li>\n<li>\u00e9laborer le planning des actions ; faire l\u2019analyse et les points de situation r\u00e9guliers des projets en cours\u00a0;<\/li>\n<li>pr\u00e9parer les assembl\u00e9es g\u00e9n\u00e9rales de l\u2019association et les r\u00e9unions du comit\u00e9 de l\u2019association\u00a0;<\/li>\n<li>organiser et assurer la gestion RH des intervenants professionnels du Ch\u0153ur en lien avec un organisme sous-traitant\u00a0;<\/li>\n<\/ul>\n<p style=\"text-align: justify;\"><b>\u00a0En lien avec la commission m\u00e9c\u00e9nat\u00a0:<\/b><\/p>\n<ul style=\"text-align: justify;\">\n<li>d\u00e9velopper et diversifier les sources de financement\u00a0;<\/li>\n<\/ul>\n<p style=\"text-align: justify;\"><b>En lien avec la commission r\u00e9gie\u00a0:<\/b><\/p>\n<ul style=\"text-align: justify;\">\n<li>coordonner les plannings et la r\u00e9gie des r\u00e9p\u00e9titions et concerts du Ch\u0153ur\u00a0;<\/li>\n<li>\u00eatre pr\u00e9sent.e pendant les concerts, assurer l\u2019accueil des invit\u00e9s VIP\u00a0;<\/li>\n<\/ul>\n<p style=\"text-align: justify;\"><b>\u00a0En lien avec la commission communication\u00a0et les partenaires ext\u00e9rieurs :<\/b><\/p>\n<ul style=\"text-align: justify;\">\n<li>coordonner la communication num\u00e9rique et traditionnelle du Ch\u0153ur.<\/li>\n<\/ul>\n<p style=\"text-align: justify;\"><strong>Profil recherch\u00e9 :<\/strong><\/p>\n<ul style=\"text-align: justify;\">\n<li>formation sup\u00e9rieure type Master Administration et gestion de projets culturels ;<\/li>\n<li>bonne connaissance du milieu culturel et int\u00e9r\u00eat pour celui-ci ;<\/li>\n<li>ma\u00eetrise des outils de bureautique, d\u2019outils collaboratifs, de WordPress et des r\u00e9seaux sociaux\u00a0;<\/li>\n<li>ma\u00eetrise professionnelle de l\u2019anglais, allemand souhait\u00e9 ;<\/li>\n<li>organisation, autonomie et souhait de s\u2019inscrire dans la dur\u00e9e ;<\/li>\n<li>disponibilit\u00e9s occasionnelles en soir\u00e9e et week-ends (concerts, tourn\u00e9es, autres \u00e9v\u00e9nements).<\/li>\n<\/ul>\n<p style=\"text-align: justify;\"><strong>Contrat :<\/strong><\/p>\n<ul style=\"text-align: justify;\">\n<li>temps partiel 17,5h \/ semaine, peut \u00e9voluer vers un temps complet ;<\/li>\n<li>contrat \u00e0 dur\u00e9e ind\u00e9termin\u00e9e ; non-cadre ;<\/li>\n<li>salaire selon profil et grille Syndeac\u00a0;<\/li>\n<li>prise de poste d\u00e8s que possible.<\/li>\n<\/ul>\n<p style=\"text-align: justify;\"><strong>Candidature :<\/strong><\/p>\n<p style=\"text-align: justify;\">Envoyer votre candidature (lettre de motivation + CV)\u00a0<strong>avant le 27 septembre 2021<\/strong>\u00a0\u00e0<\/p>\n<p style=\"text-align: justify;\"><a href=\"mailto:contact@choeur-strasbourg.eu\">contact@choeur-strasbourg.eu<\/a>.<\/p>\n<p>L\u2019article <a rel=\"nofollow\" href=\"https:\/\/popburo.fr\/le-choeur-philharmonique-de-strasbourg-recrute-un-charge-dadministration-et-de-developpement-f-h\/\">LE CHOEUR PHILHARMONIQUE DE STRASBOURG recrute un charg\u00e9 d\u2019administration et de d\u00e9veloppement [F\/H]<\/a> est apparu en premier sur <a rel=\"nofollow\" href=\"https:\/\/popburo.fr\">POP B\u00dcRO<\/a>.<\/p>\n","protected":false},"excerpt":{"rendered":"<p>Form\u00e9 de quatre-vingt-dix choristes amateurs passionn\u00e9s, le Ch\u0153ur philharmonique de Strasbourg a \u00e9t\u00e9 cr\u00e9\u00e9 en 2003 par l\u2019Orchestre Philharmonique de Strasbourg pour chanter le grand r\u00e9pertoire, sous la direction artistique de Catherine Bolzinger. En 18 saisons d\u2019existence, le Ch\u0153ur a donn\u00e9 plus de 100\u00a0concerts dirig\u00e9s par une trentaine de grands chefs d\u2019orchestre devant plus de 180 000\u00a0spectateurs, et interpr\u00e9t\u00e9 une cinquantaine d\u2019\u0153uvres incontournables du r\u00e9pertoire choral depuis le r\u00e9pertoire baroque jusqu\u2019aux cr\u00e9ations contemporaines. Constitu\u00e9 en association depuis 2017, le Ch\u0153ur [&hellip;]<\/p>\n","protected":false},"author":2,"featured_media":0,"comment_status":"open","ping_status":"closed","sticky":false,"template":"","format":"standard","meta":{"footnotes":""},"categories":[1],"tags":[24,25],"class_list":["post-981","post","type-post","status-publish","format-standard","hentry","category-non-classe","tag-offres-demplois-et-de-stages-en-alsace","tag-offres-emplois-et-stages"],"yoast_head":"<!-- This site is optimized with the Yoast SEO plugin v27.5 - https:\/\/yoast.com\/product\/yoast-seo-wordpress\/ -->\n<title>LE CHOEUR PHILHARMONIQUE DE STRASBOURG recrute un charg\u00e9 d\u2019administration et de d\u00e9veloppement [F\/H] - HIERO STRASBOURG<\/title>\n<meta name=\"robots\" content=\"index, follow, max-snippet:-1, max-image-preview:large, max-video-preview:-1\" \/>\n<link rel=\"canonical\" href=\"https:\/\/hierostrasbourg.com\/index.php\/2021\/09\/23\/le-choeur-philharmonique-de-strasbourg-recrute-un-charge-dadministration-et-de-developpement-f-h\/\" \/>\n<meta property=\"og:locale\" content=\"fr_FR\" \/>\n<meta property=\"og:type\" content=\"article\" \/>\n<meta property=\"og:title\" content=\"LE CHOEUR PHILHARMONIQUE DE STRASBOURG recrute un charg\u00e9 d\u2019administration et de d\u00e9veloppement [F\/H] - HIERO STRASBOURG\" \/>\n<meta property=\"og:description\" content=\"Form\u00e9 de quatre-vingt-dix choristes amateurs passionn\u00e9s, le Ch\u0153ur philharmonique de Strasbourg a \u00e9t\u00e9 cr\u00e9\u00e9 en 2003 par l\u2019Orchestre Philharmonique de Strasbourg pour chanter le grand r\u00e9pertoire, sous la direction artistique de Catherine Bolzinger. En 18 saisons d\u2019existence, le Ch\u0153ur a donn\u00e9 plus de 100\u00a0concerts dirig\u00e9s par une trentaine de grands chefs d\u2019orchestre devant plus de 180 000\u00a0spectateurs, et interpr\u00e9t\u00e9 une cinquantaine d\u2019\u0153uvres incontournables du r\u00e9pertoire choral depuis le r\u00e9pertoire baroque jusqu\u2019aux cr\u00e9ations contemporaines. Constitu\u00e9 en association depuis 2017, le Ch\u0153ur [&hellip;]\" \/>\n<meta property=\"og:url\" content=\"https:\/\/hierostrasbourg.com\/index.php\/2021\/09\/23\/le-choeur-philharmonique-de-strasbourg-recrute-un-charge-dadministration-et-de-developpement-f-h\/\" \/>\n<meta property=\"og:site_name\" content=\"HIERO STRASBOURG\" \/>\n<meta property=\"article:publisher\" content=\"https:\/\/www.facebook.com\/fedehierostrasbourg\" \/>\n<meta property=\"article:published_time\" content=\"2021-09-23T05:47:57+00:00\" \/>\n<meta property=\"og:image\" content=\"https:\/\/i2.wp.com\/hierostrasbourg.com\/wp-content\/uploads\/2021\/09\/le-choeur-philharmonique-de-strasbourg-recrute-un-charge-dadministration-et-de-developpement-f-h.jpg?fit=150%2C150&ssl=1\" \/>\n\t<meta property=\"og:image:width\" content=\"150\" \/>\n\t<meta property=\"og:image:height\" content=\"150\" \/>\n\t<meta property=\"og:image:type\" content=\"image\/jpeg\" \/>\n<meta name=\"author\" content=\"hiero\" \/>\n<meta name=\"twitter:card\" content=\"summary_large_image\" \/>\n<meta name=\"twitter:creator\" content=\"@hierostrasbourg\" \/>\n<meta name=\"twitter:site\" content=\"@hierostrasbourg\" \/>\n<meta name=\"twitter:label1\" content=\"\u00c9crit par\" \/>\n\t<meta name=\"twitter:data1\" content=\"hiero\" \/>\n\t<meta name=\"twitter:label2\" content=\"Dur\u00e9e de lecture estim\u00e9e\" \/>\n\t<meta name=\"twitter:data2\" content=\"3 minutes\" \/>\n<script type=\"application\/ld+json\" class=\"yoast-schema-graph\">{\"@context\":\"https:\\\/\\\/schema.org\",\"@graph\":[{\"@type\":\"Article\",\"@id\":\"https:\\\/\\\/hierostrasbourg.com\\\/index.php\\\/2021\\\/09\\\/23\\\/le-choeur-philharmonique-de-strasbourg-recrute-un-charge-dadministration-et-de-developpement-f-h\\\/#article\",\"isPartOf\":{\"@id\":\"https:\\\/\\\/hierostrasbourg.com\\\/index.php\\\/2021\\\/09\\\/23\\\/le-choeur-philharmonique-de-strasbourg-recrute-un-charge-dadministration-et-de-developpement-f-h\\\/\"},\"author\":{\"name\":\"hiero\",\"@id\":\"https:\\\/\\\/hierostrasbourg.com\\\/#\\\/schema\\\/person\\\/e35213117dac7d429e5d464590776304\"},\"headline\":\"LE CHOEUR PHILHARMONIQUE DE STRASBOURG recrute un charg\u00e9 d\u2019administration et de d\u00e9veloppement [F\\\/H]\",\"datePublished\":\"2021-09-23T05:47:57+00:00\",\"mainEntityOfPage\":{\"@id\":\"https:\\\/\\\/hierostrasbourg.com\\\/index.php\\\/2021\\\/09\\\/23\\\/le-choeur-philharmonique-de-strasbourg-recrute-un-charge-dadministration-et-de-developpement-f-h\\\/\"},\"wordCount\":602,\"commentCount\":0,\"publisher\":{\"@id\":\"https:\\\/\\\/hierostrasbourg.com\\\/#organization\"},\"keywords\":[\"Offres d'emplois et de stages en Alsace\",\"OFFRES EMPLOIS ET STAGES\"],\"inLanguage\":\"fr-FR\",\"potentialAction\":[{\"@type\":\"CommentAction\",\"name\":\"Comment\",\"target\":[\"https:\\\/\\\/hierostrasbourg.com\\\/index.php\\\/2021\\\/09\\\/23\\\/le-choeur-philharmonique-de-strasbourg-recrute-un-charge-dadministration-et-de-developpement-f-h\\\/#respond\"]}]},{\"@type\":\"WebPage\",\"@id\":\"https:\\\/\\\/hierostrasbourg.com\\\/index.php\\\/2021\\\/09\\\/23\\\/le-choeur-philharmonique-de-strasbourg-recrute-un-charge-dadministration-et-de-developpement-f-h\\\/\",\"url\":\"https:\\\/\\\/hierostrasbourg.com\\\/index.php\\\/2021\\\/09\\\/23\\\/le-choeur-philharmonique-de-strasbourg-recrute-un-charge-dadministration-et-de-developpement-f-h\\\/\",\"name\":\"LE CHOEUR PHILHARMONIQUE DE STRASBOURG recrute un charg\u00e9 d\u2019administration et de d\u00e9veloppement [F\\\/H] - HIERO STRASBOURG\",\"isPartOf\":{\"@id\":\"https:\\\/\\\/hierostrasbourg.com\\\/#website\"},\"datePublished\":\"2021-09-23T05:47:57+00:00\",\"breadcrumb\":{\"@id\":\"https:\\\/\\\/hierostrasbourg.com\\\/index.php\\\/2021\\\/09\\\/23\\\/le-choeur-philharmonique-de-strasbourg-recrute-un-charge-dadministration-et-de-developpement-f-h\\\/#breadcrumb\"},\"inLanguage\":\"fr-FR\",\"potentialAction\":[{\"@type\":\"ReadAction\",\"target\":[\"https:\\\/\\\/hierostrasbourg.com\\\/index.php\\\/2021\\\/09\\\/23\\\/le-choeur-philharmonique-de-strasbourg-recrute-un-charge-dadministration-et-de-developpement-f-h\\\/\"]}]},{\"@type\":\"BreadcrumbList\",\"@id\":\"https:\\\/\\\/hierostrasbourg.com\\\/index.php\\\/2021\\\/09\\\/23\\\/le-choeur-philharmonique-de-strasbourg-recrute-un-charge-dadministration-et-de-developpement-f-h\\\/#breadcrumb\",\"itemListElement\":[{\"@type\":\"ListItem\",\"position\":1,\"name\":\"Accueil\",\"item\":\"https:\\\/\\\/hierostrasbourg.com\\\/\"},{\"@type\":\"ListItem\",\"position\":2,\"name\":\"LE CHOEUR PHILHARMONIQUE DE STRASBOURG recrute un charg\u00e9 d\u2019administration et de d\u00e9veloppement [F\\\/H]\"}]},{\"@type\":\"WebSite\",\"@id\":\"https:\\\/\\\/hierostrasbourg.com\\\/#website\",\"url\":\"https:\\\/\\\/hierostrasbourg.com\\\/\",\"name\":\"HIERO STRASBOURG\",\"description\":\"Centre de Ressources Musiques Actuelles\",\"publisher\":{\"@id\":\"https:\\\/\\\/hierostrasbourg.com\\\/#organization\"},\"potentialAction\":[{\"@type\":\"SearchAction\",\"target\":{\"@type\":\"EntryPoint\",\"urlTemplate\":\"https:\\\/\\\/hierostrasbourg.com\\\/?s={search_term_string}\"},\"query-input\":{\"@type\":\"PropertyValueSpecification\",\"valueRequired\":true,\"valueName\":\"search_term_string\"}}],\"inLanguage\":\"fr-FR\"},{\"@type\":\"Organization\",\"@id\":\"https:\\\/\\\/hierostrasbourg.com\\\/#organization\",\"name\":\"F\u00e9d\u00e9ration Hi\u00e9ro Strasbourg\",\"url\":\"https:\\\/\\\/hierostrasbourg.com\\\/\",\"logo\":{\"@type\":\"ImageObject\",\"inLanguage\":\"fr-FR\",\"@id\":\"https:\\\/\\\/hierostrasbourg.com\\\/#\\\/schema\\\/logo\\\/image\\\/\",\"url\":\"https:\\\/\\\/hierostrasbourg.com\\\/wp-content\\\/uploads\\\/2026\\\/04\\\/logo-hiero-strasbourg.jpg\",\"contentUrl\":\"https:\\\/\\\/hierostrasbourg.com\\\/wp-content\\\/uploads\\\/2026\\\/04\\\/logo-hiero-strasbourg.jpg\",\"width\":204,\"height\":192,\"caption\":\"F\u00e9d\u00e9ration Hi\u00e9ro Strasbourg\"},\"image\":{\"@id\":\"https:\\\/\\\/hierostrasbourg.com\\\/#\\\/schema\\\/logo\\\/image\\\/\"},\"sameAs\":[\"https:\\\/\\\/www.facebook.com\\\/fedehierostrasbourg\",\"https:\\\/\\\/x.com\\\/hierostrasbourg\"]},{\"@type\":\"Person\",\"@id\":\"https:\\\/\\\/hierostrasbourg.com\\\/#\\\/schema\\\/person\\\/e35213117dac7d429e5d464590776304\",\"name\":\"hiero\",\"image\":{\"@type\":\"ImageObject\",\"inLanguage\":\"fr-FR\",\"@id\":\"https:\\\/\\\/hierostrasbourg.com\\\/wp-content\\\/litespeed\\\/avatar\\\/a6d7daff26f8de998574d7d8b3fe7c57.jpg?ver=1777120857\",\"url\":\"https:\\\/\\\/hierostrasbourg.com\\\/wp-content\\\/litespeed\\\/avatar\\\/a6d7daff26f8de998574d7d8b3fe7c57.jpg?ver=1777120857\",\"contentUrl\":\"https:\\\/\\\/hierostrasbourg.com\\\/wp-content\\\/litespeed\\\/avatar\\\/a6d7daff26f8de998574d7d8b3fe7c57.jpg?ver=1777120857\",\"caption\":\"hiero\"},\"url\":\"https:\\\/\\\/hierostrasbourg.com\\\/index.php\\\/author\\\/hiero\\\/\"}]}<\/script>\n<!-- \/ Yoast SEO plugin. -->","yoast_head_json":{"title":"LE CHOEUR PHILHARMONIQUE DE STRASBOURG recrute un charg\u00e9 d\u2019administration et de d\u00e9veloppement [F\/H] - HIERO STRASBOURG","robots":{"index":"index","follow":"follow","max-snippet":"max-snippet:-1","max-image-preview":"max-image-preview:large","max-video-preview":"max-video-preview:-1"},"canonical":"https:\/\/hierostrasbourg.com\/index.php\/2021\/09\/23\/le-choeur-philharmonique-de-strasbourg-recrute-un-charge-dadministration-et-de-developpement-f-h\/","og_locale":"fr_FR","og_type":"article","og_title":"LE CHOEUR PHILHARMONIQUE DE STRASBOURG recrute un charg\u00e9 d\u2019administration et de d\u00e9veloppement [F\/H] - HIERO STRASBOURG","og_description":"Form\u00e9 de quatre-vingt-dix choristes amateurs passionn\u00e9s, le Ch\u0153ur philharmonique de Strasbourg a \u00e9t\u00e9 cr\u00e9\u00e9 en 2003 par l\u2019Orchestre Philharmonique de Strasbourg pour chanter le grand r\u00e9pertoire, sous la direction artistique de Catherine Bolzinger. En 18 saisons d\u2019existence, le Ch\u0153ur a donn\u00e9 plus de 100\u00a0concerts dirig\u00e9s par une trentaine de grands chefs d\u2019orchestre devant plus de 180 000\u00a0spectateurs, et interpr\u00e9t\u00e9 une cinquantaine d\u2019\u0153uvres incontournables du r\u00e9pertoire choral depuis le r\u00e9pertoire baroque jusqu\u2019aux cr\u00e9ations contemporaines. Constitu\u00e9 en association depuis 2017, le Ch\u0153ur [&hellip;]","og_url":"https:\/\/hierostrasbourg.com\/index.php\/2021\/09\/23\/le-choeur-philharmonique-de-strasbourg-recrute-un-charge-dadministration-et-de-developpement-f-h\/","og_site_name":"HIERO STRASBOURG","article_publisher":"https:\/\/www.facebook.com\/fedehierostrasbourg","article_published_time":"2021-09-23T05:47:57+00:00","og_image":[{"width":150,"height":150,"url":"https:\/\/i2.wp.com\/hierostrasbourg.com\/wp-content\/uploads\/2021\/09\/le-choeur-philharmonique-de-strasbourg-recrute-un-charge-dadministration-et-de-developpement-f-h.jpg?fit=150%2C150&ssl=1","type":"image\/jpeg"}],"author":"hiero","twitter_card":"summary_large_image","twitter_creator":"@hierostrasbourg","twitter_site":"@hierostrasbourg","twitter_misc":{"\u00c9crit par":"hiero","Dur\u00e9e de lecture estim\u00e9e":"3 minutes"},"schema":{"@context":"https:\/\/schema.org","@graph":[{"@type":"Article","@id":"https:\/\/hierostrasbourg.com\/index.php\/2021\/09\/23\/le-choeur-philharmonique-de-strasbourg-recrute-un-charge-dadministration-et-de-developpement-f-h\/#article","isPartOf":{"@id":"https:\/\/hierostrasbourg.com\/index.php\/2021\/09\/23\/le-choeur-philharmonique-de-strasbourg-recrute-un-charge-dadministration-et-de-developpement-f-h\/"},"author":{"name":"hiero","@id":"https:\/\/hierostrasbourg.com\/#\/schema\/person\/e35213117dac7d429e5d464590776304"},"headline":"LE CHOEUR PHILHARMONIQUE DE STRASBOURG recrute un charg\u00e9 d\u2019administration et de d\u00e9veloppement [F\/H]","datePublished":"2021-09-23T05:47:57+00:00","mainEntityOfPage":{"@id":"https:\/\/hierostrasbourg.com\/index.php\/2021\/09\/23\/le-choeur-philharmonique-de-strasbourg-recrute-un-charge-dadministration-et-de-developpement-f-h\/"},"wordCount":602,"commentCount":0,"publisher":{"@id":"https:\/\/hierostrasbourg.com\/#organization"},"keywords":["Offres d'emplois et de stages en Alsace","OFFRES EMPLOIS ET STAGES"],"inLanguage":"fr-FR","potentialAction":[{"@type":"CommentAction","name":"Comment","target":["https:\/\/hierostrasbourg.com\/index.php\/2021\/09\/23\/le-choeur-philharmonique-de-strasbourg-recrute-un-charge-dadministration-et-de-developpement-f-h\/#respond"]}]},{"@type":"WebPage","@id":"https:\/\/hierostrasbourg.com\/index.php\/2021\/09\/23\/le-choeur-philharmonique-de-strasbourg-recrute-un-charge-dadministration-et-de-developpement-f-h\/","url":"https:\/\/hierostrasbourg.com\/index.php\/2021\/09\/23\/le-choeur-philharmonique-de-strasbourg-recrute-un-charge-dadministration-et-de-developpement-f-h\/","name":"LE CHOEUR PHILHARMONIQUE DE STRASBOURG recrute un charg\u00e9 d\u2019administration et de d\u00e9veloppement [F\/H] - HIERO STRASBOURG","isPartOf":{"@id":"https:\/\/hierostrasbourg.com\/#website"},"datePublished":"2021-09-23T05:47:57+00:00","breadcrumb":{"@id":"https:\/\/hierostrasbourg.com\/index.php\/2021\/09\/23\/le-choeur-philharmonique-de-strasbourg-recrute-un-charge-dadministration-et-de-developpement-f-h\/#breadcrumb"},"inLanguage":"fr-FR","potentialAction":[{"@type":"ReadAction","target":["https:\/\/hierostrasbourg.com\/index.php\/2021\/09\/23\/le-choeur-philharmonique-de-strasbourg-recrute-un-charge-dadministration-et-de-developpement-f-h\/"]}]},{"@type":"BreadcrumbList","@id":"https:\/\/hierostrasbourg.com\/index.php\/2021\/09\/23\/le-choeur-philharmonique-de-strasbourg-recrute-un-charge-dadministration-et-de-developpement-f-h\/#breadcrumb","itemListElement":[{"@type":"ListItem","position":1,"name":"Accueil","item":"https:\/\/hierostrasbourg.com\/"},{"@type":"ListItem","position":2,"name":"LE CHOEUR PHILHARMONIQUE DE STRASBOURG recrute un charg\u00e9 d\u2019administration et de d\u00e9veloppement [F\/H]"}]},{"@type":"WebSite","@id":"https:\/\/hierostrasbourg.com\/#website","url":"https:\/\/hierostrasbourg.com\/","name":"HIERO STRASBOURG","description":"Centre de Ressources Musiques Actuelles","publisher":{"@id":"https:\/\/hierostrasbourg.com\/#organization"},"potentialAction":[{"@type":"SearchAction","target":{"@type":"EntryPoint","urlTemplate":"https:\/\/hierostrasbourg.com\/?s={search_term_string}"},"query-input":{"@type":"PropertyValueSpecification","valueRequired":true,"valueName":"search_term_string"}}],"inLanguage":"fr-FR"},{"@type":"Organization","@id":"https:\/\/hierostrasbourg.com\/#organization","name":"F\u00e9d\u00e9ration Hi\u00e9ro Strasbourg","url":"https:\/\/hierostrasbourg.com\/","logo":{"@type":"ImageObject","inLanguage":"fr-FR","@id":"https:\/\/hierostrasbourg.com\/#\/schema\/logo\/image\/","url":"https:\/\/hierostrasbourg.com\/wp-content\/uploads\/2026\/04\/logo-hiero-strasbourg.jpg","contentUrl":"https:\/\/hierostrasbourg.com\/wp-content\/uploads\/2026\/04\/logo-hiero-strasbourg.jpg","width":204,"height":192,"caption":"F\u00e9d\u00e9ration Hi\u00e9ro Strasbourg"},"image":{"@id":"https:\/\/hierostrasbourg.com\/#\/schema\/logo\/image\/"},"sameAs":["https:\/\/www.facebook.com\/fedehierostrasbourg","https:\/\/x.com\/hierostrasbourg"]},{"@type":"Person","@id":"https:\/\/hierostrasbourg.com\/#\/schema\/person\/e35213117dac7d429e5d464590776304","name":"hiero","image":{"@type":"ImageObject","inLanguage":"fr-FR","@id":"https:\/\/hierostrasbourg.com\/wp-content\/litespeed\/avatar\/a6d7daff26f8de998574d7d8b3fe7c57.jpg?ver=1777120857","url":"https:\/\/hierostrasbourg.com\/wp-content\/litespeed\/avatar\/a6d7daff26f8de998574d7d8b3fe7c57.jpg?ver=1777120857","contentUrl":"https:\/\/hierostrasbourg.com\/wp-content\/litespeed\/avatar\/a6d7daff26f8de998574d7d8b3fe7c57.jpg?ver=1777120857","caption":"hiero"},"url":"https:\/\/hierostrasbourg.com\/index.php\/author\/hiero\/"}]}},"_links":{"self":[{"href":"https:\/\/hierostrasbourg.com\/index.php\/wp-json\/wp\/v2\/posts\/981","targetHints":{"allow":["GET"]}}],"collection":[{"href":"https:\/\/hierostrasbourg.com\/index.php\/wp-json\/wp\/v2\/posts"}],"about":[{"href":"https:\/\/hierostrasbourg.com\/index.php\/wp-json\/wp\/v2\/types\/post"}],"author":[{"embeddable":true,"href":"https:\/\/hierostrasbourg.com\/index.php\/wp-json\/wp\/v2\/users\/2"}],"replies":[{"embeddable":true,"href":"https:\/\/hierostrasbourg.com\/index.php\/wp-json\/wp\/v2\/comments?post=981"}],"version-history":[{"count":0,"href":"https:\/\/hierostrasbourg.com\/index.php\/wp-json\/wp\/v2\/posts\/981\/revisions"}],"wp:attachment":[{"href":"https:\/\/hierostrasbourg.com\/index.php\/wp-json\/wp\/v2\/media?parent=981"}],"wp:term":[{"taxonomy":"category","embeddable":true,"href":"https:\/\/hierostrasbourg.com\/index.php\/wp-json\/wp\/v2\/categories?post=981"},{"taxonomy":"post_tag","embeddable":true,"href":"https:\/\/hierostrasbourg.com\/index.php\/wp-json\/wp\/v2\/tags?post=981"}],"curies":[{"name":"wp","href":"https:\/\/api.w.org\/{rel}","templated":true}]}}