{"id":976,"date":"2021-09-20T23:18:54","date_gmt":"2021-09-20T21:18:54","guid":{"rendered":"https:\/\/hierostrasbourg.com\/index.php\/2021\/09\/20\/leconomie-de-la-musique-est-entree-dans-lapres-spotify\/"},"modified":"2021-09-20T23:18:54","modified_gmt":"2021-09-20T21:18:54","slug":"leconomie-de-la-musique-est-entree-dans-lapres-spotify","status":"publish","type":"post","link":"https:\/\/hierostrasbourg.com\/index.php\/2021\/09\/20\/leconomie-de-la-musique-est-entree-dans-lapres-spotify\/","title":{"rendered":"\u00ab L\u2019\u00e9conomie de la musique est entr\u00e9e dans l\u2019apr\u00e8s-Spotify \u00bb"},"content":{"rendered":"<p><em>L\u2019ex-\u00e9conomiste en chef de Spotify explique que le march\u00e9 de la musique n\u2019est pas affect\u00e9 par le ralentissement attendu car de nouveaux d\u00e9bouch\u00e9s s\u2019ouvrent avec les r\u00e9seaux sociaux mais aussi le fitness.<\/em><\/p>\n<p>Source \/ Lire la suite : <a href=\"https:\/\/www.lesechos.fr\/tech-medias\/medias\/leconomie-de-la-musique-est-entree-dans-lapres-spotify-1347759\">\u00ab L\u2019\u00e9conomie de la musique est entr\u00e9e dans l\u2019apr\u00e8s-Spotify \u00bb<\/a><\/p>\n<p>L\u2019article <a href=\"https:\/\/popburo.fr\/leconomie-de-la-musique-est-entree-dans-lapres-spotify\/\">\u00ab L\u2019\u00e9conomie de la musique est entr\u00e9e dans l\u2019apr\u00e8s-Spotify \u00bb<\/a> est apparu en premier sur <a href=\"https:\/\/popburo.fr\/\">POP B\u00dcRO<\/a>.<\/p>\n","protected":false},"excerpt":{"rendered":"<p>L\u2019ex-\u00e9conomiste en chef de Spotify explique que le march\u00e9 de la musique n\u2019est pas affect\u00e9 par le ralentissement attendu car de nouveaux d\u00e9bouch\u00e9s s\u2019ouvrent avec les r\u00e9seaux sociaux mais aussi le fitness. Source \/ Lire la suite : \u00ab L\u2019\u00e9conomie de la musique est entr\u00e9e dans l\u2019apr\u00e8s-Spotify \u00bb L\u2019article \u00ab L\u2019\u00e9conomie de la musique est entr\u00e9e dans l\u2019apr\u00e8s-Spotify \u00bb est apparu en premier sur POP B\u00dcRO.<\/p>\n","protected":false},"author":0,"featured_media":0,"comment_status":"closed","ping_status":"open","sticky":false,"template":"","format":"standard","meta":{"footnotes":""},"categories":[1],"tags":[],"class_list":["post-976","post","type-post","status-publish","format-standard","hentry","category-non-classe"],"yoast_head":"<!-- This site is optimized with the Yoast SEO plugin v27.5 - https:\/\/yoast.com\/product\/yoast-seo-wordpress\/ -->\n<title>\u00ab L\u2019\u00e9conomie de la musique est entr\u00e9e dans l\u2019apr\u00e8s-Spotify \u00bb - HIERO STRASBOURG<\/title>\n<meta name=\"robots\" content=\"index, follow, max-snippet:-1, max-image-preview:large, max-video-preview:-1\" \/>\n<link rel=\"canonical\" href=\"https:\/\/hierostrasbourg.com\/index.php\/2021\/09\/20\/leconomie-de-la-musique-est-entree-dans-lapres-spotify\/\" \/>\n<meta property=\"og:locale\" content=\"fr_FR\" \/>\n<meta property=\"og:type\" content=\"article\" \/>\n<meta property=\"og:title\" content=\"\u00ab L\u2019\u00e9conomie de la musique est entr\u00e9e dans l\u2019apr\u00e8s-Spotify \u00bb - HIERO STRASBOURG\" \/>\n<meta property=\"og:description\" content=\"L\u2019ex-\u00e9conomiste en chef de Spotify explique que le march\u00e9 de la musique n\u2019est pas affect\u00e9 par le ralentissement attendu car de nouveaux d\u00e9bouch\u00e9s s\u2019ouvrent avec les r\u00e9seaux sociaux mais aussi le fitness. Source \/ Lire la suite : \u00ab L\u2019\u00e9conomie de la musique est entr\u00e9e dans l\u2019apr\u00e8s-Spotify \u00bb L\u2019article \u00ab L\u2019\u00e9conomie de la musique est entr\u00e9e dans l\u2019apr\u00e8s-Spotify \u00bb est apparu en premier sur POP B\u00dcRO.\" \/>\n<meta property=\"og:url\" content=\"https:\/\/hierostrasbourg.com\/index.php\/2021\/09\/20\/leconomie-de-la-musique-est-entree-dans-lapres-spotify\/\" \/>\n<meta property=\"og:site_name\" content=\"HIERO STRASBOURG\" \/>\n<meta property=\"article:publisher\" content=\"https:\/\/www.facebook.com\/fedehierostrasbourg\" \/>\n<meta property=\"article:published_time\" content=\"2021-09-20T21:18:54+00:00\" \/>\n<meta name=\"twitter:card\" content=\"summary_large_image\" \/>\n<meta name=\"twitter:creator\" content=\"@hierostrasbourg\" \/>\n<meta name=\"twitter:site\" content=\"@hierostrasbourg\" \/>\n<script type=\"application\/ld+json\" class=\"yoast-schema-graph\">{\"@context\":\"https:\\\/\\\/schema.org\",\"@graph\":[{\"@type\":\"Article\",\"@id\":\"https:\\\/\\\/hierostrasbourg.com\\\/index.php\\\/2021\\\/09\\\/20\\\/leconomie-de-la-musique-est-entree-dans-lapres-spotify\\\/#article\",\"isPartOf\":{\"@id\":\"https:\\\/\\\/hierostrasbourg.com\\\/index.php\\\/2021\\\/09\\\/20\\\/leconomie-de-la-musique-est-entree-dans-lapres-spotify\\\/\"},\"author\":{\"name\":\"\",\"@id\":\"\"},\"headline\":\"\u00ab L\u2019\u00e9conomie de la musique est entr\u00e9e dans l\u2019apr\u00e8s-Spotify \u00bb\",\"datePublished\":\"2021-09-20T21:18:54+00:00\",\"mainEntityOfPage\":{\"@id\":\"https:\\\/\\\/hierostrasbourg.com\\\/index.php\\\/2021\\\/09\\\/20\\\/leconomie-de-la-musique-est-entree-dans-lapres-spotify\\\/\"},\"wordCount\":89,\"publisher\":{\"@id\":\"https:\\\/\\\/hierostrasbourg.com\\\/#organization\"},\"inLanguage\":\"fr-FR\"},{\"@type\":\"WebPage\",\"@id\":\"https:\\\/\\\/hierostrasbourg.com\\\/index.php\\\/2021\\\/09\\\/20\\\/leconomie-de-la-musique-est-entree-dans-lapres-spotify\\\/\",\"url\":\"https:\\\/\\\/hierostrasbourg.com\\\/index.php\\\/2021\\\/09\\\/20\\\/leconomie-de-la-musique-est-entree-dans-lapres-spotify\\\/\",\"name\":\"\u00ab L\u2019\u00e9conomie de la musique est entr\u00e9e dans l\u2019apr\u00e8s-Spotify \u00bb - HIERO STRASBOURG\",\"isPartOf\":{\"@id\":\"https:\\\/\\\/hierostrasbourg.com\\\/#website\"},\"datePublished\":\"2021-09-20T21:18:54+00:00\",\"breadcrumb\":{\"@id\":\"https:\\\/\\\/hierostrasbourg.com\\\/index.php\\\/2021\\\/09\\\/20\\\/leconomie-de-la-musique-est-entree-dans-lapres-spotify\\\/#breadcrumb\"},\"inLanguage\":\"fr-FR\",\"potentialAction\":[{\"@type\":\"ReadAction\",\"target\":[\"https:\\\/\\\/hierostrasbourg.com\\\/index.php\\\/2021\\\/09\\\/20\\\/leconomie-de-la-musique-est-entree-dans-lapres-spotify\\\/\"]}]},{\"@type\":\"BreadcrumbList\",\"@id\":\"https:\\\/\\\/hierostrasbourg.com\\\/index.php\\\/2021\\\/09\\\/20\\\/leconomie-de-la-musique-est-entree-dans-lapres-spotify\\\/#breadcrumb\",\"itemListElement\":[{\"@type\":\"ListItem\",\"position\":1,\"name\":\"Accueil\",\"item\":\"https:\\\/\\\/hierostrasbourg.com\\\/\"},{\"@type\":\"ListItem\",\"position\":2,\"name\":\"\u00ab L\u2019\u00e9conomie de la musique est entr\u00e9e dans l\u2019apr\u00e8s-Spotify \u00bb\"}]},{\"@type\":\"WebSite\",\"@id\":\"https:\\\/\\\/hierostrasbourg.com\\\/#website\",\"url\":\"https:\\\/\\\/hierostrasbourg.com\\\/\",\"name\":\"HIERO STRASBOURG\",\"description\":\"Centre de Ressources Musiques Actuelles\",\"publisher\":{\"@id\":\"https:\\\/\\\/hierostrasbourg.com\\\/#organization\"},\"potentialAction\":[{\"@type\":\"SearchAction\",\"target\":{\"@type\":\"EntryPoint\",\"urlTemplate\":\"https:\\\/\\\/hierostrasbourg.com\\\/?s={search_term_string}\"},\"query-input\":{\"@type\":\"PropertyValueSpecification\",\"valueRequired\":true,\"valueName\":\"search_term_string\"}}],\"inLanguage\":\"fr-FR\"},{\"@type\":\"Organization\",\"@id\":\"https:\\\/\\\/hierostrasbourg.com\\\/#organization\",\"name\":\"F\u00e9d\u00e9ration Hi\u00e9ro Strasbourg\",\"url\":\"https:\\\/\\\/hierostrasbourg.com\\\/\",\"logo\":{\"@type\":\"ImageObject\",\"inLanguage\":\"fr-FR\",\"@id\":\"https:\\\/\\\/hierostrasbourg.com\\\/#\\\/schema\\\/logo\\\/image\\\/\",\"url\":\"https:\\\/\\\/hierostrasbourg.com\\\/wp-content\\\/uploads\\\/2026\\\/04\\\/logo-hiero-strasbourg.jpg\",\"contentUrl\":\"https:\\\/\\\/hierostrasbourg.com\\\/wp-content\\\/uploads\\\/2026\\\/04\\\/logo-hiero-strasbourg.jpg\",\"width\":204,\"height\":192,\"caption\":\"F\u00e9d\u00e9ration Hi\u00e9ro Strasbourg\"},\"image\":{\"@id\":\"https:\\\/\\\/hierostrasbourg.com\\\/#\\\/schema\\\/logo\\\/image\\\/\"},\"sameAs\":[\"https:\\\/\\\/www.facebook.com\\\/fedehierostrasbourg\",\"https:\\\/\\\/x.com\\\/hierostrasbourg\"]}]}<\/script>\n<!-- \/ Yoast SEO plugin. -->","yoast_head_json":{"title":"\u00ab L\u2019\u00e9conomie de la musique est entr\u00e9e dans l\u2019apr\u00e8s-Spotify \u00bb - HIERO STRASBOURG","robots":{"index":"index","follow":"follow","max-snippet":"max-snippet:-1","max-image-preview":"max-image-preview:large","max-video-preview":"max-video-preview:-1"},"canonical":"https:\/\/hierostrasbourg.com\/index.php\/2021\/09\/20\/leconomie-de-la-musique-est-entree-dans-lapres-spotify\/","og_locale":"fr_FR","og_type":"article","og_title":"\u00ab L\u2019\u00e9conomie de la musique est entr\u00e9e dans l\u2019apr\u00e8s-Spotify \u00bb - HIERO STRASBOURG","og_description":"L\u2019ex-\u00e9conomiste en chef de Spotify explique que le march\u00e9 de la musique n\u2019est pas affect\u00e9 par le ralentissement attendu car de nouveaux d\u00e9bouch\u00e9s s\u2019ouvrent avec les r\u00e9seaux sociaux mais aussi le fitness. Source \/ Lire la suite : \u00ab L\u2019\u00e9conomie de la musique est entr\u00e9e dans l\u2019apr\u00e8s-Spotify \u00bb L\u2019article \u00ab L\u2019\u00e9conomie de la musique est entr\u00e9e dans l\u2019apr\u00e8s-Spotify \u00bb est apparu en premier sur POP B\u00dcRO.","og_url":"https:\/\/hierostrasbourg.com\/index.php\/2021\/09\/20\/leconomie-de-la-musique-est-entree-dans-lapres-spotify\/","og_site_name":"HIERO STRASBOURG","article_publisher":"https:\/\/www.facebook.com\/fedehierostrasbourg","article_published_time":"2021-09-20T21:18:54+00:00","twitter_card":"summary_large_image","twitter_creator":"@hierostrasbourg","twitter_site":"@hierostrasbourg","schema":{"@context":"https:\/\/schema.org","@graph":[{"@type":"Article","@id":"https:\/\/hierostrasbourg.com\/index.php\/2021\/09\/20\/leconomie-de-la-musique-est-entree-dans-lapres-spotify\/#article","isPartOf":{"@id":"https:\/\/hierostrasbourg.com\/index.php\/2021\/09\/20\/leconomie-de-la-musique-est-entree-dans-lapres-spotify\/"},"author":{"name":"","@id":""},"headline":"\u00ab L\u2019\u00e9conomie de la musique est entr\u00e9e dans l\u2019apr\u00e8s-Spotify \u00bb","datePublished":"2021-09-20T21:18:54+00:00","mainEntityOfPage":{"@id":"https:\/\/hierostrasbourg.com\/index.php\/2021\/09\/20\/leconomie-de-la-musique-est-entree-dans-lapres-spotify\/"},"wordCount":89,"publisher":{"@id":"https:\/\/hierostrasbourg.com\/#organization"},"inLanguage":"fr-FR"},{"@type":"WebPage","@id":"https:\/\/hierostrasbourg.com\/index.php\/2021\/09\/20\/leconomie-de-la-musique-est-entree-dans-lapres-spotify\/","url":"https:\/\/hierostrasbourg.com\/index.php\/2021\/09\/20\/leconomie-de-la-musique-est-entree-dans-lapres-spotify\/","name":"\u00ab L\u2019\u00e9conomie de la musique est entr\u00e9e dans l\u2019apr\u00e8s-Spotify \u00bb - HIERO STRASBOURG","isPartOf":{"@id":"https:\/\/hierostrasbourg.com\/#website"},"datePublished":"2021-09-20T21:18:54+00:00","breadcrumb":{"@id":"https:\/\/hierostrasbourg.com\/index.php\/2021\/09\/20\/leconomie-de-la-musique-est-entree-dans-lapres-spotify\/#breadcrumb"},"inLanguage":"fr-FR","potentialAction":[{"@type":"ReadAction","target":["https:\/\/hierostrasbourg.com\/index.php\/2021\/09\/20\/leconomie-de-la-musique-est-entree-dans-lapres-spotify\/"]}]},{"@type":"BreadcrumbList","@id":"https:\/\/hierostrasbourg.com\/index.php\/2021\/09\/20\/leconomie-de-la-musique-est-entree-dans-lapres-spotify\/#breadcrumb","itemListElement":[{"@type":"ListItem","position":1,"name":"Accueil","item":"https:\/\/hierostrasbourg.com\/"},{"@type":"ListItem","position":2,"name":"\u00ab L\u2019\u00e9conomie de la musique est entr\u00e9e dans l\u2019apr\u00e8s-Spotify \u00bb"}]},{"@type":"WebSite","@id":"https:\/\/hierostrasbourg.com\/#website","url":"https:\/\/hierostrasbourg.com\/","name":"HIERO STRASBOURG","description":"Centre de Ressources Musiques Actuelles","publisher":{"@id":"https:\/\/hierostrasbourg.com\/#organization"},"potentialAction":[{"@type":"SearchAction","target":{"@type":"EntryPoint","urlTemplate":"https:\/\/hierostrasbourg.com\/?s={search_term_string}"},"query-input":{"@type":"PropertyValueSpecification","valueRequired":true,"valueName":"search_term_string"}}],"inLanguage":"fr-FR"},{"@type":"Organization","@id":"https:\/\/hierostrasbourg.com\/#organization","name":"F\u00e9d\u00e9ration Hi\u00e9ro Strasbourg","url":"https:\/\/hierostrasbourg.com\/","logo":{"@type":"ImageObject","inLanguage":"fr-FR","@id":"https:\/\/hierostrasbourg.com\/#\/schema\/logo\/image\/","url":"https:\/\/hierostrasbourg.com\/wp-content\/uploads\/2026\/04\/logo-hiero-strasbourg.jpg","contentUrl":"https:\/\/hierostrasbourg.com\/wp-content\/uploads\/2026\/04\/logo-hiero-strasbourg.jpg","width":204,"height":192,"caption":"F\u00e9d\u00e9ration Hi\u00e9ro Strasbourg"},"image":{"@id":"https:\/\/hierostrasbourg.com\/#\/schema\/logo\/image\/"},"sameAs":["https:\/\/www.facebook.com\/fedehierostrasbourg","https:\/\/x.com\/hierostrasbourg"]}]}},"_links":{"self":[{"href":"https:\/\/hierostrasbourg.com\/index.php\/wp-json\/wp\/v2\/posts\/976","targetHints":{"allow":["GET"]}}],"collection":[{"href":"https:\/\/hierostrasbourg.com\/index.php\/wp-json\/wp\/v2\/posts"}],"about":[{"href":"https:\/\/hierostrasbourg.com\/index.php\/wp-json\/wp\/v2\/types\/post"}],"replies":[{"embeddable":true,"href":"https:\/\/hierostrasbourg.com\/index.php\/wp-json\/wp\/v2\/comments?post=976"}],"version-history":[{"count":0,"href":"https:\/\/hierostrasbourg.com\/index.php\/wp-json\/wp\/v2\/posts\/976\/revisions"}],"wp:attachment":[{"href":"https:\/\/hierostrasbourg.com\/index.php\/wp-json\/wp\/v2\/media?parent=976"}],"wp:term":[{"taxonomy":"category","embeddable":true,"href":"https:\/\/hierostrasbourg.com\/index.php\/wp-json\/wp\/v2\/categories?post=976"},{"taxonomy":"post_tag","embeddable":true,"href":"https:\/\/hierostrasbourg.com\/index.php\/wp-json\/wp\/v2\/tags?post=976"}],"curies":[{"name":"wp","href":"https:\/\/api.w.org\/{rel}","templated":true}]}}