{"id":956,"date":"2021-09-15T15:19:46","date_gmt":"2021-09-15T13:19:46","guid":{"rendered":"https:\/\/hierostrasbourg.com\/index.php\/2021\/09\/15\/le-preo-oberhausbergen-recrute-un-regisseur-general-f-h\/"},"modified":"2021-09-15T15:19:46","modified_gmt":"2021-09-15T13:19:46","slug":"le-preo-oberhausbergen-recrute-un-regisseur-general-f-h","status":"publish","type":"post","link":"https:\/\/hierostrasbourg.com\/index.php\/2021\/09\/15\/le-preo-oberhausbergen-recrute-un-regisseur-general-f-h\/","title":{"rendered":"LE PR\u00c9O [Oberhausbergen] recrute un r\u00e9gisseur g\u00e9n\u00e9ral [F\/H]"},"content":{"rendered":"<h2>Missions<\/h2>\n<p>Sous la responsabilit\u00e9 de la directrice du Pr\u00e9O et de la directrice adjointe :<\/p>\n<p>Assurer la responsabilit\u00e9 technique de la pr\u00e9paration et du bon d\u00e9roulement des accueils de toute nature dans les espaces du Pr\u00e9O et en d\u00e9centralisation (accueils, r\u00e9sidences, mises \u00e0 disposition, ateliers, locations de salle) : Analyser la faisabilit\u00e9, n\u00e9gocier, planifier et coordonner les moyens humains et mat\u00e9riels<br \/>\nAssurer le fonctionnement technique du projet dans la l\u00e9galit\u00e9 et veiller au respect des r\u00e8gles d\u2019hygi\u00e8ne et de s\u00e9curit\u00e9 en vigueur<br \/>\nAssurer les pr\u00e9-montages des diff\u00e9rents spectacles<br \/>\nLe cas \u00e9ch\u00e9ant, assister aux r\u00e9p\u00e9titions et ajuster les moyens techniques aux contraintes du spectacle.<br \/>\nAssurer le suivi des questions li\u00e9es \u00e0 la maintenance du b\u00e2timent<br \/>\nEmettre un avis technique \u00e0 la demande des autorit\u00e9s ou des commissions de s\u00e9curit\u00e9<br \/>\nAssurer l\u2019inventaire du mat\u00e9riel sc\u00e9nique et pr\u00e9coniser les achats n\u00e9cessaires \u00e9ventuels<br \/>\nSuivi g\u00e9n\u00e9ral du parc mat\u00e9riel et des am\u00e9nagements sc\u00e9niques : inventaire, entretien (r\u00e9paration en interne si possible), am\u00e9lioration, proposition d\u2019investissement<br \/>\nParticipe \u00e0 la s\u00e9curit\u00e9 de certaines manifestations en tant que SSIAP<br \/>\nParticipe au suivi g\u00e9n\u00e9ral du b\u00e2timent (v\u00e9rifications et contr\u00f4les, commission de s\u00e9curit\u00e9) ainsi que de leurs am\u00e9liorations, en lien avec les services techniques de la Ville<br \/>\nVeiller au respect et \u00e0 l\u2019application de la r\u00e9glementation relative aux ERP en mati\u00e8re de s\u00e9curit\u00e9 et d\u2019hygi\u00e8ne<br \/>\nAssurer le suivi administratif li\u00e9 \u00e0 la technique du Pr\u00e9O Sc\u00e8ne (Elaboration, suivi et validation des plannings du personnel intermittent \u2026)<br \/>\nElaborer et suivre les budgets techniques pr\u00e9visionnels en lien avec la Direction du Pr\u00e9O Sc\u00e8ne<br \/>\nMissions occasionnelles : transport artistes et accueil du public<br \/>\nSens du contact<br \/>\nCapacit\u00e9 organisationnelle en tenant compte des particularit\u00e9s du monde du spectacle<br \/>\nDisponibilit\u00e9. Horaires d\u00e9cal\u00e9s en fonction du calendrier des spectacles (nuits, weekends)<\/p>\n<h2>Profil<\/h2>\n<p>Exp\u00e9rience dans un poste similaire souhait\u00e9e<br \/>\nConnaissances techniques approfondies (lumi\u00e8re principalement, puis son, plateau et vid\u00e9o)<br \/>\nMa\u00eetrise des montages, exploitations et d\u00e9montages techniques<br \/>\nConnaissance de la r\u00e9glementation ERP et ma\u00eetrise de son application<br \/>\nhabilitation \u00e9lectrique, permis nacelle, souhait\u00e9s.<br \/>\nSSIAP 1, habilitation \u00e9lectrique souhait\u00e9s.<br \/>\nD\u00e9tention d\u2019un CACES fortement appr\u00e9ci\u00e9e<br \/>\nPermis B indispensable<br \/>\nBonne ma\u00eetrise des outils informatiques<br \/>\nEsprit d\u2019\u00e9quipe, sens du relationnel et de l\u2019organisation<br \/>\nAutonomie, disponibilit\u00e9, rigueur, esprit d\u2019initiative<\/p>\n<p>Temps complet, 35h00 hebdomadaire<br \/>\nPoste \u00e0 pourvoir d\u00e8s que possible<br \/>\nDate limite de candidature : 30\/09\/2021<br \/>\nLe r\u00e9gisseur fait partie d\u2019une \u00e9quipe de 4 personnes.<\/p>\n<p>Envoyer cv et lettre de motivation \u00e0 Camille LIDIN :<\/p>\n<p>camille.lidin@le-preo.fr<br \/>\n03 88 56 26 00<\/p>\n<p>MAIRIE D\u2019OBERHAUSBERGEN<br \/>\n88, route de Saverne<br \/>\n67205 Oberhausbergen<\/p>\n<p><a href=\"http:\/\/www.le-preo.fr\/\">www.le-preo.fr<\/a><\/p>\n<p>L\u2019article <a href=\"https:\/\/popburo.fr\/le-preo-oberhausbergen-recrute-un-regisseur-general-f-h\/\">LE PR\u00c9O [Oberhausbergen] recrute un r\u00e9gisseur g\u00e9n\u00e9ral [F\/H]<\/a> est apparu en premier sur <a href=\"https:\/\/popburo.fr\/\">POP B\u00dcRO<\/a>.<\/p>\n","protected":false},"excerpt":{"rendered":"<p>Missions Sous la responsabilit\u00e9 de la directrice du Pr\u00e9O et de la directrice adjointe : Assurer la responsabilit\u00e9 technique de la pr\u00e9paration et du bon d\u00e9roulement des accueils de toute nature dans les espaces du Pr\u00e9O et en d\u00e9centralisation (accueils, r\u00e9sidences, mises \u00e0 disposition, ateliers, locations de salle) : Analyser la faisabilit\u00e9, n\u00e9gocier, planifier et coordonner les moyens humains et mat\u00e9riels Assurer le fonctionnement technique du projet dans la l\u00e9galit\u00e9 et veiller au respect des r\u00e8gles d\u2019hygi\u00e8ne et de s\u00e9curit\u00e9 [&hellip;]<\/p>\n","protected":false},"author":0,"featured_media":0,"comment_status":"closed","ping_status":"open","sticky":false,"template":"","format":"standard","meta":{"footnotes":""},"categories":[1],"tags":[],"class_list":["post-956","post","type-post","status-publish","format-standard","hentry","category-non-classe"],"yoast_head":"<!-- This site is optimized with the Yoast SEO plugin v27.5 - https:\/\/yoast.com\/product\/yoast-seo-wordpress\/ -->\n<title>LE PR\u00c9O [Oberhausbergen] recrute un r\u00e9gisseur g\u00e9n\u00e9ral [F\/H] - HIERO STRASBOURG<\/title>\n<meta name=\"robots\" content=\"index, follow, max-snippet:-1, max-image-preview:large, max-video-preview:-1\" \/>\n<link rel=\"canonical\" href=\"https:\/\/hierostrasbourg.com\/index.php\/2021\/09\/15\/le-preo-oberhausbergen-recrute-un-regisseur-general-f-h\/\" \/>\n<meta property=\"og:locale\" content=\"fr_FR\" \/>\n<meta property=\"og:type\" content=\"article\" \/>\n<meta property=\"og:title\" content=\"LE PR\u00c9O [Oberhausbergen] recrute un r\u00e9gisseur g\u00e9n\u00e9ral [F\/H] - HIERO STRASBOURG\" \/>\n<meta property=\"og:description\" content=\"Missions Sous la responsabilit\u00e9 de la directrice du Pr\u00e9O et de la directrice adjointe : Assurer la responsabilit\u00e9 technique de la pr\u00e9paration et du bon d\u00e9roulement des accueils de toute nature dans les espaces du Pr\u00e9O et en d\u00e9centralisation (accueils, r\u00e9sidences, mises \u00e0 disposition, ateliers, locations de salle) : Analyser la faisabilit\u00e9, n\u00e9gocier, planifier et coordonner les moyens humains et mat\u00e9riels Assurer le fonctionnement technique du projet dans la l\u00e9galit\u00e9 et veiller au respect des r\u00e8gles d\u2019hygi\u00e8ne et de s\u00e9curit\u00e9 [&hellip;]\" \/>\n<meta property=\"og:url\" content=\"https:\/\/hierostrasbourg.com\/index.php\/2021\/09\/15\/le-preo-oberhausbergen-recrute-un-regisseur-general-f-h\/\" \/>\n<meta property=\"og:site_name\" content=\"HIERO STRASBOURG\" \/>\n<meta property=\"article:publisher\" content=\"https:\/\/www.facebook.com\/fedehierostrasbourg\" \/>\n<meta property=\"article:published_time\" content=\"2021-09-15T13:19:46+00:00\" \/>\n<meta name=\"twitter:card\" content=\"summary_large_image\" \/>\n<meta name=\"twitter:creator\" content=\"@hierostrasbourg\" \/>\n<meta name=\"twitter:site\" content=\"@hierostrasbourg\" \/>\n<meta name=\"twitter:label1\" content=\"Dur\u00e9e de lecture estim\u00e9e\" \/>\n\t<meta name=\"twitter:data1\" content=\"2 minutes\" \/>\n<script type=\"application\/ld+json\" class=\"yoast-schema-graph\">{\"@context\":\"https:\\\/\\\/schema.org\",\"@graph\":[{\"@type\":\"Article\",\"@id\":\"https:\\\/\\\/hierostrasbourg.com\\\/index.php\\\/2021\\\/09\\\/15\\\/le-preo-oberhausbergen-recrute-un-regisseur-general-f-h\\\/#article\",\"isPartOf\":{\"@id\":\"https:\\\/\\\/hierostrasbourg.com\\\/index.php\\\/2021\\\/09\\\/15\\\/le-preo-oberhausbergen-recrute-un-regisseur-general-f-h\\\/\"},\"author\":{\"name\":\"\",\"@id\":\"\"},\"headline\":\"LE PR\u00c9O [Oberhausbergen] recrute un r\u00e9gisseur g\u00e9n\u00e9ral [F\\\/H]\",\"datePublished\":\"2021-09-15T13:19:46+00:00\",\"mainEntityOfPage\":{\"@id\":\"https:\\\/\\\/hierostrasbourg.com\\\/index.php\\\/2021\\\/09\\\/15\\\/le-preo-oberhausbergen-recrute-un-regisseur-general-f-h\\\/\"},\"wordCount\":499,\"publisher\":{\"@id\":\"https:\\\/\\\/hierostrasbourg.com\\\/#organization\"},\"inLanguage\":\"fr-FR\"},{\"@type\":\"WebPage\",\"@id\":\"https:\\\/\\\/hierostrasbourg.com\\\/index.php\\\/2021\\\/09\\\/15\\\/le-preo-oberhausbergen-recrute-un-regisseur-general-f-h\\\/\",\"url\":\"https:\\\/\\\/hierostrasbourg.com\\\/index.php\\\/2021\\\/09\\\/15\\\/le-preo-oberhausbergen-recrute-un-regisseur-general-f-h\\\/\",\"name\":\"LE PR\u00c9O [Oberhausbergen] recrute un r\u00e9gisseur g\u00e9n\u00e9ral [F\\\/H] - HIERO STRASBOURG\",\"isPartOf\":{\"@id\":\"https:\\\/\\\/hierostrasbourg.com\\\/#website\"},\"datePublished\":\"2021-09-15T13:19:46+00:00\",\"breadcrumb\":{\"@id\":\"https:\\\/\\\/hierostrasbourg.com\\\/index.php\\\/2021\\\/09\\\/15\\\/le-preo-oberhausbergen-recrute-un-regisseur-general-f-h\\\/#breadcrumb\"},\"inLanguage\":\"fr-FR\",\"potentialAction\":[{\"@type\":\"ReadAction\",\"target\":[\"https:\\\/\\\/hierostrasbourg.com\\\/index.php\\\/2021\\\/09\\\/15\\\/le-preo-oberhausbergen-recrute-un-regisseur-general-f-h\\\/\"]}]},{\"@type\":\"BreadcrumbList\",\"@id\":\"https:\\\/\\\/hierostrasbourg.com\\\/index.php\\\/2021\\\/09\\\/15\\\/le-preo-oberhausbergen-recrute-un-regisseur-general-f-h\\\/#breadcrumb\",\"itemListElement\":[{\"@type\":\"ListItem\",\"position\":1,\"name\":\"Accueil\",\"item\":\"https:\\\/\\\/hierostrasbourg.com\\\/\"},{\"@type\":\"ListItem\",\"position\":2,\"name\":\"LE PR\u00c9O [Oberhausbergen] recrute un r\u00e9gisseur g\u00e9n\u00e9ral [F\\\/H]\"}]},{\"@type\":\"WebSite\",\"@id\":\"https:\\\/\\\/hierostrasbourg.com\\\/#website\",\"url\":\"https:\\\/\\\/hierostrasbourg.com\\\/\",\"name\":\"HIERO STRASBOURG\",\"description\":\"Centre de Ressources Musiques Actuelles\",\"publisher\":{\"@id\":\"https:\\\/\\\/hierostrasbourg.com\\\/#organization\"},\"potentialAction\":[{\"@type\":\"SearchAction\",\"target\":{\"@type\":\"EntryPoint\",\"urlTemplate\":\"https:\\\/\\\/hierostrasbourg.com\\\/?s={search_term_string}\"},\"query-input\":{\"@type\":\"PropertyValueSpecification\",\"valueRequired\":true,\"valueName\":\"search_term_string\"}}],\"inLanguage\":\"fr-FR\"},{\"@type\":\"Organization\",\"@id\":\"https:\\\/\\\/hierostrasbourg.com\\\/#organization\",\"name\":\"F\u00e9d\u00e9ration Hi\u00e9ro Strasbourg\",\"url\":\"https:\\\/\\\/hierostrasbourg.com\\\/\",\"logo\":{\"@type\":\"ImageObject\",\"inLanguage\":\"fr-FR\",\"@id\":\"https:\\\/\\\/hierostrasbourg.com\\\/#\\\/schema\\\/logo\\\/image\\\/\",\"url\":\"https:\\\/\\\/hierostrasbourg.com\\\/wp-content\\\/uploads\\\/2026\\\/04\\\/logo-hiero-strasbourg.jpg\",\"contentUrl\":\"https:\\\/\\\/hierostrasbourg.com\\\/wp-content\\\/uploads\\\/2026\\\/04\\\/logo-hiero-strasbourg.jpg\",\"width\":204,\"height\":192,\"caption\":\"F\u00e9d\u00e9ration Hi\u00e9ro Strasbourg\"},\"image\":{\"@id\":\"https:\\\/\\\/hierostrasbourg.com\\\/#\\\/schema\\\/logo\\\/image\\\/\"},\"sameAs\":[\"https:\\\/\\\/www.facebook.com\\\/fedehierostrasbourg\",\"https:\\\/\\\/x.com\\\/hierostrasbourg\"]}]}<\/script>\n<!-- \/ Yoast SEO plugin. -->","yoast_head_json":{"title":"LE PR\u00c9O [Oberhausbergen] recrute un r\u00e9gisseur g\u00e9n\u00e9ral [F\/H] - HIERO STRASBOURG","robots":{"index":"index","follow":"follow","max-snippet":"max-snippet:-1","max-image-preview":"max-image-preview:large","max-video-preview":"max-video-preview:-1"},"canonical":"https:\/\/hierostrasbourg.com\/index.php\/2021\/09\/15\/le-preo-oberhausbergen-recrute-un-regisseur-general-f-h\/","og_locale":"fr_FR","og_type":"article","og_title":"LE PR\u00c9O [Oberhausbergen] recrute un r\u00e9gisseur g\u00e9n\u00e9ral [F\/H] - HIERO STRASBOURG","og_description":"Missions Sous la responsabilit\u00e9 de la directrice du Pr\u00e9O et de la directrice adjointe : Assurer la responsabilit\u00e9 technique de la pr\u00e9paration et du bon d\u00e9roulement des accueils de toute nature dans les espaces du Pr\u00e9O et en d\u00e9centralisation (accueils, r\u00e9sidences, mises \u00e0 disposition, ateliers, locations de salle) : Analyser la faisabilit\u00e9, n\u00e9gocier, planifier et coordonner les moyens humains et mat\u00e9riels Assurer le fonctionnement technique du projet dans la l\u00e9galit\u00e9 et veiller au respect des r\u00e8gles d\u2019hygi\u00e8ne et de s\u00e9curit\u00e9 [&hellip;]","og_url":"https:\/\/hierostrasbourg.com\/index.php\/2021\/09\/15\/le-preo-oberhausbergen-recrute-un-regisseur-general-f-h\/","og_site_name":"HIERO STRASBOURG","article_publisher":"https:\/\/www.facebook.com\/fedehierostrasbourg","article_published_time":"2021-09-15T13:19:46+00:00","twitter_card":"summary_large_image","twitter_creator":"@hierostrasbourg","twitter_site":"@hierostrasbourg","twitter_misc":{"Dur\u00e9e de lecture estim\u00e9e":"2 minutes"},"schema":{"@context":"https:\/\/schema.org","@graph":[{"@type":"Article","@id":"https:\/\/hierostrasbourg.com\/index.php\/2021\/09\/15\/le-preo-oberhausbergen-recrute-un-regisseur-general-f-h\/#article","isPartOf":{"@id":"https:\/\/hierostrasbourg.com\/index.php\/2021\/09\/15\/le-preo-oberhausbergen-recrute-un-regisseur-general-f-h\/"},"author":{"name":"","@id":""},"headline":"LE PR\u00c9O [Oberhausbergen] recrute un r\u00e9gisseur g\u00e9n\u00e9ral [F\/H]","datePublished":"2021-09-15T13:19:46+00:00","mainEntityOfPage":{"@id":"https:\/\/hierostrasbourg.com\/index.php\/2021\/09\/15\/le-preo-oberhausbergen-recrute-un-regisseur-general-f-h\/"},"wordCount":499,"publisher":{"@id":"https:\/\/hierostrasbourg.com\/#organization"},"inLanguage":"fr-FR"},{"@type":"WebPage","@id":"https:\/\/hierostrasbourg.com\/index.php\/2021\/09\/15\/le-preo-oberhausbergen-recrute-un-regisseur-general-f-h\/","url":"https:\/\/hierostrasbourg.com\/index.php\/2021\/09\/15\/le-preo-oberhausbergen-recrute-un-regisseur-general-f-h\/","name":"LE PR\u00c9O [Oberhausbergen] recrute un r\u00e9gisseur g\u00e9n\u00e9ral [F\/H] - HIERO STRASBOURG","isPartOf":{"@id":"https:\/\/hierostrasbourg.com\/#website"},"datePublished":"2021-09-15T13:19:46+00:00","breadcrumb":{"@id":"https:\/\/hierostrasbourg.com\/index.php\/2021\/09\/15\/le-preo-oberhausbergen-recrute-un-regisseur-general-f-h\/#breadcrumb"},"inLanguage":"fr-FR","potentialAction":[{"@type":"ReadAction","target":["https:\/\/hierostrasbourg.com\/index.php\/2021\/09\/15\/le-preo-oberhausbergen-recrute-un-regisseur-general-f-h\/"]}]},{"@type":"BreadcrumbList","@id":"https:\/\/hierostrasbourg.com\/index.php\/2021\/09\/15\/le-preo-oberhausbergen-recrute-un-regisseur-general-f-h\/#breadcrumb","itemListElement":[{"@type":"ListItem","position":1,"name":"Accueil","item":"https:\/\/hierostrasbourg.com\/"},{"@type":"ListItem","position":2,"name":"LE PR\u00c9O [Oberhausbergen] recrute un r\u00e9gisseur g\u00e9n\u00e9ral [F\/H]"}]},{"@type":"WebSite","@id":"https:\/\/hierostrasbourg.com\/#website","url":"https:\/\/hierostrasbourg.com\/","name":"HIERO STRASBOURG","description":"Centre de Ressources Musiques Actuelles","publisher":{"@id":"https:\/\/hierostrasbourg.com\/#organization"},"potentialAction":[{"@type":"SearchAction","target":{"@type":"EntryPoint","urlTemplate":"https:\/\/hierostrasbourg.com\/?s={search_term_string}"},"query-input":{"@type":"PropertyValueSpecification","valueRequired":true,"valueName":"search_term_string"}}],"inLanguage":"fr-FR"},{"@type":"Organization","@id":"https:\/\/hierostrasbourg.com\/#organization","name":"F\u00e9d\u00e9ration Hi\u00e9ro Strasbourg","url":"https:\/\/hierostrasbourg.com\/","logo":{"@type":"ImageObject","inLanguage":"fr-FR","@id":"https:\/\/hierostrasbourg.com\/#\/schema\/logo\/image\/","url":"https:\/\/hierostrasbourg.com\/wp-content\/uploads\/2026\/04\/logo-hiero-strasbourg.jpg","contentUrl":"https:\/\/hierostrasbourg.com\/wp-content\/uploads\/2026\/04\/logo-hiero-strasbourg.jpg","width":204,"height":192,"caption":"F\u00e9d\u00e9ration Hi\u00e9ro Strasbourg"},"image":{"@id":"https:\/\/hierostrasbourg.com\/#\/schema\/logo\/image\/"},"sameAs":["https:\/\/www.facebook.com\/fedehierostrasbourg","https:\/\/x.com\/hierostrasbourg"]}]}},"_links":{"self":[{"href":"https:\/\/hierostrasbourg.com\/index.php\/wp-json\/wp\/v2\/posts\/956","targetHints":{"allow":["GET"]}}],"collection":[{"href":"https:\/\/hierostrasbourg.com\/index.php\/wp-json\/wp\/v2\/posts"}],"about":[{"href":"https:\/\/hierostrasbourg.com\/index.php\/wp-json\/wp\/v2\/types\/post"}],"replies":[{"embeddable":true,"href":"https:\/\/hierostrasbourg.com\/index.php\/wp-json\/wp\/v2\/comments?post=956"}],"version-history":[{"count":0,"href":"https:\/\/hierostrasbourg.com\/index.php\/wp-json\/wp\/v2\/posts\/956\/revisions"}],"wp:attachment":[{"href":"https:\/\/hierostrasbourg.com\/index.php\/wp-json\/wp\/v2\/media?parent=956"}],"wp:term":[{"taxonomy":"category","embeddable":true,"href":"https:\/\/hierostrasbourg.com\/index.php\/wp-json\/wp\/v2\/categories?post=956"},{"taxonomy":"post_tag","embeddable":true,"href":"https:\/\/hierostrasbourg.com\/index.php\/wp-json\/wp\/v2\/tags?post=956"}],"curies":[{"name":"wp","href":"https:\/\/api.w.org\/{rel}","templated":true}]}}