{"id":913,"date":"2021-08-28T12:18:36","date_gmt":"2021-08-28T10:18:36","guid":{"rendered":"https:\/\/hierostrasbourg.com\/index.php\/2021\/08\/28\/lopera-national-du-rhin-recrute-un-attache-de-ladministration-artistique-f-h\/"},"modified":"2021-08-28T12:18:36","modified_gmt":"2021-08-28T10:18:36","slug":"lopera-national-du-rhin-recrute-un-attache-de-ladministration-artistique-f-h","status":"publish","type":"post","link":"https:\/\/hierostrasbourg.com\/index.php\/2021\/08\/28\/lopera-national-du-rhin-recrute-un-attache-de-ladministration-artistique-f-h\/","title":{"rendered":"L\u2019OP\u00c9RA NATIONAL DU RHIN recrute un attach\u00e9 de l\u2019administration artistique [F\/H]"},"content":{"rendered":"<h2>Missions<\/h2>\n<p>Il\/elle est charg\u00e9.e d\u2019assister la Responsable de l\u2019administration artistique dans l\u2019ensemble de ses missions, et selon ses indications, de veiller \u00e0 la bonne pr\u00e9paration des diff\u00e9rentes productions de l\u2019Op\u00e9ra national du Rhin.<br \/>\nIl\/elle est en charge de l\u2019administration de l\u2019Op\u00e9ra Studio et coordonne l\u2019ensemble de ses activit\u00e9s, notamment \u00e0 la Com\u00e9die de Colmar o\u00f9 il est en r\u00e9sidence, en lien avec la Directrice musicale de l\u2019OS.<\/p>\n<h3>Rattachement hi\u00e9rarchique<\/h3>\n<p>Sous la responsabilit\u00e9 directe de la Responsable de l\u2019administration artistique<\/p>\n<h3>Activit\u00e9s principales<\/h3>\n<p>En accord avec la Responsable de l\u2019administration artistique et selon ses indications, il\/elle sera plus particuli\u00e8rement charg\u00e9.e de<\/p>\n<p>l\u2019\u00e9tablissement des contrats d\u2019engagements des artistes lyriques (solistes et ch\u0153urs), des chefs d\u2019orchestre, compositeurs, librettistes, pianistes, pour les productions lyriques, r\u00e9citals, et les diff\u00e9rentes activit\u00e9s programm\u00e9es par l\u2019Op\u00e9ra national du Rhin ;<br \/>\nl\u2019envoi et le suivi des contrats d\u2019engagements et des contrats de prestations de service ;<br \/>\ng\u00e9rer les fiches de mesures, biographies et photos aupr\u00e8s des artistes et\/ou agences ;<br \/>\ncentraliser des informations concernant les voyages, h\u00e9bergements et d\u00e9fraiements des artistes et autres intervenants dont il\/elle assure la gestion ;<br \/>\nrechercher et n\u00e9gocier les tarifs des h\u00f4tels, r\u00e9sidences h\u00f4teli\u00e8res, appartements, et assurer le suivi et la gestion avec les propri\u00e9taires et les artistes ou agents ;<br \/>\neffectuer les r\u00e9servations des voyages, et en assurer le suivi et la gestion avec les artistes ou agents ;<br \/>\norganiser les auditions des solistes pour l\u2019Op\u00e9ra ;<br \/>\nparticiper au montage des dossiers de demande d\u2019aide \u00e0 la cr\u00e9ation (Fonds de Cr\u00e9ation lyrique, Aides \u00e0 l\u2019Ecriture pour les compositeurs, etc.) ;<br \/>\noccasionnellement, et sur demande de la Responsable de l\u2019administration artistique, n\u00e9gocier des contrats et des cachets en respectant le cadre budg\u00e9taire pr\u00e9\u00e9tabli et en assurer le suivi administratif ;<br \/>\noccasionnellement, et sur demande de la Direction g\u00e9n\u00e9rale, effectuer ponctuellement certaines t\u00e2ches pour le service de la production artistique.<\/p>\n<p>Par ailleurs, il\/elle assure pour l\u2019Op\u00e9ra Studio les missions suivantes :<\/p>\n<p>Organisation administrative et encadrement de l\u2019Op\u00e9ra Studio :<\/p>\n<p>suivi des documents d\u2019information concernant l\u2019Op\u00e9ra studio (coordonn\u00e9es, dossiers individuels des chanteurs, r\u00e8glement int\u00e9rieur, dossier d\u2019accueil, etc.) et suivi administratif avec la DRH de l\u2019Op\u00e9ra ;<br \/>\n\u00e9tablissement et suivi des contrats des jeunes artistes et des intervenants ;<br \/>\ngestion des fiches de mesures, biographies et photos aupr\u00e8s des artistes et\/ou de leurs agents ;<br \/>\ngestion des demandes et autorisations d\u2019absence des chanteurs en lien avec la Directrice musicale et la Direction artistique ;<br \/>\nsuivi du planning de saison en lien avec la Directrice musicale et la Direction de la production artistique ;<br \/>\nr\u00e9daction des ordres de mission et \u00e9tat de frais de d\u00e9placement ;<br \/>\ncomptabilit\u00e9 et r\u00e9gie (distribution et gestion) concernant les d\u00e9fraiements, les d\u00e9placements et l\u2019h\u00e9bergement de l\u2019Op\u00e9ra Studio ;<br \/>\ncentralisation des demandes des metteurs en sc\u00e8ne pour les concerts mis en espace ;<br \/>\ncoordination et encadrement de la tourn\u00e9e de l\u2019op\u00e9ra nomade annuel.<\/p>\n<p>Organisation des activit\u00e9s quotidiennes<\/p>\n<p>r\u00e9daction du planning hebdomadaire en lien avec la Directrice musicale : cours, r\u00e9p\u00e9titions et prestations publiques<br \/>\nsuivi de la logistique des concerts et spectacles, ainsi que des demandes de salles \u00e0 la Com\u00e9die de Colmar, en lien avec la R\u00e9gie g\u00e9n\u00e9rale de l\u2019Op\u00e9ra ;<br \/>\norganisation des voyages et de l\u2019h\u00e9bergement des intervenants ext\u00e9rieurs ;<br \/>\nen accord avec la Directrice musicale de l\u2019OS, propose au Service communication de l\u2019Op\u00e9ra, des id\u00e9es et des contenus refl\u00e9tant les activit\u00e9s de l\u2019Op\u00e9ra Studio.<\/p>\n<p>Organisation des auditions de recrutement \u00e0 l\u2019Op\u00e9ra Studio (chanteurs, pianistes et chef.fe.s d\u2019orchestre)<br \/>\nr\u00e9ception et gestion des candidatures ;<br \/>\nconvocation des candidats pour les auditions ;<br \/>\npr\u00e9paration des fiches individuelles des candidats pour le jury ;<br \/>\naccueil, encadrement et organisation du passage des candidats ;<br \/>\nr\u00e9daction et transmission des r\u00e9ponses aux candidats<\/p>\n<h2>Profil recherch\u00e9<\/h2>\n<p>Comp\u00e9tences et qualit\u00e9s requises<\/p>\n<p>formation sup\u00e9rieure, bac +2 minimum, en rapport avec l\u2019activit\u00e9 ;<br \/>\nconnaissance de l\u2019art lyrique, avec de pr\u00e9f\u00e9rence une premi\u00e8re exp\u00e9rience r\u00e9ussie dans le domaine ;<br \/>\nma\u00eetrise de deux langues \u00e9trang\u00e8res (anglais indispensable, et allemand souhait\u00e9) ;<br \/>\nma\u00eetrise des outils de bureautiques : Word, Excel, etc. ;<br \/>\nbonnes capacit\u00e9s relationnelles et de n\u00e9gociation ;<br \/>\ncapacit\u00e9 \u00e0 f\u00e9d\u00e9rer une \u00e9quipe artistique ;<br \/>\nsens de l\u2019organisation et r\u00e9activit\u00e9 ;<br \/>\ncapacit\u00e9 \u00e0 prendre des initiatives et \u00e0 \u00eatre force de proposition ;<br \/>\npermis B.<\/p>\n<p>Date limite de candidature : 14 septembre 2021<br \/>\nLe poste suppose des horaires irr\u00e9guliers qui induisent flexibilit\u00e9 et souplesse dans le temps de travail. Le poste est bas\u00e9 \u00e0 Strasbourg mais n\u00e9cessite des allers\/retours hebdomadaires \u00e0 Colmar.<\/p>\n<p>Merci de faire parvenir votre candidature (lettre de motivation, cv) pour le 14 septembre 2021<\/p>\n<p>\u00e0 Monsieur le Directeur g\u00e9n\u00e9ral de l\u2019Op\u00e9ra national du Rhin<br \/>\nDirection des Ressources humaines<br \/>\n19, Place Broglie \u2013 67008 Strasbourg Cedex<\/p>\n<p>L\u2019article <a href=\"https:\/\/popburo.fr\/lopera-national-du-rhin-recrute-un-attache-de-ladministration-artistique-f-h\/\">L\u2019OP\u00c9RA NATIONAL DU RHIN recrute un attach\u00e9 de l\u2019administration artistique [F\/H]<\/a> est apparu en premier sur <a href=\"https:\/\/popburo.fr\/\">POP B\u00dcRO<\/a>.<\/p>\n","protected":false},"excerpt":{"rendered":"<p>Missions Il\/elle est charg\u00e9.e d\u2019assister la Responsable de l\u2019administration artistique dans l\u2019ensemble de ses missions, et selon ses indications, de veiller \u00e0 la bonne pr\u00e9paration des diff\u00e9rentes productions de l\u2019Op\u00e9ra national du Rhin. Il\/elle est en charge de l\u2019administration de l\u2019Op\u00e9ra Studio et coordonne l\u2019ensemble de ses activit\u00e9s, notamment \u00e0 la Com\u00e9die de Colmar o\u00f9 il est en r\u00e9sidence, en lien avec la Directrice musicale de l\u2019OS. Rattachement hi\u00e9rarchique Sous la responsabilit\u00e9 directe de la Responsable de l\u2019administration artistique Activit\u00e9s [&hellip;]<\/p>\n","protected":false},"author":0,"featured_media":0,"comment_status":"closed","ping_status":"open","sticky":false,"template":"","format":"standard","meta":{"footnotes":""},"categories":[1],"tags":[],"class_list":["post-913","post","type-post","status-publish","format-standard","hentry","category-non-classe"],"yoast_head":"<!-- This site is optimized with the Yoast SEO plugin v27.5 - https:\/\/yoast.com\/product\/yoast-seo-wordpress\/ -->\n<title>L\u2019OP\u00c9RA NATIONAL DU RHIN recrute un attach\u00e9 de l\u2019administration artistique [F\/H] - HIERO STRASBOURG<\/title>\n<meta name=\"robots\" content=\"index, follow, max-snippet:-1, max-image-preview:large, max-video-preview:-1\" \/>\n<link rel=\"canonical\" href=\"https:\/\/hierostrasbourg.com\/index.php\/2021\/08\/28\/lopera-national-du-rhin-recrute-un-attache-de-ladministration-artistique-f-h\/\" \/>\n<meta property=\"og:locale\" content=\"fr_FR\" \/>\n<meta property=\"og:type\" content=\"article\" \/>\n<meta property=\"og:title\" content=\"L\u2019OP\u00c9RA NATIONAL DU RHIN recrute un attach\u00e9 de l\u2019administration artistique [F\/H] - HIERO STRASBOURG\" \/>\n<meta property=\"og:description\" content=\"Missions Il\/elle est charg\u00e9.e d\u2019assister la Responsable de l\u2019administration artistique dans l\u2019ensemble de ses missions, et selon ses indications, de veiller \u00e0 la bonne pr\u00e9paration des diff\u00e9rentes productions de l\u2019Op\u00e9ra national du Rhin. Il\/elle est en charge de l\u2019administration de l\u2019Op\u00e9ra Studio et coordonne l\u2019ensemble de ses activit\u00e9s, notamment \u00e0 la Com\u00e9die de Colmar o\u00f9 il est en r\u00e9sidence, en lien avec la Directrice musicale de l\u2019OS. Rattachement hi\u00e9rarchique Sous la responsabilit\u00e9 directe de la Responsable de l\u2019administration artistique Activit\u00e9s [&hellip;]\" \/>\n<meta property=\"og:url\" content=\"https:\/\/hierostrasbourg.com\/index.php\/2021\/08\/28\/lopera-national-du-rhin-recrute-un-attache-de-ladministration-artistique-f-h\/\" \/>\n<meta property=\"og:site_name\" content=\"HIERO STRASBOURG\" \/>\n<meta property=\"article:publisher\" content=\"https:\/\/www.facebook.com\/fedehierostrasbourg\" \/>\n<meta property=\"article:published_time\" content=\"2021-08-28T10:18:36+00:00\" \/>\n<meta name=\"twitter:card\" content=\"summary_large_image\" \/>\n<meta name=\"twitter:creator\" content=\"@hierostrasbourg\" \/>\n<meta name=\"twitter:site\" content=\"@hierostrasbourg\" \/>\n<meta name=\"twitter:label1\" content=\"Dur\u00e9e de lecture estim\u00e9e\" \/>\n\t<meta name=\"twitter:data1\" content=\"4 minutes\" \/>\n<script type=\"application\/ld+json\" class=\"yoast-schema-graph\">{\"@context\":\"https:\\\/\\\/schema.org\",\"@graph\":[{\"@type\":\"Article\",\"@id\":\"https:\\\/\\\/hierostrasbourg.com\\\/index.php\\\/2021\\\/08\\\/28\\\/lopera-national-du-rhin-recrute-un-attache-de-ladministration-artistique-f-h\\\/#article\",\"isPartOf\":{\"@id\":\"https:\\\/\\\/hierostrasbourg.com\\\/index.php\\\/2021\\\/08\\\/28\\\/lopera-national-du-rhin-recrute-un-attache-de-ladministration-artistique-f-h\\\/\"},\"author\":{\"name\":\"\",\"@id\":\"\"},\"headline\":\"L\u2019OP\u00c9RA NATIONAL DU RHIN recrute un attach\u00e9 de l\u2019administration artistique [F\\\/H]\",\"datePublished\":\"2021-08-28T10:18:36+00:00\",\"mainEntityOfPage\":{\"@id\":\"https:\\\/\\\/hierostrasbourg.com\\\/index.php\\\/2021\\\/08\\\/28\\\/lopera-national-du-rhin-recrute-un-attache-de-ladministration-artistique-f-h\\\/\"},\"wordCount\":895,\"publisher\":{\"@id\":\"https:\\\/\\\/hierostrasbourg.com\\\/#organization\"},\"inLanguage\":\"fr-FR\"},{\"@type\":\"WebPage\",\"@id\":\"https:\\\/\\\/hierostrasbourg.com\\\/index.php\\\/2021\\\/08\\\/28\\\/lopera-national-du-rhin-recrute-un-attache-de-ladministration-artistique-f-h\\\/\",\"url\":\"https:\\\/\\\/hierostrasbourg.com\\\/index.php\\\/2021\\\/08\\\/28\\\/lopera-national-du-rhin-recrute-un-attache-de-ladministration-artistique-f-h\\\/\",\"name\":\"L\u2019OP\u00c9RA NATIONAL DU RHIN recrute un attach\u00e9 de l\u2019administration artistique [F\\\/H] - HIERO STRASBOURG\",\"isPartOf\":{\"@id\":\"https:\\\/\\\/hierostrasbourg.com\\\/#website\"},\"datePublished\":\"2021-08-28T10:18:36+00:00\",\"breadcrumb\":{\"@id\":\"https:\\\/\\\/hierostrasbourg.com\\\/index.php\\\/2021\\\/08\\\/28\\\/lopera-national-du-rhin-recrute-un-attache-de-ladministration-artistique-f-h\\\/#breadcrumb\"},\"inLanguage\":\"fr-FR\",\"potentialAction\":[{\"@type\":\"ReadAction\",\"target\":[\"https:\\\/\\\/hierostrasbourg.com\\\/index.php\\\/2021\\\/08\\\/28\\\/lopera-national-du-rhin-recrute-un-attache-de-ladministration-artistique-f-h\\\/\"]}]},{\"@type\":\"BreadcrumbList\",\"@id\":\"https:\\\/\\\/hierostrasbourg.com\\\/index.php\\\/2021\\\/08\\\/28\\\/lopera-national-du-rhin-recrute-un-attache-de-ladministration-artistique-f-h\\\/#breadcrumb\",\"itemListElement\":[{\"@type\":\"ListItem\",\"position\":1,\"name\":\"Accueil\",\"item\":\"https:\\\/\\\/hierostrasbourg.com\\\/\"},{\"@type\":\"ListItem\",\"position\":2,\"name\":\"L\u2019OP\u00c9RA NATIONAL DU RHIN recrute un attach\u00e9 de l\u2019administration artistique [F\\\/H]\"}]},{\"@type\":\"WebSite\",\"@id\":\"https:\\\/\\\/hierostrasbourg.com\\\/#website\",\"url\":\"https:\\\/\\\/hierostrasbourg.com\\\/\",\"name\":\"HIERO STRASBOURG\",\"description\":\"Centre de Ressources Musiques Actuelles\",\"publisher\":{\"@id\":\"https:\\\/\\\/hierostrasbourg.com\\\/#organization\"},\"potentialAction\":[{\"@type\":\"SearchAction\",\"target\":{\"@type\":\"EntryPoint\",\"urlTemplate\":\"https:\\\/\\\/hierostrasbourg.com\\\/?s={search_term_string}\"},\"query-input\":{\"@type\":\"PropertyValueSpecification\",\"valueRequired\":true,\"valueName\":\"search_term_string\"}}],\"inLanguage\":\"fr-FR\"},{\"@type\":\"Organization\",\"@id\":\"https:\\\/\\\/hierostrasbourg.com\\\/#organization\",\"name\":\"F\u00e9d\u00e9ration Hi\u00e9ro Strasbourg\",\"url\":\"https:\\\/\\\/hierostrasbourg.com\\\/\",\"logo\":{\"@type\":\"ImageObject\",\"inLanguage\":\"fr-FR\",\"@id\":\"https:\\\/\\\/hierostrasbourg.com\\\/#\\\/schema\\\/logo\\\/image\\\/\",\"url\":\"https:\\\/\\\/hierostrasbourg.com\\\/wp-content\\\/uploads\\\/2026\\\/04\\\/logo-hiero-strasbourg.jpg\",\"contentUrl\":\"https:\\\/\\\/hierostrasbourg.com\\\/wp-content\\\/uploads\\\/2026\\\/04\\\/logo-hiero-strasbourg.jpg\",\"width\":204,\"height\":192,\"caption\":\"F\u00e9d\u00e9ration Hi\u00e9ro Strasbourg\"},\"image\":{\"@id\":\"https:\\\/\\\/hierostrasbourg.com\\\/#\\\/schema\\\/logo\\\/image\\\/\"},\"sameAs\":[\"https:\\\/\\\/www.facebook.com\\\/fedehierostrasbourg\",\"https:\\\/\\\/x.com\\\/hierostrasbourg\"]}]}<\/script>\n<!-- \/ Yoast SEO plugin. -->","yoast_head_json":{"title":"L\u2019OP\u00c9RA NATIONAL DU RHIN recrute un attach\u00e9 de l\u2019administration artistique [F\/H] - HIERO STRASBOURG","robots":{"index":"index","follow":"follow","max-snippet":"max-snippet:-1","max-image-preview":"max-image-preview:large","max-video-preview":"max-video-preview:-1"},"canonical":"https:\/\/hierostrasbourg.com\/index.php\/2021\/08\/28\/lopera-national-du-rhin-recrute-un-attache-de-ladministration-artistique-f-h\/","og_locale":"fr_FR","og_type":"article","og_title":"L\u2019OP\u00c9RA NATIONAL DU RHIN recrute un attach\u00e9 de l\u2019administration artistique [F\/H] - HIERO STRASBOURG","og_description":"Missions Il\/elle est charg\u00e9.e d\u2019assister la Responsable de l\u2019administration artistique dans l\u2019ensemble de ses missions, et selon ses indications, de veiller \u00e0 la bonne pr\u00e9paration des diff\u00e9rentes productions de l\u2019Op\u00e9ra national du Rhin. Il\/elle est en charge de l\u2019administration de l\u2019Op\u00e9ra Studio et coordonne l\u2019ensemble de ses activit\u00e9s, notamment \u00e0 la Com\u00e9die de Colmar o\u00f9 il est en r\u00e9sidence, en lien avec la Directrice musicale de l\u2019OS. Rattachement hi\u00e9rarchique Sous la responsabilit\u00e9 directe de la Responsable de l\u2019administration artistique Activit\u00e9s [&hellip;]","og_url":"https:\/\/hierostrasbourg.com\/index.php\/2021\/08\/28\/lopera-national-du-rhin-recrute-un-attache-de-ladministration-artistique-f-h\/","og_site_name":"HIERO STRASBOURG","article_publisher":"https:\/\/www.facebook.com\/fedehierostrasbourg","article_published_time":"2021-08-28T10:18:36+00:00","twitter_card":"summary_large_image","twitter_creator":"@hierostrasbourg","twitter_site":"@hierostrasbourg","twitter_misc":{"Dur\u00e9e de lecture estim\u00e9e":"4 minutes"},"schema":{"@context":"https:\/\/schema.org","@graph":[{"@type":"Article","@id":"https:\/\/hierostrasbourg.com\/index.php\/2021\/08\/28\/lopera-national-du-rhin-recrute-un-attache-de-ladministration-artistique-f-h\/#article","isPartOf":{"@id":"https:\/\/hierostrasbourg.com\/index.php\/2021\/08\/28\/lopera-national-du-rhin-recrute-un-attache-de-ladministration-artistique-f-h\/"},"author":{"name":"","@id":""},"headline":"L\u2019OP\u00c9RA NATIONAL DU RHIN recrute un attach\u00e9 de l\u2019administration artistique [F\/H]","datePublished":"2021-08-28T10:18:36+00:00","mainEntityOfPage":{"@id":"https:\/\/hierostrasbourg.com\/index.php\/2021\/08\/28\/lopera-national-du-rhin-recrute-un-attache-de-ladministration-artistique-f-h\/"},"wordCount":895,"publisher":{"@id":"https:\/\/hierostrasbourg.com\/#organization"},"inLanguage":"fr-FR"},{"@type":"WebPage","@id":"https:\/\/hierostrasbourg.com\/index.php\/2021\/08\/28\/lopera-national-du-rhin-recrute-un-attache-de-ladministration-artistique-f-h\/","url":"https:\/\/hierostrasbourg.com\/index.php\/2021\/08\/28\/lopera-national-du-rhin-recrute-un-attache-de-ladministration-artistique-f-h\/","name":"L\u2019OP\u00c9RA NATIONAL DU RHIN recrute un attach\u00e9 de l\u2019administration artistique [F\/H] - HIERO STRASBOURG","isPartOf":{"@id":"https:\/\/hierostrasbourg.com\/#website"},"datePublished":"2021-08-28T10:18:36+00:00","breadcrumb":{"@id":"https:\/\/hierostrasbourg.com\/index.php\/2021\/08\/28\/lopera-national-du-rhin-recrute-un-attache-de-ladministration-artistique-f-h\/#breadcrumb"},"inLanguage":"fr-FR","potentialAction":[{"@type":"ReadAction","target":["https:\/\/hierostrasbourg.com\/index.php\/2021\/08\/28\/lopera-national-du-rhin-recrute-un-attache-de-ladministration-artistique-f-h\/"]}]},{"@type":"BreadcrumbList","@id":"https:\/\/hierostrasbourg.com\/index.php\/2021\/08\/28\/lopera-national-du-rhin-recrute-un-attache-de-ladministration-artistique-f-h\/#breadcrumb","itemListElement":[{"@type":"ListItem","position":1,"name":"Accueil","item":"https:\/\/hierostrasbourg.com\/"},{"@type":"ListItem","position":2,"name":"L\u2019OP\u00c9RA NATIONAL DU RHIN recrute un attach\u00e9 de l\u2019administration artistique [F\/H]"}]},{"@type":"WebSite","@id":"https:\/\/hierostrasbourg.com\/#website","url":"https:\/\/hierostrasbourg.com\/","name":"HIERO STRASBOURG","description":"Centre de Ressources Musiques Actuelles","publisher":{"@id":"https:\/\/hierostrasbourg.com\/#organization"},"potentialAction":[{"@type":"SearchAction","target":{"@type":"EntryPoint","urlTemplate":"https:\/\/hierostrasbourg.com\/?s={search_term_string}"},"query-input":{"@type":"PropertyValueSpecification","valueRequired":true,"valueName":"search_term_string"}}],"inLanguage":"fr-FR"},{"@type":"Organization","@id":"https:\/\/hierostrasbourg.com\/#organization","name":"F\u00e9d\u00e9ration Hi\u00e9ro Strasbourg","url":"https:\/\/hierostrasbourg.com\/","logo":{"@type":"ImageObject","inLanguage":"fr-FR","@id":"https:\/\/hierostrasbourg.com\/#\/schema\/logo\/image\/","url":"https:\/\/hierostrasbourg.com\/wp-content\/uploads\/2026\/04\/logo-hiero-strasbourg.jpg","contentUrl":"https:\/\/hierostrasbourg.com\/wp-content\/uploads\/2026\/04\/logo-hiero-strasbourg.jpg","width":204,"height":192,"caption":"F\u00e9d\u00e9ration Hi\u00e9ro Strasbourg"},"image":{"@id":"https:\/\/hierostrasbourg.com\/#\/schema\/logo\/image\/"},"sameAs":["https:\/\/www.facebook.com\/fedehierostrasbourg","https:\/\/x.com\/hierostrasbourg"]}]}},"_links":{"self":[{"href":"https:\/\/hierostrasbourg.com\/index.php\/wp-json\/wp\/v2\/posts\/913","targetHints":{"allow":["GET"]}}],"collection":[{"href":"https:\/\/hierostrasbourg.com\/index.php\/wp-json\/wp\/v2\/posts"}],"about":[{"href":"https:\/\/hierostrasbourg.com\/index.php\/wp-json\/wp\/v2\/types\/post"}],"replies":[{"embeddable":true,"href":"https:\/\/hierostrasbourg.com\/index.php\/wp-json\/wp\/v2\/comments?post=913"}],"version-history":[{"count":0,"href":"https:\/\/hierostrasbourg.com\/index.php\/wp-json\/wp\/v2\/posts\/913\/revisions"}],"wp:attachment":[{"href":"https:\/\/hierostrasbourg.com\/index.php\/wp-json\/wp\/v2\/media?parent=913"}],"wp:term":[{"taxonomy":"category","embeddable":true,"href":"https:\/\/hierostrasbourg.com\/index.php\/wp-json\/wp\/v2\/categories?post=913"},{"taxonomy":"post_tag","embeddable":true,"href":"https:\/\/hierostrasbourg.com\/index.php\/wp-json\/wp\/v2\/tags?post=913"}],"curies":[{"name":"wp","href":"https:\/\/api.w.org\/{rel}","templated":true}]}}