{"id":910,"date":"2021-08-05T23:18:59","date_gmt":"2021-08-05T21:18:59","guid":{"rendered":"https:\/\/hierostrasbourg.com\/index.php\/2021\/08\/05\/pass-sanitaire-peu-a-peu-le-public-revient-dans-les-lieux-culturels\/"},"modified":"2021-08-05T23:18:59","modified_gmt":"2021-08-05T21:18:59","slug":"pass-sanitaire-peu-a-peu-le-public-revient-dans-les-lieux-culturels","status":"publish","type":"post","link":"https:\/\/hierostrasbourg.com\/index.php\/2021\/08\/05\/pass-sanitaire-peu-a-peu-le-public-revient-dans-les-lieux-culturels\/","title":{"rendered":"Pass sanitaire : peu \u00e0 peu, le public revient dans les lieux culturels"},"content":{"rendered":"<p><em>Quinze jours apr\u00e8s son instauration, le pass sanitaire continue de largement plomber la fr\u00e9quentation des cin\u00e9mas, th\u00e9\u00e2tres et autres parcs d\u2019attractions, notamment des salles de cin\u00e9mas. Mais apr\u00e8s le \u00abcoup de tonnerre\u00bb du 21 juillet, une petite reprise s\u2019est amorc\u00e9e.<\/em><\/p>\n<p>Source \/ Lire la suite : <a href=\"https:\/\/www.leparisien.fr\/culture-loisirs\/pass-sanitaire-peu-a-peu-le-public-revient-dans-les-lieux-culturels-04-08-2021-XMYLKBYHPJAV5KUQ5EVSEWLLWI.php\">Pass sanitaire : peu \u00e0 peu, le public revient dans les lieux culturels<\/a><\/p>\n<p>L\u2019article <a href=\"https:\/\/popburo.fr\/pass-sanitaire-peu-a-peu-le-public-revient-dans-les-lieux-culturels\/\">Pass sanitaire : peu \u00e0 peu, le public revient dans les lieux culturels<\/a> est apparu en premier sur <a href=\"https:\/\/popburo.fr\/\">POP B\u00dcRO<\/a>.<\/p>\n","protected":false},"excerpt":{"rendered":"<p>Quinze jours apr\u00e8s son instauration, le pass sanitaire continue de largement plomber la fr\u00e9quentation des cin\u00e9mas, th\u00e9\u00e2tres et autres parcs d\u2019attractions, notamment des salles de cin\u00e9mas. Mais apr\u00e8s le \u00abcoup de tonnerre\u00bb du 21 juillet, une petite reprise s\u2019est amorc\u00e9e. Source \/ Lire la suite : Pass sanitaire : peu \u00e0 peu, le public revient dans les lieux culturels L\u2019article Pass sanitaire : peu \u00e0 peu, le public revient dans les lieux culturels est apparu en premier sur POP B\u00dcRO.<\/p>\n","protected":false},"author":0,"featured_media":0,"comment_status":"closed","ping_status":"open","sticky":false,"template":"","format":"standard","meta":{"footnotes":""},"categories":[1],"tags":[],"class_list":["post-910","post","type-post","status-publish","format-standard","hentry","category-non-classe"],"yoast_head":"<!-- This site is optimized with the Yoast SEO plugin v27.5 - https:\/\/yoast.com\/product\/yoast-seo-wordpress\/ -->\n<title>Pass sanitaire : peu \u00e0 peu, le public revient dans les lieux culturels - HIERO STRASBOURG<\/title>\n<meta name=\"robots\" content=\"index, follow, max-snippet:-1, max-image-preview:large, max-video-preview:-1\" \/>\n<link rel=\"canonical\" href=\"https:\/\/hierostrasbourg.com\/index.php\/2021\/08\/05\/pass-sanitaire-peu-a-peu-le-public-revient-dans-les-lieux-culturels\/\" \/>\n<meta property=\"og:locale\" content=\"fr_FR\" \/>\n<meta property=\"og:type\" content=\"article\" \/>\n<meta property=\"og:title\" content=\"Pass sanitaire : peu \u00e0 peu, le public revient dans les lieux culturels - HIERO STRASBOURG\" \/>\n<meta property=\"og:description\" content=\"Quinze jours apr\u00e8s son instauration, le pass sanitaire continue de largement plomber la fr\u00e9quentation des cin\u00e9mas, th\u00e9\u00e2tres et autres parcs d\u2019attractions, notamment des salles de cin\u00e9mas. Mais apr\u00e8s le \u00abcoup de tonnerre\u00bb du 21 juillet, une petite reprise s\u2019est amorc\u00e9e. Source \/ Lire la suite : Pass sanitaire : peu \u00e0 peu, le public revient dans les lieux culturels L\u2019article Pass sanitaire : peu \u00e0 peu, le public revient dans les lieux culturels est apparu en premier sur POP B\u00dcRO.\" \/>\n<meta property=\"og:url\" content=\"https:\/\/hierostrasbourg.com\/index.php\/2021\/08\/05\/pass-sanitaire-peu-a-peu-le-public-revient-dans-les-lieux-culturels\/\" \/>\n<meta property=\"og:site_name\" content=\"HIERO STRASBOURG\" \/>\n<meta property=\"article:publisher\" content=\"https:\/\/www.facebook.com\/fedehierostrasbourg\" \/>\n<meta property=\"article:published_time\" content=\"2021-08-05T21:18:59+00:00\" \/>\n<meta name=\"twitter:card\" content=\"summary_large_image\" \/>\n<meta name=\"twitter:creator\" content=\"@hierostrasbourg\" \/>\n<meta name=\"twitter:site\" content=\"@hierostrasbourg\" \/>\n<script type=\"application\/ld+json\" class=\"yoast-schema-graph\">{\"@context\":\"https:\\\/\\\/schema.org\",\"@graph\":[{\"@type\":\"Article\",\"@id\":\"https:\\\/\\\/hierostrasbourg.com\\\/index.php\\\/2021\\\/08\\\/05\\\/pass-sanitaire-peu-a-peu-le-public-revient-dans-les-lieux-culturels\\\/#article\",\"isPartOf\":{\"@id\":\"https:\\\/\\\/hierostrasbourg.com\\\/index.php\\\/2021\\\/08\\\/05\\\/pass-sanitaire-peu-a-peu-le-public-revient-dans-les-lieux-culturels\\\/\"},\"author\":{\"name\":\"\",\"@id\":\"\"},\"headline\":\"Pass sanitaire : peu \u00e0 peu, le public revient dans les lieux culturels\",\"datePublished\":\"2021-08-05T21:18:59+00:00\",\"mainEntityOfPage\":{\"@id\":\"https:\\\/\\\/hierostrasbourg.com\\\/index.php\\\/2021\\\/08\\\/05\\\/pass-sanitaire-peu-a-peu-le-public-revient-dans-les-lieux-culturels\\\/\"},\"wordCount\":95,\"publisher\":{\"@id\":\"https:\\\/\\\/hierostrasbourg.com\\\/#organization\"},\"inLanguage\":\"fr-FR\"},{\"@type\":\"WebPage\",\"@id\":\"https:\\\/\\\/hierostrasbourg.com\\\/index.php\\\/2021\\\/08\\\/05\\\/pass-sanitaire-peu-a-peu-le-public-revient-dans-les-lieux-culturels\\\/\",\"url\":\"https:\\\/\\\/hierostrasbourg.com\\\/index.php\\\/2021\\\/08\\\/05\\\/pass-sanitaire-peu-a-peu-le-public-revient-dans-les-lieux-culturels\\\/\",\"name\":\"Pass sanitaire : peu \u00e0 peu, le public revient dans les lieux culturels - HIERO STRASBOURG\",\"isPartOf\":{\"@id\":\"https:\\\/\\\/hierostrasbourg.com\\\/#website\"},\"datePublished\":\"2021-08-05T21:18:59+00:00\",\"breadcrumb\":{\"@id\":\"https:\\\/\\\/hierostrasbourg.com\\\/index.php\\\/2021\\\/08\\\/05\\\/pass-sanitaire-peu-a-peu-le-public-revient-dans-les-lieux-culturels\\\/#breadcrumb\"},\"inLanguage\":\"fr-FR\",\"potentialAction\":[{\"@type\":\"ReadAction\",\"target\":[\"https:\\\/\\\/hierostrasbourg.com\\\/index.php\\\/2021\\\/08\\\/05\\\/pass-sanitaire-peu-a-peu-le-public-revient-dans-les-lieux-culturels\\\/\"]}]},{\"@type\":\"BreadcrumbList\",\"@id\":\"https:\\\/\\\/hierostrasbourg.com\\\/index.php\\\/2021\\\/08\\\/05\\\/pass-sanitaire-peu-a-peu-le-public-revient-dans-les-lieux-culturels\\\/#breadcrumb\",\"itemListElement\":[{\"@type\":\"ListItem\",\"position\":1,\"name\":\"Accueil\",\"item\":\"https:\\\/\\\/hierostrasbourg.com\\\/\"},{\"@type\":\"ListItem\",\"position\":2,\"name\":\"Pass sanitaire : peu \u00e0 peu, le public revient dans les lieux culturels\"}]},{\"@type\":\"WebSite\",\"@id\":\"https:\\\/\\\/hierostrasbourg.com\\\/#website\",\"url\":\"https:\\\/\\\/hierostrasbourg.com\\\/\",\"name\":\"HIERO STRASBOURG\",\"description\":\"Centre de Ressources Musiques Actuelles\",\"publisher\":{\"@id\":\"https:\\\/\\\/hierostrasbourg.com\\\/#organization\"},\"potentialAction\":[{\"@type\":\"SearchAction\",\"target\":{\"@type\":\"EntryPoint\",\"urlTemplate\":\"https:\\\/\\\/hierostrasbourg.com\\\/?s={search_term_string}\"},\"query-input\":{\"@type\":\"PropertyValueSpecification\",\"valueRequired\":true,\"valueName\":\"search_term_string\"}}],\"inLanguage\":\"fr-FR\"},{\"@type\":\"Organization\",\"@id\":\"https:\\\/\\\/hierostrasbourg.com\\\/#organization\",\"name\":\"F\u00e9d\u00e9ration Hi\u00e9ro Strasbourg\",\"url\":\"https:\\\/\\\/hierostrasbourg.com\\\/\",\"logo\":{\"@type\":\"ImageObject\",\"inLanguage\":\"fr-FR\",\"@id\":\"https:\\\/\\\/hierostrasbourg.com\\\/#\\\/schema\\\/logo\\\/image\\\/\",\"url\":\"https:\\\/\\\/hierostrasbourg.com\\\/wp-content\\\/uploads\\\/2026\\\/04\\\/logo-hiero-strasbourg.jpg\",\"contentUrl\":\"https:\\\/\\\/hierostrasbourg.com\\\/wp-content\\\/uploads\\\/2026\\\/04\\\/logo-hiero-strasbourg.jpg\",\"width\":204,\"height\":192,\"caption\":\"F\u00e9d\u00e9ration Hi\u00e9ro Strasbourg\"},\"image\":{\"@id\":\"https:\\\/\\\/hierostrasbourg.com\\\/#\\\/schema\\\/logo\\\/image\\\/\"},\"sameAs\":[\"https:\\\/\\\/www.facebook.com\\\/fedehierostrasbourg\",\"https:\\\/\\\/x.com\\\/hierostrasbourg\"]}]}<\/script>\n<!-- \/ Yoast SEO plugin. -->","yoast_head_json":{"title":"Pass sanitaire : peu \u00e0 peu, le public revient dans les lieux culturels - HIERO STRASBOURG","robots":{"index":"index","follow":"follow","max-snippet":"max-snippet:-1","max-image-preview":"max-image-preview:large","max-video-preview":"max-video-preview:-1"},"canonical":"https:\/\/hierostrasbourg.com\/index.php\/2021\/08\/05\/pass-sanitaire-peu-a-peu-le-public-revient-dans-les-lieux-culturels\/","og_locale":"fr_FR","og_type":"article","og_title":"Pass sanitaire : peu \u00e0 peu, le public revient dans les lieux culturels - HIERO STRASBOURG","og_description":"Quinze jours apr\u00e8s son instauration, le pass sanitaire continue de largement plomber la fr\u00e9quentation des cin\u00e9mas, th\u00e9\u00e2tres et autres parcs d\u2019attractions, notamment des salles de cin\u00e9mas. Mais apr\u00e8s le \u00abcoup de tonnerre\u00bb du 21 juillet, une petite reprise s\u2019est amorc\u00e9e. Source \/ Lire la suite : Pass sanitaire : peu \u00e0 peu, le public revient dans les lieux culturels L\u2019article Pass sanitaire : peu \u00e0 peu, le public revient dans les lieux culturels est apparu en premier sur POP B\u00dcRO.","og_url":"https:\/\/hierostrasbourg.com\/index.php\/2021\/08\/05\/pass-sanitaire-peu-a-peu-le-public-revient-dans-les-lieux-culturels\/","og_site_name":"HIERO STRASBOURG","article_publisher":"https:\/\/www.facebook.com\/fedehierostrasbourg","article_published_time":"2021-08-05T21:18:59+00:00","twitter_card":"summary_large_image","twitter_creator":"@hierostrasbourg","twitter_site":"@hierostrasbourg","schema":{"@context":"https:\/\/schema.org","@graph":[{"@type":"Article","@id":"https:\/\/hierostrasbourg.com\/index.php\/2021\/08\/05\/pass-sanitaire-peu-a-peu-le-public-revient-dans-les-lieux-culturels\/#article","isPartOf":{"@id":"https:\/\/hierostrasbourg.com\/index.php\/2021\/08\/05\/pass-sanitaire-peu-a-peu-le-public-revient-dans-les-lieux-culturels\/"},"author":{"name":"","@id":""},"headline":"Pass sanitaire : peu \u00e0 peu, le public revient dans les lieux culturels","datePublished":"2021-08-05T21:18:59+00:00","mainEntityOfPage":{"@id":"https:\/\/hierostrasbourg.com\/index.php\/2021\/08\/05\/pass-sanitaire-peu-a-peu-le-public-revient-dans-les-lieux-culturels\/"},"wordCount":95,"publisher":{"@id":"https:\/\/hierostrasbourg.com\/#organization"},"inLanguage":"fr-FR"},{"@type":"WebPage","@id":"https:\/\/hierostrasbourg.com\/index.php\/2021\/08\/05\/pass-sanitaire-peu-a-peu-le-public-revient-dans-les-lieux-culturels\/","url":"https:\/\/hierostrasbourg.com\/index.php\/2021\/08\/05\/pass-sanitaire-peu-a-peu-le-public-revient-dans-les-lieux-culturels\/","name":"Pass sanitaire : peu \u00e0 peu, le public revient dans les lieux culturels - HIERO STRASBOURG","isPartOf":{"@id":"https:\/\/hierostrasbourg.com\/#website"},"datePublished":"2021-08-05T21:18:59+00:00","breadcrumb":{"@id":"https:\/\/hierostrasbourg.com\/index.php\/2021\/08\/05\/pass-sanitaire-peu-a-peu-le-public-revient-dans-les-lieux-culturels\/#breadcrumb"},"inLanguage":"fr-FR","potentialAction":[{"@type":"ReadAction","target":["https:\/\/hierostrasbourg.com\/index.php\/2021\/08\/05\/pass-sanitaire-peu-a-peu-le-public-revient-dans-les-lieux-culturels\/"]}]},{"@type":"BreadcrumbList","@id":"https:\/\/hierostrasbourg.com\/index.php\/2021\/08\/05\/pass-sanitaire-peu-a-peu-le-public-revient-dans-les-lieux-culturels\/#breadcrumb","itemListElement":[{"@type":"ListItem","position":1,"name":"Accueil","item":"https:\/\/hierostrasbourg.com\/"},{"@type":"ListItem","position":2,"name":"Pass sanitaire : peu \u00e0 peu, le public revient dans les lieux culturels"}]},{"@type":"WebSite","@id":"https:\/\/hierostrasbourg.com\/#website","url":"https:\/\/hierostrasbourg.com\/","name":"HIERO STRASBOURG","description":"Centre de Ressources Musiques Actuelles","publisher":{"@id":"https:\/\/hierostrasbourg.com\/#organization"},"potentialAction":[{"@type":"SearchAction","target":{"@type":"EntryPoint","urlTemplate":"https:\/\/hierostrasbourg.com\/?s={search_term_string}"},"query-input":{"@type":"PropertyValueSpecification","valueRequired":true,"valueName":"search_term_string"}}],"inLanguage":"fr-FR"},{"@type":"Organization","@id":"https:\/\/hierostrasbourg.com\/#organization","name":"F\u00e9d\u00e9ration Hi\u00e9ro Strasbourg","url":"https:\/\/hierostrasbourg.com\/","logo":{"@type":"ImageObject","inLanguage":"fr-FR","@id":"https:\/\/hierostrasbourg.com\/#\/schema\/logo\/image\/","url":"https:\/\/hierostrasbourg.com\/wp-content\/uploads\/2026\/04\/logo-hiero-strasbourg.jpg","contentUrl":"https:\/\/hierostrasbourg.com\/wp-content\/uploads\/2026\/04\/logo-hiero-strasbourg.jpg","width":204,"height":192,"caption":"F\u00e9d\u00e9ration Hi\u00e9ro Strasbourg"},"image":{"@id":"https:\/\/hierostrasbourg.com\/#\/schema\/logo\/image\/"},"sameAs":["https:\/\/www.facebook.com\/fedehierostrasbourg","https:\/\/x.com\/hierostrasbourg"]}]}},"_links":{"self":[{"href":"https:\/\/hierostrasbourg.com\/index.php\/wp-json\/wp\/v2\/posts\/910","targetHints":{"allow":["GET"]}}],"collection":[{"href":"https:\/\/hierostrasbourg.com\/index.php\/wp-json\/wp\/v2\/posts"}],"about":[{"href":"https:\/\/hierostrasbourg.com\/index.php\/wp-json\/wp\/v2\/types\/post"}],"replies":[{"embeddable":true,"href":"https:\/\/hierostrasbourg.com\/index.php\/wp-json\/wp\/v2\/comments?post=910"}],"version-history":[{"count":0,"href":"https:\/\/hierostrasbourg.com\/index.php\/wp-json\/wp\/v2\/posts\/910\/revisions"}],"wp:attachment":[{"href":"https:\/\/hierostrasbourg.com\/index.php\/wp-json\/wp\/v2\/media?parent=910"}],"wp:term":[{"taxonomy":"category","embeddable":true,"href":"https:\/\/hierostrasbourg.com\/index.php\/wp-json\/wp\/v2\/categories?post=910"},{"taxonomy":"post_tag","embeddable":true,"href":"https:\/\/hierostrasbourg.com\/index.php\/wp-json\/wp\/v2\/tags?post=910"}],"curies":[{"name":"wp","href":"https:\/\/api.w.org\/{rel}","templated":true}]}}