{"id":887,"date":"2021-07-26T23:20:00","date_gmt":"2021-07-26T21:20:00","guid":{"rendered":"https:\/\/hierostrasbourg.com\/index.php\/2021\/07\/26\/le-theatre-de-la-coupole-saint-louis-68-recrute-un-charge-de-communication-f-h\/"},"modified":"2021-07-26T23:20:00","modified_gmt":"2021-07-26T21:20:00","slug":"le-theatre-de-la-coupole-saint-louis-68-recrute-un-charge-de-communication-f-h","status":"publish","type":"post","link":"https:\/\/hierostrasbourg.com\/index.php\/2021\/07\/26\/le-theatre-de-la-coupole-saint-louis-68-recrute-un-charge-de-communication-f-h\/","title":{"rendered":"LE TH\u00c9\u00c2TRE DE LA COUPOLE [Saint Louis \u2013 68] recrute un charg\u00e9 de communication [F\/H]"},"content":{"rendered":"<p>Le Th\u00e9\u00e2tre La Coupole est situ\u00e9 \u00e0 proximit\u00e9 des fronti\u00e8res allemandes et suisses, avec une salle de th\u00e9\u00e2tre \u00e0 l\u2019italienne de 500 places, et une salle annexe de 170 places, ayant pour mission de diffuser une programmation pluridisciplinaire d\u2019une trentaine de spectacles par an de renomm\u00e9e nationale et internationale ainsi que d\u2019accueillir des manifestations r\u00e9gionales.<\/p>\n<h2>Missions<\/h2>\n<p>Sous l\u2019autorit\u00e9 de la directrice artistique, le la charg\u00e9(e) de la communication d\u00e9finira le plan de communication et mettra en \u0153uvre les actions de communication afin de d\u00e9velopper la visibilit\u00e9 et le rayonnement du th\u00e9\u00e2tre La Coupole.<\/p>\n<p>D\u00e9finition, mise en place du plan de communication global (print et digital) et suivi du budget.<\/p>\n<h3>Communication papier \/ print<\/h3>\n<p>\u00a0R\u00e9alisation et suivi de la cha\u00eene graphique : plaquette, affiches, tracts, encarts publicitaires, programmes de salle\u2026<br \/>\nR\u00e9flexion sur la cr\u00e9ation de supports innovants<br \/>\nGestion et suivi des relations avec les prestataires (graphiste, imprimeurs\u2026)<br \/>\nD\u00e9finition et organisation de la diffusion des supports de communication<br \/>\nR\u00e9daction de tous les supports print<\/p>\n<h3>Communication num\u00e9rique<\/h3>\n<p>Gestion\/actualisation du site internet et mise en place et suivi de la refonte du site<br \/>\nR\u00e9daction et envois des newsletters, emailings<br \/>\nCr\u00e9ation et diffusion de contenus num\u00e9riques graphiques et audiovisuels<br \/>\nGestion et animation des r\u00e9seaux sociaux (facebook, instagram\u2026)<\/p>\n<h3>Relations presse<\/h3>\n<p>Relations avec la presse, suivi des relations avec les journalistes, r\u00e9daction des communiqu\u00e9s de presse, organisation des conf\u00e9rences de presse, d\u00e9veloppement de partenariats presse<br \/>\nGestion et mise \u00e0 jour du fichier presse<\/p>\n<h3>Missions compl\u00e9mentaires<\/h3>\n<p>R\u00e9daction des dossiers p\u00e9dagogiques pour les scolaires<br \/>\nAccueil des visites du th\u00e9\u00e2tre<br \/>\nSuivi des r\u00e9sidences, de l\u2019accueil des \u00e9quipes artistiques<br \/>\nAssistance ponctuelle de la charg\u00e9e de billetterie en son absence<br \/>\nAccueil du public les soirs et jours de repr\u00e9sentations<\/p>\n<p>Contrat \u00e0 temps plein (Convention Collective des Entreprises Artistiques et Culturelles).<\/p>\n<h2>Profil recherch\u00e9<\/h2>\n<p>BAC +3.<br \/>\nTr\u00e8s bon sens de l\u2019organisation et du sens du travail d\u2019\u00e9quipe.<br \/>\nTr\u00e8s bonnes capacit\u00e9s r\u00e9dactionnelles et aisance \u00e0 l\u2019oral.<br \/>\nMa\u00eetrise informatique : logiciels bureautiques courants, logiciels de cr\u00e9ation graphique et audiovisuelle (Indesign, Photoshop, Illustrator, Premiere\u2026), outils web. Comp\u00e9tences artistiques et cr\u00e9atrices autour de l\u2019image (conception graphique, vid\u00e9o et photo). Ma\u00eetrise et exp\u00e9rience des r\u00e9seaux sociaux<br \/>\nR\u00e9activit\u00e9, force de proposition et autonomie<br \/>\nConnaissance du milieu culturel. Exp\u00e9rience dans un poste similaire souhait\u00e9e<br \/>\nDisponibilit\u00e9 en soir\u00e9e et le week-end<br \/>\nAnglais et allemand appr\u00e9ci\u00e9<\/p>\n<h2>Exp\u00e9rience recherch\u00e9e<\/h2>\n<p>Au moins 3 ans d\u2019exp\u00e9rience professionnelle.<\/p>\n<p>Date de prise de fonction : Imm\u00e9diatement<br \/>\nDate limite de candidature : 26\/08\/2021<br \/>\nR\u00e9mun\u00e9ration selon exp\u00e9rience + 13\u00e8me mois<\/p>\n<p>SEML LA COUPOLE<br \/>\n6 Crois\u00e9e des Lys<br \/>\n68300 SAINT-LOUIS<\/p>\n<p><a href=\"https:\/\/www.lacoupole.fr\/accueil\">www.lacoupole.fr<\/a><\/p>\n<p>L\u2019article <a href=\"https:\/\/popburo.fr\/le-theatre-de-la-coupole-saint-louis-68-recrute-un-charge-de-communication-f-h\/\">LE TH\u00c9\u00c2TRE DE LA COUPOLE [Saint Louis \u2013 68] recrute un charg\u00e9 de communication [F\/H]<\/a> est apparu en premier sur <a href=\"https:\/\/popburo.fr\/\">POP B\u00dcRO<\/a>.<\/p>\n","protected":false},"excerpt":{"rendered":"<p>Le Th\u00e9\u00e2tre La Coupole est situ\u00e9 \u00e0 proximit\u00e9 des fronti\u00e8res allemandes et suisses, avec une salle de th\u00e9\u00e2tre \u00e0 l\u2019italienne de 500 places, et une salle annexe de 170 places, ayant pour mission de diffuser une programmation pluridisciplinaire d\u2019une trentaine de spectacles par an de renomm\u00e9e nationale et internationale ainsi que d\u2019accueillir des manifestations r\u00e9gionales. Missions Sous l\u2019autorit\u00e9 de la directrice artistique, le la charg\u00e9(e) de la communication d\u00e9finira le plan de communication et mettra en \u0153uvre les actions de [&hellip;]<\/p>\n","protected":false},"author":0,"featured_media":0,"comment_status":"closed","ping_status":"open","sticky":false,"template":"","format":"standard","meta":{"footnotes":""},"categories":[1],"tags":[],"class_list":["post-887","post","type-post","status-publish","format-standard","hentry","category-non-classe"],"yoast_head":"<!-- This site is optimized with the Yoast SEO plugin v27.5 - https:\/\/yoast.com\/product\/yoast-seo-wordpress\/ -->\n<title>LE TH\u00c9\u00c2TRE DE LA COUPOLE [Saint Louis \u2013 68] recrute un charg\u00e9 de communication [F\/H] - HIERO STRASBOURG<\/title>\n<meta name=\"robots\" content=\"index, follow, max-snippet:-1, max-image-preview:large, max-video-preview:-1\" \/>\n<link rel=\"canonical\" href=\"https:\/\/hierostrasbourg.com\/index.php\/2021\/07\/26\/le-theatre-de-la-coupole-saint-louis-68-recrute-un-charge-de-communication-f-h\/\" \/>\n<meta property=\"og:locale\" content=\"fr_FR\" \/>\n<meta property=\"og:type\" content=\"article\" \/>\n<meta property=\"og:title\" content=\"LE TH\u00c9\u00c2TRE DE LA COUPOLE [Saint Louis \u2013 68] recrute un charg\u00e9 de communication [F\/H] - HIERO STRASBOURG\" \/>\n<meta property=\"og:description\" content=\"Le Th\u00e9\u00e2tre La Coupole est situ\u00e9 \u00e0 proximit\u00e9 des fronti\u00e8res allemandes et suisses, avec une salle de th\u00e9\u00e2tre \u00e0 l\u2019italienne de 500 places, et une salle annexe de 170 places, ayant pour mission de diffuser une programmation pluridisciplinaire d\u2019une trentaine de spectacles par an de renomm\u00e9e nationale et internationale ainsi que d\u2019accueillir des manifestations r\u00e9gionales. Missions Sous l\u2019autorit\u00e9 de la directrice artistique, le la charg\u00e9(e) de la communication d\u00e9finira le plan de communication et mettra en \u0153uvre les actions de [&hellip;]\" \/>\n<meta property=\"og:url\" content=\"https:\/\/hierostrasbourg.com\/index.php\/2021\/07\/26\/le-theatre-de-la-coupole-saint-louis-68-recrute-un-charge-de-communication-f-h\/\" \/>\n<meta property=\"og:site_name\" content=\"HIERO STRASBOURG\" \/>\n<meta property=\"article:publisher\" content=\"https:\/\/www.facebook.com\/fedehierostrasbourg\" \/>\n<meta property=\"article:published_time\" content=\"2021-07-26T21:20:00+00:00\" \/>\n<meta name=\"twitter:card\" content=\"summary_large_image\" \/>\n<meta name=\"twitter:creator\" content=\"@hierostrasbourg\" \/>\n<meta name=\"twitter:site\" content=\"@hierostrasbourg\" \/>\n<meta name=\"twitter:label1\" content=\"Dur\u00e9e de lecture estim\u00e9e\" \/>\n\t<meta name=\"twitter:data1\" content=\"2 minutes\" \/>\n<script type=\"application\/ld+json\" class=\"yoast-schema-graph\">{\"@context\":\"https:\\\/\\\/schema.org\",\"@graph\":[{\"@type\":\"Article\",\"@id\":\"https:\\\/\\\/hierostrasbourg.com\\\/index.php\\\/2021\\\/07\\\/26\\\/le-theatre-de-la-coupole-saint-louis-68-recrute-un-charge-de-communication-f-h\\\/#article\",\"isPartOf\":{\"@id\":\"https:\\\/\\\/hierostrasbourg.com\\\/index.php\\\/2021\\\/07\\\/26\\\/le-theatre-de-la-coupole-saint-louis-68-recrute-un-charge-de-communication-f-h\\\/\"},\"author\":{\"name\":\"\",\"@id\":\"\"},\"headline\":\"LE TH\u00c9\u00c2TRE DE LA COUPOLE [Saint Louis \u2013 68] recrute un charg\u00e9 de communication [F\\\/H]\",\"datePublished\":\"2021-07-26T21:20:00+00:00\",\"mainEntityOfPage\":{\"@id\":\"https:\\\/\\\/hierostrasbourg.com\\\/index.php\\\/2021\\\/07\\\/26\\\/le-theatre-de-la-coupole-saint-louis-68-recrute-un-charge-de-communication-f-h\\\/\"},\"wordCount\":502,\"publisher\":{\"@id\":\"https:\\\/\\\/hierostrasbourg.com\\\/#organization\"},\"inLanguage\":\"fr-FR\"},{\"@type\":\"WebPage\",\"@id\":\"https:\\\/\\\/hierostrasbourg.com\\\/index.php\\\/2021\\\/07\\\/26\\\/le-theatre-de-la-coupole-saint-louis-68-recrute-un-charge-de-communication-f-h\\\/\",\"url\":\"https:\\\/\\\/hierostrasbourg.com\\\/index.php\\\/2021\\\/07\\\/26\\\/le-theatre-de-la-coupole-saint-louis-68-recrute-un-charge-de-communication-f-h\\\/\",\"name\":\"LE TH\u00c9\u00c2TRE DE LA COUPOLE [Saint Louis \u2013 68] recrute un charg\u00e9 de communication [F\\\/H] - HIERO STRASBOURG\",\"isPartOf\":{\"@id\":\"https:\\\/\\\/hierostrasbourg.com\\\/#website\"},\"datePublished\":\"2021-07-26T21:20:00+00:00\",\"breadcrumb\":{\"@id\":\"https:\\\/\\\/hierostrasbourg.com\\\/index.php\\\/2021\\\/07\\\/26\\\/le-theatre-de-la-coupole-saint-louis-68-recrute-un-charge-de-communication-f-h\\\/#breadcrumb\"},\"inLanguage\":\"fr-FR\",\"potentialAction\":[{\"@type\":\"ReadAction\",\"target\":[\"https:\\\/\\\/hierostrasbourg.com\\\/index.php\\\/2021\\\/07\\\/26\\\/le-theatre-de-la-coupole-saint-louis-68-recrute-un-charge-de-communication-f-h\\\/\"]}]},{\"@type\":\"BreadcrumbList\",\"@id\":\"https:\\\/\\\/hierostrasbourg.com\\\/index.php\\\/2021\\\/07\\\/26\\\/le-theatre-de-la-coupole-saint-louis-68-recrute-un-charge-de-communication-f-h\\\/#breadcrumb\",\"itemListElement\":[{\"@type\":\"ListItem\",\"position\":1,\"name\":\"Accueil\",\"item\":\"https:\\\/\\\/hierostrasbourg.com\\\/\"},{\"@type\":\"ListItem\",\"position\":2,\"name\":\"LE TH\u00c9\u00c2TRE DE LA COUPOLE [Saint Louis \u2013 68] recrute un charg\u00e9 de communication [F\\\/H]\"}]},{\"@type\":\"WebSite\",\"@id\":\"https:\\\/\\\/hierostrasbourg.com\\\/#website\",\"url\":\"https:\\\/\\\/hierostrasbourg.com\\\/\",\"name\":\"HIERO STRASBOURG\",\"description\":\"Centre de Ressources Musiques Actuelles\",\"publisher\":{\"@id\":\"https:\\\/\\\/hierostrasbourg.com\\\/#organization\"},\"potentialAction\":[{\"@type\":\"SearchAction\",\"target\":{\"@type\":\"EntryPoint\",\"urlTemplate\":\"https:\\\/\\\/hierostrasbourg.com\\\/?s={search_term_string}\"},\"query-input\":{\"@type\":\"PropertyValueSpecification\",\"valueRequired\":true,\"valueName\":\"search_term_string\"}}],\"inLanguage\":\"fr-FR\"},{\"@type\":\"Organization\",\"@id\":\"https:\\\/\\\/hierostrasbourg.com\\\/#organization\",\"name\":\"F\u00e9d\u00e9ration Hi\u00e9ro Strasbourg\",\"url\":\"https:\\\/\\\/hierostrasbourg.com\\\/\",\"logo\":{\"@type\":\"ImageObject\",\"inLanguage\":\"fr-FR\",\"@id\":\"https:\\\/\\\/hierostrasbourg.com\\\/#\\\/schema\\\/logo\\\/image\\\/\",\"url\":\"https:\\\/\\\/hierostrasbourg.com\\\/wp-content\\\/uploads\\\/2026\\\/04\\\/logo-hiero-strasbourg.jpg\",\"contentUrl\":\"https:\\\/\\\/hierostrasbourg.com\\\/wp-content\\\/uploads\\\/2026\\\/04\\\/logo-hiero-strasbourg.jpg\",\"width\":204,\"height\":192,\"caption\":\"F\u00e9d\u00e9ration Hi\u00e9ro Strasbourg\"},\"image\":{\"@id\":\"https:\\\/\\\/hierostrasbourg.com\\\/#\\\/schema\\\/logo\\\/image\\\/\"},\"sameAs\":[\"https:\\\/\\\/www.facebook.com\\\/fedehierostrasbourg\",\"https:\\\/\\\/x.com\\\/hierostrasbourg\"]}]}<\/script>\n<!-- \/ Yoast SEO plugin. -->","yoast_head_json":{"title":"LE TH\u00c9\u00c2TRE DE LA COUPOLE [Saint Louis \u2013 68] recrute un charg\u00e9 de communication [F\/H] - HIERO STRASBOURG","robots":{"index":"index","follow":"follow","max-snippet":"max-snippet:-1","max-image-preview":"max-image-preview:large","max-video-preview":"max-video-preview:-1"},"canonical":"https:\/\/hierostrasbourg.com\/index.php\/2021\/07\/26\/le-theatre-de-la-coupole-saint-louis-68-recrute-un-charge-de-communication-f-h\/","og_locale":"fr_FR","og_type":"article","og_title":"LE TH\u00c9\u00c2TRE DE LA COUPOLE [Saint Louis \u2013 68] recrute un charg\u00e9 de communication [F\/H] - HIERO STRASBOURG","og_description":"Le Th\u00e9\u00e2tre La Coupole est situ\u00e9 \u00e0 proximit\u00e9 des fronti\u00e8res allemandes et suisses, avec une salle de th\u00e9\u00e2tre \u00e0 l\u2019italienne de 500 places, et une salle annexe de 170 places, ayant pour mission de diffuser une programmation pluridisciplinaire d\u2019une trentaine de spectacles par an de renomm\u00e9e nationale et internationale ainsi que d\u2019accueillir des manifestations r\u00e9gionales. Missions Sous l\u2019autorit\u00e9 de la directrice artistique, le la charg\u00e9(e) de la communication d\u00e9finira le plan de communication et mettra en \u0153uvre les actions de [&hellip;]","og_url":"https:\/\/hierostrasbourg.com\/index.php\/2021\/07\/26\/le-theatre-de-la-coupole-saint-louis-68-recrute-un-charge-de-communication-f-h\/","og_site_name":"HIERO STRASBOURG","article_publisher":"https:\/\/www.facebook.com\/fedehierostrasbourg","article_published_time":"2021-07-26T21:20:00+00:00","twitter_card":"summary_large_image","twitter_creator":"@hierostrasbourg","twitter_site":"@hierostrasbourg","twitter_misc":{"Dur\u00e9e de lecture estim\u00e9e":"2 minutes"},"schema":{"@context":"https:\/\/schema.org","@graph":[{"@type":"Article","@id":"https:\/\/hierostrasbourg.com\/index.php\/2021\/07\/26\/le-theatre-de-la-coupole-saint-louis-68-recrute-un-charge-de-communication-f-h\/#article","isPartOf":{"@id":"https:\/\/hierostrasbourg.com\/index.php\/2021\/07\/26\/le-theatre-de-la-coupole-saint-louis-68-recrute-un-charge-de-communication-f-h\/"},"author":{"name":"","@id":""},"headline":"LE TH\u00c9\u00c2TRE DE LA COUPOLE [Saint Louis \u2013 68] recrute un charg\u00e9 de communication [F\/H]","datePublished":"2021-07-26T21:20:00+00:00","mainEntityOfPage":{"@id":"https:\/\/hierostrasbourg.com\/index.php\/2021\/07\/26\/le-theatre-de-la-coupole-saint-louis-68-recrute-un-charge-de-communication-f-h\/"},"wordCount":502,"publisher":{"@id":"https:\/\/hierostrasbourg.com\/#organization"},"inLanguage":"fr-FR"},{"@type":"WebPage","@id":"https:\/\/hierostrasbourg.com\/index.php\/2021\/07\/26\/le-theatre-de-la-coupole-saint-louis-68-recrute-un-charge-de-communication-f-h\/","url":"https:\/\/hierostrasbourg.com\/index.php\/2021\/07\/26\/le-theatre-de-la-coupole-saint-louis-68-recrute-un-charge-de-communication-f-h\/","name":"LE TH\u00c9\u00c2TRE DE LA COUPOLE [Saint Louis \u2013 68] recrute un charg\u00e9 de communication [F\/H] - HIERO STRASBOURG","isPartOf":{"@id":"https:\/\/hierostrasbourg.com\/#website"},"datePublished":"2021-07-26T21:20:00+00:00","breadcrumb":{"@id":"https:\/\/hierostrasbourg.com\/index.php\/2021\/07\/26\/le-theatre-de-la-coupole-saint-louis-68-recrute-un-charge-de-communication-f-h\/#breadcrumb"},"inLanguage":"fr-FR","potentialAction":[{"@type":"ReadAction","target":["https:\/\/hierostrasbourg.com\/index.php\/2021\/07\/26\/le-theatre-de-la-coupole-saint-louis-68-recrute-un-charge-de-communication-f-h\/"]}]},{"@type":"BreadcrumbList","@id":"https:\/\/hierostrasbourg.com\/index.php\/2021\/07\/26\/le-theatre-de-la-coupole-saint-louis-68-recrute-un-charge-de-communication-f-h\/#breadcrumb","itemListElement":[{"@type":"ListItem","position":1,"name":"Accueil","item":"https:\/\/hierostrasbourg.com\/"},{"@type":"ListItem","position":2,"name":"LE TH\u00c9\u00c2TRE DE LA COUPOLE [Saint Louis \u2013 68] recrute un charg\u00e9 de communication [F\/H]"}]},{"@type":"WebSite","@id":"https:\/\/hierostrasbourg.com\/#website","url":"https:\/\/hierostrasbourg.com\/","name":"HIERO STRASBOURG","description":"Centre de Ressources Musiques Actuelles","publisher":{"@id":"https:\/\/hierostrasbourg.com\/#organization"},"potentialAction":[{"@type":"SearchAction","target":{"@type":"EntryPoint","urlTemplate":"https:\/\/hierostrasbourg.com\/?s={search_term_string}"},"query-input":{"@type":"PropertyValueSpecification","valueRequired":true,"valueName":"search_term_string"}}],"inLanguage":"fr-FR"},{"@type":"Organization","@id":"https:\/\/hierostrasbourg.com\/#organization","name":"F\u00e9d\u00e9ration Hi\u00e9ro Strasbourg","url":"https:\/\/hierostrasbourg.com\/","logo":{"@type":"ImageObject","inLanguage":"fr-FR","@id":"https:\/\/hierostrasbourg.com\/#\/schema\/logo\/image\/","url":"https:\/\/hierostrasbourg.com\/wp-content\/uploads\/2026\/04\/logo-hiero-strasbourg.jpg","contentUrl":"https:\/\/hierostrasbourg.com\/wp-content\/uploads\/2026\/04\/logo-hiero-strasbourg.jpg","width":204,"height":192,"caption":"F\u00e9d\u00e9ration Hi\u00e9ro Strasbourg"},"image":{"@id":"https:\/\/hierostrasbourg.com\/#\/schema\/logo\/image\/"},"sameAs":["https:\/\/www.facebook.com\/fedehierostrasbourg","https:\/\/x.com\/hierostrasbourg"]}]}},"_links":{"self":[{"href":"https:\/\/hierostrasbourg.com\/index.php\/wp-json\/wp\/v2\/posts\/887","targetHints":{"allow":["GET"]}}],"collection":[{"href":"https:\/\/hierostrasbourg.com\/index.php\/wp-json\/wp\/v2\/posts"}],"about":[{"href":"https:\/\/hierostrasbourg.com\/index.php\/wp-json\/wp\/v2\/types\/post"}],"replies":[{"embeddable":true,"href":"https:\/\/hierostrasbourg.com\/index.php\/wp-json\/wp\/v2\/comments?post=887"}],"version-history":[{"count":0,"href":"https:\/\/hierostrasbourg.com\/index.php\/wp-json\/wp\/v2\/posts\/887\/revisions"}],"wp:attachment":[{"href":"https:\/\/hierostrasbourg.com\/index.php\/wp-json\/wp\/v2\/media?parent=887"}],"wp:term":[{"taxonomy":"category","embeddable":true,"href":"https:\/\/hierostrasbourg.com\/index.php\/wp-json\/wp\/v2\/categories?post=887"},{"taxonomy":"post_tag","embeddable":true,"href":"https:\/\/hierostrasbourg.com\/index.php\/wp-json\/wp\/v2\/tags?post=887"}],"curies":[{"name":"wp","href":"https:\/\/api.w.org\/{rel}","templated":true}]}}