{"id":873,"date":"2021-07-23T18:18:36","date_gmt":"2021-07-23T16:18:36","guid":{"rendered":"https:\/\/hierostrasbourg.com\/index.php\/2021\/07\/23\/mondes-nouveaux-appel-a-manifestation-dinteret-a-lattention-des-artistes-et-createurs\/"},"modified":"2021-07-23T18:18:36","modified_gmt":"2021-07-23T16:18:36","slug":"mondes-nouveaux-appel-a-manifestation-dinteret-a-lattention-des-artistes-et-createurs","status":"publish","type":"post","link":"https:\/\/hierostrasbourg.com\/index.php\/2021\/07\/23\/mondes-nouveaux-appel-a-manifestation-dinteret-a-lattention-des-artistes-et-createurs\/","title":{"rendered":"\u201cMondes nouveaux\u201d : appel \u00e0 manifestation d\u2019int\u00e9r\u00eat \u00e0 l\u2019attention des artistes et cr\u00e9ateurs"},"content":{"rendered":"<p>Dans le cadre du Plan\u00a0de Relance, le Gouvernement a souhait\u00e9 consacrer 30 millions d\u2019euros \u00e0 un programme de soutien \u00e0 la conception et \u00e0 la r\u00e9alisation de projets artistiques, qui portera une attention particuli\u00e8re aux jeunes cr\u00e9ateurs.<br \/>\nCet appel \u00e0 manifestation d\u2019int\u00e9r\u00eat a donc pour objet de permettre aux artistes et cr\u00e9ateurs de participer \u00e0 ce programme et de soumettre une id\u00e9e de cr\u00e9ation qui pourrait \u00eatre r\u00e9alis\u00e9e dans ce cadre.<\/p>\n<p>Ce programme consiste exclusivement en des cr\u00e9ations originales.<\/p>\n<p>Afin que ces cr\u00e9ations puissent dialoguer avec des espaces embl\u00e9matiques, les cr\u00e9ateurs qui le souhaiteront pourront proposer des projets en r\u00e9sonance avec un ou des sites du patrimoine architectural, historique et naturel relevant du Centre des monuments nationaux (CMN) ou du Conservatoire du Littoral (CdL).<\/p>\n<p>La liste des monuments et des sites susceptibles d\u2019inspirer ou d\u2019accueillir des projets est ainsi jointe au pr\u00e9sent appel. Elle est indicative et n\u2019emp\u00eache pas les artistes qui le souhaitent de pr\u00e9senter des projets ne se rattachant \u00e0 aucun des lieux propos\u00e9s en annexe, voire susceptibles de se r\u00e9aliser dans des lieux r\u00e9els autres ou utopiques dont ils d\u00e9finiront alors les contours.<\/p>\n<p>Le texte \u00ab Mondes nouveaux \u00bb ci-dessous et annex\u00e9 au pr\u00e9sent appel a \u00e9t\u00e9 r\u00e9dig\u00e9 par le comit\u00e9 artistique, constitu\u00e9 sp\u00e9cifiquement pour ce programme et qui sera charg\u00e9 :<\/p>\n<p>dans un premier temps, de proc\u00e9der \u00e0 la s\u00e9lection des dossiers ;<br \/>\ndans un second temps, de les accompagner dans la pr\u00e9figuration et \u00e9ventuellement la r\u00e9alisation de leurs projets.<\/p>\n<h2>Phase de candidature : s\u00e9lection des artistes ou collectifs d\u2019artistes<\/h2>\n<p>Le pr\u00e9sent appel se donne pour objectif, \u00e0 l\u2019issue de la premi\u00e8re phase, de s\u00e9lectionner des artistes ou collectifs d\u2019artistes, fran\u00e7ais ou r\u00e9sidents en France, dans les disciplines suivantes : arts visuels, musique, spectacle vivant, \u00e9critures, design et arts appliqu\u00e9s.<\/p>\n<p>La s\u00e9lection tiendra compte de la pertinence des projets et de l\u2019\u00e9quilibre entre les diff\u00e9rentes disciplines. Elle s\u2019exercera sur l\u2019ensemble du territoire.<\/p>\n<p>Pour \u00eatre s\u00e9lectionn\u00e9s dans le cadre du pr\u00e9sent appel, les artistes ou collectifs d\u2019artistes sont invit\u00e9s \u00e0 d\u00e9poser leur candidature en format num\u00e9rique, via le formulaire disponible sur le site internet du minist\u00e8re de la Culture \u00e0 compter du 28 juin et jusqu\u2019au 22 ao\u00fbt 2021.<\/p>\n<p><a href=\"https:\/\/www.demarches-simplifiees.fr\/commencer\/appel_mondes-nouveaux\"><strong>D\u00c9POSER LES DOSSIERS \u00c0 PARTIR DU 28 JUIN <\/strong><\/a><\/p>\n<p>Leur candidature devra \u00eatre compos\u00e9e imp\u00e9rativement de deux documents :<\/p>\n<p>Le premier r\u00e9capitulant leur formation et\/ou leur parcours artistique et ne pouvant d\u00e9passer 3.000 signes typographiques ;<br \/>\nL\u2019autre r\u00e9sumant le projet qu\u2019ils souhaitent r\u00e9aliser, sous forme de note d\u2019intention libre qui ne pourra exc\u00e9der 6.000 signes typographiques, en pr\u00e9cisant le cas \u00e9ch\u00e9ant le monument ou site dans le(s)quel(s) ils souhaitent pr\u00e9senter leur cr\u00e9ation.<br \/>\nLa candidature pourra \u00eatre accompagn\u00e9e de toute pi\u00e8ce compl\u00e9mentaire susceptible d\u2019\u00e9clairer le projet.<\/p>\n<h2>Phase de pr\u00e9figuration<\/h2>\n<p>A l\u2019issue de la phase de s\u00e9lection du pr\u00e9sent appel, les artistes et collectifs d\u2019artistes retenus par le comit\u00e9 artistique seront invit\u00e9s \u00e0 participer \u00e0 une phase prospective de d\u00e9veloppement du projet propos\u00e9, afin de d\u00e9terminer sa faisabilit\u00e9 et ses possibilit\u00e9s de r\u00e9alisation.<\/p>\n<p>Ils recevront \u00e0 cet effet une bourse d\u2019\u00e9tude forfaitaire pouvant aller jusqu\u2019\u00e0 10.000 euros net par projet. Ils pourront \u00eatre accompagn\u00e9s dans cette phase par les membres du comit\u00e9 artistique.<\/p>\n<p>Les artistes ou collectifs d\u2019artistes s\u00e9lectionn\u00e9s qui souhaitent proposer des projets dans des sites g\u00e9r\u00e9s par le Centre des monuments nationaux ou le Conservatoire du Littoral devront travailler avec ces \u00e9tablissements pour \u00e9tudier les conditions possibles de cr\u00e9ation, de pr\u00e9sentation ou repr\u00e9sentation de leur projet dans le ou les sites envisag\u00e9s et en lien, au cas par cas, avec les collectivit\u00e9s territoriales concern\u00e9es.<\/p>\n<p>Ils proposeront \u00e0 l\u2019issue de cette p\u00e9riode, d\u2019une dur\u00e9e maximale de 3 mois, les documents d\u00e9taill\u00e9s permettant le chiffrage du co\u00fbt de r\u00e9alisation ou de mise en production de leur projet.<\/p>\n<p>A l\u2019issue de cette phase de pr\u00e9figuration, sera arr\u00eat\u00e9e la liste d\u00e9finitive des projets susceptibles d\u2019aboutir \u00e0 une production, pr\u00e9sentation et\/ou repr\u00e9sentation.<\/p>\n<h2>Phase de production \/ pr\u00e9sentation \/ repr\u00e9sentation<\/h2>\n<p>Cette phase doit permettre le passage \u00e0 la r\u00e9alisation d\u2019une \u0153uvre et sa pr\u00e9sentation au public ; celle-ci pourra \u00eatre \u00e9ph\u00e9m\u00e8re ou plus p\u00e9renne, r\u00e9elle ou virtuelle.<\/p>\n<p>A l\u2019issue, les cr\u00e9ateurs d\u00e9tiendront la propri\u00e9t\u00e9 intellectuelle int\u00e9grale des \u0153uvres cr\u00e9\u00e9es, et pourront en disposer librement. Les \u00e9tablissements publics et l\u2019Etat pourront, le cas \u00e9ch\u00e9ant, se porter acqu\u00e9reur de certaines cr\u00e9ations.<\/p>\n<h2>Documentation, valorisation et transmission<\/h2>\n<p>Il est pr\u00e9vu que le pr\u00e9sent appel fasse l\u2019objet d\u2019un compte rendu r\u00e9gulier de son avancement, ce qui permettra aussi de documenter chacune de ses phases et d\u2019en garder la m\u00e9moire.<\/p>\n<p>Le mat\u00e9riel mis en valeur, puis collect\u00e9 comprendra notamment les projets d\u00e9pos\u00e9s dans le cadre du pr\u00e9sent appel, les documents produits pendant la phase de pr\u00e9figuration avec le comit\u00e9 artistique, dont l\u2019Etat partagera le droit d\u2019usage avec les artistes ou collectifs d\u2019artistes, dans le respect de leur droit moral et de leur propri\u00e9t\u00e9 intellectuelle. Ce mat\u00e9riel a vocation \u00e0 \u00eatre enrichi par tout moyen de valorisation et de communication disponible : sites internet, r\u00e9seaux sociaux, films, s\u00e9ries documentaires, captations, journaux et t\u00e9moignages d\u2019artistes, publications de tous ordre, reportage etc.<\/p>\n<p>Source \/ Lire la suite : <a href=\"https:\/\/www.culture.gouv.fr\/Aides-demarches\/Appels-a-projets\/Tous-les-appels-a-projets-France-Relance\/Mondes-nouveaux-appel-a-manifestation-d-interet-a-l-attention-des-artistes-et-createurs\">\u201cMondes nouveaux\u201d : appel \u00e0 manifestation d\u2019int\u00e9r\u00eat \u00e0 l\u2019attention des artistes et cr\u00e9ateurs<\/a><\/p>\n<p>L\u2019article <a href=\"https:\/\/popburo.fr\/mondes-nouveaux-appel-a-manifestation-dinteret-a-lattention-des-artistes-et-createurs\/\">\u201cMondes nouveaux\u201d : appel \u00e0 manifestation d\u2019int\u00e9r\u00eat \u00e0 l\u2019attention des artistes et cr\u00e9ateurs<\/a> est apparu en premier sur <a href=\"https:\/\/popburo.fr\/\">POP B\u00dcRO<\/a>.<\/p>\n","protected":false},"excerpt":{"rendered":"<p>Dans le cadre du Plan\u00a0de Relance, le Gouvernement a souhait\u00e9 consacrer 30 millions d\u2019euros \u00e0 un programme de soutien \u00e0 la conception et \u00e0 la r\u00e9alisation de projets artistiques, qui portera une attention particuli\u00e8re aux jeunes cr\u00e9ateurs. Cet appel \u00e0 manifestation d\u2019int\u00e9r\u00eat a donc pour objet de permettre aux artistes et cr\u00e9ateurs de participer \u00e0 ce programme et de soumettre une id\u00e9e de cr\u00e9ation qui pourrait \u00eatre r\u00e9alis\u00e9e dans ce cadre. Ce programme consiste exclusivement en des cr\u00e9ations originales. Afin [&hellip;]<\/p>\n","protected":false},"author":0,"featured_media":0,"comment_status":"closed","ping_status":"open","sticky":false,"template":"","format":"standard","meta":{"footnotes":""},"categories":[1],"tags":[],"class_list":["post-873","post","type-post","status-publish","format-standard","hentry","category-non-classe"],"yoast_head":"<!-- This site is optimized with the Yoast SEO plugin v27.5 - https:\/\/yoast.com\/product\/yoast-seo-wordpress\/ -->\n<title>\u201cMondes nouveaux\u201d : appel \u00e0 manifestation d\u2019int\u00e9r\u00eat \u00e0 l\u2019attention des artistes et cr\u00e9ateurs - HIERO STRASBOURG<\/title>\n<meta name=\"robots\" content=\"index, follow, max-snippet:-1, max-image-preview:large, max-video-preview:-1\" \/>\n<link rel=\"canonical\" href=\"https:\/\/hierostrasbourg.com\/index.php\/2021\/07\/23\/mondes-nouveaux-appel-a-manifestation-dinteret-a-lattention-des-artistes-et-createurs\/\" \/>\n<meta property=\"og:locale\" content=\"fr_FR\" \/>\n<meta property=\"og:type\" content=\"article\" \/>\n<meta property=\"og:title\" content=\"\u201cMondes nouveaux\u201d : appel \u00e0 manifestation d\u2019int\u00e9r\u00eat \u00e0 l\u2019attention des artistes et cr\u00e9ateurs - HIERO STRASBOURG\" \/>\n<meta property=\"og:description\" content=\"Dans le cadre du Plan\u00a0de Relance, le Gouvernement a souhait\u00e9 consacrer 30 millions d\u2019euros \u00e0 un programme de soutien \u00e0 la conception et \u00e0 la r\u00e9alisation de projets artistiques, qui portera une attention particuli\u00e8re aux jeunes cr\u00e9ateurs. Cet appel \u00e0 manifestation d\u2019int\u00e9r\u00eat a donc pour objet de permettre aux artistes et cr\u00e9ateurs de participer \u00e0 ce programme et de soumettre une id\u00e9e de cr\u00e9ation qui pourrait \u00eatre r\u00e9alis\u00e9e dans ce cadre. Ce programme consiste exclusivement en des cr\u00e9ations originales. Afin [&hellip;]\" \/>\n<meta property=\"og:url\" content=\"https:\/\/hierostrasbourg.com\/index.php\/2021\/07\/23\/mondes-nouveaux-appel-a-manifestation-dinteret-a-lattention-des-artistes-et-createurs\/\" \/>\n<meta property=\"og:site_name\" content=\"HIERO STRASBOURG\" \/>\n<meta property=\"article:publisher\" content=\"https:\/\/www.facebook.com\/fedehierostrasbourg\" \/>\n<meta property=\"article:published_time\" content=\"2021-07-23T16:18:36+00:00\" \/>\n<meta name=\"twitter:card\" content=\"summary_large_image\" \/>\n<meta name=\"twitter:creator\" content=\"@hierostrasbourg\" \/>\n<meta name=\"twitter:site\" content=\"@hierostrasbourg\" \/>\n<meta name=\"twitter:label1\" content=\"Dur\u00e9e de lecture estim\u00e9e\" \/>\n\t<meta name=\"twitter:data1\" content=\"5 minutes\" \/>\n<script type=\"application\/ld+json\" class=\"yoast-schema-graph\">{\"@context\":\"https:\\\/\\\/schema.org\",\"@graph\":[{\"@type\":\"Article\",\"@id\":\"https:\\\/\\\/hierostrasbourg.com\\\/index.php\\\/2021\\\/07\\\/23\\\/mondes-nouveaux-appel-a-manifestation-dinteret-a-lattention-des-artistes-et-createurs\\\/#article\",\"isPartOf\":{\"@id\":\"https:\\\/\\\/hierostrasbourg.com\\\/index.php\\\/2021\\\/07\\\/23\\\/mondes-nouveaux-appel-a-manifestation-dinteret-a-lattention-des-artistes-et-createurs\\\/\"},\"author\":{\"name\":\"\",\"@id\":\"\"},\"headline\":\"\u201cMondes nouveaux\u201d : appel \u00e0 manifestation d\u2019int\u00e9r\u00eat \u00e0 l\u2019attention des artistes et cr\u00e9ateurs\",\"datePublished\":\"2021-07-23T16:18:36+00:00\",\"mainEntityOfPage\":{\"@id\":\"https:\\\/\\\/hierostrasbourg.com\\\/index.php\\\/2021\\\/07\\\/23\\\/mondes-nouveaux-appel-a-manifestation-dinteret-a-lattention-des-artistes-et-createurs\\\/\"},\"wordCount\":1011,\"publisher\":{\"@id\":\"https:\\\/\\\/hierostrasbourg.com\\\/#organization\"},\"inLanguage\":\"fr-FR\"},{\"@type\":\"WebPage\",\"@id\":\"https:\\\/\\\/hierostrasbourg.com\\\/index.php\\\/2021\\\/07\\\/23\\\/mondes-nouveaux-appel-a-manifestation-dinteret-a-lattention-des-artistes-et-createurs\\\/\",\"url\":\"https:\\\/\\\/hierostrasbourg.com\\\/index.php\\\/2021\\\/07\\\/23\\\/mondes-nouveaux-appel-a-manifestation-dinteret-a-lattention-des-artistes-et-createurs\\\/\",\"name\":\"\u201cMondes nouveaux\u201d : appel \u00e0 manifestation d\u2019int\u00e9r\u00eat \u00e0 l\u2019attention des artistes et cr\u00e9ateurs - HIERO STRASBOURG\",\"isPartOf\":{\"@id\":\"https:\\\/\\\/hierostrasbourg.com\\\/#website\"},\"datePublished\":\"2021-07-23T16:18:36+00:00\",\"breadcrumb\":{\"@id\":\"https:\\\/\\\/hierostrasbourg.com\\\/index.php\\\/2021\\\/07\\\/23\\\/mondes-nouveaux-appel-a-manifestation-dinteret-a-lattention-des-artistes-et-createurs\\\/#breadcrumb\"},\"inLanguage\":\"fr-FR\",\"potentialAction\":[{\"@type\":\"ReadAction\",\"target\":[\"https:\\\/\\\/hierostrasbourg.com\\\/index.php\\\/2021\\\/07\\\/23\\\/mondes-nouveaux-appel-a-manifestation-dinteret-a-lattention-des-artistes-et-createurs\\\/\"]}]},{\"@type\":\"BreadcrumbList\",\"@id\":\"https:\\\/\\\/hierostrasbourg.com\\\/index.php\\\/2021\\\/07\\\/23\\\/mondes-nouveaux-appel-a-manifestation-dinteret-a-lattention-des-artistes-et-createurs\\\/#breadcrumb\",\"itemListElement\":[{\"@type\":\"ListItem\",\"position\":1,\"name\":\"Accueil\",\"item\":\"https:\\\/\\\/hierostrasbourg.com\\\/\"},{\"@type\":\"ListItem\",\"position\":2,\"name\":\"\u201cMondes nouveaux\u201d : appel \u00e0 manifestation d\u2019int\u00e9r\u00eat \u00e0 l\u2019attention des artistes et cr\u00e9ateurs\"}]},{\"@type\":\"WebSite\",\"@id\":\"https:\\\/\\\/hierostrasbourg.com\\\/#website\",\"url\":\"https:\\\/\\\/hierostrasbourg.com\\\/\",\"name\":\"HIERO STRASBOURG\",\"description\":\"Centre de Ressources Musiques Actuelles\",\"publisher\":{\"@id\":\"https:\\\/\\\/hierostrasbourg.com\\\/#organization\"},\"potentialAction\":[{\"@type\":\"SearchAction\",\"target\":{\"@type\":\"EntryPoint\",\"urlTemplate\":\"https:\\\/\\\/hierostrasbourg.com\\\/?s={search_term_string}\"},\"query-input\":{\"@type\":\"PropertyValueSpecification\",\"valueRequired\":true,\"valueName\":\"search_term_string\"}}],\"inLanguage\":\"fr-FR\"},{\"@type\":\"Organization\",\"@id\":\"https:\\\/\\\/hierostrasbourg.com\\\/#organization\",\"name\":\"F\u00e9d\u00e9ration Hi\u00e9ro Strasbourg\",\"url\":\"https:\\\/\\\/hierostrasbourg.com\\\/\",\"logo\":{\"@type\":\"ImageObject\",\"inLanguage\":\"fr-FR\",\"@id\":\"https:\\\/\\\/hierostrasbourg.com\\\/#\\\/schema\\\/logo\\\/image\\\/\",\"url\":\"https:\\\/\\\/hierostrasbourg.com\\\/wp-content\\\/uploads\\\/2026\\\/04\\\/logo-hiero-strasbourg.jpg\",\"contentUrl\":\"https:\\\/\\\/hierostrasbourg.com\\\/wp-content\\\/uploads\\\/2026\\\/04\\\/logo-hiero-strasbourg.jpg\",\"width\":204,\"height\":192,\"caption\":\"F\u00e9d\u00e9ration Hi\u00e9ro Strasbourg\"},\"image\":{\"@id\":\"https:\\\/\\\/hierostrasbourg.com\\\/#\\\/schema\\\/logo\\\/image\\\/\"},\"sameAs\":[\"https:\\\/\\\/www.facebook.com\\\/fedehierostrasbourg\",\"https:\\\/\\\/x.com\\\/hierostrasbourg\"]}]}<\/script>\n<!-- \/ Yoast SEO plugin. -->","yoast_head_json":{"title":"\u201cMondes nouveaux\u201d : appel \u00e0 manifestation d\u2019int\u00e9r\u00eat \u00e0 l\u2019attention des artistes et cr\u00e9ateurs - HIERO STRASBOURG","robots":{"index":"index","follow":"follow","max-snippet":"max-snippet:-1","max-image-preview":"max-image-preview:large","max-video-preview":"max-video-preview:-1"},"canonical":"https:\/\/hierostrasbourg.com\/index.php\/2021\/07\/23\/mondes-nouveaux-appel-a-manifestation-dinteret-a-lattention-des-artistes-et-createurs\/","og_locale":"fr_FR","og_type":"article","og_title":"\u201cMondes nouveaux\u201d : appel \u00e0 manifestation d\u2019int\u00e9r\u00eat \u00e0 l\u2019attention des artistes et cr\u00e9ateurs - HIERO STRASBOURG","og_description":"Dans le cadre du Plan\u00a0de Relance, le Gouvernement a souhait\u00e9 consacrer 30 millions d\u2019euros \u00e0 un programme de soutien \u00e0 la conception et \u00e0 la r\u00e9alisation de projets artistiques, qui portera une attention particuli\u00e8re aux jeunes cr\u00e9ateurs. Cet appel \u00e0 manifestation d\u2019int\u00e9r\u00eat a donc pour objet de permettre aux artistes et cr\u00e9ateurs de participer \u00e0 ce programme et de soumettre une id\u00e9e de cr\u00e9ation qui pourrait \u00eatre r\u00e9alis\u00e9e dans ce cadre. Ce programme consiste exclusivement en des cr\u00e9ations originales. Afin [&hellip;]","og_url":"https:\/\/hierostrasbourg.com\/index.php\/2021\/07\/23\/mondes-nouveaux-appel-a-manifestation-dinteret-a-lattention-des-artistes-et-createurs\/","og_site_name":"HIERO STRASBOURG","article_publisher":"https:\/\/www.facebook.com\/fedehierostrasbourg","article_published_time":"2021-07-23T16:18:36+00:00","twitter_card":"summary_large_image","twitter_creator":"@hierostrasbourg","twitter_site":"@hierostrasbourg","twitter_misc":{"Dur\u00e9e de lecture estim\u00e9e":"5 minutes"},"schema":{"@context":"https:\/\/schema.org","@graph":[{"@type":"Article","@id":"https:\/\/hierostrasbourg.com\/index.php\/2021\/07\/23\/mondes-nouveaux-appel-a-manifestation-dinteret-a-lattention-des-artistes-et-createurs\/#article","isPartOf":{"@id":"https:\/\/hierostrasbourg.com\/index.php\/2021\/07\/23\/mondes-nouveaux-appel-a-manifestation-dinteret-a-lattention-des-artistes-et-createurs\/"},"author":{"name":"","@id":""},"headline":"\u201cMondes nouveaux\u201d : appel \u00e0 manifestation d\u2019int\u00e9r\u00eat \u00e0 l\u2019attention des artistes et cr\u00e9ateurs","datePublished":"2021-07-23T16:18:36+00:00","mainEntityOfPage":{"@id":"https:\/\/hierostrasbourg.com\/index.php\/2021\/07\/23\/mondes-nouveaux-appel-a-manifestation-dinteret-a-lattention-des-artistes-et-createurs\/"},"wordCount":1011,"publisher":{"@id":"https:\/\/hierostrasbourg.com\/#organization"},"inLanguage":"fr-FR"},{"@type":"WebPage","@id":"https:\/\/hierostrasbourg.com\/index.php\/2021\/07\/23\/mondes-nouveaux-appel-a-manifestation-dinteret-a-lattention-des-artistes-et-createurs\/","url":"https:\/\/hierostrasbourg.com\/index.php\/2021\/07\/23\/mondes-nouveaux-appel-a-manifestation-dinteret-a-lattention-des-artistes-et-createurs\/","name":"\u201cMondes nouveaux\u201d : appel \u00e0 manifestation d\u2019int\u00e9r\u00eat \u00e0 l\u2019attention des artistes et cr\u00e9ateurs - HIERO STRASBOURG","isPartOf":{"@id":"https:\/\/hierostrasbourg.com\/#website"},"datePublished":"2021-07-23T16:18:36+00:00","breadcrumb":{"@id":"https:\/\/hierostrasbourg.com\/index.php\/2021\/07\/23\/mondes-nouveaux-appel-a-manifestation-dinteret-a-lattention-des-artistes-et-createurs\/#breadcrumb"},"inLanguage":"fr-FR","potentialAction":[{"@type":"ReadAction","target":["https:\/\/hierostrasbourg.com\/index.php\/2021\/07\/23\/mondes-nouveaux-appel-a-manifestation-dinteret-a-lattention-des-artistes-et-createurs\/"]}]},{"@type":"BreadcrumbList","@id":"https:\/\/hierostrasbourg.com\/index.php\/2021\/07\/23\/mondes-nouveaux-appel-a-manifestation-dinteret-a-lattention-des-artistes-et-createurs\/#breadcrumb","itemListElement":[{"@type":"ListItem","position":1,"name":"Accueil","item":"https:\/\/hierostrasbourg.com\/"},{"@type":"ListItem","position":2,"name":"\u201cMondes nouveaux\u201d : appel \u00e0 manifestation d\u2019int\u00e9r\u00eat \u00e0 l\u2019attention des artistes et cr\u00e9ateurs"}]},{"@type":"WebSite","@id":"https:\/\/hierostrasbourg.com\/#website","url":"https:\/\/hierostrasbourg.com\/","name":"HIERO STRASBOURG","description":"Centre de Ressources Musiques Actuelles","publisher":{"@id":"https:\/\/hierostrasbourg.com\/#organization"},"potentialAction":[{"@type":"SearchAction","target":{"@type":"EntryPoint","urlTemplate":"https:\/\/hierostrasbourg.com\/?s={search_term_string}"},"query-input":{"@type":"PropertyValueSpecification","valueRequired":true,"valueName":"search_term_string"}}],"inLanguage":"fr-FR"},{"@type":"Organization","@id":"https:\/\/hierostrasbourg.com\/#organization","name":"F\u00e9d\u00e9ration Hi\u00e9ro Strasbourg","url":"https:\/\/hierostrasbourg.com\/","logo":{"@type":"ImageObject","inLanguage":"fr-FR","@id":"https:\/\/hierostrasbourg.com\/#\/schema\/logo\/image\/","url":"https:\/\/hierostrasbourg.com\/wp-content\/uploads\/2026\/04\/logo-hiero-strasbourg.jpg","contentUrl":"https:\/\/hierostrasbourg.com\/wp-content\/uploads\/2026\/04\/logo-hiero-strasbourg.jpg","width":204,"height":192,"caption":"F\u00e9d\u00e9ration Hi\u00e9ro Strasbourg"},"image":{"@id":"https:\/\/hierostrasbourg.com\/#\/schema\/logo\/image\/"},"sameAs":["https:\/\/www.facebook.com\/fedehierostrasbourg","https:\/\/x.com\/hierostrasbourg"]}]}},"_links":{"self":[{"href":"https:\/\/hierostrasbourg.com\/index.php\/wp-json\/wp\/v2\/posts\/873","targetHints":{"allow":["GET"]}}],"collection":[{"href":"https:\/\/hierostrasbourg.com\/index.php\/wp-json\/wp\/v2\/posts"}],"about":[{"href":"https:\/\/hierostrasbourg.com\/index.php\/wp-json\/wp\/v2\/types\/post"}],"replies":[{"embeddable":true,"href":"https:\/\/hierostrasbourg.com\/index.php\/wp-json\/wp\/v2\/comments?post=873"}],"version-history":[{"count":0,"href":"https:\/\/hierostrasbourg.com\/index.php\/wp-json\/wp\/v2\/posts\/873\/revisions"}],"wp:attachment":[{"href":"https:\/\/hierostrasbourg.com\/index.php\/wp-json\/wp\/v2\/media?parent=873"}],"wp:term":[{"taxonomy":"category","embeddable":true,"href":"https:\/\/hierostrasbourg.com\/index.php\/wp-json\/wp\/v2\/categories?post=873"},{"taxonomy":"post_tag","embeddable":true,"href":"https:\/\/hierostrasbourg.com\/index.php\/wp-json\/wp\/v2\/tags?post=873"}],"curies":[{"name":"wp","href":"https:\/\/api.w.org\/{rel}","templated":true}]}}