{"id":851,"date":"2021-07-16T20:20:13","date_gmt":"2021-07-16T18:20:13","guid":{"rendered":"https:\/\/hierostrasbourg.com\/index.php\/2021\/07\/16\/fonds-durgence-specifique-de-solidarite-pour-les-artistes-et-les-techniciens-du-spectacle-fussat\/"},"modified":"2021-07-16T20:20:13","modified_gmt":"2021-07-16T18:20:13","slug":"fonds-durgence-specifique-de-solidarite-pour-les-artistes-et-les-techniciens-du-spectacle-fussat","status":"publish","type":"post","link":"https:\/\/hierostrasbourg.com\/index.php\/2021\/07\/16\/fonds-durgence-specifique-de-solidarite-pour-les-artistes-et-les-techniciens-du-spectacle-fussat\/","title":{"rendered":"fonds d\u2019urgence sp\u00e9cifique de solidarit\u00e9 pour les artistes et les techniciens du spectacle (FUSSAT)"},"content":{"rendered":"<p><span>communiqu\u00e9\u00a0<\/span><\/p>\n<p>En compl\u00e9ment de l\u2019ann\u00e9e blanche, le minist\u00e8re de la Culture renouvelle et augmente le fonds d\u2019urgence sp\u00e9cifique de solidarit\u00e9 pour les artistes et les techniciens du spectacle (FUSSAT) en partenariat avec AUDIENS<\/p>\n<p>Le 16 septembre 2020, le minist\u00e8re de la Culture avait mis en place en urgence un fonds sp\u00e9cifique et temporaire de solidarit\u00e9, dit FUSSAT, jusqu\u2019au 31 d\u00e9cembre 2020, \u00e0 destination des artistes et techniciens du spectacle qui n\u2019\u00e9taient pas \u00e9ligibles aux dispositifs am\u00e9nag\u00e9s jusqu\u2019alors dans le contexte de la crise sanitaire.<\/p>\n<p>Ce fonds a \u00e9t\u00e9 cr\u00e9\u00e9 en compl\u00e9ment de l\u2019ann\u00e9e blanche, qui prot\u00e8ge, depuis le 1er mars 2020, les 120\u00a0000 intermittents du spectacle et de l\u2019audiovisuel \u00e9ligibles \u00e0 une indemnisation au titre des annexes 8 et 10 de l\u2019assurance ch\u00f4mage.<\/p>\n<p>La crise ayant perdur\u00e9, pour continuer d\u2019apporter une aide \u00e0 ces artistes et techniciens du spectacle, le minist\u00e8re de la Culture a d\u00e9cid\u00e9 de reconduire le dispositif mis en place en 2020 en l\u2019augmentant de 10\u00a0M\u20ac pour le porter \u00e0 17\u00a0M\u20ac.<\/p>\n<p>Il donne toujours acc\u00e8s \u00e0 quatre aides sociales diff\u00e9rentes selon le type de situation, d\u2019un montant forfaitaire unique de 1\u00a0500 euros, sous r\u00e9serve de ne percevoir aucune allocation d\u2019assurance ch\u00f4mage (r\u00e9gime g\u00e9n\u00e9ral et sp\u00e9cifique des annexes 8 et 10) et \u00e0 une cinqui\u00e8me aide d\u2019un montant forfaitaire de 150 euros par cachet. Les conditions d\u2019attribution de ces aides ont \u00e9t\u00e9 revues pour certaines, ainsi que les p\u00e9riodicit\u00e9s dans lesquelles elles s\u2019inscrivent.<\/p>\n<p>Le nouveau dispositif se d\u00e9cline de la mani\u00e8re suivante\u00a0:<\/p>\n<h3>Aide forfaitaire unique de 1 500 euros, sous conditions, pour :<\/h3>\n<p>Les professionnels en cours de constitution de droit au r\u00e9gime des intermittents n\u2019ayant jamais eu de droit ouvert pr\u00e9c\u00e9demment, ou ayant d\u00e9j\u00e0 eu un droit ouvert dans le pass\u00e9, qui ont r\u00e9alis\u00e9 entre 250\u00a0heures et 506 heures entre le 1er juin 2020 et le 31 mai 2021\u00a0;<br \/>\nLes intermittents arriv\u00e9s en fin de droits de l\u2019allocation de retour \u00e0 l\u2019emploi (ARE) au titre des annexes 8 ou 10 entre le 1er d\u00e9cembre 2019 et le 29 f\u00e9vrier 2020 ;<br \/>\nLes artistes qui se produisent au titre d\u2019une activit\u00e9 artistique, en majorit\u00e9 \u00e0 l\u2019\u00e9tranger sous des contrats de travail locaux, dans le cas o\u00f9 3 de leurs dates ont \u00e9t\u00e9 annul\u00e9es entre le 1er novembre 2020 et le 31\u00a0mai 2021 en raison de la crise sanitaire\u00a0;<br \/>\nLes intermittents dont les droits n\u2019ont pas repris faute de contrat post cong\u00e9 maternit\u00e9 (indemnis\u00e9 ou non par l\u2019Assurance maladie), cong\u00e9 d\u2019adoption ou arr\u00eat maladie d\u2019une dur\u00e9e \u00e9gale ou sup\u00e9rieure \u00e0 30 jours cons\u00e9cutifs, entre le 1er novembre 2020 et le 31 mai 2021.<\/p>\n<h3>Aide forfaitaire unique de 150 euros par date annul\u00e9e, sous conditions, pour :<\/h3>\n<p>Les intermittents employ\u00e9s par des particuliers employeurs, lesquels ne sont pas \u00e9ligibles au dispositif d\u2019activit\u00e9 partielle. Le b\u00e9n\u00e9fice de l\u2019aide est attribu\u00e9 par date annul\u00e9e en raison de la Covid-19 dans la p\u00e9riode allant du 1er novembre 2020 au 31 mai 2021. Seuls dix cachets pourront \u00eatre compens\u00e9s pour les intermittents qui b\u00e9n\u00e9ficiaient, \u00e0 la date de ces cachets, d\u2019allocations d\u2019assurance ch\u00f4mage du r\u00e9gime des intermittents. En revanche, tous les cachets des professionnels qui ne b\u00e9n\u00e9ficiaient pas de droits ouverts \u00e0 la date de ces cachets pourront \u00eatre compens\u00e9s.<\/p>\n<p>A noter que les b\u00e9n\u00e9ficiaires ayant per\u00e7u l\u2019une des quatre premi\u00e8res aides du dispositif en 2020 peuvent \u00e0 nouveau en b\u00e9n\u00e9ficier automatiquement, \u00e0 la seule condition qu\u2019ils ne per\u00e7oivent toujours aucune allocation d\u2019assurance ch\u00f4mage de P\u00f4le emploi, que ce soit au titre du r\u00e9gime g\u00e9n\u00e9ral ou du r\u00e9gime sp\u00e9cifique des intermittents.<\/p>\n<p>Les aides 1 \u00e0 4 ne sont pas cumulables entre elles, mais le sont \u00e0 l\u2019inverse avec l\u2019aide n\u00b05.<\/p>\n<p>AUDIENS, partenaire social de r\u00e9f\u00e9rence des m\u00e9tiers de la culture et de la cr\u00e9ation, et gestionnaire du volet professionnel et social du Fonds de professionnalisation et de solidarit\u00e9 pour les artistes et techniciens du spectacle, assurera la gestion de ce fonds temporaire dot\u00e9 au total de 15 millions d\u2019euros financ\u00e9s par le minist\u00e8re de la Culture.<\/p>\n<p>Les demandes d\u2019aides pourront \u00eatre d\u00e9pos\u00e9es d\u00e8s le 13 juillet prochain, et au plus tard le 31 ao\u00fbt 2021, et trait\u00e9es uniquement sous condition de compl\u00e9tude, sur la plateforme qui ouvrira \u00e0 cette m\u00eame date, accessible en cliquant sur le lien suivant :\u00a0<a href=\"http:\/\/www.fussat-audiens.org\/\">www.fussat-audiens.org<\/a><\/p>\n<p>L\u2019article <a href=\"https:\/\/popburo.fr\/fonds-durgence-specifique-de-solidarite-pour-les-artistes-et-les-techniciens-du-spectacle-fussat\/\">fonds d\u2019urgence sp\u00e9cifique de solidarit\u00e9 pour les artistes et les techniciens du spectacle (FUSSAT)<\/a> est apparu en premier sur <a href=\"https:\/\/popburo.fr\/\">POP B\u00dcRO<\/a>.<\/p>\n","protected":false},"excerpt":{"rendered":"<p>communiqu\u00e9\u00a0 En compl\u00e9ment de l\u2019ann\u00e9e blanche, le minist\u00e8re de la Culture renouvelle et augmente le fonds d\u2019urgence sp\u00e9cifique de solidarit\u00e9 pour les artistes et les techniciens du spectacle (FUSSAT) en partenariat avec AUDIENS Le 16 septembre 2020, le minist\u00e8re de la Culture avait mis en place en urgence un fonds sp\u00e9cifique et temporaire de solidarit\u00e9, dit FUSSAT, jusqu\u2019au 31 d\u00e9cembre 2020, \u00e0 destination des artistes et techniciens du spectacle qui n\u2019\u00e9taient pas \u00e9ligibles aux dispositifs am\u00e9nag\u00e9s jusqu\u2019alors dans le contexte [&hellip;]<\/p>\n","protected":false},"author":0,"featured_media":0,"comment_status":"closed","ping_status":"open","sticky":false,"template":"","format":"standard","meta":{"footnotes":""},"categories":[1],"tags":[],"class_list":["post-851","post","type-post","status-publish","format-standard","hentry","category-non-classe"],"yoast_head":"<!-- This site is optimized with the Yoast SEO plugin v27.5 - https:\/\/yoast.com\/product\/yoast-seo-wordpress\/ -->\n<title>fonds d\u2019urgence sp\u00e9cifique de solidarit\u00e9 pour les artistes et les techniciens du spectacle (FUSSAT) - HIERO STRASBOURG<\/title>\n<meta name=\"robots\" content=\"index, follow, max-snippet:-1, max-image-preview:large, max-video-preview:-1\" \/>\n<link rel=\"canonical\" href=\"https:\/\/hierostrasbourg.com\/index.php\/2021\/07\/16\/fonds-durgence-specifique-de-solidarite-pour-les-artistes-et-les-techniciens-du-spectacle-fussat\/\" \/>\n<meta property=\"og:locale\" content=\"fr_FR\" \/>\n<meta property=\"og:type\" content=\"article\" \/>\n<meta property=\"og:title\" content=\"fonds d\u2019urgence sp\u00e9cifique de solidarit\u00e9 pour les artistes et les techniciens du spectacle (FUSSAT) - HIERO STRASBOURG\" \/>\n<meta property=\"og:description\" content=\"communiqu\u00e9\u00a0 En compl\u00e9ment de l\u2019ann\u00e9e blanche, le minist\u00e8re de la Culture renouvelle et augmente le fonds d\u2019urgence sp\u00e9cifique de solidarit\u00e9 pour les artistes et les techniciens du spectacle (FUSSAT) en partenariat avec AUDIENS Le 16 septembre 2020, le minist\u00e8re de la Culture avait mis en place en urgence un fonds sp\u00e9cifique et temporaire de solidarit\u00e9, dit FUSSAT, jusqu\u2019au 31 d\u00e9cembre 2020, \u00e0 destination des artistes et techniciens du spectacle qui n\u2019\u00e9taient pas \u00e9ligibles aux dispositifs am\u00e9nag\u00e9s jusqu\u2019alors dans le contexte [&hellip;]\" \/>\n<meta property=\"og:url\" content=\"https:\/\/hierostrasbourg.com\/index.php\/2021\/07\/16\/fonds-durgence-specifique-de-solidarite-pour-les-artistes-et-les-techniciens-du-spectacle-fussat\/\" \/>\n<meta property=\"og:site_name\" content=\"HIERO STRASBOURG\" \/>\n<meta property=\"article:publisher\" content=\"https:\/\/www.facebook.com\/fedehierostrasbourg\" \/>\n<meta property=\"article:published_time\" content=\"2021-07-16T18:20:13+00:00\" \/>\n<meta name=\"twitter:card\" content=\"summary_large_image\" \/>\n<meta name=\"twitter:creator\" content=\"@hierostrasbourg\" \/>\n<meta name=\"twitter:site\" content=\"@hierostrasbourg\" \/>\n<meta name=\"twitter:label1\" content=\"Dur\u00e9e de lecture estim\u00e9e\" \/>\n\t<meta name=\"twitter:data1\" content=\"4 minutes\" \/>\n<script type=\"application\/ld+json\" class=\"yoast-schema-graph\">{\"@context\":\"https:\\\/\\\/schema.org\",\"@graph\":[{\"@type\":\"Article\",\"@id\":\"https:\\\/\\\/hierostrasbourg.com\\\/index.php\\\/2021\\\/07\\\/16\\\/fonds-durgence-specifique-de-solidarite-pour-les-artistes-et-les-techniciens-du-spectacle-fussat\\\/#article\",\"isPartOf\":{\"@id\":\"https:\\\/\\\/hierostrasbourg.com\\\/index.php\\\/2021\\\/07\\\/16\\\/fonds-durgence-specifique-de-solidarite-pour-les-artistes-et-les-techniciens-du-spectacle-fussat\\\/\"},\"author\":{\"name\":\"\",\"@id\":\"\"},\"headline\":\"fonds d\u2019urgence sp\u00e9cifique de solidarit\u00e9 pour les artistes et les techniciens du spectacle (FUSSAT)\",\"datePublished\":\"2021-07-16T18:20:13+00:00\",\"mainEntityOfPage\":{\"@id\":\"https:\\\/\\\/hierostrasbourg.com\\\/index.php\\\/2021\\\/07\\\/16\\\/fonds-durgence-specifique-de-solidarite-pour-les-artistes-et-les-techniciens-du-spectacle-fussat\\\/\"},\"wordCount\":795,\"publisher\":{\"@id\":\"https:\\\/\\\/hierostrasbourg.com\\\/#organization\"},\"inLanguage\":\"fr-FR\"},{\"@type\":\"WebPage\",\"@id\":\"https:\\\/\\\/hierostrasbourg.com\\\/index.php\\\/2021\\\/07\\\/16\\\/fonds-durgence-specifique-de-solidarite-pour-les-artistes-et-les-techniciens-du-spectacle-fussat\\\/\",\"url\":\"https:\\\/\\\/hierostrasbourg.com\\\/index.php\\\/2021\\\/07\\\/16\\\/fonds-durgence-specifique-de-solidarite-pour-les-artistes-et-les-techniciens-du-spectacle-fussat\\\/\",\"name\":\"fonds d\u2019urgence sp\u00e9cifique de solidarit\u00e9 pour les artistes et les techniciens du spectacle (FUSSAT) - HIERO STRASBOURG\",\"isPartOf\":{\"@id\":\"https:\\\/\\\/hierostrasbourg.com\\\/#website\"},\"datePublished\":\"2021-07-16T18:20:13+00:00\",\"breadcrumb\":{\"@id\":\"https:\\\/\\\/hierostrasbourg.com\\\/index.php\\\/2021\\\/07\\\/16\\\/fonds-durgence-specifique-de-solidarite-pour-les-artistes-et-les-techniciens-du-spectacle-fussat\\\/#breadcrumb\"},\"inLanguage\":\"fr-FR\",\"potentialAction\":[{\"@type\":\"ReadAction\",\"target\":[\"https:\\\/\\\/hierostrasbourg.com\\\/index.php\\\/2021\\\/07\\\/16\\\/fonds-durgence-specifique-de-solidarite-pour-les-artistes-et-les-techniciens-du-spectacle-fussat\\\/\"]}]},{\"@type\":\"BreadcrumbList\",\"@id\":\"https:\\\/\\\/hierostrasbourg.com\\\/index.php\\\/2021\\\/07\\\/16\\\/fonds-durgence-specifique-de-solidarite-pour-les-artistes-et-les-techniciens-du-spectacle-fussat\\\/#breadcrumb\",\"itemListElement\":[{\"@type\":\"ListItem\",\"position\":1,\"name\":\"Accueil\",\"item\":\"https:\\\/\\\/hierostrasbourg.com\\\/\"},{\"@type\":\"ListItem\",\"position\":2,\"name\":\"fonds d\u2019urgence sp\u00e9cifique de solidarit\u00e9 pour les artistes et les techniciens du spectacle (FUSSAT)\"}]},{\"@type\":\"WebSite\",\"@id\":\"https:\\\/\\\/hierostrasbourg.com\\\/#website\",\"url\":\"https:\\\/\\\/hierostrasbourg.com\\\/\",\"name\":\"HIERO STRASBOURG\",\"description\":\"Centre de Ressources Musiques Actuelles\",\"publisher\":{\"@id\":\"https:\\\/\\\/hierostrasbourg.com\\\/#organization\"},\"potentialAction\":[{\"@type\":\"SearchAction\",\"target\":{\"@type\":\"EntryPoint\",\"urlTemplate\":\"https:\\\/\\\/hierostrasbourg.com\\\/?s={search_term_string}\"},\"query-input\":{\"@type\":\"PropertyValueSpecification\",\"valueRequired\":true,\"valueName\":\"search_term_string\"}}],\"inLanguage\":\"fr-FR\"},{\"@type\":\"Organization\",\"@id\":\"https:\\\/\\\/hierostrasbourg.com\\\/#organization\",\"name\":\"F\u00e9d\u00e9ration Hi\u00e9ro Strasbourg\",\"url\":\"https:\\\/\\\/hierostrasbourg.com\\\/\",\"logo\":{\"@type\":\"ImageObject\",\"inLanguage\":\"fr-FR\",\"@id\":\"https:\\\/\\\/hierostrasbourg.com\\\/#\\\/schema\\\/logo\\\/image\\\/\",\"url\":\"https:\\\/\\\/hierostrasbourg.com\\\/wp-content\\\/uploads\\\/2026\\\/04\\\/logo-hiero-strasbourg.jpg\",\"contentUrl\":\"https:\\\/\\\/hierostrasbourg.com\\\/wp-content\\\/uploads\\\/2026\\\/04\\\/logo-hiero-strasbourg.jpg\",\"width\":204,\"height\":192,\"caption\":\"F\u00e9d\u00e9ration Hi\u00e9ro Strasbourg\"},\"image\":{\"@id\":\"https:\\\/\\\/hierostrasbourg.com\\\/#\\\/schema\\\/logo\\\/image\\\/\"},\"sameAs\":[\"https:\\\/\\\/www.facebook.com\\\/fedehierostrasbourg\",\"https:\\\/\\\/x.com\\\/hierostrasbourg\"]}]}<\/script>\n<!-- \/ Yoast SEO plugin. -->","yoast_head_json":{"title":"fonds d\u2019urgence sp\u00e9cifique de solidarit\u00e9 pour les artistes et les techniciens du spectacle (FUSSAT) - HIERO STRASBOURG","robots":{"index":"index","follow":"follow","max-snippet":"max-snippet:-1","max-image-preview":"max-image-preview:large","max-video-preview":"max-video-preview:-1"},"canonical":"https:\/\/hierostrasbourg.com\/index.php\/2021\/07\/16\/fonds-durgence-specifique-de-solidarite-pour-les-artistes-et-les-techniciens-du-spectacle-fussat\/","og_locale":"fr_FR","og_type":"article","og_title":"fonds d\u2019urgence sp\u00e9cifique de solidarit\u00e9 pour les artistes et les techniciens du spectacle (FUSSAT) - HIERO STRASBOURG","og_description":"communiqu\u00e9\u00a0 En compl\u00e9ment de l\u2019ann\u00e9e blanche, le minist\u00e8re de la Culture renouvelle et augmente le fonds d\u2019urgence sp\u00e9cifique de solidarit\u00e9 pour les artistes et les techniciens du spectacle (FUSSAT) en partenariat avec AUDIENS Le 16 septembre 2020, le minist\u00e8re de la Culture avait mis en place en urgence un fonds sp\u00e9cifique et temporaire de solidarit\u00e9, dit FUSSAT, jusqu\u2019au 31 d\u00e9cembre 2020, \u00e0 destination des artistes et techniciens du spectacle qui n\u2019\u00e9taient pas \u00e9ligibles aux dispositifs am\u00e9nag\u00e9s jusqu\u2019alors dans le contexte [&hellip;]","og_url":"https:\/\/hierostrasbourg.com\/index.php\/2021\/07\/16\/fonds-durgence-specifique-de-solidarite-pour-les-artistes-et-les-techniciens-du-spectacle-fussat\/","og_site_name":"HIERO STRASBOURG","article_publisher":"https:\/\/www.facebook.com\/fedehierostrasbourg","article_published_time":"2021-07-16T18:20:13+00:00","twitter_card":"summary_large_image","twitter_creator":"@hierostrasbourg","twitter_site":"@hierostrasbourg","twitter_misc":{"Dur\u00e9e de lecture estim\u00e9e":"4 minutes"},"schema":{"@context":"https:\/\/schema.org","@graph":[{"@type":"Article","@id":"https:\/\/hierostrasbourg.com\/index.php\/2021\/07\/16\/fonds-durgence-specifique-de-solidarite-pour-les-artistes-et-les-techniciens-du-spectacle-fussat\/#article","isPartOf":{"@id":"https:\/\/hierostrasbourg.com\/index.php\/2021\/07\/16\/fonds-durgence-specifique-de-solidarite-pour-les-artistes-et-les-techniciens-du-spectacle-fussat\/"},"author":{"name":"","@id":""},"headline":"fonds d\u2019urgence sp\u00e9cifique de solidarit\u00e9 pour les artistes et les techniciens du spectacle (FUSSAT)","datePublished":"2021-07-16T18:20:13+00:00","mainEntityOfPage":{"@id":"https:\/\/hierostrasbourg.com\/index.php\/2021\/07\/16\/fonds-durgence-specifique-de-solidarite-pour-les-artistes-et-les-techniciens-du-spectacle-fussat\/"},"wordCount":795,"publisher":{"@id":"https:\/\/hierostrasbourg.com\/#organization"},"inLanguage":"fr-FR"},{"@type":"WebPage","@id":"https:\/\/hierostrasbourg.com\/index.php\/2021\/07\/16\/fonds-durgence-specifique-de-solidarite-pour-les-artistes-et-les-techniciens-du-spectacle-fussat\/","url":"https:\/\/hierostrasbourg.com\/index.php\/2021\/07\/16\/fonds-durgence-specifique-de-solidarite-pour-les-artistes-et-les-techniciens-du-spectacle-fussat\/","name":"fonds d\u2019urgence sp\u00e9cifique de solidarit\u00e9 pour les artistes et les techniciens du spectacle (FUSSAT) - HIERO STRASBOURG","isPartOf":{"@id":"https:\/\/hierostrasbourg.com\/#website"},"datePublished":"2021-07-16T18:20:13+00:00","breadcrumb":{"@id":"https:\/\/hierostrasbourg.com\/index.php\/2021\/07\/16\/fonds-durgence-specifique-de-solidarite-pour-les-artistes-et-les-techniciens-du-spectacle-fussat\/#breadcrumb"},"inLanguage":"fr-FR","potentialAction":[{"@type":"ReadAction","target":["https:\/\/hierostrasbourg.com\/index.php\/2021\/07\/16\/fonds-durgence-specifique-de-solidarite-pour-les-artistes-et-les-techniciens-du-spectacle-fussat\/"]}]},{"@type":"BreadcrumbList","@id":"https:\/\/hierostrasbourg.com\/index.php\/2021\/07\/16\/fonds-durgence-specifique-de-solidarite-pour-les-artistes-et-les-techniciens-du-spectacle-fussat\/#breadcrumb","itemListElement":[{"@type":"ListItem","position":1,"name":"Accueil","item":"https:\/\/hierostrasbourg.com\/"},{"@type":"ListItem","position":2,"name":"fonds d\u2019urgence sp\u00e9cifique de solidarit\u00e9 pour les artistes et les techniciens du spectacle (FUSSAT)"}]},{"@type":"WebSite","@id":"https:\/\/hierostrasbourg.com\/#website","url":"https:\/\/hierostrasbourg.com\/","name":"HIERO STRASBOURG","description":"Centre de Ressources Musiques Actuelles","publisher":{"@id":"https:\/\/hierostrasbourg.com\/#organization"},"potentialAction":[{"@type":"SearchAction","target":{"@type":"EntryPoint","urlTemplate":"https:\/\/hierostrasbourg.com\/?s={search_term_string}"},"query-input":{"@type":"PropertyValueSpecification","valueRequired":true,"valueName":"search_term_string"}}],"inLanguage":"fr-FR"},{"@type":"Organization","@id":"https:\/\/hierostrasbourg.com\/#organization","name":"F\u00e9d\u00e9ration Hi\u00e9ro Strasbourg","url":"https:\/\/hierostrasbourg.com\/","logo":{"@type":"ImageObject","inLanguage":"fr-FR","@id":"https:\/\/hierostrasbourg.com\/#\/schema\/logo\/image\/","url":"https:\/\/hierostrasbourg.com\/wp-content\/uploads\/2026\/04\/logo-hiero-strasbourg.jpg","contentUrl":"https:\/\/hierostrasbourg.com\/wp-content\/uploads\/2026\/04\/logo-hiero-strasbourg.jpg","width":204,"height":192,"caption":"F\u00e9d\u00e9ration Hi\u00e9ro Strasbourg"},"image":{"@id":"https:\/\/hierostrasbourg.com\/#\/schema\/logo\/image\/"},"sameAs":["https:\/\/www.facebook.com\/fedehierostrasbourg","https:\/\/x.com\/hierostrasbourg"]}]}},"_links":{"self":[{"href":"https:\/\/hierostrasbourg.com\/index.php\/wp-json\/wp\/v2\/posts\/851","targetHints":{"allow":["GET"]}}],"collection":[{"href":"https:\/\/hierostrasbourg.com\/index.php\/wp-json\/wp\/v2\/posts"}],"about":[{"href":"https:\/\/hierostrasbourg.com\/index.php\/wp-json\/wp\/v2\/types\/post"}],"replies":[{"embeddable":true,"href":"https:\/\/hierostrasbourg.com\/index.php\/wp-json\/wp\/v2\/comments?post=851"}],"version-history":[{"count":0,"href":"https:\/\/hierostrasbourg.com\/index.php\/wp-json\/wp\/v2\/posts\/851\/revisions"}],"wp:attachment":[{"href":"https:\/\/hierostrasbourg.com\/index.php\/wp-json\/wp\/v2\/media?parent=851"}],"wp:term":[{"taxonomy":"category","embeddable":true,"href":"https:\/\/hierostrasbourg.com\/index.php\/wp-json\/wp\/v2\/categories?post=851"},{"taxonomy":"post_tag","embeddable":true,"href":"https:\/\/hierostrasbourg.com\/index.php\/wp-json\/wp\/v2\/tags?post=851"}],"curies":[{"name":"wp","href":"https:\/\/api.w.org\/{rel}","templated":true}]}}