{"id":841,"date":"2021-07-14T13:18:36","date_gmt":"2021-07-14T11:18:36","guid":{"rendered":"https:\/\/hierostrasbourg.com\/index.php\/2021\/07\/14\/impacts-socio-economiques-de-la-crise-sanitaire-sur-les-structures-culturelles-et-artistiques-en-2020\/"},"modified":"2021-07-14T13:18:36","modified_gmt":"2021-07-14T11:18:36","slug":"impacts-socio-economiques-de-la-crise-sanitaire-sur-les-structures-culturelles-et-artistiques-en-2020","status":"publish","type":"post","link":"https:\/\/hierostrasbourg.com\/index.php\/2021\/07\/14\/impacts-socio-economiques-de-la-crise-sanitaire-sur-les-structures-culturelles-et-artistiques-en-2020\/","title":{"rendered":"Impacts socio-\u00e9conomiques de la crise sanitaire sur les structures culturelles et artistiques en 2020"},"content":{"rendered":"<p><span>communiqu\u00e9<\/span><\/p>\n<p>Depuis plus d\u2019un an, l\u2019UFISC (Union F\u00e9d\u00e9rale d\u2019Intervention des Structures Culturelles), ses 18 organisations membres, Opale\/CRDLA Culture et plusieurs organisations, r\u00e9seaux, f\u00e9d\u00e9rations de dimensions r\u00e9gionales et nationales s\u2019associent et se mobilisent aupr\u00e8s des structures artistiques et culturelles et de l\u2019ensemble de nos concitoyen\u00b7ne\u00b7s pour faire face \u00e0 l\u2019impact de l\u2019\u00e9pid\u00e9mie de COVID-19. Ensemble, ils ont constitu\u00e9 un collectif solidaire, la Mobilisation et Coop\u00e9ration Arts et Culture (MCAC).<br \/>\nEn avril 2020, les membres de cette MCAC lan\u00e7aient une premi\u00e8re grande enqu\u00eate nationale ayant pour objectif d\u2019\u00e9valuer l\u2019impact de la crise sanitaire sur les acteur\u00b7rice\u00b7s artistiques et culturel\u00b7le\u00b7s et d\u2019identifier les mesures et accompagnements pour y faire face. Les r\u00e9sultats1 de ce travail ont permis de faire remonter de mani\u00e8re fine aux pouvoirs publics les probl\u00e9matiques rencontr\u00e9es par les acteur\u00b7rice\u00b7s, d\u2019\u00e9laborer des propositions concr\u00e8tes en termes de politiques publiques2 et d\u2019affiner les r\u00e9ponses collectives apport\u00e9es aux acteur\u00b7rice\u00b7s par le biais de mesures et d\u2019accompagnements collectifs et individuels personnalis\u00e9s et adapt\u00e9s3.<br \/>\nDans la continuit\u00e9 de ce premier travail, les membres de la MCAC ont d\u00e9cid\u00e9 de lancer en janvier 2021 une seconde enqu\u00eate nationale devant permettre de mesurer les effets de la crise sanitaire de la COVID-19 aupr\u00e8s de structures culturelles de toutes natures (membres ou non de l\u2019UFISC et des f\u00e9d\u00e9rations de la MCAC) en centrant les questionnements sur les aspects socio-\u00e9conomiques et financiers. Il s\u2019agissait pour eux\u00b7elles d\u2019approfondir, \u00e0 l\u2019aune de cette premi\u00e8re enqu\u00eate et d\u2019une ann\u00e9e de crise, leur connaissance commune des difficult\u00e9s et des probl\u00e9matiques rencontr\u00e9es par les structures culturelles.<\/p>\n<h2>Pr\u00e9cisions m\u00e9thodologiques<\/h2>\n<p>Environ 800 de ces structures ont r\u00e9pondu au questionnaire. Apr\u00e8s contr\u00f4le de la qualit\u00e9 des informations renseign\u00e9es, 601 questionnaires ont \u00e9t\u00e9 retenus comme \u00e9tant exploitables.<br \/>\nCet ensemble a fait l\u2019objet de deux traitements compl\u00e9mentaires mais distincts :<\/p>\n<p>d\u2019une part sur un ensemble majoritaire de 483 structures dit des \u00ab ACE \u00bb (associations culturelles employeuses) repr\u00e9sent\u00e9 par des structures ayant un statut d\u2019association loi 1901, montrant dans leur budget des frais de personnel sup\u00e9rieurs \u00e0 1 000 \u20ac en 2019, et un budget annuel inf\u00e9rieur \u00e0 6 000 000\u20ac, dont 474 ont \u00e9galement pr\u00e9cis\u00e9 les aides financi\u00e8res sp\u00e9cifiques qu\u2019elles ont per\u00e7ues pour faire face \u00e0 la crise.<br \/>\nd\u2019autre part sur les \u00ab Divers \u00bb (reste des r\u00e9pondants), un ensemble h\u00e9t\u00e9rog\u00e8ne de 118 structures plus faible en nombre, compos\u00e9 d\u2019entreprises, de collectivit\u00e9s, d\u2019associations non employeuses.<\/p>\n<p>L\u2019ensemble des \u00ab ACE \u00bb a \u00e9t\u00e9 compar\u00e9 \u00e0 celui de l\u2019enqu\u00eate sur les associations culturelles employeuses r\u00e9alis\u00e9e par Opale en 2020 sur les donn\u00e9es 20184, ce qui a permis d\u2019op\u00e9rer un redressement de l\u2019\u00e9chantillon et de proposer quelques ordres de grandeur \u00e0 l\u2019\u00e9chelle nationale. En revanche, l\u2019ensemble des \u00ab Divers \u00bb (soci\u00e9t\u00e9s commerciales, institutions) n\u2019a pas pu faire l\u2019objet de projections statistiques mais permettra d\u2019analyser quelques cas particuliers et de formuler \u00e0 partir d\u2019eux certaines observations et hypoth\u00e8ses que nous pr\u00e9sentons dans un encart en page 12 de ce document.<\/p>\n<p>Nous n\u2019avons pas toujours calcul\u00e9 la part d\u2019\u00e9volution de ressources et d\u00e9penses, qui ne nous semblait pas toujours \u00eatre l\u2019information la plus pertinente \u00e0 utiliser, mais avons calcul\u00e9 le plus souvent des baisses (ou augmentations) moyennes en euros, pour lesquelles nous avons calcul\u00e9 la part que celles-ci repr\u00e9sentaient sur le budget de r\u00e9f\u00e9rence 2019 (ann\u00e9e post crise sanitaire). Ce type de calcul nous a permis de rep\u00e9rer certaines \u00ab compensations \u00bb comme les aides sp\u00e9cifiques li\u00e9es \u00e0 la crise venues limiter la baisse globale de budget des structures<\/p>\n<\/p>\n<div class=\"ead-preview\">\n<div class=\"ead-document\">\n<div class=\"ead-iframe-wrapper\"><\/div>\n<div class=\"ead-document-loading\">\n<div class=\"ead-loading-wrap\">\n<div class=\"ead-loading-main\">\n<div class=\"ead-loading\">\n\t\t\t\t\t\t\t<span>En cours de chargement\u2026<\/span>\n\t\t\t\t\t\t<\/div>\n<\/p><\/div>\n<div class=\"ead-loading-foot\">\n<div class=\"ead-loading-foot-title\">\n\t\t\t\t\t\t\t<span>Cela prend trop de temps\u00a0?<\/span>\n\t\t\t\t\t\t<\/div>\n<\/p>\n<div class=\"ead-document-btn ead-reload-btn\">\n\t\t\t\t\t\t\t\t Recharger le document\t\t\t\t\t\t\t<\/div>\n<p>\t\t\t\t\t\t\t<span>|<\/span><br \/>\n\t\t\t\t\t\t\t<a href=\"https:\/\/musiquesactuelles.net\/wp-content\/uploads\/2020\/12\/2021-enquete-impactscovid-mcac.pdf\" class=\"ead-document-btn\"><br \/>\n\t\t\t\t\t\t\t\t Ouvrir dans un nouvel onglet\t\t\t\t\t\t\t<\/a>\n\t\t\t\t\t<\/div>\n<\/p><\/div>\n<\/p><\/div>\n<\/p><\/div>\n<p class=\"embed_download\"><a href=\"https:\/\/musiquesactuelles.net\/wp-content\/uploads\/2020\/12\/2021-enquete-impactscovid-mcac.pdf\">\ufeffT\u00e9l\u00e9charger [1.14 MB] <\/a><\/p>\n<\/div>\n<p>L\u2019article <a href=\"https:\/\/popburo.fr\/impacts-socio-economiques-de-la-crise-sanitaire-sur-les-structures-culturelles-et-artistiques-en-2020\/\">Impacts socio-\u00e9conomiques de la crise sanitaire sur les structures culturelles et artistiques en 2020<\/a> est apparu en premier sur <a href=\"https:\/\/popburo.fr\/\">POP B\u00dcRO<\/a>.<\/p>\n","protected":false},"excerpt":{"rendered":"<p>communiqu\u00e9 Depuis plus d\u2019un an, l\u2019UFISC (Union F\u00e9d\u00e9rale d\u2019Intervention des Structures Culturelles), ses 18 organisations membres, Opale\/CRDLA Culture et plusieurs organisations, r\u00e9seaux, f\u00e9d\u00e9rations de dimensions r\u00e9gionales et nationales s\u2019associent et se mobilisent aupr\u00e8s des structures artistiques et culturelles et de l\u2019ensemble de nos concitoyen\u00b7ne\u00b7s pour faire face \u00e0 l\u2019impact de l\u2019\u00e9pid\u00e9mie de COVID-19. Ensemble, ils ont constitu\u00e9 un collectif solidaire, la Mobilisation et Coop\u00e9ration Arts et Culture (MCAC). En avril 2020, les membres de cette MCAC lan\u00e7aient une premi\u00e8re grande [&hellip;]<\/p>\n","protected":false},"author":0,"featured_media":0,"comment_status":"closed","ping_status":"open","sticky":false,"template":"","format":"standard","meta":{"footnotes":""},"categories":[1],"tags":[],"class_list":["post-841","post","type-post","status-publish","format-standard","hentry","category-non-classe"],"yoast_head":"<!-- This site is optimized with the Yoast SEO plugin v27.5 - https:\/\/yoast.com\/product\/yoast-seo-wordpress\/ -->\n<title>Impacts socio-\u00e9conomiques de la crise sanitaire sur les structures culturelles et artistiques en 2020 - HIERO STRASBOURG<\/title>\n<meta name=\"robots\" content=\"index, follow, max-snippet:-1, max-image-preview:large, max-video-preview:-1\" \/>\n<link rel=\"canonical\" href=\"https:\/\/hierostrasbourg.com\/index.php\/2021\/07\/14\/impacts-socio-economiques-de-la-crise-sanitaire-sur-les-structures-culturelles-et-artistiques-en-2020\/\" \/>\n<meta property=\"og:locale\" content=\"fr_FR\" \/>\n<meta property=\"og:type\" content=\"article\" \/>\n<meta property=\"og:title\" content=\"Impacts socio-\u00e9conomiques de la crise sanitaire sur les structures culturelles et artistiques en 2020 - HIERO STRASBOURG\" \/>\n<meta property=\"og:description\" content=\"communiqu\u00e9 Depuis plus d\u2019un an, l\u2019UFISC (Union F\u00e9d\u00e9rale d\u2019Intervention des Structures Culturelles), ses 18 organisations membres, Opale\/CRDLA Culture et plusieurs organisations, r\u00e9seaux, f\u00e9d\u00e9rations de dimensions r\u00e9gionales et nationales s\u2019associent et se mobilisent aupr\u00e8s des structures artistiques et culturelles et de l\u2019ensemble de nos concitoyen\u00b7ne\u00b7s pour faire face \u00e0 l\u2019impact de l\u2019\u00e9pid\u00e9mie de COVID-19. Ensemble, ils ont constitu\u00e9 un collectif solidaire, la Mobilisation et Coop\u00e9ration Arts et Culture (MCAC). En avril 2020, les membres de cette MCAC lan\u00e7aient une premi\u00e8re grande [&hellip;]\" \/>\n<meta property=\"og:url\" content=\"https:\/\/hierostrasbourg.com\/index.php\/2021\/07\/14\/impacts-socio-economiques-de-la-crise-sanitaire-sur-les-structures-culturelles-et-artistiques-en-2020\/\" \/>\n<meta property=\"og:site_name\" content=\"HIERO STRASBOURG\" \/>\n<meta property=\"article:publisher\" content=\"https:\/\/www.facebook.com\/fedehierostrasbourg\" \/>\n<meta property=\"article:published_time\" content=\"2021-07-14T11:18:36+00:00\" \/>\n<meta name=\"twitter:card\" content=\"summary_large_image\" \/>\n<meta name=\"twitter:creator\" content=\"@hierostrasbourg\" \/>\n<meta name=\"twitter:site\" content=\"@hierostrasbourg\" \/>\n<meta name=\"twitter:label1\" content=\"Dur\u00e9e de lecture estim\u00e9e\" \/>\n\t<meta name=\"twitter:data1\" content=\"3 minutes\" \/>\n<script type=\"application\/ld+json\" class=\"yoast-schema-graph\">{\"@context\":\"https:\\\/\\\/schema.org\",\"@graph\":[{\"@type\":\"Article\",\"@id\":\"https:\\\/\\\/hierostrasbourg.com\\\/index.php\\\/2021\\\/07\\\/14\\\/impacts-socio-economiques-de-la-crise-sanitaire-sur-les-structures-culturelles-et-artistiques-en-2020\\\/#article\",\"isPartOf\":{\"@id\":\"https:\\\/\\\/hierostrasbourg.com\\\/index.php\\\/2021\\\/07\\\/14\\\/impacts-socio-economiques-de-la-crise-sanitaire-sur-les-structures-culturelles-et-artistiques-en-2020\\\/\"},\"author\":{\"name\":\"\",\"@id\":\"\"},\"headline\":\"Impacts socio-\u00e9conomiques de la crise sanitaire sur les structures culturelles et artistiques en 2020\",\"datePublished\":\"2021-07-14T11:18:36+00:00\",\"mainEntityOfPage\":{\"@id\":\"https:\\\/\\\/hierostrasbourg.com\\\/index.php\\\/2021\\\/07\\\/14\\\/impacts-socio-economiques-de-la-crise-sanitaire-sur-les-structures-culturelles-et-artistiques-en-2020\\\/\"},\"wordCount\":703,\"publisher\":{\"@id\":\"https:\\\/\\\/hierostrasbourg.com\\\/#organization\"},\"inLanguage\":\"fr-FR\"},{\"@type\":\"WebPage\",\"@id\":\"https:\\\/\\\/hierostrasbourg.com\\\/index.php\\\/2021\\\/07\\\/14\\\/impacts-socio-economiques-de-la-crise-sanitaire-sur-les-structures-culturelles-et-artistiques-en-2020\\\/\",\"url\":\"https:\\\/\\\/hierostrasbourg.com\\\/index.php\\\/2021\\\/07\\\/14\\\/impacts-socio-economiques-de-la-crise-sanitaire-sur-les-structures-culturelles-et-artistiques-en-2020\\\/\",\"name\":\"Impacts socio-\u00e9conomiques de la crise sanitaire sur les structures culturelles et artistiques en 2020 - HIERO STRASBOURG\",\"isPartOf\":{\"@id\":\"https:\\\/\\\/hierostrasbourg.com\\\/#website\"},\"datePublished\":\"2021-07-14T11:18:36+00:00\",\"breadcrumb\":{\"@id\":\"https:\\\/\\\/hierostrasbourg.com\\\/index.php\\\/2021\\\/07\\\/14\\\/impacts-socio-economiques-de-la-crise-sanitaire-sur-les-structures-culturelles-et-artistiques-en-2020\\\/#breadcrumb\"},\"inLanguage\":\"fr-FR\",\"potentialAction\":[{\"@type\":\"ReadAction\",\"target\":[\"https:\\\/\\\/hierostrasbourg.com\\\/index.php\\\/2021\\\/07\\\/14\\\/impacts-socio-economiques-de-la-crise-sanitaire-sur-les-structures-culturelles-et-artistiques-en-2020\\\/\"]}]},{\"@type\":\"BreadcrumbList\",\"@id\":\"https:\\\/\\\/hierostrasbourg.com\\\/index.php\\\/2021\\\/07\\\/14\\\/impacts-socio-economiques-de-la-crise-sanitaire-sur-les-structures-culturelles-et-artistiques-en-2020\\\/#breadcrumb\",\"itemListElement\":[{\"@type\":\"ListItem\",\"position\":1,\"name\":\"Accueil\",\"item\":\"https:\\\/\\\/hierostrasbourg.com\\\/\"},{\"@type\":\"ListItem\",\"position\":2,\"name\":\"Impacts socio-\u00e9conomiques de la crise sanitaire sur les structures culturelles et artistiques en 2020\"}]},{\"@type\":\"WebSite\",\"@id\":\"https:\\\/\\\/hierostrasbourg.com\\\/#website\",\"url\":\"https:\\\/\\\/hierostrasbourg.com\\\/\",\"name\":\"HIERO STRASBOURG\",\"description\":\"Centre de Ressources Musiques Actuelles\",\"publisher\":{\"@id\":\"https:\\\/\\\/hierostrasbourg.com\\\/#organization\"},\"potentialAction\":[{\"@type\":\"SearchAction\",\"target\":{\"@type\":\"EntryPoint\",\"urlTemplate\":\"https:\\\/\\\/hierostrasbourg.com\\\/?s={search_term_string}\"},\"query-input\":{\"@type\":\"PropertyValueSpecification\",\"valueRequired\":true,\"valueName\":\"search_term_string\"}}],\"inLanguage\":\"fr-FR\"},{\"@type\":\"Organization\",\"@id\":\"https:\\\/\\\/hierostrasbourg.com\\\/#organization\",\"name\":\"F\u00e9d\u00e9ration Hi\u00e9ro Strasbourg\",\"url\":\"https:\\\/\\\/hierostrasbourg.com\\\/\",\"logo\":{\"@type\":\"ImageObject\",\"inLanguage\":\"fr-FR\",\"@id\":\"https:\\\/\\\/hierostrasbourg.com\\\/#\\\/schema\\\/logo\\\/image\\\/\",\"url\":\"https:\\\/\\\/hierostrasbourg.com\\\/wp-content\\\/uploads\\\/2026\\\/04\\\/logo-hiero-strasbourg.jpg\",\"contentUrl\":\"https:\\\/\\\/hierostrasbourg.com\\\/wp-content\\\/uploads\\\/2026\\\/04\\\/logo-hiero-strasbourg.jpg\",\"width\":204,\"height\":192,\"caption\":\"F\u00e9d\u00e9ration Hi\u00e9ro Strasbourg\"},\"image\":{\"@id\":\"https:\\\/\\\/hierostrasbourg.com\\\/#\\\/schema\\\/logo\\\/image\\\/\"},\"sameAs\":[\"https:\\\/\\\/www.facebook.com\\\/fedehierostrasbourg\",\"https:\\\/\\\/x.com\\\/hierostrasbourg\"]}]}<\/script>\n<!-- \/ Yoast SEO plugin. -->","yoast_head_json":{"title":"Impacts socio-\u00e9conomiques de la crise sanitaire sur les structures culturelles et artistiques en 2020 - HIERO STRASBOURG","robots":{"index":"index","follow":"follow","max-snippet":"max-snippet:-1","max-image-preview":"max-image-preview:large","max-video-preview":"max-video-preview:-1"},"canonical":"https:\/\/hierostrasbourg.com\/index.php\/2021\/07\/14\/impacts-socio-economiques-de-la-crise-sanitaire-sur-les-structures-culturelles-et-artistiques-en-2020\/","og_locale":"fr_FR","og_type":"article","og_title":"Impacts socio-\u00e9conomiques de la crise sanitaire sur les structures culturelles et artistiques en 2020 - HIERO STRASBOURG","og_description":"communiqu\u00e9 Depuis plus d\u2019un an, l\u2019UFISC (Union F\u00e9d\u00e9rale d\u2019Intervention des Structures Culturelles), ses 18 organisations membres, Opale\/CRDLA Culture et plusieurs organisations, r\u00e9seaux, f\u00e9d\u00e9rations de dimensions r\u00e9gionales et nationales s\u2019associent et se mobilisent aupr\u00e8s des structures artistiques et culturelles et de l\u2019ensemble de nos concitoyen\u00b7ne\u00b7s pour faire face \u00e0 l\u2019impact de l\u2019\u00e9pid\u00e9mie de COVID-19. Ensemble, ils ont constitu\u00e9 un collectif solidaire, la Mobilisation et Coop\u00e9ration Arts et Culture (MCAC). En avril 2020, les membres de cette MCAC lan\u00e7aient une premi\u00e8re grande [&hellip;]","og_url":"https:\/\/hierostrasbourg.com\/index.php\/2021\/07\/14\/impacts-socio-economiques-de-la-crise-sanitaire-sur-les-structures-culturelles-et-artistiques-en-2020\/","og_site_name":"HIERO STRASBOURG","article_publisher":"https:\/\/www.facebook.com\/fedehierostrasbourg","article_published_time":"2021-07-14T11:18:36+00:00","twitter_card":"summary_large_image","twitter_creator":"@hierostrasbourg","twitter_site":"@hierostrasbourg","twitter_misc":{"Dur\u00e9e de lecture estim\u00e9e":"3 minutes"},"schema":{"@context":"https:\/\/schema.org","@graph":[{"@type":"Article","@id":"https:\/\/hierostrasbourg.com\/index.php\/2021\/07\/14\/impacts-socio-economiques-de-la-crise-sanitaire-sur-les-structures-culturelles-et-artistiques-en-2020\/#article","isPartOf":{"@id":"https:\/\/hierostrasbourg.com\/index.php\/2021\/07\/14\/impacts-socio-economiques-de-la-crise-sanitaire-sur-les-structures-culturelles-et-artistiques-en-2020\/"},"author":{"name":"","@id":""},"headline":"Impacts socio-\u00e9conomiques de la crise sanitaire sur les structures culturelles et artistiques en 2020","datePublished":"2021-07-14T11:18:36+00:00","mainEntityOfPage":{"@id":"https:\/\/hierostrasbourg.com\/index.php\/2021\/07\/14\/impacts-socio-economiques-de-la-crise-sanitaire-sur-les-structures-culturelles-et-artistiques-en-2020\/"},"wordCount":703,"publisher":{"@id":"https:\/\/hierostrasbourg.com\/#organization"},"inLanguage":"fr-FR"},{"@type":"WebPage","@id":"https:\/\/hierostrasbourg.com\/index.php\/2021\/07\/14\/impacts-socio-economiques-de-la-crise-sanitaire-sur-les-structures-culturelles-et-artistiques-en-2020\/","url":"https:\/\/hierostrasbourg.com\/index.php\/2021\/07\/14\/impacts-socio-economiques-de-la-crise-sanitaire-sur-les-structures-culturelles-et-artistiques-en-2020\/","name":"Impacts socio-\u00e9conomiques de la crise sanitaire sur les structures culturelles et artistiques en 2020 - HIERO STRASBOURG","isPartOf":{"@id":"https:\/\/hierostrasbourg.com\/#website"},"datePublished":"2021-07-14T11:18:36+00:00","breadcrumb":{"@id":"https:\/\/hierostrasbourg.com\/index.php\/2021\/07\/14\/impacts-socio-economiques-de-la-crise-sanitaire-sur-les-structures-culturelles-et-artistiques-en-2020\/#breadcrumb"},"inLanguage":"fr-FR","potentialAction":[{"@type":"ReadAction","target":["https:\/\/hierostrasbourg.com\/index.php\/2021\/07\/14\/impacts-socio-economiques-de-la-crise-sanitaire-sur-les-structures-culturelles-et-artistiques-en-2020\/"]}]},{"@type":"BreadcrumbList","@id":"https:\/\/hierostrasbourg.com\/index.php\/2021\/07\/14\/impacts-socio-economiques-de-la-crise-sanitaire-sur-les-structures-culturelles-et-artistiques-en-2020\/#breadcrumb","itemListElement":[{"@type":"ListItem","position":1,"name":"Accueil","item":"https:\/\/hierostrasbourg.com\/"},{"@type":"ListItem","position":2,"name":"Impacts socio-\u00e9conomiques de la crise sanitaire sur les structures culturelles et artistiques en 2020"}]},{"@type":"WebSite","@id":"https:\/\/hierostrasbourg.com\/#website","url":"https:\/\/hierostrasbourg.com\/","name":"HIERO STRASBOURG","description":"Centre de Ressources Musiques Actuelles","publisher":{"@id":"https:\/\/hierostrasbourg.com\/#organization"},"potentialAction":[{"@type":"SearchAction","target":{"@type":"EntryPoint","urlTemplate":"https:\/\/hierostrasbourg.com\/?s={search_term_string}"},"query-input":{"@type":"PropertyValueSpecification","valueRequired":true,"valueName":"search_term_string"}}],"inLanguage":"fr-FR"},{"@type":"Organization","@id":"https:\/\/hierostrasbourg.com\/#organization","name":"F\u00e9d\u00e9ration Hi\u00e9ro Strasbourg","url":"https:\/\/hierostrasbourg.com\/","logo":{"@type":"ImageObject","inLanguage":"fr-FR","@id":"https:\/\/hierostrasbourg.com\/#\/schema\/logo\/image\/","url":"https:\/\/hierostrasbourg.com\/wp-content\/uploads\/2026\/04\/logo-hiero-strasbourg.jpg","contentUrl":"https:\/\/hierostrasbourg.com\/wp-content\/uploads\/2026\/04\/logo-hiero-strasbourg.jpg","width":204,"height":192,"caption":"F\u00e9d\u00e9ration Hi\u00e9ro Strasbourg"},"image":{"@id":"https:\/\/hierostrasbourg.com\/#\/schema\/logo\/image\/"},"sameAs":["https:\/\/www.facebook.com\/fedehierostrasbourg","https:\/\/x.com\/hierostrasbourg"]}]}},"_links":{"self":[{"href":"https:\/\/hierostrasbourg.com\/index.php\/wp-json\/wp\/v2\/posts\/841","targetHints":{"allow":["GET"]}}],"collection":[{"href":"https:\/\/hierostrasbourg.com\/index.php\/wp-json\/wp\/v2\/posts"}],"about":[{"href":"https:\/\/hierostrasbourg.com\/index.php\/wp-json\/wp\/v2\/types\/post"}],"replies":[{"embeddable":true,"href":"https:\/\/hierostrasbourg.com\/index.php\/wp-json\/wp\/v2\/comments?post=841"}],"version-history":[{"count":0,"href":"https:\/\/hierostrasbourg.com\/index.php\/wp-json\/wp\/v2\/posts\/841\/revisions"}],"wp:attachment":[{"href":"https:\/\/hierostrasbourg.com\/index.php\/wp-json\/wp\/v2\/media?parent=841"}],"wp:term":[{"taxonomy":"category","embeddable":true,"href":"https:\/\/hierostrasbourg.com\/index.php\/wp-json\/wp\/v2\/categories?post=841"},{"taxonomy":"post_tag","embeddable":true,"href":"https:\/\/hierostrasbourg.com\/index.php\/wp-json\/wp\/v2\/tags?post=841"}],"curies":[{"name":"wp","href":"https:\/\/api.w.org\/{rel}","templated":true}]}}