{"id":834,"date":"2021-07-14T13:18:35","date_gmt":"2021-07-14T11:18:35","guid":{"rendered":"https:\/\/hierostrasbourg.com\/index.php\/2021\/07\/14\/lopera-national-du-rhin-recrute-un-chef-comptable-f-h\/"},"modified":"2021-07-14T13:18:35","modified_gmt":"2021-07-14T11:18:35","slug":"lopera-national-du-rhin-recrute-un-chef-comptable-f-h","status":"publish","type":"post","link":"https:\/\/hierostrasbourg.com\/index.php\/2021\/07\/14\/lopera-national-du-rhin-recrute-un-chef-comptable-f-h\/","title":{"rendered":"L\u2019OP\u00c9RA NATIONAL DU RHIN recrute un chef comptable [F\/H]"},"content":{"rendered":"<h2>Missions g\u00e9n\u00e9rales<\/h2>\n<p>Responsable du pilotage de la comptabilit\u00e9 et du service comptabilit\u00e9 de l\u2019Op\u00e9ra national du Rhin, de superviser l\u2019ex\u00e9cution des recettes et des d\u00e9penses, d\u2019assurer la pr\u00e9paration et la gestion des diff\u00e9rents budgets, et les contr\u00f4les budg\u00e9taires des d\u00e9penses, ainsi que le suivi de la fiscalit\u00e9 de l\u2019Op\u00e9ra national du Rhin.<\/p>\n<p>Il conseille toute am\u00e9lioration ou met au point tout syst\u00e8me de contr\u00f4le destin\u00e9 \u00e0 suivre au mieux et \u00e0 am\u00e9liorer les r\u00e9sultats de l\u2019Op\u00e9ra dans quelque domaine que ce soit, contr\u00f4le l\u2019application de la r\u00e8glementation budg\u00e9taire et comptable et assure une veille r\u00e8glementaire dans ses diff\u00e9rents domaines d\u2019interventions.<\/p>\n<h3>Rattachement hi\u00e9rarchique<\/h3>\n<p>Poste plac\u00e9 sous l\u2019autorit\u00e9 de la Directrice administrative et financi\u00e8re, et en lien \u00e9troit avec l\u2019ensemble des directeurs.rices, et responsables de services, la Direction des Finances Publiques, la Recette des Finances, tiers fournisseurs, organismes financiers et sociaux.<\/p>\n<h3>Activit\u00e9s et t\u00e2ches principales :<\/h3>\n<p><strong>Responsable de la pr\u00e9paration, gestion et ex\u00e9cution budg\u00e9taire<\/strong><\/p>\n<p>Recueille les informations concernant les diff\u00e9rents budgets pr\u00e9visionnels (d\u00e9penses, recettes, de fonctionnement, d\u2019investissements, \u2026)<br \/>\nPr\u00e9pare l\u2019ensemble des budgets (primitifs, modificatifs, suppl\u00e9mentaires, et d\u00e9cisions modificatives) et \u00e9labore l\u2019ensemble des documents d\u2019information li\u00e9s aux d\u00e9cisions budg\u00e9taires en collaboration avec la DAF<br \/>\nSuit l\u2019ex\u00e9cution budg\u00e9taire, les \u00e9carts entre le pr\u00e9visionnel et le r\u00e9alis\u00e9, la consommation des cr\u00e9dits et l\u2019ex\u00e9cution des march\u00e9s conclus, virements, bons de commandes et engagements<br \/>\nAlimente les tableaux de bord existants et \u00e9labore des documents et proc\u00e9dures afin de disposer d\u2019un suivi budg\u00e9taire fiable<br \/>\nAssure un suivi analytique des d\u00e9penses de fonctionnement et d\u2019investissement<br \/>\nEtablit le contr\u00f4le budg\u00e9taire mensuel et les projections des d\u00e9penses et recettes au 31\/12.<br \/>\nD\u00e9veloppe et met en place des outils d\u2019ajustements et de r\u00e9gulations, des proc\u00e9dures, indicateurs, de gestion analytique et financi\u00e8re, et de contr\u00f4le de gestion<br \/>\nPr\u00e9pare l\u2019ensemble des documents financiers et budg\u00e9taires n\u00e9cessaires aux r\u00e9unions du Comit\u00e9 (rapport au Comit\u00e9, d\u00e9lib\u00e9rations) et participe \u00e0 l\u2019\u00e9laboration du d\u00e9bat d\u2019orientation budg\u00e9taire<br \/>\nSur demande, assiste aux r\u00e9unions du Comit\u00e9 syndical, accompagne les services et \/ou directions dans toutes les \u00e9tapes budg\u00e9taires<\/p>\n<p><strong>Pilotage de la gestion comptable<\/strong><\/p>\n<p>Supervise la comptabilit\u00e9 g\u00e9n\u00e9rale, analytique et la tr\u00e9sorerie, veille aux \u00e9ch\u00e9ances, et traite les relations avec la Recette des Finances<br \/>\nResponsable de la bonne tenue des comptes, suivant les r\u00e8gles de la norme comptable en vigueur et en accord avec la Recette des finances<br \/>\nSupervise l\u2019\u00e9tablissement des d\u00e9clarations de cotisations sociales, mensuelles, trimestrielles et annuelles et leurs comptabilisations<br \/>\nEtablit le compte administratif<br \/>\nSuit la validation des bulletins de commande et leurs engagements en comptabilit\u00e9, v\u00e9rifie les visas des contrats<br \/>\nSuit les contrats d\u2019assurances, les d\u00e9clarations des demandes d\u2019assurances, RC objets confi\u00e9s, etc,<br \/>\nSaisie des march\u00e9s publics en logiciel de gestion financi\u00e8re, et transferts \u00e0 la RF<br \/>\nAssure la fonction de R\u00e9gisseur de recettes et de d\u00e9penses pour plusieurs r\u00e9gies<\/p>\n<p><strong>Optimisation de la gestion financi\u00e8re<\/strong><\/p>\n<p>Analyse et optimise les \u00e9volutions de tr\u00e9sorerie, et si besoin, n\u00e9gocie le contrat de la ligne de tr\u00e9sorerie avec les organismes financiers<br \/>\nPr\u00e9pare les d\u00e9lib\u00e9rations \u00e0 pr\u00e9senter au Comit\u00e9<br \/>\nAssure la mise \u00e0 jour des cr\u00e9dits (tirages et remboursements)<br \/>\nSuit les projets d\u2019investissements en fonction des inscriptions budg\u00e9taires (PPI)<br \/>\nV\u00e9rifie la billetterie pour tout ce qui concerne les recettes conform\u00e9ment \u00e0 la politique tarifaire vot\u00e9e (ventes billetterie, abonnements, produits d\u00e9riv\u00e9s, etc)<\/p>\n<p><strong>Animation et pilotage de l\u2019\u00e9quipe comptable<\/strong><\/p>\n<p>Pilote, suit et contr\u00f4le les activit\u00e9s de l\u2019ensemble des personnes du service<br \/>\nEst garant du bon fonctionnement du service et de la transversalit\u00e9 entre les personnes<br \/>\nArbitre et r\u00e9gule les conflits<br \/>\nRecherche et valorise de nouvelles techniques ou pratiques professionnelles, d\u2019adaptation de l\u2019organisation du travail, de recrutement et de formation<\/p>\n<h2>Profil recherch\u00e9<\/h2>\n<p><strong>COMPETENCES ET QUALITES REQUISES :<\/strong><\/p>\n<p><strong>Formation<\/strong><\/p>\n<p>Solide formation en rapport avec le poste, bac + 3 minimum (\u00e9cole de commerce et de gestion compl\u00e9t\u00e9e d\u2019un cursus comptable et financier, IEP \u00e9conomiques et financi\u00e8res, DESCF\u2026)<br \/>\ncompl\u00e9t\u00e9e par une premi\u00e8re exp\u00e9rience en comptabilit\u00e9 publique et si possible dans une structure publique de spectacle vivant<\/p>\n<p><strong>Comp\u00e9tences<\/strong><\/p>\n<p>parfaite ma\u00eetrise de la comptabilit\u00e9 publique (actuellement nomenclature M14, M57 pr\u00e9vue au 1\/1\/2023)<br \/>\nconnaissance des techniques d\u2019\u00e9laboration des budgets, des r\u00e8gles budg\u00e9taires, et fiscales d\u2019un \u00e9tablissement public<br \/>\nConnaissance des enjeux de la cr\u00e9ation et de la diffusion artistique<br \/>\nBonne ma\u00eetrise de l\u2019outil informatique et des logiciels de comptabilit\u00e9 (GFI, Phase web) et des outils de bureautiques classiques (Excel en particulier et Word)<br \/>\nMa\u00eetrise des r\u00e8gles statutaires des \u00e9tablissements publics et notamment des syndicats intercommunaux<br \/>\nPratique de l\u2019anglais appr\u00e9ci\u00e9e<\/p>\n<p><strong>Qualit\u00e9sInt\u00e9grit\u00e9, confidentialit\u00e9 et tr\u00e8s grande rigueur<\/strong><\/p>\n<p>Force de proposition et capacit\u00e9 d\u2019initiatives<br \/>\nForte capacit\u00e9 d\u2019adaptation, et de r\u00e9sistance<br \/>\nBonnes qualit\u00e9s relationnelles, et capacit\u00e9 au management d\u2019\u00e9quipe<br \/>\nRythme de travail n\u00e9cessitant r\u00e9activit\u00e9 et disponibilit\u00e9<\/p>\n<p>Date limite de candidature : 31 ao\u00fbt 2021<\/p>\n<p>Merci de faire parvenir votre candidature (lettre de motivation, curriculum vitae) pour le 31 AOUT 2021<br \/>\n\u00e0 Monsieur le Directeur g\u00e9n\u00e9ral de l\u2019Op\u00e9ra national du Rhin<br \/>\nDirection des Ressources humaines<br \/>\n19, Place Broglie \u2013 67008 Strasbourg Cedex<\/p>\n<p>rh@onr.fr<\/p>\n<p>L\u2019article <a href=\"https:\/\/popburo.fr\/lopera-national-du-rhin-recrute-un-chef-comptable-f-h\/\">L\u2019OP\u00c9RA NATIONAL DU RHIN recrute un chef comptable [F\/H]<\/a> est apparu en premier sur <a href=\"https:\/\/popburo.fr\/\">POP B\u00dcRO<\/a>.<\/p>\n","protected":false},"excerpt":{"rendered":"<p>Missions g\u00e9n\u00e9rales Responsable du pilotage de la comptabilit\u00e9 et du service comptabilit\u00e9 de l\u2019Op\u00e9ra national du Rhin, de superviser l\u2019ex\u00e9cution des recettes et des d\u00e9penses, d\u2019assurer la pr\u00e9paration et la gestion des diff\u00e9rents budgets, et les contr\u00f4les budg\u00e9taires des d\u00e9penses, ainsi que le suivi de la fiscalit\u00e9 de l\u2019Op\u00e9ra national du Rhin. Il conseille toute am\u00e9lioration ou met au point tout syst\u00e8me de contr\u00f4le destin\u00e9 \u00e0 suivre au mieux et \u00e0 am\u00e9liorer les r\u00e9sultats de l\u2019Op\u00e9ra dans quelque domaine que [&hellip;]<\/p>\n","protected":false},"author":0,"featured_media":0,"comment_status":"closed","ping_status":"open","sticky":false,"template":"","format":"standard","meta":{"footnotes":""},"categories":[1],"tags":[],"class_list":["post-834","post","type-post","status-publish","format-standard","hentry","category-non-classe"],"yoast_head":"<!-- This site is optimized with the Yoast SEO plugin v27.5 - https:\/\/yoast.com\/product\/yoast-seo-wordpress\/ -->\n<title>L\u2019OP\u00c9RA NATIONAL DU RHIN recrute un chef comptable [F\/H] - HIERO STRASBOURG<\/title>\n<meta name=\"robots\" content=\"index, follow, max-snippet:-1, max-image-preview:large, max-video-preview:-1\" \/>\n<link rel=\"canonical\" href=\"https:\/\/hierostrasbourg.com\/index.php\/2021\/07\/14\/lopera-national-du-rhin-recrute-un-chef-comptable-f-h\/\" \/>\n<meta property=\"og:locale\" content=\"fr_FR\" \/>\n<meta property=\"og:type\" content=\"article\" \/>\n<meta property=\"og:title\" content=\"L\u2019OP\u00c9RA NATIONAL DU RHIN recrute un chef comptable [F\/H] - HIERO STRASBOURG\" \/>\n<meta property=\"og:description\" content=\"Missions g\u00e9n\u00e9rales Responsable du pilotage de la comptabilit\u00e9 et du service comptabilit\u00e9 de l\u2019Op\u00e9ra national du Rhin, de superviser l\u2019ex\u00e9cution des recettes et des d\u00e9penses, d\u2019assurer la pr\u00e9paration et la gestion des diff\u00e9rents budgets, et les contr\u00f4les budg\u00e9taires des d\u00e9penses, ainsi que le suivi de la fiscalit\u00e9 de l\u2019Op\u00e9ra national du Rhin. Il conseille toute am\u00e9lioration ou met au point tout syst\u00e8me de contr\u00f4le destin\u00e9 \u00e0 suivre au mieux et \u00e0 am\u00e9liorer les r\u00e9sultats de l\u2019Op\u00e9ra dans quelque domaine que [&hellip;]\" \/>\n<meta property=\"og:url\" content=\"https:\/\/hierostrasbourg.com\/index.php\/2021\/07\/14\/lopera-national-du-rhin-recrute-un-chef-comptable-f-h\/\" \/>\n<meta property=\"og:site_name\" content=\"HIERO STRASBOURG\" \/>\n<meta property=\"article:publisher\" content=\"https:\/\/www.facebook.com\/fedehierostrasbourg\" \/>\n<meta property=\"article:published_time\" content=\"2021-07-14T11:18:35+00:00\" \/>\n<meta name=\"twitter:card\" content=\"summary_large_image\" \/>\n<meta name=\"twitter:creator\" content=\"@hierostrasbourg\" \/>\n<meta name=\"twitter:site\" content=\"@hierostrasbourg\" \/>\n<meta name=\"twitter:label1\" content=\"Dur\u00e9e de lecture estim\u00e9e\" \/>\n\t<meta name=\"twitter:data1\" content=\"5 minutes\" \/>\n<script type=\"application\/ld+json\" class=\"yoast-schema-graph\">{\"@context\":\"https:\\\/\\\/schema.org\",\"@graph\":[{\"@type\":\"Article\",\"@id\":\"https:\\\/\\\/hierostrasbourg.com\\\/index.php\\\/2021\\\/07\\\/14\\\/lopera-national-du-rhin-recrute-un-chef-comptable-f-h\\\/#article\",\"isPartOf\":{\"@id\":\"https:\\\/\\\/hierostrasbourg.com\\\/index.php\\\/2021\\\/07\\\/14\\\/lopera-national-du-rhin-recrute-un-chef-comptable-f-h\\\/\"},\"author\":{\"name\":\"\",\"@id\":\"\"},\"headline\":\"L\u2019OP\u00c9RA NATIONAL DU RHIN recrute un chef comptable [F\\\/H]\",\"datePublished\":\"2021-07-14T11:18:35+00:00\",\"mainEntityOfPage\":{\"@id\":\"https:\\\/\\\/hierostrasbourg.com\\\/index.php\\\/2021\\\/07\\\/14\\\/lopera-national-du-rhin-recrute-un-chef-comptable-f-h\\\/\"},\"wordCount\":974,\"publisher\":{\"@id\":\"https:\\\/\\\/hierostrasbourg.com\\\/#organization\"},\"inLanguage\":\"fr-FR\"},{\"@type\":\"WebPage\",\"@id\":\"https:\\\/\\\/hierostrasbourg.com\\\/index.php\\\/2021\\\/07\\\/14\\\/lopera-national-du-rhin-recrute-un-chef-comptable-f-h\\\/\",\"url\":\"https:\\\/\\\/hierostrasbourg.com\\\/index.php\\\/2021\\\/07\\\/14\\\/lopera-national-du-rhin-recrute-un-chef-comptable-f-h\\\/\",\"name\":\"L\u2019OP\u00c9RA NATIONAL DU RHIN recrute un chef comptable [F\\\/H] - HIERO STRASBOURG\",\"isPartOf\":{\"@id\":\"https:\\\/\\\/hierostrasbourg.com\\\/#website\"},\"datePublished\":\"2021-07-14T11:18:35+00:00\",\"breadcrumb\":{\"@id\":\"https:\\\/\\\/hierostrasbourg.com\\\/index.php\\\/2021\\\/07\\\/14\\\/lopera-national-du-rhin-recrute-un-chef-comptable-f-h\\\/#breadcrumb\"},\"inLanguage\":\"fr-FR\",\"potentialAction\":[{\"@type\":\"ReadAction\",\"target\":[\"https:\\\/\\\/hierostrasbourg.com\\\/index.php\\\/2021\\\/07\\\/14\\\/lopera-national-du-rhin-recrute-un-chef-comptable-f-h\\\/\"]}]},{\"@type\":\"BreadcrumbList\",\"@id\":\"https:\\\/\\\/hierostrasbourg.com\\\/index.php\\\/2021\\\/07\\\/14\\\/lopera-national-du-rhin-recrute-un-chef-comptable-f-h\\\/#breadcrumb\",\"itemListElement\":[{\"@type\":\"ListItem\",\"position\":1,\"name\":\"Accueil\",\"item\":\"https:\\\/\\\/hierostrasbourg.com\\\/\"},{\"@type\":\"ListItem\",\"position\":2,\"name\":\"L\u2019OP\u00c9RA NATIONAL DU RHIN recrute un chef comptable [F\\\/H]\"}]},{\"@type\":\"WebSite\",\"@id\":\"https:\\\/\\\/hierostrasbourg.com\\\/#website\",\"url\":\"https:\\\/\\\/hierostrasbourg.com\\\/\",\"name\":\"HIERO STRASBOURG\",\"description\":\"Centre de Ressources Musiques Actuelles\",\"publisher\":{\"@id\":\"https:\\\/\\\/hierostrasbourg.com\\\/#organization\"},\"potentialAction\":[{\"@type\":\"SearchAction\",\"target\":{\"@type\":\"EntryPoint\",\"urlTemplate\":\"https:\\\/\\\/hierostrasbourg.com\\\/?s={search_term_string}\"},\"query-input\":{\"@type\":\"PropertyValueSpecification\",\"valueRequired\":true,\"valueName\":\"search_term_string\"}}],\"inLanguage\":\"fr-FR\"},{\"@type\":\"Organization\",\"@id\":\"https:\\\/\\\/hierostrasbourg.com\\\/#organization\",\"name\":\"F\u00e9d\u00e9ration Hi\u00e9ro Strasbourg\",\"url\":\"https:\\\/\\\/hierostrasbourg.com\\\/\",\"logo\":{\"@type\":\"ImageObject\",\"inLanguage\":\"fr-FR\",\"@id\":\"https:\\\/\\\/hierostrasbourg.com\\\/#\\\/schema\\\/logo\\\/image\\\/\",\"url\":\"https:\\\/\\\/hierostrasbourg.com\\\/wp-content\\\/uploads\\\/2026\\\/04\\\/logo-hiero-strasbourg.jpg\",\"contentUrl\":\"https:\\\/\\\/hierostrasbourg.com\\\/wp-content\\\/uploads\\\/2026\\\/04\\\/logo-hiero-strasbourg.jpg\",\"width\":204,\"height\":192,\"caption\":\"F\u00e9d\u00e9ration Hi\u00e9ro Strasbourg\"},\"image\":{\"@id\":\"https:\\\/\\\/hierostrasbourg.com\\\/#\\\/schema\\\/logo\\\/image\\\/\"},\"sameAs\":[\"https:\\\/\\\/www.facebook.com\\\/fedehierostrasbourg\",\"https:\\\/\\\/x.com\\\/hierostrasbourg\"]}]}<\/script>\n<!-- \/ Yoast SEO plugin. -->","yoast_head_json":{"title":"L\u2019OP\u00c9RA NATIONAL DU RHIN recrute un chef comptable [F\/H] - HIERO STRASBOURG","robots":{"index":"index","follow":"follow","max-snippet":"max-snippet:-1","max-image-preview":"max-image-preview:large","max-video-preview":"max-video-preview:-1"},"canonical":"https:\/\/hierostrasbourg.com\/index.php\/2021\/07\/14\/lopera-national-du-rhin-recrute-un-chef-comptable-f-h\/","og_locale":"fr_FR","og_type":"article","og_title":"L\u2019OP\u00c9RA NATIONAL DU RHIN recrute un chef comptable [F\/H] - HIERO STRASBOURG","og_description":"Missions g\u00e9n\u00e9rales Responsable du pilotage de la comptabilit\u00e9 et du service comptabilit\u00e9 de l\u2019Op\u00e9ra national du Rhin, de superviser l\u2019ex\u00e9cution des recettes et des d\u00e9penses, d\u2019assurer la pr\u00e9paration et la gestion des diff\u00e9rents budgets, et les contr\u00f4les budg\u00e9taires des d\u00e9penses, ainsi que le suivi de la fiscalit\u00e9 de l\u2019Op\u00e9ra national du Rhin. Il conseille toute am\u00e9lioration ou met au point tout syst\u00e8me de contr\u00f4le destin\u00e9 \u00e0 suivre au mieux et \u00e0 am\u00e9liorer les r\u00e9sultats de l\u2019Op\u00e9ra dans quelque domaine que [&hellip;]","og_url":"https:\/\/hierostrasbourg.com\/index.php\/2021\/07\/14\/lopera-national-du-rhin-recrute-un-chef-comptable-f-h\/","og_site_name":"HIERO STRASBOURG","article_publisher":"https:\/\/www.facebook.com\/fedehierostrasbourg","article_published_time":"2021-07-14T11:18:35+00:00","twitter_card":"summary_large_image","twitter_creator":"@hierostrasbourg","twitter_site":"@hierostrasbourg","twitter_misc":{"Dur\u00e9e de lecture estim\u00e9e":"5 minutes"},"schema":{"@context":"https:\/\/schema.org","@graph":[{"@type":"Article","@id":"https:\/\/hierostrasbourg.com\/index.php\/2021\/07\/14\/lopera-national-du-rhin-recrute-un-chef-comptable-f-h\/#article","isPartOf":{"@id":"https:\/\/hierostrasbourg.com\/index.php\/2021\/07\/14\/lopera-national-du-rhin-recrute-un-chef-comptable-f-h\/"},"author":{"name":"","@id":""},"headline":"L\u2019OP\u00c9RA NATIONAL DU RHIN recrute un chef comptable [F\/H]","datePublished":"2021-07-14T11:18:35+00:00","mainEntityOfPage":{"@id":"https:\/\/hierostrasbourg.com\/index.php\/2021\/07\/14\/lopera-national-du-rhin-recrute-un-chef-comptable-f-h\/"},"wordCount":974,"publisher":{"@id":"https:\/\/hierostrasbourg.com\/#organization"},"inLanguage":"fr-FR"},{"@type":"WebPage","@id":"https:\/\/hierostrasbourg.com\/index.php\/2021\/07\/14\/lopera-national-du-rhin-recrute-un-chef-comptable-f-h\/","url":"https:\/\/hierostrasbourg.com\/index.php\/2021\/07\/14\/lopera-national-du-rhin-recrute-un-chef-comptable-f-h\/","name":"L\u2019OP\u00c9RA NATIONAL DU RHIN recrute un chef comptable [F\/H] - HIERO STRASBOURG","isPartOf":{"@id":"https:\/\/hierostrasbourg.com\/#website"},"datePublished":"2021-07-14T11:18:35+00:00","breadcrumb":{"@id":"https:\/\/hierostrasbourg.com\/index.php\/2021\/07\/14\/lopera-national-du-rhin-recrute-un-chef-comptable-f-h\/#breadcrumb"},"inLanguage":"fr-FR","potentialAction":[{"@type":"ReadAction","target":["https:\/\/hierostrasbourg.com\/index.php\/2021\/07\/14\/lopera-national-du-rhin-recrute-un-chef-comptable-f-h\/"]}]},{"@type":"BreadcrumbList","@id":"https:\/\/hierostrasbourg.com\/index.php\/2021\/07\/14\/lopera-national-du-rhin-recrute-un-chef-comptable-f-h\/#breadcrumb","itemListElement":[{"@type":"ListItem","position":1,"name":"Accueil","item":"https:\/\/hierostrasbourg.com\/"},{"@type":"ListItem","position":2,"name":"L\u2019OP\u00c9RA NATIONAL DU RHIN recrute un chef comptable [F\/H]"}]},{"@type":"WebSite","@id":"https:\/\/hierostrasbourg.com\/#website","url":"https:\/\/hierostrasbourg.com\/","name":"HIERO STRASBOURG","description":"Centre de Ressources Musiques Actuelles","publisher":{"@id":"https:\/\/hierostrasbourg.com\/#organization"},"potentialAction":[{"@type":"SearchAction","target":{"@type":"EntryPoint","urlTemplate":"https:\/\/hierostrasbourg.com\/?s={search_term_string}"},"query-input":{"@type":"PropertyValueSpecification","valueRequired":true,"valueName":"search_term_string"}}],"inLanguage":"fr-FR"},{"@type":"Organization","@id":"https:\/\/hierostrasbourg.com\/#organization","name":"F\u00e9d\u00e9ration Hi\u00e9ro Strasbourg","url":"https:\/\/hierostrasbourg.com\/","logo":{"@type":"ImageObject","inLanguage":"fr-FR","@id":"https:\/\/hierostrasbourg.com\/#\/schema\/logo\/image\/","url":"https:\/\/hierostrasbourg.com\/wp-content\/uploads\/2026\/04\/logo-hiero-strasbourg.jpg","contentUrl":"https:\/\/hierostrasbourg.com\/wp-content\/uploads\/2026\/04\/logo-hiero-strasbourg.jpg","width":204,"height":192,"caption":"F\u00e9d\u00e9ration Hi\u00e9ro Strasbourg"},"image":{"@id":"https:\/\/hierostrasbourg.com\/#\/schema\/logo\/image\/"},"sameAs":["https:\/\/www.facebook.com\/fedehierostrasbourg","https:\/\/x.com\/hierostrasbourg"]}]}},"_links":{"self":[{"href":"https:\/\/hierostrasbourg.com\/index.php\/wp-json\/wp\/v2\/posts\/834","targetHints":{"allow":["GET"]}}],"collection":[{"href":"https:\/\/hierostrasbourg.com\/index.php\/wp-json\/wp\/v2\/posts"}],"about":[{"href":"https:\/\/hierostrasbourg.com\/index.php\/wp-json\/wp\/v2\/types\/post"}],"replies":[{"embeddable":true,"href":"https:\/\/hierostrasbourg.com\/index.php\/wp-json\/wp\/v2\/comments?post=834"}],"version-history":[{"count":0,"href":"https:\/\/hierostrasbourg.com\/index.php\/wp-json\/wp\/v2\/posts\/834\/revisions"}],"wp:attachment":[{"href":"https:\/\/hierostrasbourg.com\/index.php\/wp-json\/wp\/v2\/media?parent=834"}],"wp:term":[{"taxonomy":"category","embeddable":true,"href":"https:\/\/hierostrasbourg.com\/index.php\/wp-json\/wp\/v2\/categories?post=834"},{"taxonomy":"post_tag","embeddable":true,"href":"https:\/\/hierostrasbourg.com\/index.php\/wp-json\/wp\/v2\/tags?post=834"}],"curies":[{"name":"wp","href":"https:\/\/api.w.org\/{rel}","templated":true}]}}