{"id":832,"date":"2021-07-14T13:18:35","date_gmt":"2021-07-14T11:18:35","guid":{"rendered":"https:\/\/hierostrasbourg.com\/index.php\/2021\/07\/14\/luniversite-de-strasbourg-recherche-un-professeur-de-formation-de-loreille-pour-la-licence-musiques-actuelles-f-h\/"},"modified":"2021-07-14T13:18:35","modified_gmt":"2021-07-14T11:18:35","slug":"luniversite-de-strasbourg-recherche-un-professeur-de-formation-de-loreille-pour-la-licence-musiques-actuelles-f-h","status":"publish","type":"post","link":"https:\/\/hierostrasbourg.com\/index.php\/2021\/07\/14\/luniversite-de-strasbourg-recherche-un-professeur-de-formation-de-loreille-pour-la-licence-musiques-actuelles-f-h\/","title":{"rendered":"L\u2019UNIVERSIT\u00c9 DE STRASBOURG recherche un professeur de formation de l\u2019oreille pour la licence \u201cmusiques actuelles\u201d  [F\/H]"},"content":{"rendered":"<p class=\"p1\">Pour enseigner en 1\u00e8re ann\u00e9e de Licence \u00ab musiques actuelles \u00bb \u00e0 partir du 1<span class=\"s1\">er<\/span> septembre 2021.<\/p>\n<p class=\"p1\">Statut de charg\u00e9 de cours, impliquant n\u00e9cessairement que la personne choisie ait d\u00e9j\u00e0 une activit\u00e9 professionnelle principale.<\/p>\n<p class=\"p1\">Les cours se d\u00e9rouleront selon le calendrier universitaire les lundis de 12h30 \u00e0 15h30 au b\u00e2timent \u00ab\u00a0Le Portique\u00a0\u00bb (Strasbourg, campus Esplanade) et \u00e0 distance.<\/p>\n<p class=\"p1\">72h de cours en pr\u00e9sentiel + 24h de tutorat en ligne par an, r\u00e9mun\u00e9r\u00e9es 31\u20ac\/h net.<\/p>\n<h2 class=\"p1\">Comp\u00e9tences requises<\/h2>\n<p>Excellent niveau en formation de l\u2019oreille et th\u00e9orie musicale.<br \/>\nDispositions p\u00e9dagogiques.<\/p>\n<p><span class=\"s2\">R\u00e9elle<\/span> app\u00e9tence pour le r\u00e9pertoire des musiques dites \u201cactuelles\u201d ou \u201cpopulaires\u201d.<br \/>\nCapacit\u00e9s de travail \u00e0 distance, d\u2019utilisation des outils num\u00e9riques.<br \/>\nCapacit\u00e9s de travail en \u00e9quipe.<\/p>\n<p class=\"p1\">CAPES ou Agr\u00e9gation musique, DE ou DEM en formation de l\u2019oreille ou \u00e9criture seraient un plus.<\/p>\n<p class=\"p2\"><span class=\"s3\">Contacter <a href=\"mailto:lebray@unistra.fr\"><span class=\"s4\">lebray@unistra.fr<\/span><\/a><\/span><\/p>\n<p>L\u2019article <a href=\"https:\/\/popburo.fr\/luniversite-de-strasbourg-recherche-un-professeur-de-formation-de-loreille-pour-la-licence-musiques-actuelles-f-h\/\">L\u2019UNIVERSIT\u00c9 DE STRASBOURG recherche un professeur de formation de l\u2019oreille pour la licence \u201cmusiques actuelles\u201d  [F\/H]<\/a> est apparu en premier sur <a href=\"https:\/\/popburo.fr\/\">POP B\u00dcRO<\/a>.<\/p>\n","protected":false},"excerpt":{"rendered":"<p>Pour enseigner en 1\u00e8re ann\u00e9e de Licence \u00ab musiques actuelles \u00bb \u00e0 partir du 1er septembre 2021. Statut de charg\u00e9 de cours, impliquant n\u00e9cessairement que la personne choisie ait d\u00e9j\u00e0 une activit\u00e9 professionnelle principale. Les cours se d\u00e9rouleront selon le calendrier universitaire les lundis de 12h30 \u00e0 15h30 au b\u00e2timent \u00ab\u00a0Le Portique\u00a0\u00bb (Strasbourg, campus Esplanade) et \u00e0 distance. 72h de cours en pr\u00e9sentiel + 24h de tutorat en ligne par an, r\u00e9mun\u00e9r\u00e9es 31\u20ac\/h net. Comp\u00e9tences requises Excellent niveau en formation [&hellip;]<\/p>\n","protected":false},"author":0,"featured_media":0,"comment_status":"closed","ping_status":"open","sticky":false,"template":"","format":"standard","meta":{"footnotes":""},"categories":[1],"tags":[],"class_list":["post-832","post","type-post","status-publish","format-standard","hentry","category-non-classe"],"yoast_head":"<!-- This site is optimized with the Yoast SEO plugin v27.5 - https:\/\/yoast.com\/product\/yoast-seo-wordpress\/ -->\n<title>L\u2019UNIVERSIT\u00c9 DE STRASBOURG recherche un professeur de formation de l\u2019oreille pour la licence \u201cmusiques actuelles\u201d [F\/H] - HIERO STRASBOURG<\/title>\n<meta name=\"robots\" content=\"index, follow, max-snippet:-1, max-image-preview:large, max-video-preview:-1\" \/>\n<link rel=\"canonical\" href=\"https:\/\/hierostrasbourg.com\/index.php\/2021\/07\/14\/luniversite-de-strasbourg-recherche-un-professeur-de-formation-de-loreille-pour-la-licence-musiques-actuelles-f-h\/\" \/>\n<meta property=\"og:locale\" content=\"fr_FR\" \/>\n<meta property=\"og:type\" content=\"article\" \/>\n<meta property=\"og:title\" content=\"L\u2019UNIVERSIT\u00c9 DE STRASBOURG recherche un professeur de formation de l\u2019oreille pour la licence \u201cmusiques actuelles\u201d [F\/H] - HIERO STRASBOURG\" \/>\n<meta property=\"og:description\" content=\"Pour enseigner en 1\u00e8re ann\u00e9e de Licence \u00ab musiques actuelles \u00bb \u00e0 partir du 1er septembre 2021. Statut de charg\u00e9 de cours, impliquant n\u00e9cessairement que la personne choisie ait d\u00e9j\u00e0 une activit\u00e9 professionnelle principale. Les cours se d\u00e9rouleront selon le calendrier universitaire les lundis de 12h30 \u00e0 15h30 au b\u00e2timent \u00ab\u00a0Le Portique\u00a0\u00bb (Strasbourg, campus Esplanade) et \u00e0 distance. 72h de cours en pr\u00e9sentiel + 24h de tutorat en ligne par an, r\u00e9mun\u00e9r\u00e9es 31\u20ac\/h net. Comp\u00e9tences requises Excellent niveau en formation [&hellip;]\" \/>\n<meta property=\"og:url\" content=\"https:\/\/hierostrasbourg.com\/index.php\/2021\/07\/14\/luniversite-de-strasbourg-recherche-un-professeur-de-formation-de-loreille-pour-la-licence-musiques-actuelles-f-h\/\" \/>\n<meta property=\"og:site_name\" content=\"HIERO STRASBOURG\" \/>\n<meta property=\"article:publisher\" content=\"https:\/\/www.facebook.com\/fedehierostrasbourg\" \/>\n<meta property=\"article:published_time\" content=\"2021-07-14T11:18:35+00:00\" \/>\n<meta name=\"twitter:card\" content=\"summary_large_image\" \/>\n<meta name=\"twitter:creator\" content=\"@hierostrasbourg\" \/>\n<meta name=\"twitter:site\" content=\"@hierostrasbourg\" \/>\n<meta name=\"twitter:label1\" content=\"Dur\u00e9e de lecture estim\u00e9e\" \/>\n\t<meta name=\"twitter:data1\" content=\"1 minute\" \/>\n<script type=\"application\/ld+json\" class=\"yoast-schema-graph\">{\"@context\":\"https:\\\/\\\/schema.org\",\"@graph\":[{\"@type\":\"Article\",\"@id\":\"https:\\\/\\\/hierostrasbourg.com\\\/index.php\\\/2021\\\/07\\\/14\\\/luniversite-de-strasbourg-recherche-un-professeur-de-formation-de-loreille-pour-la-licence-musiques-actuelles-f-h\\\/#article\",\"isPartOf\":{\"@id\":\"https:\\\/\\\/hierostrasbourg.com\\\/index.php\\\/2021\\\/07\\\/14\\\/luniversite-de-strasbourg-recherche-un-professeur-de-formation-de-loreille-pour-la-licence-musiques-actuelles-f-h\\\/\"},\"author\":{\"name\":\"\",\"@id\":\"\"},\"headline\":\"L\u2019UNIVERSIT\u00c9 DE STRASBOURG recherche un professeur de formation de l\u2019oreille pour la licence \u201cmusiques actuelles\u201d [F\\\/H]\",\"datePublished\":\"2021-07-14T11:18:35+00:00\",\"mainEntityOfPage\":{\"@id\":\"https:\\\/\\\/hierostrasbourg.com\\\/index.php\\\/2021\\\/07\\\/14\\\/luniversite-de-strasbourg-recherche-un-professeur-de-formation-de-loreille-pour-la-licence-musiques-actuelles-f-h\\\/\"},\"wordCount\":194,\"publisher\":{\"@id\":\"https:\\\/\\\/hierostrasbourg.com\\\/#organization\"},\"inLanguage\":\"fr-FR\"},{\"@type\":\"WebPage\",\"@id\":\"https:\\\/\\\/hierostrasbourg.com\\\/index.php\\\/2021\\\/07\\\/14\\\/luniversite-de-strasbourg-recherche-un-professeur-de-formation-de-loreille-pour-la-licence-musiques-actuelles-f-h\\\/\",\"url\":\"https:\\\/\\\/hierostrasbourg.com\\\/index.php\\\/2021\\\/07\\\/14\\\/luniversite-de-strasbourg-recherche-un-professeur-de-formation-de-loreille-pour-la-licence-musiques-actuelles-f-h\\\/\",\"name\":\"L\u2019UNIVERSIT\u00c9 DE STRASBOURG recherche un professeur de formation de l\u2019oreille pour la licence \u201cmusiques actuelles\u201d [F\\\/H] - HIERO STRASBOURG\",\"isPartOf\":{\"@id\":\"https:\\\/\\\/hierostrasbourg.com\\\/#website\"},\"datePublished\":\"2021-07-14T11:18:35+00:00\",\"breadcrumb\":{\"@id\":\"https:\\\/\\\/hierostrasbourg.com\\\/index.php\\\/2021\\\/07\\\/14\\\/luniversite-de-strasbourg-recherche-un-professeur-de-formation-de-loreille-pour-la-licence-musiques-actuelles-f-h\\\/#breadcrumb\"},\"inLanguage\":\"fr-FR\",\"potentialAction\":[{\"@type\":\"ReadAction\",\"target\":[\"https:\\\/\\\/hierostrasbourg.com\\\/index.php\\\/2021\\\/07\\\/14\\\/luniversite-de-strasbourg-recherche-un-professeur-de-formation-de-loreille-pour-la-licence-musiques-actuelles-f-h\\\/\"]}]},{\"@type\":\"BreadcrumbList\",\"@id\":\"https:\\\/\\\/hierostrasbourg.com\\\/index.php\\\/2021\\\/07\\\/14\\\/luniversite-de-strasbourg-recherche-un-professeur-de-formation-de-loreille-pour-la-licence-musiques-actuelles-f-h\\\/#breadcrumb\",\"itemListElement\":[{\"@type\":\"ListItem\",\"position\":1,\"name\":\"Accueil\",\"item\":\"https:\\\/\\\/hierostrasbourg.com\\\/\"},{\"@type\":\"ListItem\",\"position\":2,\"name\":\"L\u2019UNIVERSIT\u00c9 DE STRASBOURG recherche un professeur de formation de l\u2019oreille pour la licence \u201cmusiques actuelles\u201d [F\\\/H]\"}]},{\"@type\":\"WebSite\",\"@id\":\"https:\\\/\\\/hierostrasbourg.com\\\/#website\",\"url\":\"https:\\\/\\\/hierostrasbourg.com\\\/\",\"name\":\"HIERO STRASBOURG\",\"description\":\"Centre de Ressources Musiques Actuelles\",\"publisher\":{\"@id\":\"https:\\\/\\\/hierostrasbourg.com\\\/#organization\"},\"potentialAction\":[{\"@type\":\"SearchAction\",\"target\":{\"@type\":\"EntryPoint\",\"urlTemplate\":\"https:\\\/\\\/hierostrasbourg.com\\\/?s={search_term_string}\"},\"query-input\":{\"@type\":\"PropertyValueSpecification\",\"valueRequired\":true,\"valueName\":\"search_term_string\"}}],\"inLanguage\":\"fr-FR\"},{\"@type\":\"Organization\",\"@id\":\"https:\\\/\\\/hierostrasbourg.com\\\/#organization\",\"name\":\"F\u00e9d\u00e9ration Hi\u00e9ro Strasbourg\",\"url\":\"https:\\\/\\\/hierostrasbourg.com\\\/\",\"logo\":{\"@type\":\"ImageObject\",\"inLanguage\":\"fr-FR\",\"@id\":\"https:\\\/\\\/hierostrasbourg.com\\\/#\\\/schema\\\/logo\\\/image\\\/\",\"url\":\"https:\\\/\\\/hierostrasbourg.com\\\/wp-content\\\/uploads\\\/2026\\\/04\\\/logo-hiero-strasbourg.jpg\",\"contentUrl\":\"https:\\\/\\\/hierostrasbourg.com\\\/wp-content\\\/uploads\\\/2026\\\/04\\\/logo-hiero-strasbourg.jpg\",\"width\":204,\"height\":192,\"caption\":\"F\u00e9d\u00e9ration Hi\u00e9ro Strasbourg\"},\"image\":{\"@id\":\"https:\\\/\\\/hierostrasbourg.com\\\/#\\\/schema\\\/logo\\\/image\\\/\"},\"sameAs\":[\"https:\\\/\\\/www.facebook.com\\\/fedehierostrasbourg\",\"https:\\\/\\\/x.com\\\/hierostrasbourg\"]}]}<\/script>\n<!-- \/ Yoast SEO plugin. -->","yoast_head_json":{"title":"L\u2019UNIVERSIT\u00c9 DE STRASBOURG recherche un professeur de formation de l\u2019oreille pour la licence \u201cmusiques actuelles\u201d [F\/H] - HIERO STRASBOURG","robots":{"index":"index","follow":"follow","max-snippet":"max-snippet:-1","max-image-preview":"max-image-preview:large","max-video-preview":"max-video-preview:-1"},"canonical":"https:\/\/hierostrasbourg.com\/index.php\/2021\/07\/14\/luniversite-de-strasbourg-recherche-un-professeur-de-formation-de-loreille-pour-la-licence-musiques-actuelles-f-h\/","og_locale":"fr_FR","og_type":"article","og_title":"L\u2019UNIVERSIT\u00c9 DE STRASBOURG recherche un professeur de formation de l\u2019oreille pour la licence \u201cmusiques actuelles\u201d [F\/H] - HIERO STRASBOURG","og_description":"Pour enseigner en 1\u00e8re ann\u00e9e de Licence \u00ab musiques actuelles \u00bb \u00e0 partir du 1er septembre 2021. Statut de charg\u00e9 de cours, impliquant n\u00e9cessairement que la personne choisie ait d\u00e9j\u00e0 une activit\u00e9 professionnelle principale. Les cours se d\u00e9rouleront selon le calendrier universitaire les lundis de 12h30 \u00e0 15h30 au b\u00e2timent \u00ab\u00a0Le Portique\u00a0\u00bb (Strasbourg, campus Esplanade) et \u00e0 distance. 72h de cours en pr\u00e9sentiel + 24h de tutorat en ligne par an, r\u00e9mun\u00e9r\u00e9es 31\u20ac\/h net. Comp\u00e9tences requises Excellent niveau en formation [&hellip;]","og_url":"https:\/\/hierostrasbourg.com\/index.php\/2021\/07\/14\/luniversite-de-strasbourg-recherche-un-professeur-de-formation-de-loreille-pour-la-licence-musiques-actuelles-f-h\/","og_site_name":"HIERO STRASBOURG","article_publisher":"https:\/\/www.facebook.com\/fedehierostrasbourg","article_published_time":"2021-07-14T11:18:35+00:00","twitter_card":"summary_large_image","twitter_creator":"@hierostrasbourg","twitter_site":"@hierostrasbourg","twitter_misc":{"Dur\u00e9e de lecture estim\u00e9e":"1 minute"},"schema":{"@context":"https:\/\/schema.org","@graph":[{"@type":"Article","@id":"https:\/\/hierostrasbourg.com\/index.php\/2021\/07\/14\/luniversite-de-strasbourg-recherche-un-professeur-de-formation-de-loreille-pour-la-licence-musiques-actuelles-f-h\/#article","isPartOf":{"@id":"https:\/\/hierostrasbourg.com\/index.php\/2021\/07\/14\/luniversite-de-strasbourg-recherche-un-professeur-de-formation-de-loreille-pour-la-licence-musiques-actuelles-f-h\/"},"author":{"name":"","@id":""},"headline":"L\u2019UNIVERSIT\u00c9 DE STRASBOURG recherche un professeur de formation de l\u2019oreille pour la licence \u201cmusiques actuelles\u201d [F\/H]","datePublished":"2021-07-14T11:18:35+00:00","mainEntityOfPage":{"@id":"https:\/\/hierostrasbourg.com\/index.php\/2021\/07\/14\/luniversite-de-strasbourg-recherche-un-professeur-de-formation-de-loreille-pour-la-licence-musiques-actuelles-f-h\/"},"wordCount":194,"publisher":{"@id":"https:\/\/hierostrasbourg.com\/#organization"},"inLanguage":"fr-FR"},{"@type":"WebPage","@id":"https:\/\/hierostrasbourg.com\/index.php\/2021\/07\/14\/luniversite-de-strasbourg-recherche-un-professeur-de-formation-de-loreille-pour-la-licence-musiques-actuelles-f-h\/","url":"https:\/\/hierostrasbourg.com\/index.php\/2021\/07\/14\/luniversite-de-strasbourg-recherche-un-professeur-de-formation-de-loreille-pour-la-licence-musiques-actuelles-f-h\/","name":"L\u2019UNIVERSIT\u00c9 DE STRASBOURG recherche un professeur de formation de l\u2019oreille pour la licence \u201cmusiques actuelles\u201d [F\/H] - HIERO STRASBOURG","isPartOf":{"@id":"https:\/\/hierostrasbourg.com\/#website"},"datePublished":"2021-07-14T11:18:35+00:00","breadcrumb":{"@id":"https:\/\/hierostrasbourg.com\/index.php\/2021\/07\/14\/luniversite-de-strasbourg-recherche-un-professeur-de-formation-de-loreille-pour-la-licence-musiques-actuelles-f-h\/#breadcrumb"},"inLanguage":"fr-FR","potentialAction":[{"@type":"ReadAction","target":["https:\/\/hierostrasbourg.com\/index.php\/2021\/07\/14\/luniversite-de-strasbourg-recherche-un-professeur-de-formation-de-loreille-pour-la-licence-musiques-actuelles-f-h\/"]}]},{"@type":"BreadcrumbList","@id":"https:\/\/hierostrasbourg.com\/index.php\/2021\/07\/14\/luniversite-de-strasbourg-recherche-un-professeur-de-formation-de-loreille-pour-la-licence-musiques-actuelles-f-h\/#breadcrumb","itemListElement":[{"@type":"ListItem","position":1,"name":"Accueil","item":"https:\/\/hierostrasbourg.com\/"},{"@type":"ListItem","position":2,"name":"L\u2019UNIVERSIT\u00c9 DE STRASBOURG recherche un professeur de formation de l\u2019oreille pour la licence \u201cmusiques actuelles\u201d [F\/H]"}]},{"@type":"WebSite","@id":"https:\/\/hierostrasbourg.com\/#website","url":"https:\/\/hierostrasbourg.com\/","name":"HIERO STRASBOURG","description":"Centre de Ressources Musiques Actuelles","publisher":{"@id":"https:\/\/hierostrasbourg.com\/#organization"},"potentialAction":[{"@type":"SearchAction","target":{"@type":"EntryPoint","urlTemplate":"https:\/\/hierostrasbourg.com\/?s={search_term_string}"},"query-input":{"@type":"PropertyValueSpecification","valueRequired":true,"valueName":"search_term_string"}}],"inLanguage":"fr-FR"},{"@type":"Organization","@id":"https:\/\/hierostrasbourg.com\/#organization","name":"F\u00e9d\u00e9ration Hi\u00e9ro Strasbourg","url":"https:\/\/hierostrasbourg.com\/","logo":{"@type":"ImageObject","inLanguage":"fr-FR","@id":"https:\/\/hierostrasbourg.com\/#\/schema\/logo\/image\/","url":"https:\/\/hierostrasbourg.com\/wp-content\/uploads\/2026\/04\/logo-hiero-strasbourg.jpg","contentUrl":"https:\/\/hierostrasbourg.com\/wp-content\/uploads\/2026\/04\/logo-hiero-strasbourg.jpg","width":204,"height":192,"caption":"F\u00e9d\u00e9ration Hi\u00e9ro Strasbourg"},"image":{"@id":"https:\/\/hierostrasbourg.com\/#\/schema\/logo\/image\/"},"sameAs":["https:\/\/www.facebook.com\/fedehierostrasbourg","https:\/\/x.com\/hierostrasbourg"]}]}},"_links":{"self":[{"href":"https:\/\/hierostrasbourg.com\/index.php\/wp-json\/wp\/v2\/posts\/832","targetHints":{"allow":["GET"]}}],"collection":[{"href":"https:\/\/hierostrasbourg.com\/index.php\/wp-json\/wp\/v2\/posts"}],"about":[{"href":"https:\/\/hierostrasbourg.com\/index.php\/wp-json\/wp\/v2\/types\/post"}],"replies":[{"embeddable":true,"href":"https:\/\/hierostrasbourg.com\/index.php\/wp-json\/wp\/v2\/comments?post=832"}],"version-history":[{"count":0,"href":"https:\/\/hierostrasbourg.com\/index.php\/wp-json\/wp\/v2\/posts\/832\/revisions"}],"wp:attachment":[{"href":"https:\/\/hierostrasbourg.com\/index.php\/wp-json\/wp\/v2\/media?parent=832"}],"wp:term":[{"taxonomy":"category","embeddable":true,"href":"https:\/\/hierostrasbourg.com\/index.php\/wp-json\/wp\/v2\/categories?post=832"},{"taxonomy":"post_tag","embeddable":true,"href":"https:\/\/hierostrasbourg.com\/index.php\/wp-json\/wp\/v2\/tags?post=832"}],"curies":[{"name":"wp","href":"https:\/\/api.w.org\/{rel}","templated":true}]}}