{"id":820,"date":"2021-07-02T20:18:52","date_gmt":"2021-07-02T18:18:52","guid":{"rendered":"https:\/\/hierostrasbourg.com\/index.php\/2021\/07\/02\/snam-cgt-publie-une-etude-sur-la-reprise-de-emploi-des-artistes-de-la-musique-intermittents\/"},"modified":"2021-07-02T20:18:52","modified_gmt":"2021-07-02T18:18:52","slug":"snam-cgt-publie-une-etude-sur-la-reprise-de-emploi-des-artistes-de-la-musique-intermittents","status":"publish","type":"post","link":"https:\/\/hierostrasbourg.com\/index.php\/2021\/07\/02\/snam-cgt-publie-une-etude-sur-la-reprise-de-emploi-des-artistes-de-la-musique-intermittents\/","title":{"rendered":"SNAM CGT publie une \u00e9tude sur la reprise de \u2019emploi des artistes de la musique intermittents"},"content":{"rendered":"<p><span>communiqu\u00e9<\/span><\/p>\n<h2><em>Quelle reprise ?<\/em><\/h2>\n<p><em>Une enqu\u00eate r\u00e9alis\u00e9e ces derniers jours aupr\u00e8s de plus de 500 musiciens et musiciennes montre que la reprise des concerts reste plus qu\u2019hypoth\u00e9tique pour beaucoup et que la prolongation de l\u2019ann\u00e9e blanche de 4 mois seulement est insuffisante pour \u00e9viter les baisses d\u2019allocations en janvier.<\/em><\/p>\n<p><em>Les annonces tardives du gouvernement, notamment sur l\u2019autorisation de concerts \u201cdebout\u201d, ont emp\u00each\u00e9 nombre d\u2019organisateurs de spectacle de programmer des \u00e9v\u00e8nements cet \u00e9t\u00e9. L\u2019incertitude qui r\u00e8gne sur les d\u00e9cisions finales des pr\u00e9fets ou des maires fait que beaucoup s\u2019abstiennent de prendre le risque d\u2019engager des frais et de signer des contrats avec des artistes. D\u2019un point de vue financier, si certains acteurs recherchent des solutions du c\u00f4t\u00e9 des aides d\u00e9ploy\u00e9es par le Centre National de la musique (CNM), beaucoup d\u2019autres sont sans solution. C\u2019est le cas des organisateurs de manifestations gratuites qui caract\u00e9risent normalement la vie musicale estivale.\u00a0<\/em><br \/><em>La cacophonie des annonces minist\u00e9rielles a provoqu\u00e9 des situations ubuesques, trouvant leur apog\u00e9e autour de la f\u00eate de la musique : concerts dans les bars d\u2019abord interdits, puis autoris\u00e9s \u00e0 la derni\u00e8re minute alors que la plupart \u00e9taient, logiquement, annul\u00e9s : les artistes programm\u00e9s initialement ne seront pas indemnis\u00e9s par le ch\u00f4mage partiel qui n\u2019a de toute fa\u00e7on quasiment jamais fonctionn\u00e9 pour eux.<\/em><\/p>\n<p><em>Le mouvement social in\u00e9dit, qui a vu depuis le mois de mars une centaine de th\u00e9\u00e2tres et de lieux culturels occup\u00e9s dans tout le pays, a port\u00e9 la revendication d\u2019un vaste plan de soutien \u00e0 l\u2019emploi artistique. En le limitant \u00e0 quelques dizaines de millions d\u2019euros, le gouvernement n\u2019a pas pris la mesure des besoins. Mais le pire est sans doute que les annonces faites en ce sens par Roselyne Bachelot et Elysabeth Borne lors du Conseil National des Professions du Spectacle (CNPS) du 11 mai ne se sont encore caract\u00e9ris\u00e9es par aucune annonce concr\u00e8te en direction de nos potentiels employeurs. On \u00e9voque aujourd\u2019hui des aides qui pourraient \u00eatre annonc\u00e9es courant juillet (y compris celles pour le Off d\u2019Avignon qui commence dans quelques jours !) et dont le paiement n\u2019interviendrait qu\u2019\u00e0 l\u2019automne. C\u2019est mal conna\u00eetre la fragilit\u00e9 du secteur musical, caract\u00e9ris\u00e9 notamment par une myriade de petites associations, que d\u2019imaginer qu\u2019en proc\u00e9dant de la sorte on va r\u00e9ellement soutenir l\u2019emploi des artistes cet \u00e9t\u00e9.<\/em><\/p>\n<p><em>Pire, dans un contexte o\u00f9 les artistes et les groupes sont dans une dramatique course aux concerts, le spectre du travail au noir sous ses diverses formes (paiement en liquide, facture sans bulletin de salaire, d\u00e9claration de la moiti\u00e9 des artistes seulement\u2026) ressurgit plus que jamais.<\/em><\/p>\n<p><em>Dans ces conditions, fort logiquement, les artistes constatent qu\u2019ils ne reprendront que tr\u00e8s partiellement le travail cet \u00e9t\u00e9. Nous publions (cliquer\u00a0ici) les premiers r\u00e9sultats d\u2019une enqu\u00eate en ligne men\u00e9e ces derniers jours aupr\u00e8s des professionnels qui le confirme.<\/em><\/p>\n<p><em>Le refus du gouvernement de prolonger l\u2019ann\u00e9e blanche au- del\u00e0 de 4 mois au motif que la reprise du travail permettra \u00e0 chacun de faire le nombre d\u2019heures n\u00e9cessaire ne va faire qu\u2019aggraver la situation des musiciens et musiciennes qui, apr\u00e8s des mois de baisse de revenus d\u00fb \u00e0 l\u2019absence de concerts vont m\u00e9caniquement subir en janvier une baisse de leurs allocations ch\u00f4mage faute d\u2019avoir suffisamment travaill\u00e9. C\u2019est la double peine. La Ministre de la Culture Roselyne Bachelot et le gouvernement ont soutenu financi\u00e8rement \u201cquoi qu\u2019il en co\u00fbte\u201d les entreprises, notamment les plus grosses, pour qu\u2019elles traversent la crise. L\u2019effort n\u2019a pas \u00e9t\u00e9 le m\u00eame pour les artistes.<\/em><\/p>\n<p><em>En ce d\u00e9but d\u2019\u00e9t\u00e9 nous appelons les artistes \u00e0 continuer leurs mobilisations sous toutes les formes.<\/em><\/p>\n<div class=\"ead-preview\">\n<div class=\"ead-document\">\n<div class=\"ead-iframe-wrapper\"><\/div>\n<div class=\"ead-document-loading\">\n<div class=\"ead-loading-wrap\">\n<div class=\"ead-loading-main\">\n<div class=\"ead-loading\">\n\t\t\t\t\t\t\t<span>En cours de chargement\u2026<\/span>\n\t\t\t\t\t\t<\/div>\n<\/p><\/div>\n<div class=\"ead-loading-foot\">\n<div class=\"ead-loading-foot-title\">\n\t\t\t\t\t\t\t<span>Cela prend trop de temps\u00a0?<\/span>\n\t\t\t\t\t\t<\/div>\n<\/p>\n<div class=\"ead-document-btn ead-reload-btn\">\n\t\t\t\t\t\t\t\t Recharger le document\t\t\t\t\t\t\t<\/div>\n<p>\t\t\t\t\t\t\t<span>|<\/span><br \/>\n\t\t\t\t\t\t\t<a href=\"https:\/\/musiquesactuelles.net\/wp-content\/uploads\/2020\/12\/le-point-sur-lemploi-des-artistes-de-la-musique-intermittent%C2%B7e%C2%B7s-1.pdf\" class=\"ead-document-btn\"><br \/>\n\t\t\t\t\t\t\t\t Ouvrir dans un nouvel onglet\t\t\t\t\t\t\t<\/a>\n\t\t\t\t\t<\/div>\n<\/p><\/div>\n<\/p><\/div>\n<\/p><\/div>\n<p class=\"embed_download\"><a href=\"https:\/\/musiquesactuelles.net\/wp-content\/uploads\/2020\/12\/le-point-sur-lemploi-des-artistes-de-la-musique-intermittent%C2%B7e%C2%B7s-1.pdf\">\ufeffT\u00e9l\u00e9charger <\/a><\/p>\n<\/div>\n<p>L\u2019article <a href=\"https:\/\/popburo.fr\/snam-cgt-publie-une-etude-sur-la-reprise-de-emploi-des-artistes-de-la-musique-intermittents\/\">SNAM CGT publie une \u00e9tude sur la reprise de \u2019emploi des artistes de la musique intermittents<\/a> est apparu en premier sur <a href=\"https:\/\/popburo.fr\/\">POP B\u00dcRO<\/a>.<\/p>\n","protected":false},"excerpt":{"rendered":"<p>communiqu\u00e9 Quelle reprise ? Une enqu\u00eate r\u00e9alis\u00e9e ces derniers jours aupr\u00e8s de plus de 500 musiciens et musiciennes montre que la reprise des concerts reste plus qu\u2019hypoth\u00e9tique pour beaucoup et que la prolongation de l\u2019ann\u00e9e blanche de 4 mois seulement est insuffisante pour \u00e9viter les baisses d\u2019allocations en janvier. Les annonces tardives du gouvernement, notamment sur l\u2019autorisation de concerts \u201cdebout\u201d, ont emp\u00each\u00e9 nombre d\u2019organisateurs de spectacle de programmer des \u00e9v\u00e8nements cet \u00e9t\u00e9. L\u2019incertitude qui r\u00e8gne sur les d\u00e9cisions finales des [&hellip;]<\/p>\n","protected":false},"author":0,"featured_media":0,"comment_status":"closed","ping_status":"open","sticky":false,"template":"","format":"standard","meta":{"footnotes":""},"categories":[1],"tags":[],"class_list":["post-820","post","type-post","status-publish","format-standard","hentry","category-non-classe"],"yoast_head":"<!-- This site is optimized with the Yoast SEO plugin v27.5 - https:\/\/yoast.com\/product\/yoast-seo-wordpress\/ -->\n<title>SNAM CGT publie une \u00e9tude sur la reprise de \u2019emploi des artistes de la musique intermittents - HIERO STRASBOURG<\/title>\n<meta name=\"robots\" content=\"index, follow, max-snippet:-1, max-image-preview:large, max-video-preview:-1\" \/>\n<link rel=\"canonical\" href=\"https:\/\/hierostrasbourg.com\/index.php\/2021\/07\/02\/snam-cgt-publie-une-etude-sur-la-reprise-de-emploi-des-artistes-de-la-musique-intermittents\/\" \/>\n<meta property=\"og:locale\" content=\"fr_FR\" \/>\n<meta property=\"og:type\" content=\"article\" \/>\n<meta property=\"og:title\" content=\"SNAM CGT publie une \u00e9tude sur la reprise de \u2019emploi des artistes de la musique intermittents - HIERO STRASBOURG\" \/>\n<meta property=\"og:description\" content=\"communiqu\u00e9 Quelle reprise ? Une enqu\u00eate r\u00e9alis\u00e9e ces derniers jours aupr\u00e8s de plus de 500 musiciens et musiciennes montre que la reprise des concerts reste plus qu\u2019hypoth\u00e9tique pour beaucoup et que la prolongation de l\u2019ann\u00e9e blanche de 4 mois seulement est insuffisante pour \u00e9viter les baisses d\u2019allocations en janvier. Les annonces tardives du gouvernement, notamment sur l\u2019autorisation de concerts \u201cdebout\u201d, ont emp\u00each\u00e9 nombre d\u2019organisateurs de spectacle de programmer des \u00e9v\u00e8nements cet \u00e9t\u00e9. L\u2019incertitude qui r\u00e8gne sur les d\u00e9cisions finales des [&hellip;]\" \/>\n<meta property=\"og:url\" content=\"https:\/\/hierostrasbourg.com\/index.php\/2021\/07\/02\/snam-cgt-publie-une-etude-sur-la-reprise-de-emploi-des-artistes-de-la-musique-intermittents\/\" \/>\n<meta property=\"og:site_name\" content=\"HIERO STRASBOURG\" \/>\n<meta property=\"article:publisher\" content=\"https:\/\/www.facebook.com\/fedehierostrasbourg\" \/>\n<meta property=\"article:published_time\" content=\"2021-07-02T18:18:52+00:00\" \/>\n<meta name=\"twitter:card\" content=\"summary_large_image\" \/>\n<meta name=\"twitter:creator\" content=\"@hierostrasbourg\" \/>\n<meta name=\"twitter:site\" content=\"@hierostrasbourg\" \/>\n<meta name=\"twitter:label1\" content=\"Dur\u00e9e de lecture estim\u00e9e\" \/>\n\t<meta name=\"twitter:data1\" content=\"4 minutes\" \/>\n<script type=\"application\/ld+json\" class=\"yoast-schema-graph\">{\"@context\":\"https:\\\/\\\/schema.org\",\"@graph\":[{\"@type\":\"Article\",\"@id\":\"https:\\\/\\\/hierostrasbourg.com\\\/index.php\\\/2021\\\/07\\\/02\\\/snam-cgt-publie-une-etude-sur-la-reprise-de-emploi-des-artistes-de-la-musique-intermittents\\\/#article\",\"isPartOf\":{\"@id\":\"https:\\\/\\\/hierostrasbourg.com\\\/index.php\\\/2021\\\/07\\\/02\\\/snam-cgt-publie-une-etude-sur-la-reprise-de-emploi-des-artistes-de-la-musique-intermittents\\\/\"},\"author\":{\"name\":\"\",\"@id\":\"\"},\"headline\":\"SNAM CGT publie une \u00e9tude sur la reprise de \u2019emploi des artistes de la musique intermittents\",\"datePublished\":\"2021-07-02T18:18:52+00:00\",\"mainEntityOfPage\":{\"@id\":\"https:\\\/\\\/hierostrasbourg.com\\\/index.php\\\/2021\\\/07\\\/02\\\/snam-cgt-publie-une-etude-sur-la-reprise-de-emploi-des-artistes-de-la-musique-intermittents\\\/\"},\"wordCount\":720,\"publisher\":{\"@id\":\"https:\\\/\\\/hierostrasbourg.com\\\/#organization\"},\"inLanguage\":\"fr-FR\"},{\"@type\":\"WebPage\",\"@id\":\"https:\\\/\\\/hierostrasbourg.com\\\/index.php\\\/2021\\\/07\\\/02\\\/snam-cgt-publie-une-etude-sur-la-reprise-de-emploi-des-artistes-de-la-musique-intermittents\\\/\",\"url\":\"https:\\\/\\\/hierostrasbourg.com\\\/index.php\\\/2021\\\/07\\\/02\\\/snam-cgt-publie-une-etude-sur-la-reprise-de-emploi-des-artistes-de-la-musique-intermittents\\\/\",\"name\":\"SNAM CGT publie une \u00e9tude sur la reprise de \u2019emploi des artistes de la musique intermittents - HIERO STRASBOURG\",\"isPartOf\":{\"@id\":\"https:\\\/\\\/hierostrasbourg.com\\\/#website\"},\"datePublished\":\"2021-07-02T18:18:52+00:00\",\"breadcrumb\":{\"@id\":\"https:\\\/\\\/hierostrasbourg.com\\\/index.php\\\/2021\\\/07\\\/02\\\/snam-cgt-publie-une-etude-sur-la-reprise-de-emploi-des-artistes-de-la-musique-intermittents\\\/#breadcrumb\"},\"inLanguage\":\"fr-FR\",\"potentialAction\":[{\"@type\":\"ReadAction\",\"target\":[\"https:\\\/\\\/hierostrasbourg.com\\\/index.php\\\/2021\\\/07\\\/02\\\/snam-cgt-publie-une-etude-sur-la-reprise-de-emploi-des-artistes-de-la-musique-intermittents\\\/\"]}]},{\"@type\":\"BreadcrumbList\",\"@id\":\"https:\\\/\\\/hierostrasbourg.com\\\/index.php\\\/2021\\\/07\\\/02\\\/snam-cgt-publie-une-etude-sur-la-reprise-de-emploi-des-artistes-de-la-musique-intermittents\\\/#breadcrumb\",\"itemListElement\":[{\"@type\":\"ListItem\",\"position\":1,\"name\":\"Accueil\",\"item\":\"https:\\\/\\\/hierostrasbourg.com\\\/\"},{\"@type\":\"ListItem\",\"position\":2,\"name\":\"SNAM CGT publie une \u00e9tude sur la reprise de \u2019emploi des artistes de la musique intermittents\"}]},{\"@type\":\"WebSite\",\"@id\":\"https:\\\/\\\/hierostrasbourg.com\\\/#website\",\"url\":\"https:\\\/\\\/hierostrasbourg.com\\\/\",\"name\":\"HIERO STRASBOURG\",\"description\":\"Centre de Ressources Musiques Actuelles\",\"publisher\":{\"@id\":\"https:\\\/\\\/hierostrasbourg.com\\\/#organization\"},\"potentialAction\":[{\"@type\":\"SearchAction\",\"target\":{\"@type\":\"EntryPoint\",\"urlTemplate\":\"https:\\\/\\\/hierostrasbourg.com\\\/?s={search_term_string}\"},\"query-input\":{\"@type\":\"PropertyValueSpecification\",\"valueRequired\":true,\"valueName\":\"search_term_string\"}}],\"inLanguage\":\"fr-FR\"},{\"@type\":\"Organization\",\"@id\":\"https:\\\/\\\/hierostrasbourg.com\\\/#organization\",\"name\":\"F\u00e9d\u00e9ration Hi\u00e9ro Strasbourg\",\"url\":\"https:\\\/\\\/hierostrasbourg.com\\\/\",\"logo\":{\"@type\":\"ImageObject\",\"inLanguage\":\"fr-FR\",\"@id\":\"https:\\\/\\\/hierostrasbourg.com\\\/#\\\/schema\\\/logo\\\/image\\\/\",\"url\":\"https:\\\/\\\/hierostrasbourg.com\\\/wp-content\\\/uploads\\\/2026\\\/04\\\/logo-hiero-strasbourg.jpg\",\"contentUrl\":\"https:\\\/\\\/hierostrasbourg.com\\\/wp-content\\\/uploads\\\/2026\\\/04\\\/logo-hiero-strasbourg.jpg\",\"width\":204,\"height\":192,\"caption\":\"F\u00e9d\u00e9ration Hi\u00e9ro Strasbourg\"},\"image\":{\"@id\":\"https:\\\/\\\/hierostrasbourg.com\\\/#\\\/schema\\\/logo\\\/image\\\/\"},\"sameAs\":[\"https:\\\/\\\/www.facebook.com\\\/fedehierostrasbourg\",\"https:\\\/\\\/x.com\\\/hierostrasbourg\"]}]}<\/script>\n<!-- \/ Yoast SEO plugin. -->","yoast_head_json":{"title":"SNAM CGT publie une \u00e9tude sur la reprise de \u2019emploi des artistes de la musique intermittents - HIERO STRASBOURG","robots":{"index":"index","follow":"follow","max-snippet":"max-snippet:-1","max-image-preview":"max-image-preview:large","max-video-preview":"max-video-preview:-1"},"canonical":"https:\/\/hierostrasbourg.com\/index.php\/2021\/07\/02\/snam-cgt-publie-une-etude-sur-la-reprise-de-emploi-des-artistes-de-la-musique-intermittents\/","og_locale":"fr_FR","og_type":"article","og_title":"SNAM CGT publie une \u00e9tude sur la reprise de \u2019emploi des artistes de la musique intermittents - HIERO STRASBOURG","og_description":"communiqu\u00e9 Quelle reprise ? Une enqu\u00eate r\u00e9alis\u00e9e ces derniers jours aupr\u00e8s de plus de 500 musiciens et musiciennes montre que la reprise des concerts reste plus qu\u2019hypoth\u00e9tique pour beaucoup et que la prolongation de l\u2019ann\u00e9e blanche de 4 mois seulement est insuffisante pour \u00e9viter les baisses d\u2019allocations en janvier. Les annonces tardives du gouvernement, notamment sur l\u2019autorisation de concerts \u201cdebout\u201d, ont emp\u00each\u00e9 nombre d\u2019organisateurs de spectacle de programmer des \u00e9v\u00e8nements cet \u00e9t\u00e9. L\u2019incertitude qui r\u00e8gne sur les d\u00e9cisions finales des [&hellip;]","og_url":"https:\/\/hierostrasbourg.com\/index.php\/2021\/07\/02\/snam-cgt-publie-une-etude-sur-la-reprise-de-emploi-des-artistes-de-la-musique-intermittents\/","og_site_name":"HIERO STRASBOURG","article_publisher":"https:\/\/www.facebook.com\/fedehierostrasbourg","article_published_time":"2021-07-02T18:18:52+00:00","twitter_card":"summary_large_image","twitter_creator":"@hierostrasbourg","twitter_site":"@hierostrasbourg","twitter_misc":{"Dur\u00e9e de lecture estim\u00e9e":"4 minutes"},"schema":{"@context":"https:\/\/schema.org","@graph":[{"@type":"Article","@id":"https:\/\/hierostrasbourg.com\/index.php\/2021\/07\/02\/snam-cgt-publie-une-etude-sur-la-reprise-de-emploi-des-artistes-de-la-musique-intermittents\/#article","isPartOf":{"@id":"https:\/\/hierostrasbourg.com\/index.php\/2021\/07\/02\/snam-cgt-publie-une-etude-sur-la-reprise-de-emploi-des-artistes-de-la-musique-intermittents\/"},"author":{"name":"","@id":""},"headline":"SNAM CGT publie une \u00e9tude sur la reprise de \u2019emploi des artistes de la musique intermittents","datePublished":"2021-07-02T18:18:52+00:00","mainEntityOfPage":{"@id":"https:\/\/hierostrasbourg.com\/index.php\/2021\/07\/02\/snam-cgt-publie-une-etude-sur-la-reprise-de-emploi-des-artistes-de-la-musique-intermittents\/"},"wordCount":720,"publisher":{"@id":"https:\/\/hierostrasbourg.com\/#organization"},"inLanguage":"fr-FR"},{"@type":"WebPage","@id":"https:\/\/hierostrasbourg.com\/index.php\/2021\/07\/02\/snam-cgt-publie-une-etude-sur-la-reprise-de-emploi-des-artistes-de-la-musique-intermittents\/","url":"https:\/\/hierostrasbourg.com\/index.php\/2021\/07\/02\/snam-cgt-publie-une-etude-sur-la-reprise-de-emploi-des-artistes-de-la-musique-intermittents\/","name":"SNAM CGT publie une \u00e9tude sur la reprise de \u2019emploi des artistes de la musique intermittents - HIERO STRASBOURG","isPartOf":{"@id":"https:\/\/hierostrasbourg.com\/#website"},"datePublished":"2021-07-02T18:18:52+00:00","breadcrumb":{"@id":"https:\/\/hierostrasbourg.com\/index.php\/2021\/07\/02\/snam-cgt-publie-une-etude-sur-la-reprise-de-emploi-des-artistes-de-la-musique-intermittents\/#breadcrumb"},"inLanguage":"fr-FR","potentialAction":[{"@type":"ReadAction","target":["https:\/\/hierostrasbourg.com\/index.php\/2021\/07\/02\/snam-cgt-publie-une-etude-sur-la-reprise-de-emploi-des-artistes-de-la-musique-intermittents\/"]}]},{"@type":"BreadcrumbList","@id":"https:\/\/hierostrasbourg.com\/index.php\/2021\/07\/02\/snam-cgt-publie-une-etude-sur-la-reprise-de-emploi-des-artistes-de-la-musique-intermittents\/#breadcrumb","itemListElement":[{"@type":"ListItem","position":1,"name":"Accueil","item":"https:\/\/hierostrasbourg.com\/"},{"@type":"ListItem","position":2,"name":"SNAM CGT publie une \u00e9tude sur la reprise de \u2019emploi des artistes de la musique intermittents"}]},{"@type":"WebSite","@id":"https:\/\/hierostrasbourg.com\/#website","url":"https:\/\/hierostrasbourg.com\/","name":"HIERO STRASBOURG","description":"Centre de Ressources Musiques Actuelles","publisher":{"@id":"https:\/\/hierostrasbourg.com\/#organization"},"potentialAction":[{"@type":"SearchAction","target":{"@type":"EntryPoint","urlTemplate":"https:\/\/hierostrasbourg.com\/?s={search_term_string}"},"query-input":{"@type":"PropertyValueSpecification","valueRequired":true,"valueName":"search_term_string"}}],"inLanguage":"fr-FR"},{"@type":"Organization","@id":"https:\/\/hierostrasbourg.com\/#organization","name":"F\u00e9d\u00e9ration Hi\u00e9ro Strasbourg","url":"https:\/\/hierostrasbourg.com\/","logo":{"@type":"ImageObject","inLanguage":"fr-FR","@id":"https:\/\/hierostrasbourg.com\/#\/schema\/logo\/image\/","url":"https:\/\/hierostrasbourg.com\/wp-content\/uploads\/2026\/04\/logo-hiero-strasbourg.jpg","contentUrl":"https:\/\/hierostrasbourg.com\/wp-content\/uploads\/2026\/04\/logo-hiero-strasbourg.jpg","width":204,"height":192,"caption":"F\u00e9d\u00e9ration Hi\u00e9ro Strasbourg"},"image":{"@id":"https:\/\/hierostrasbourg.com\/#\/schema\/logo\/image\/"},"sameAs":["https:\/\/www.facebook.com\/fedehierostrasbourg","https:\/\/x.com\/hierostrasbourg"]}]}},"_links":{"self":[{"href":"https:\/\/hierostrasbourg.com\/index.php\/wp-json\/wp\/v2\/posts\/820","targetHints":{"allow":["GET"]}}],"collection":[{"href":"https:\/\/hierostrasbourg.com\/index.php\/wp-json\/wp\/v2\/posts"}],"about":[{"href":"https:\/\/hierostrasbourg.com\/index.php\/wp-json\/wp\/v2\/types\/post"}],"replies":[{"embeddable":true,"href":"https:\/\/hierostrasbourg.com\/index.php\/wp-json\/wp\/v2\/comments?post=820"}],"version-history":[{"count":0,"href":"https:\/\/hierostrasbourg.com\/index.php\/wp-json\/wp\/v2\/posts\/820\/revisions"}],"wp:attachment":[{"href":"https:\/\/hierostrasbourg.com\/index.php\/wp-json\/wp\/v2\/media?parent=820"}],"wp:term":[{"taxonomy":"category","embeddable":true,"href":"https:\/\/hierostrasbourg.com\/index.php\/wp-json\/wp\/v2\/categories?post=820"},{"taxonomy":"post_tag","embeddable":true,"href":"https:\/\/hierostrasbourg.com\/index.php\/wp-json\/wp\/v2\/tags?post=820"}],"curies":[{"name":"wp","href":"https:\/\/api.w.org\/{rel}","templated":true}]}}