{"id":816,"date":"2021-07-02T19:20:15","date_gmt":"2021-07-02T17:20:15","guid":{"rendered":"https:\/\/hierostrasbourg.com\/index.php\/2021\/07\/02\/etats-generaux-des-festivals-2-cartographie-developpement-durable-et-concentration\/"},"modified":"2021-07-02T19:20:15","modified_gmt":"2021-07-02T17:20:15","slug":"etats-generaux-des-festivals-2-cartographie-developpement-durable-et-concentration","status":"publish","type":"post","link":"https:\/\/hierostrasbourg.com\/index.php\/2021\/07\/02\/etats-generaux-des-festivals-2-cartographie-developpement-durable-et-concentration\/","title":{"rendered":"\u00c9tats g\u00e9n\u00e9raux des festivals #2 : cartographie, d\u00e9veloppement durable et concentration"},"content":{"rendered":"<p><em>Comme elle s\u2019y \u00e9tait engag\u00e9e, Roselyne Bachelot a organis\u00e9 la seconde \u00e9dition des \u00e9tats g\u00e9n\u00e9raux des festivals, qui s\u2019est tenue le 28 juin, \u00e0 l\u2019occasion de la cl\u00f4ture du Printemps de Bourges. La premi\u00e8re \u00e9dition avait eu lieu \u00e0 Avignon les 2 et 3 octobre derniers (voir notre article du 1er octobre 2020). Le contexte est aujourd\u2019hui sensiblement diff\u00e9rent, avec la lev\u00e9e progressive des restrictions sanitaires et malgr\u00e9 l\u2019annulation d\u2019un certain nombre de festivals qui auraient d\u00fb avoir lieu cet \u00e9t\u00e9. Mais ce climat plus serein ne suffit pas \u00e0 faire dispara\u00eetre les impacts n\u00e9gatifs de la crise sanitaire, ni les probl\u00e8mes de fond qui touchent ce secteur.<\/em><\/p>\n<p>Source \/ Lire la suite : <a href=\"https:\/\/www.banquedesterritoires.fr\/etats-generaux-des-festivals-2-cartographie-developpement-durable-et-concentration\">\u00c9tats g\u00e9n\u00e9raux des festivals #2 : cartographie, d\u00e9veloppement durable et concentration<\/a><\/p>\n<div class=\"ead-preview\">\n<div class=\"ead-document\">\n<div class=\"ead-iframe-wrapper\"><\/div>\n<div class=\"ead-document-loading\">\n<div class=\"ead-loading-wrap\">\n<div class=\"ead-loading-main\">\n<div class=\"ead-loading\">\n\t\t\t\t\t\t\t<span>En cours de chargement\u2026<\/span>\n\t\t\t\t\t\t<\/div>\n<\/p><\/div>\n<div class=\"ead-loading-foot\">\n<div class=\"ead-loading-foot-title\">\n\t\t\t\t\t\t\t<span>Cela prend trop de temps\u00a0?<\/span>\n\t\t\t\t\t\t<\/div>\n<\/p>\n<div class=\"ead-document-btn ead-reload-btn\">\n\t\t\t\t\t\t\t\t Recharger le document\t\t\t\t\t\t\t<\/div>\n<p>\t\t\t\t\t\t\t<span>|<\/span><br \/>\n\t\t\t\t\t\t\t<a href=\"https:\/\/musiquesactuelles.net\/wp-content\/uploads\/2020\/12\/etats-generaux-festivals.pdf\" class=\"ead-document-btn\"><br \/>\n\t\t\t\t\t\t\t\t Ouvrir dans un nouvel onglet\t\t\t\t\t\t\t<\/a>\n\t\t\t\t\t<\/div>\n<\/p><\/div>\n<\/p><\/div>\n<\/p><\/div>\n<p class=\"embed_download\"><a href=\"https:\/\/musiquesactuelles.net\/wp-content\/uploads\/2020\/12\/etats-generaux-festivals.pdf\">\ufeffT\u00e9l\u00e9charger [4.33 MB] <\/a><\/p>\n<\/div>\n<p>L\u2019article <a href=\"https:\/\/popburo.fr\/etats-generaux-des-festivals-2-cartographie-developpement-durable-et-concentration\/\">\u00c9tats g\u00e9n\u00e9raux des festivals #2 : cartographie, d\u00e9veloppement durable et concentration<\/a> est apparu en premier sur <a href=\"https:\/\/popburo.fr\/\">POP B\u00dcRO<\/a>.<\/p>\n","protected":false},"excerpt":{"rendered":"<p>Comme elle s\u2019y \u00e9tait engag\u00e9e, Roselyne Bachelot a organis\u00e9 la seconde \u00e9dition des \u00e9tats g\u00e9n\u00e9raux des festivals, qui s\u2019est tenue le 28 juin, \u00e0 l\u2019occasion de la cl\u00f4ture du Printemps de Bourges. La premi\u00e8re \u00e9dition avait eu lieu \u00e0 Avignon les 2 et 3 octobre derniers (voir notre article du 1er octobre 2020). Le contexte est aujourd\u2019hui sensiblement diff\u00e9rent, avec la lev\u00e9e progressive des restrictions sanitaires et malgr\u00e9 l\u2019annulation d\u2019un certain nombre de festivals qui auraient d\u00fb avoir lieu cet [&hellip;]<\/p>\n","protected":false},"author":0,"featured_media":0,"comment_status":"closed","ping_status":"open","sticky":false,"template":"","format":"standard","meta":{"footnotes":""},"categories":[1],"tags":[],"class_list":["post-816","post","type-post","status-publish","format-standard","hentry","category-non-classe"],"yoast_head":"<!-- This site is optimized with the Yoast SEO plugin v27.5 - https:\/\/yoast.com\/product\/yoast-seo-wordpress\/ -->\n<title>\u00c9tats g\u00e9n\u00e9raux des festivals #2 : cartographie, d\u00e9veloppement durable et concentration - HIERO STRASBOURG<\/title>\n<meta name=\"robots\" content=\"index, follow, max-snippet:-1, max-image-preview:large, max-video-preview:-1\" \/>\n<link rel=\"canonical\" href=\"https:\/\/hierostrasbourg.com\/index.php\/2021\/07\/02\/etats-generaux-des-festivals-2-cartographie-developpement-durable-et-concentration\/\" \/>\n<meta property=\"og:locale\" content=\"fr_FR\" \/>\n<meta property=\"og:type\" content=\"article\" \/>\n<meta property=\"og:title\" content=\"\u00c9tats g\u00e9n\u00e9raux des festivals #2 : cartographie, d\u00e9veloppement durable et concentration - HIERO STRASBOURG\" \/>\n<meta property=\"og:description\" content=\"Comme elle s\u2019y \u00e9tait engag\u00e9e, Roselyne Bachelot a organis\u00e9 la seconde \u00e9dition des \u00e9tats g\u00e9n\u00e9raux des festivals, qui s\u2019est tenue le 28 juin, \u00e0 l\u2019occasion de la cl\u00f4ture du Printemps de Bourges. La premi\u00e8re \u00e9dition avait eu lieu \u00e0 Avignon les 2 et 3 octobre derniers (voir notre article du 1er octobre 2020). Le contexte est aujourd\u2019hui sensiblement diff\u00e9rent, avec la lev\u00e9e progressive des restrictions sanitaires et malgr\u00e9 l\u2019annulation d\u2019un certain nombre de festivals qui auraient d\u00fb avoir lieu cet [&hellip;]\" \/>\n<meta property=\"og:url\" content=\"https:\/\/hierostrasbourg.com\/index.php\/2021\/07\/02\/etats-generaux-des-festivals-2-cartographie-developpement-durable-et-concentration\/\" \/>\n<meta property=\"og:site_name\" content=\"HIERO STRASBOURG\" \/>\n<meta property=\"article:publisher\" content=\"https:\/\/www.facebook.com\/fedehierostrasbourg\" \/>\n<meta property=\"article:published_time\" content=\"2021-07-02T17:20:15+00:00\" \/>\n<meta name=\"twitter:card\" content=\"summary_large_image\" \/>\n<meta name=\"twitter:creator\" content=\"@hierostrasbourg\" \/>\n<meta name=\"twitter:site\" content=\"@hierostrasbourg\" \/>\n<meta name=\"twitter:label1\" content=\"Dur\u00e9e de lecture estim\u00e9e\" \/>\n\t<meta name=\"twitter:data1\" content=\"1 minute\" \/>\n<script type=\"application\/ld+json\" class=\"yoast-schema-graph\">{\"@context\":\"https:\\\/\\\/schema.org\",\"@graph\":[{\"@type\":\"Article\",\"@id\":\"https:\\\/\\\/hierostrasbourg.com\\\/index.php\\\/2021\\\/07\\\/02\\\/etats-generaux-des-festivals-2-cartographie-developpement-durable-et-concentration\\\/#article\",\"isPartOf\":{\"@id\":\"https:\\\/\\\/hierostrasbourg.com\\\/index.php\\\/2021\\\/07\\\/02\\\/etats-generaux-des-festivals-2-cartographie-developpement-durable-et-concentration\\\/\"},\"author\":{\"name\":\"\",\"@id\":\"\"},\"headline\":\"\u00c9tats g\u00e9n\u00e9raux des festivals #2 : cartographie, d\u00e9veloppement durable et concentration\",\"datePublished\":\"2021-07-02T17:20:15+00:00\",\"mainEntityOfPage\":{\"@id\":\"https:\\\/\\\/hierostrasbourg.com\\\/index.php\\\/2021\\\/07\\\/02\\\/etats-generaux-des-festivals-2-cartographie-developpement-durable-et-concentration\\\/\"},\"wordCount\":188,\"publisher\":{\"@id\":\"https:\\\/\\\/hierostrasbourg.com\\\/#organization\"},\"inLanguage\":\"fr-FR\"},{\"@type\":\"WebPage\",\"@id\":\"https:\\\/\\\/hierostrasbourg.com\\\/index.php\\\/2021\\\/07\\\/02\\\/etats-generaux-des-festivals-2-cartographie-developpement-durable-et-concentration\\\/\",\"url\":\"https:\\\/\\\/hierostrasbourg.com\\\/index.php\\\/2021\\\/07\\\/02\\\/etats-generaux-des-festivals-2-cartographie-developpement-durable-et-concentration\\\/\",\"name\":\"\u00c9tats g\u00e9n\u00e9raux des festivals #2 : cartographie, d\u00e9veloppement durable et concentration - HIERO STRASBOURG\",\"isPartOf\":{\"@id\":\"https:\\\/\\\/hierostrasbourg.com\\\/#website\"},\"datePublished\":\"2021-07-02T17:20:15+00:00\",\"breadcrumb\":{\"@id\":\"https:\\\/\\\/hierostrasbourg.com\\\/index.php\\\/2021\\\/07\\\/02\\\/etats-generaux-des-festivals-2-cartographie-developpement-durable-et-concentration\\\/#breadcrumb\"},\"inLanguage\":\"fr-FR\",\"potentialAction\":[{\"@type\":\"ReadAction\",\"target\":[\"https:\\\/\\\/hierostrasbourg.com\\\/index.php\\\/2021\\\/07\\\/02\\\/etats-generaux-des-festivals-2-cartographie-developpement-durable-et-concentration\\\/\"]}]},{\"@type\":\"BreadcrumbList\",\"@id\":\"https:\\\/\\\/hierostrasbourg.com\\\/index.php\\\/2021\\\/07\\\/02\\\/etats-generaux-des-festivals-2-cartographie-developpement-durable-et-concentration\\\/#breadcrumb\",\"itemListElement\":[{\"@type\":\"ListItem\",\"position\":1,\"name\":\"Accueil\",\"item\":\"https:\\\/\\\/hierostrasbourg.com\\\/\"},{\"@type\":\"ListItem\",\"position\":2,\"name\":\"\u00c9tats g\u00e9n\u00e9raux des festivals #2 : cartographie, d\u00e9veloppement durable et concentration\"}]},{\"@type\":\"WebSite\",\"@id\":\"https:\\\/\\\/hierostrasbourg.com\\\/#website\",\"url\":\"https:\\\/\\\/hierostrasbourg.com\\\/\",\"name\":\"HIERO STRASBOURG\",\"description\":\"Centre de Ressources Musiques Actuelles\",\"publisher\":{\"@id\":\"https:\\\/\\\/hierostrasbourg.com\\\/#organization\"},\"potentialAction\":[{\"@type\":\"SearchAction\",\"target\":{\"@type\":\"EntryPoint\",\"urlTemplate\":\"https:\\\/\\\/hierostrasbourg.com\\\/?s={search_term_string}\"},\"query-input\":{\"@type\":\"PropertyValueSpecification\",\"valueRequired\":true,\"valueName\":\"search_term_string\"}}],\"inLanguage\":\"fr-FR\"},{\"@type\":\"Organization\",\"@id\":\"https:\\\/\\\/hierostrasbourg.com\\\/#organization\",\"name\":\"F\u00e9d\u00e9ration Hi\u00e9ro Strasbourg\",\"url\":\"https:\\\/\\\/hierostrasbourg.com\\\/\",\"logo\":{\"@type\":\"ImageObject\",\"inLanguage\":\"fr-FR\",\"@id\":\"https:\\\/\\\/hierostrasbourg.com\\\/#\\\/schema\\\/logo\\\/image\\\/\",\"url\":\"https:\\\/\\\/hierostrasbourg.com\\\/wp-content\\\/uploads\\\/2026\\\/04\\\/logo-hiero-strasbourg.jpg\",\"contentUrl\":\"https:\\\/\\\/hierostrasbourg.com\\\/wp-content\\\/uploads\\\/2026\\\/04\\\/logo-hiero-strasbourg.jpg\",\"width\":204,\"height\":192,\"caption\":\"F\u00e9d\u00e9ration Hi\u00e9ro Strasbourg\"},\"image\":{\"@id\":\"https:\\\/\\\/hierostrasbourg.com\\\/#\\\/schema\\\/logo\\\/image\\\/\"},\"sameAs\":[\"https:\\\/\\\/www.facebook.com\\\/fedehierostrasbourg\",\"https:\\\/\\\/x.com\\\/hierostrasbourg\"]}]}<\/script>\n<!-- \/ Yoast SEO plugin. -->","yoast_head_json":{"title":"\u00c9tats g\u00e9n\u00e9raux des festivals #2 : cartographie, d\u00e9veloppement durable et concentration - HIERO STRASBOURG","robots":{"index":"index","follow":"follow","max-snippet":"max-snippet:-1","max-image-preview":"max-image-preview:large","max-video-preview":"max-video-preview:-1"},"canonical":"https:\/\/hierostrasbourg.com\/index.php\/2021\/07\/02\/etats-generaux-des-festivals-2-cartographie-developpement-durable-et-concentration\/","og_locale":"fr_FR","og_type":"article","og_title":"\u00c9tats g\u00e9n\u00e9raux des festivals #2 : cartographie, d\u00e9veloppement durable et concentration - HIERO STRASBOURG","og_description":"Comme elle s\u2019y \u00e9tait engag\u00e9e, Roselyne Bachelot a organis\u00e9 la seconde \u00e9dition des \u00e9tats g\u00e9n\u00e9raux des festivals, qui s\u2019est tenue le 28 juin, \u00e0 l\u2019occasion de la cl\u00f4ture du Printemps de Bourges. La premi\u00e8re \u00e9dition avait eu lieu \u00e0 Avignon les 2 et 3 octobre derniers (voir notre article du 1er octobre 2020). Le contexte est aujourd\u2019hui sensiblement diff\u00e9rent, avec la lev\u00e9e progressive des restrictions sanitaires et malgr\u00e9 l\u2019annulation d\u2019un certain nombre de festivals qui auraient d\u00fb avoir lieu cet [&hellip;]","og_url":"https:\/\/hierostrasbourg.com\/index.php\/2021\/07\/02\/etats-generaux-des-festivals-2-cartographie-developpement-durable-et-concentration\/","og_site_name":"HIERO STRASBOURG","article_publisher":"https:\/\/www.facebook.com\/fedehierostrasbourg","article_published_time":"2021-07-02T17:20:15+00:00","twitter_card":"summary_large_image","twitter_creator":"@hierostrasbourg","twitter_site":"@hierostrasbourg","twitter_misc":{"Dur\u00e9e de lecture estim\u00e9e":"1 minute"},"schema":{"@context":"https:\/\/schema.org","@graph":[{"@type":"Article","@id":"https:\/\/hierostrasbourg.com\/index.php\/2021\/07\/02\/etats-generaux-des-festivals-2-cartographie-developpement-durable-et-concentration\/#article","isPartOf":{"@id":"https:\/\/hierostrasbourg.com\/index.php\/2021\/07\/02\/etats-generaux-des-festivals-2-cartographie-developpement-durable-et-concentration\/"},"author":{"name":"","@id":""},"headline":"\u00c9tats g\u00e9n\u00e9raux des festivals #2 : cartographie, d\u00e9veloppement durable et concentration","datePublished":"2021-07-02T17:20:15+00:00","mainEntityOfPage":{"@id":"https:\/\/hierostrasbourg.com\/index.php\/2021\/07\/02\/etats-generaux-des-festivals-2-cartographie-developpement-durable-et-concentration\/"},"wordCount":188,"publisher":{"@id":"https:\/\/hierostrasbourg.com\/#organization"},"inLanguage":"fr-FR"},{"@type":"WebPage","@id":"https:\/\/hierostrasbourg.com\/index.php\/2021\/07\/02\/etats-generaux-des-festivals-2-cartographie-developpement-durable-et-concentration\/","url":"https:\/\/hierostrasbourg.com\/index.php\/2021\/07\/02\/etats-generaux-des-festivals-2-cartographie-developpement-durable-et-concentration\/","name":"\u00c9tats g\u00e9n\u00e9raux des festivals #2 : cartographie, d\u00e9veloppement durable et concentration - HIERO STRASBOURG","isPartOf":{"@id":"https:\/\/hierostrasbourg.com\/#website"},"datePublished":"2021-07-02T17:20:15+00:00","breadcrumb":{"@id":"https:\/\/hierostrasbourg.com\/index.php\/2021\/07\/02\/etats-generaux-des-festivals-2-cartographie-developpement-durable-et-concentration\/#breadcrumb"},"inLanguage":"fr-FR","potentialAction":[{"@type":"ReadAction","target":["https:\/\/hierostrasbourg.com\/index.php\/2021\/07\/02\/etats-generaux-des-festivals-2-cartographie-developpement-durable-et-concentration\/"]}]},{"@type":"BreadcrumbList","@id":"https:\/\/hierostrasbourg.com\/index.php\/2021\/07\/02\/etats-generaux-des-festivals-2-cartographie-developpement-durable-et-concentration\/#breadcrumb","itemListElement":[{"@type":"ListItem","position":1,"name":"Accueil","item":"https:\/\/hierostrasbourg.com\/"},{"@type":"ListItem","position":2,"name":"\u00c9tats g\u00e9n\u00e9raux des festivals #2 : cartographie, d\u00e9veloppement durable et concentration"}]},{"@type":"WebSite","@id":"https:\/\/hierostrasbourg.com\/#website","url":"https:\/\/hierostrasbourg.com\/","name":"HIERO STRASBOURG","description":"Centre de Ressources Musiques Actuelles","publisher":{"@id":"https:\/\/hierostrasbourg.com\/#organization"},"potentialAction":[{"@type":"SearchAction","target":{"@type":"EntryPoint","urlTemplate":"https:\/\/hierostrasbourg.com\/?s={search_term_string}"},"query-input":{"@type":"PropertyValueSpecification","valueRequired":true,"valueName":"search_term_string"}}],"inLanguage":"fr-FR"},{"@type":"Organization","@id":"https:\/\/hierostrasbourg.com\/#organization","name":"F\u00e9d\u00e9ration Hi\u00e9ro Strasbourg","url":"https:\/\/hierostrasbourg.com\/","logo":{"@type":"ImageObject","inLanguage":"fr-FR","@id":"https:\/\/hierostrasbourg.com\/#\/schema\/logo\/image\/","url":"https:\/\/hierostrasbourg.com\/wp-content\/uploads\/2026\/04\/logo-hiero-strasbourg.jpg","contentUrl":"https:\/\/hierostrasbourg.com\/wp-content\/uploads\/2026\/04\/logo-hiero-strasbourg.jpg","width":204,"height":192,"caption":"F\u00e9d\u00e9ration Hi\u00e9ro Strasbourg"},"image":{"@id":"https:\/\/hierostrasbourg.com\/#\/schema\/logo\/image\/"},"sameAs":["https:\/\/www.facebook.com\/fedehierostrasbourg","https:\/\/x.com\/hierostrasbourg"]}]}},"_links":{"self":[{"href":"https:\/\/hierostrasbourg.com\/index.php\/wp-json\/wp\/v2\/posts\/816","targetHints":{"allow":["GET"]}}],"collection":[{"href":"https:\/\/hierostrasbourg.com\/index.php\/wp-json\/wp\/v2\/posts"}],"about":[{"href":"https:\/\/hierostrasbourg.com\/index.php\/wp-json\/wp\/v2\/types\/post"}],"replies":[{"embeddable":true,"href":"https:\/\/hierostrasbourg.com\/index.php\/wp-json\/wp\/v2\/comments?post=816"}],"version-history":[{"count":0,"href":"https:\/\/hierostrasbourg.com\/index.php\/wp-json\/wp\/v2\/posts\/816\/revisions"}],"wp:attachment":[{"href":"https:\/\/hierostrasbourg.com\/index.php\/wp-json\/wp\/v2\/media?parent=816"}],"wp:term":[{"taxonomy":"category","embeddable":true,"href":"https:\/\/hierostrasbourg.com\/index.php\/wp-json\/wp\/v2\/categories?post=816"},{"taxonomy":"post_tag","embeddable":true,"href":"https:\/\/hierostrasbourg.com\/index.php\/wp-json\/wp\/v2\/tags?post=816"}],"curies":[{"name":"wp","href":"https:\/\/api.w.org\/{rel}","templated":true}]}}