{"id":790,"date":"2021-06-28T17:18:53","date_gmt":"2021-06-28T15:18:53","guid":{"rendered":"https:\/\/hierostrasbourg.com\/index.php\/2021\/06\/28\/face-a-la-contrainte-du-pass-sanitaire-les-festivals-peinent-a-faire-le-plein\/"},"modified":"2021-06-28T17:18:53","modified_gmt":"2021-06-28T15:18:53","slug":"face-a-la-contrainte-du-pass-sanitaire-les-festivals-peinent-a-faire-le-plein","status":"publish","type":"post","link":"https:\/\/hierostrasbourg.com\/index.php\/2021\/06\/28\/face-a-la-contrainte-du-pass-sanitaire-les-festivals-peinent-a-faire-le-plein\/","title":{"rendered":"Face \u00e0 la contrainte du pass sanitaire, les festivals peinent \u00e0 faire le plein"},"content":{"rendered":"<p><em>Les Francofolies et les Vieilles Charrues n\u2019ont toujours pas vendu l\u2019int\u00e9gralit\u00e9 de leurs billets, \u00e0 quelques jours de leur ouverture. Roselyne Bachelot incite \u00e0 r\u00e9server, les festivals \u00e9tant \u00abs\u00e9curis\u00e9s\u00bb.<\/em><\/p>\n<p>Source \/ Lire la suite : <a href=\"https:\/\/www.lefigaro.fr\/culture\/face-a-la-contrainte-du-pass-sanitaire-les-festivals-peinent-a-faire-le-plein-20210628\">Face \u00e0 la contrainte du pass sanitaire, les festivals peinent \u00e0 faire le plein<\/a><\/p>\n<p>L\u2019article <a href=\"https:\/\/popburo.fr\/face-a-la-contrainte-du-pass-sanitaire-les-festivals-peinent-a-faire-le-plein\/\">Face \u00e0 la contrainte du pass sanitaire, les festivals peinent \u00e0 faire le plein<\/a> est apparu en premier sur <a href=\"https:\/\/popburo.fr\/\">POP B\u00dcRO<\/a>.<\/p>\n","protected":false},"excerpt":{"rendered":"<p>Les Francofolies et les Vieilles Charrues n\u2019ont toujours pas vendu l\u2019int\u00e9gralit\u00e9 de leurs billets, \u00e0 quelques jours de leur ouverture. Roselyne Bachelot incite \u00e0 r\u00e9server, les festivals \u00e9tant \u00abs\u00e9curis\u00e9s\u00bb. Source \/ Lire la suite : Face \u00e0 la contrainte du pass sanitaire, les festivals peinent \u00e0 faire le plein L\u2019article Face \u00e0 la contrainte du pass sanitaire, les festivals peinent \u00e0 faire le plein est apparu en premier sur POP B\u00dcRO.<\/p>\n","protected":false},"author":0,"featured_media":0,"comment_status":"closed","ping_status":"open","sticky":false,"template":"","format":"standard","meta":{"footnotes":""},"categories":[1],"tags":[],"class_list":["post-790","post","type-post","status-publish","format-standard","hentry","category-non-classe"],"yoast_head":"<!-- This site is optimized with the Yoast SEO plugin v27.5 - https:\/\/yoast.com\/product\/yoast-seo-wordpress\/ -->\n<title>Face \u00e0 la contrainte du pass sanitaire, les festivals peinent \u00e0 faire le plein - HIERO STRASBOURG<\/title>\n<meta name=\"robots\" content=\"index, follow, max-snippet:-1, max-image-preview:large, max-video-preview:-1\" \/>\n<link rel=\"canonical\" href=\"https:\/\/hierostrasbourg.com\/index.php\/2021\/06\/28\/face-a-la-contrainte-du-pass-sanitaire-les-festivals-peinent-a-faire-le-plein\/\" \/>\n<meta property=\"og:locale\" content=\"fr_FR\" \/>\n<meta property=\"og:type\" content=\"article\" \/>\n<meta property=\"og:title\" content=\"Face \u00e0 la contrainte du pass sanitaire, les festivals peinent \u00e0 faire le plein - HIERO STRASBOURG\" \/>\n<meta property=\"og:description\" content=\"Les Francofolies et les Vieilles Charrues n\u2019ont toujours pas vendu l\u2019int\u00e9gralit\u00e9 de leurs billets, \u00e0 quelques jours de leur ouverture. Roselyne Bachelot incite \u00e0 r\u00e9server, les festivals \u00e9tant \u00abs\u00e9curis\u00e9s\u00bb. Source \/ Lire la suite : Face \u00e0 la contrainte du pass sanitaire, les festivals peinent \u00e0 faire le plein L\u2019article Face \u00e0 la contrainte du pass sanitaire, les festivals peinent \u00e0 faire le plein est apparu en premier sur POP B\u00dcRO.\" \/>\n<meta property=\"og:url\" content=\"https:\/\/hierostrasbourg.com\/index.php\/2021\/06\/28\/face-a-la-contrainte-du-pass-sanitaire-les-festivals-peinent-a-faire-le-plein\/\" \/>\n<meta property=\"og:site_name\" content=\"HIERO STRASBOURG\" \/>\n<meta property=\"article:publisher\" content=\"https:\/\/www.facebook.com\/fedehierostrasbourg\" \/>\n<meta property=\"article:published_time\" content=\"2021-06-28T15:18:53+00:00\" \/>\n<meta name=\"twitter:card\" content=\"summary_large_image\" \/>\n<meta name=\"twitter:creator\" content=\"@hierostrasbourg\" \/>\n<meta name=\"twitter:site\" content=\"@hierostrasbourg\" \/>\n<script type=\"application\/ld+json\" class=\"yoast-schema-graph\">{\"@context\":\"https:\\\/\\\/schema.org\",\"@graph\":[{\"@type\":\"Article\",\"@id\":\"https:\\\/\\\/hierostrasbourg.com\\\/index.php\\\/2021\\\/06\\\/28\\\/face-a-la-contrainte-du-pass-sanitaire-les-festivals-peinent-a-faire-le-plein\\\/#article\",\"isPartOf\":{\"@id\":\"https:\\\/\\\/hierostrasbourg.com\\\/index.php\\\/2021\\\/06\\\/28\\\/face-a-la-contrainte-du-pass-sanitaire-les-festivals-peinent-a-faire-le-plein\\\/\"},\"author\":{\"name\":\"\",\"@id\":\"\"},\"headline\":\"Face \u00e0 la contrainte du pass sanitaire, les festivals peinent \u00e0 faire le plein\",\"datePublished\":\"2021-06-28T15:18:53+00:00\",\"mainEntityOfPage\":{\"@id\":\"https:\\\/\\\/hierostrasbourg.com\\\/index.php\\\/2021\\\/06\\\/28\\\/face-a-la-contrainte-du-pass-sanitaire-les-festivals-peinent-a-faire-le-plein\\\/\"},\"wordCount\":83,\"publisher\":{\"@id\":\"https:\\\/\\\/hierostrasbourg.com\\\/#organization\"},\"inLanguage\":\"fr-FR\"},{\"@type\":\"WebPage\",\"@id\":\"https:\\\/\\\/hierostrasbourg.com\\\/index.php\\\/2021\\\/06\\\/28\\\/face-a-la-contrainte-du-pass-sanitaire-les-festivals-peinent-a-faire-le-plein\\\/\",\"url\":\"https:\\\/\\\/hierostrasbourg.com\\\/index.php\\\/2021\\\/06\\\/28\\\/face-a-la-contrainte-du-pass-sanitaire-les-festivals-peinent-a-faire-le-plein\\\/\",\"name\":\"Face \u00e0 la contrainte du pass sanitaire, les festivals peinent \u00e0 faire le plein - HIERO STRASBOURG\",\"isPartOf\":{\"@id\":\"https:\\\/\\\/hierostrasbourg.com\\\/#website\"},\"datePublished\":\"2021-06-28T15:18:53+00:00\",\"breadcrumb\":{\"@id\":\"https:\\\/\\\/hierostrasbourg.com\\\/index.php\\\/2021\\\/06\\\/28\\\/face-a-la-contrainte-du-pass-sanitaire-les-festivals-peinent-a-faire-le-plein\\\/#breadcrumb\"},\"inLanguage\":\"fr-FR\",\"potentialAction\":[{\"@type\":\"ReadAction\",\"target\":[\"https:\\\/\\\/hierostrasbourg.com\\\/index.php\\\/2021\\\/06\\\/28\\\/face-a-la-contrainte-du-pass-sanitaire-les-festivals-peinent-a-faire-le-plein\\\/\"]}]},{\"@type\":\"BreadcrumbList\",\"@id\":\"https:\\\/\\\/hierostrasbourg.com\\\/index.php\\\/2021\\\/06\\\/28\\\/face-a-la-contrainte-du-pass-sanitaire-les-festivals-peinent-a-faire-le-plein\\\/#breadcrumb\",\"itemListElement\":[{\"@type\":\"ListItem\",\"position\":1,\"name\":\"Accueil\",\"item\":\"https:\\\/\\\/hierostrasbourg.com\\\/\"},{\"@type\":\"ListItem\",\"position\":2,\"name\":\"Face \u00e0 la contrainte du pass sanitaire, les festivals peinent \u00e0 faire le plein\"}]},{\"@type\":\"WebSite\",\"@id\":\"https:\\\/\\\/hierostrasbourg.com\\\/#website\",\"url\":\"https:\\\/\\\/hierostrasbourg.com\\\/\",\"name\":\"HIERO STRASBOURG\",\"description\":\"Centre de Ressources Musiques Actuelles\",\"publisher\":{\"@id\":\"https:\\\/\\\/hierostrasbourg.com\\\/#organization\"},\"potentialAction\":[{\"@type\":\"SearchAction\",\"target\":{\"@type\":\"EntryPoint\",\"urlTemplate\":\"https:\\\/\\\/hierostrasbourg.com\\\/?s={search_term_string}\"},\"query-input\":{\"@type\":\"PropertyValueSpecification\",\"valueRequired\":true,\"valueName\":\"search_term_string\"}}],\"inLanguage\":\"fr-FR\"},{\"@type\":\"Organization\",\"@id\":\"https:\\\/\\\/hierostrasbourg.com\\\/#organization\",\"name\":\"F\u00e9d\u00e9ration Hi\u00e9ro Strasbourg\",\"url\":\"https:\\\/\\\/hierostrasbourg.com\\\/\",\"logo\":{\"@type\":\"ImageObject\",\"inLanguage\":\"fr-FR\",\"@id\":\"https:\\\/\\\/hierostrasbourg.com\\\/#\\\/schema\\\/logo\\\/image\\\/\",\"url\":\"https:\\\/\\\/hierostrasbourg.com\\\/wp-content\\\/uploads\\\/2026\\\/04\\\/logo-hiero-strasbourg.jpg\",\"contentUrl\":\"https:\\\/\\\/hierostrasbourg.com\\\/wp-content\\\/uploads\\\/2026\\\/04\\\/logo-hiero-strasbourg.jpg\",\"width\":204,\"height\":192,\"caption\":\"F\u00e9d\u00e9ration Hi\u00e9ro Strasbourg\"},\"image\":{\"@id\":\"https:\\\/\\\/hierostrasbourg.com\\\/#\\\/schema\\\/logo\\\/image\\\/\"},\"sameAs\":[\"https:\\\/\\\/www.facebook.com\\\/fedehierostrasbourg\",\"https:\\\/\\\/x.com\\\/hierostrasbourg\"]}]}<\/script>\n<!-- \/ Yoast SEO plugin. -->","yoast_head_json":{"title":"Face \u00e0 la contrainte du pass sanitaire, les festivals peinent \u00e0 faire le plein - HIERO STRASBOURG","robots":{"index":"index","follow":"follow","max-snippet":"max-snippet:-1","max-image-preview":"max-image-preview:large","max-video-preview":"max-video-preview:-1"},"canonical":"https:\/\/hierostrasbourg.com\/index.php\/2021\/06\/28\/face-a-la-contrainte-du-pass-sanitaire-les-festivals-peinent-a-faire-le-plein\/","og_locale":"fr_FR","og_type":"article","og_title":"Face \u00e0 la contrainte du pass sanitaire, les festivals peinent \u00e0 faire le plein - HIERO STRASBOURG","og_description":"Les Francofolies et les Vieilles Charrues n\u2019ont toujours pas vendu l\u2019int\u00e9gralit\u00e9 de leurs billets, \u00e0 quelques jours de leur ouverture. Roselyne Bachelot incite \u00e0 r\u00e9server, les festivals \u00e9tant \u00abs\u00e9curis\u00e9s\u00bb. Source \/ Lire la suite : Face \u00e0 la contrainte du pass sanitaire, les festivals peinent \u00e0 faire le plein L\u2019article Face \u00e0 la contrainte du pass sanitaire, les festivals peinent \u00e0 faire le plein est apparu en premier sur POP B\u00dcRO.","og_url":"https:\/\/hierostrasbourg.com\/index.php\/2021\/06\/28\/face-a-la-contrainte-du-pass-sanitaire-les-festivals-peinent-a-faire-le-plein\/","og_site_name":"HIERO STRASBOURG","article_publisher":"https:\/\/www.facebook.com\/fedehierostrasbourg","article_published_time":"2021-06-28T15:18:53+00:00","twitter_card":"summary_large_image","twitter_creator":"@hierostrasbourg","twitter_site":"@hierostrasbourg","schema":{"@context":"https:\/\/schema.org","@graph":[{"@type":"Article","@id":"https:\/\/hierostrasbourg.com\/index.php\/2021\/06\/28\/face-a-la-contrainte-du-pass-sanitaire-les-festivals-peinent-a-faire-le-plein\/#article","isPartOf":{"@id":"https:\/\/hierostrasbourg.com\/index.php\/2021\/06\/28\/face-a-la-contrainte-du-pass-sanitaire-les-festivals-peinent-a-faire-le-plein\/"},"author":{"name":"","@id":""},"headline":"Face \u00e0 la contrainte du pass sanitaire, les festivals peinent \u00e0 faire le plein","datePublished":"2021-06-28T15:18:53+00:00","mainEntityOfPage":{"@id":"https:\/\/hierostrasbourg.com\/index.php\/2021\/06\/28\/face-a-la-contrainte-du-pass-sanitaire-les-festivals-peinent-a-faire-le-plein\/"},"wordCount":83,"publisher":{"@id":"https:\/\/hierostrasbourg.com\/#organization"},"inLanguage":"fr-FR"},{"@type":"WebPage","@id":"https:\/\/hierostrasbourg.com\/index.php\/2021\/06\/28\/face-a-la-contrainte-du-pass-sanitaire-les-festivals-peinent-a-faire-le-plein\/","url":"https:\/\/hierostrasbourg.com\/index.php\/2021\/06\/28\/face-a-la-contrainte-du-pass-sanitaire-les-festivals-peinent-a-faire-le-plein\/","name":"Face \u00e0 la contrainte du pass sanitaire, les festivals peinent \u00e0 faire le plein - HIERO STRASBOURG","isPartOf":{"@id":"https:\/\/hierostrasbourg.com\/#website"},"datePublished":"2021-06-28T15:18:53+00:00","breadcrumb":{"@id":"https:\/\/hierostrasbourg.com\/index.php\/2021\/06\/28\/face-a-la-contrainte-du-pass-sanitaire-les-festivals-peinent-a-faire-le-plein\/#breadcrumb"},"inLanguage":"fr-FR","potentialAction":[{"@type":"ReadAction","target":["https:\/\/hierostrasbourg.com\/index.php\/2021\/06\/28\/face-a-la-contrainte-du-pass-sanitaire-les-festivals-peinent-a-faire-le-plein\/"]}]},{"@type":"BreadcrumbList","@id":"https:\/\/hierostrasbourg.com\/index.php\/2021\/06\/28\/face-a-la-contrainte-du-pass-sanitaire-les-festivals-peinent-a-faire-le-plein\/#breadcrumb","itemListElement":[{"@type":"ListItem","position":1,"name":"Accueil","item":"https:\/\/hierostrasbourg.com\/"},{"@type":"ListItem","position":2,"name":"Face \u00e0 la contrainte du pass sanitaire, les festivals peinent \u00e0 faire le plein"}]},{"@type":"WebSite","@id":"https:\/\/hierostrasbourg.com\/#website","url":"https:\/\/hierostrasbourg.com\/","name":"HIERO STRASBOURG","description":"Centre de Ressources Musiques Actuelles","publisher":{"@id":"https:\/\/hierostrasbourg.com\/#organization"},"potentialAction":[{"@type":"SearchAction","target":{"@type":"EntryPoint","urlTemplate":"https:\/\/hierostrasbourg.com\/?s={search_term_string}"},"query-input":{"@type":"PropertyValueSpecification","valueRequired":true,"valueName":"search_term_string"}}],"inLanguage":"fr-FR"},{"@type":"Organization","@id":"https:\/\/hierostrasbourg.com\/#organization","name":"F\u00e9d\u00e9ration Hi\u00e9ro Strasbourg","url":"https:\/\/hierostrasbourg.com\/","logo":{"@type":"ImageObject","inLanguage":"fr-FR","@id":"https:\/\/hierostrasbourg.com\/#\/schema\/logo\/image\/","url":"https:\/\/hierostrasbourg.com\/wp-content\/uploads\/2026\/04\/logo-hiero-strasbourg.jpg","contentUrl":"https:\/\/hierostrasbourg.com\/wp-content\/uploads\/2026\/04\/logo-hiero-strasbourg.jpg","width":204,"height":192,"caption":"F\u00e9d\u00e9ration Hi\u00e9ro Strasbourg"},"image":{"@id":"https:\/\/hierostrasbourg.com\/#\/schema\/logo\/image\/"},"sameAs":["https:\/\/www.facebook.com\/fedehierostrasbourg","https:\/\/x.com\/hierostrasbourg"]}]}},"_links":{"self":[{"href":"https:\/\/hierostrasbourg.com\/index.php\/wp-json\/wp\/v2\/posts\/790","targetHints":{"allow":["GET"]}}],"collection":[{"href":"https:\/\/hierostrasbourg.com\/index.php\/wp-json\/wp\/v2\/posts"}],"about":[{"href":"https:\/\/hierostrasbourg.com\/index.php\/wp-json\/wp\/v2\/types\/post"}],"replies":[{"embeddable":true,"href":"https:\/\/hierostrasbourg.com\/index.php\/wp-json\/wp\/v2\/comments?post=790"}],"version-history":[{"count":0,"href":"https:\/\/hierostrasbourg.com\/index.php\/wp-json\/wp\/v2\/posts\/790\/revisions"}],"wp:attachment":[{"href":"https:\/\/hierostrasbourg.com\/index.php\/wp-json\/wp\/v2\/media?parent=790"}],"wp:term":[{"taxonomy":"category","embeddable":true,"href":"https:\/\/hierostrasbourg.com\/index.php\/wp-json\/wp\/v2\/categories?post=790"},{"taxonomy":"post_tag","embeddable":true,"href":"https:\/\/hierostrasbourg.com\/index.php\/wp-json\/wp\/v2\/tags?post=790"}],"curies":[{"name":"wp","href":"https:\/\/api.w.org\/{rel}","templated":true}]}}