{"id":769,"date":"2021-06-25T23:19:57","date_gmt":"2021-06-25T21:19:57","guid":{"rendered":"https:\/\/hierostrasbourg.com\/index.php\/2021\/06\/25\/fonds-de-soutien-exceptionnel-aux-festivals\/"},"modified":"2021-06-25T23:19:57","modified_gmt":"2021-06-25T21:19:57","slug":"fonds-de-soutien-exceptionnel-aux-festivals","status":"publish","type":"post","link":"https:\/\/hierostrasbourg.com\/index.php\/2021\/06\/25\/fonds-de-soutien-exceptionnel-aux-festivals\/","title":{"rendered":"Fonds de soutien exceptionnel aux festivals"},"content":{"rendered":"<div class=\"wp-block-melonpan-block-container\">\n<div class=\"mbc-container mbc-padding_top-20 mbc-padding_bottom-20 mbc-padding_left-20 mbc-padding_right-20 mbc-padding_top_small_screen-20 mbc-padding_bottom_small_screen-20 mbc-padding_left_small_screen-20 mbc-padding_right_small_screen-20\">\n<div class=\"mbc-content mbc-content_maxwidth-800 mbc-content_align-center\">\n<p class=\"is-style-chapo\">Ce fonds exceptionnel vise \u00e0 soutenir les festivals de spectacles de musique et de vari\u00e9t\u00e9s, qui se d\u00e9rouleront au cours du printemps et de l\u2019\u00e9t\u00e9 2021 et dont les d\u00e9penses et recettes sont impact\u00e9es par les mesures sanitaires.<\/p>\n<\/div>\n<\/div>\n<\/div>\n<div class=\"wp-block-columns\">\n<div class=\"wp-block-column\">\n<p>Il a pour objet de compenser les pertes d\u2019exploitation des organisateurs ayant maintenu leur manifestation, en d\u00e9pit des contraintes et suj\u00e9tions sanitaires (interdiction d\u2019accueillir le public debout, limitation de jauge en valeur absolue et relative, etc.).<\/p>\n<h3>Date de la\u00a0 commissions\u00a0 : 21 juillet (date limite de d\u00e9p\u00f4t : 01 juillet)<\/h3>\n<h2>B\u00e9n\u00e9ficiaires de l\u2019aide<\/h2>\n<p>Cette aide est destin\u00e9e aux organisateurs de festivals de musique et de vari\u00e9t\u00e9s qui, en d\u00e9pit des cons\u00e9quences des mesures sanitaires sur leurs d\u00e9penses et leurs recettes, maintiennent leur manifestation dans un format adapt\u00e9.<\/p>\n<h2>Crit\u00e8res d\u2019\u00e9ligibilit\u00e9<\/h2>\n<div class=\"wp-block-pb-accordion-item c-accordion__item js-accordion-item\">\n<h4 class=\"c-accordion__title js-accordion-controller\">Crit\u00e8res d\u2019\u00e9ligibilit\u00e9 du demandeur<\/h4>\n<div class=\"wp-block-column\">\n<div class=\"wp-block-pb-accordion-item c-accordion__item js-accordion-item is-open is-read\">\n<div class=\"c-accordion__content\">\n<p>Pour acc\u00e9der \u00e0 l\u2019aide, le demandeur doit :<br \/>\n\u2022 respecter les conditions g\u00e9n\u00e9rales d\u2019acc\u00e8s aux aides du CNM ;<br \/>\n\u2022 \u00eatre titulaire du r\u00e9c\u00e9piss\u00e9 \u00e9quivalent \u00e0 la licence 3 d\u2019entrepreneur de spectacles ;<br \/>\n\u2022 justifier d\u2019une activit\u00e9, dans le champ du spectacle de musique et de vari\u00e9t\u00e9s, effective depuis une date ant\u00e9rieure au 1er\u00a0mars 2020 ;<br \/>\n\u2022 \u00eatre responsable de la billetterie de la manifestation objet de la demande.<\/p>\n<\/div>\n<\/div>\n<div class=\"wp-block-pb-accordion-item c-accordion__item js-accordion-item\">\n<h4 class=\"c-accordion__title js-accordion-controller\">Crit\u00e8res d\u2019\u00e9ligibilit\u00e9 de la manifestation<\/h4>\n<p>Pour \u00eatre \u00e9ligible, la manifestation doit :<br \/>\n\u2022 ne pas \u00eatre une premi\u00e8re \u00e9dition ;<br \/>\n\u2022 pr\u00e9senter une programmation relevant du champ d\u2019activit\u00e9 du CNM : musique, toutes esth\u00e9tiques confondues et vari\u00e9t\u00e9s, pour au moins 2\/3 des propositions artistiques ;<br \/>\n\u2022 d\u00e9buter entre le 15 mai et le 30 septembre 2021 ;<br \/>\n\u2022 disposer d\u2019une majorit\u00e9 de spectateurs payants.<\/p>\n<\/div>\n<h2>Montant et plafonnement de l\u2019aide<\/h2>\n<p>Le montant de l\u2019aide est d\u00e9termin\u00e9 en fonction des pertes d\u2019exploitation pr\u00e9visionnelles, puis r\u00e9alis\u00e9es, de la manifestation objet de la demande. Il peut \u00eatre ajust\u00e9 au regard du faisceau de crit\u00e8res d\u2019appr\u00e9ciation.<br \/>\nCes pertes d\u2019exploitation correspondent \u00e0 la diff\u00e9rence entre les produits d\u2019exploitation, int\u00e9grant les aides publiques (y compris Fonds de solidarit\u00e9) et les charges d\u2019exploitation li\u00e9s \u00e0 la manifestation.<\/p>\n<p>La quote-part des pertes d\u2019exploitation inf\u00e9rieure \u00e0 235 000 \u20ac peut \u00eatre couverte \u00e0 hauteur de 85 %, dans la limite d\u2019une compensation de 200 000 \u20ac.<br \/>\nLa quote-part des pertes d\u2019exploitation \u00e9gale ou sup\u00e9rieure \u00e0 235 000 \u20ac peut \u00eatre couverte \u00e0 hauteur de 50 % dans la limite d\u2019une compensation compl\u00e9mentaire de 200 000 \u20ac.<br \/>\nL\u2019aide totale ne pourra pas d\u00e9passer 400 000 \u20ac.<br \/>\nLa subvention sera, le cas \u00e9ch\u00e9ant, ajust\u00e9e sur la base du budget ex\u00e9cut\u00e9 et du r\u00e9sultat d\u2019exploitation constat\u00e9, notamment au regard des d\u00e9penses effectives, de la r\u00e9alit\u00e9 des pertes de billetterie et de recettes annexes (bars, restaurants, etc.), ainsi que des aides publiques obtenues par ailleurs.<\/p>\n<h2>Modalit\u00e9s de d\u00e9p\u00f4t de la demande d\u2019aide<\/h2>\n<p>Il est possible de demander une aide pour une manifestation termin\u00e9e avant la date de d\u00e9p\u00f4t des dossiers, sous r\u00e9serve qu\u2019elle ait \u00e9t\u00e9 organis\u00e9e entre le 15 mai et le 30 septembre 2021.<br \/>\nLe dossier de demande d\u2019aide doit \u00eatre d\u00e9pos\u00e9 sur le site extranet du CNM.<br \/>\nLa composition du dossier de demande d\u2019aide est d\u00e9taill\u00e9e sur le site extranet du CNM <a href=\"https:\/\/monespace.cnm.fr\/\">monespace.cnm.fr\/<\/a>.<br \/>\nAucun dossier incomplet ne pourra \u00eatre trait\u00e9.<\/p>\n<h2>Analyse de l\u2019\u00e9ligibilit\u00e9 des dossiers de demande<\/h2>\n<p>Les demandes sont instruites par les services du CNM, qui v\u00e9rifient que les crit\u00e8res de recevabilit\u00e9 sont r\u00e9unis et que les dossiers sont complets.<\/p>\n<div class=\"wp-block-buttons\">\n<div class=\"wp-block-button is-style-full\"><a class=\"wp-block-button__link\" href=\"https:\/\/monespace.cnm.fr\/login\">Demande en ligne<\/a><\/div>\n<\/div>\n<div class=\"wp-block-buttons\">\n<div class=\"wp-block-button is-style-full\"><a class=\"wp-block-button__link\" href=\"https:\/\/cnm.fr\/lespace-personnel-du-centre-national-de-la-musique-evolue\/\">Comment cr\u00e9er votre espace personnel<\/a><\/div>\n<\/div>\n<div class=\"wp-block-buttons\">\n<div class=\"wp-block-button is-style-full\"><a class=\"wp-block-button__link\" href=\"mailto:%20festivals@cnm.fr\">Contact<\/a><\/div>\n<\/div>\n<div class=\"wp-block-buttons\">\n<div class=\"wp-block-button is-style-download\"><a class=\"wp-block-button__link\" href=\"https:\/\/cnm.fr\/wp-content\/uploads\/2021\/06\/CNM-Reglement-general-des-aides-28mai2021.pdf\">R\u00e8glement g\u00e9n\u00e9ral des aides du CNM<\/a><\/div>\n<\/div>\n<\/div>\n<\/div>\n<div class=\"wp-block-pb-accordion-item c-accordion__item js-accordion-item\">\n<h4 class=\"c-accordion__title js-accordion-controller\">Crit\u00e8res d\u2019\u00e9ligibilit\u00e9 de la manifestation<\/h4>\n<\/div>\n<h2>Montant et plafonnement de l\u2019aide<\/h2>\n<p>Le montant de l\u2019aide est d\u00e9termin\u00e9 en fonction des pertes d\u2019exploitation pr\u00e9visionnelles, puis r\u00e9alis\u00e9es, de la manifestation objet de la demande. Il peut \u00eatre ajust\u00e9 au regard du faisceau de crit\u00e8res d\u2019appr\u00e9ciation.<br \/>\nCes pertes d\u2019exploitation correspondent \u00e0 la diff\u00e9rence entre les produits d\u2019exploitation, int\u00e9grant les aides publiques (y compris Fonds de solidarit\u00e9) et les charges d\u2019exploitation li\u00e9s \u00e0 la manifestation.<\/p>\n<p>La quote-part des pertes d\u2019exploitation inf\u00e9rieure \u00e0 235 000 \u20ac peut \u00eatre couverte \u00e0 hauteur de 85 %, dans la limite d\u2019une compensation de 200 000 \u20ac.<br \/>\nLa quote-part des pertes d\u2019exploitation \u00e9gale ou sup\u00e9rieure \u00e0 235 000 \u20ac peut \u00eatre couverte \u00e0 hauteur de 50 % dans la limite d\u2019une compensation compl\u00e9mentaire de 200 000 \u20ac.<br \/>\nL\u2019aide totale ne pourra pas d\u00e9passer 400 000 \u20ac.<br \/>\nLa subvention sera, le cas \u00e9ch\u00e9ant, ajust\u00e9e sur la base du budget ex\u00e9cut\u00e9 et du r\u00e9sultat d\u2019exploitation constat\u00e9, notamment au regard des d\u00e9penses effectives, de la r\u00e9alit\u00e9 des pertes de billetterie et de recettes annexes (bars, restaurants, etc.), ainsi que des aides publiques obtenues par ailleurs.<\/p>\n<h2>Modalit\u00e9s de d\u00e9p\u00f4t de la demande d\u2019aide<\/h2>\n<p>Il est possible de demander une aide pour une manifestation termin\u00e9e avant la date de d\u00e9p\u00f4t des dossiers, sous r\u00e9serve qu\u2019elle ait \u00e9t\u00e9 organis\u00e9e entre le 15 mai et le 30 septembre 2021.<br \/>\nLe dossier de demande d\u2019aide doit \u00eatre d\u00e9pos\u00e9 sur le site extranet du CNM.<br \/>\nLa composition du dossier de demande d\u2019aide est d\u00e9taill\u00e9e sur le site extranet du CNM <a href=\"https:\/\/monespace.cnm.fr\/\">monespace.cnm.fr\/<\/a>.<br \/>\nAucun dossier incomplet ne pourra \u00eatre trait\u00e9.<\/p>\n<h2>Analyse de l\u2019\u00e9ligibilit\u00e9 des dossiers de demande<\/h2>\n<p>Les demandes sont instruites par les services du CNM, qui v\u00e9rifient que les crit\u00e8res de recevabilit\u00e9 sont r\u00e9unis et que les dossiers sont complets.<\/p>\n<div class=\"wp-block-buttons\">\n<div class=\"wp-block-button is-style-full\"><a class=\"wp-block-button__link\" href=\"https:\/\/monespace.cnm.fr\/login\">Demande en ligne<\/a><\/div>\n<\/div>\n<div class=\"wp-block-buttons\">\n<div class=\"wp-block-button is-style-full\"><a class=\"wp-block-button__link\" href=\"https:\/\/cnm.fr\/lespace-personnel-du-centre-national-de-la-musique-evolue\/\">Comment cr\u00e9er votre espace personnel<\/a><\/div>\n<\/div>\n<div class=\"wp-block-buttons\">\n<div class=\"wp-block-button is-style-full\"><a class=\"wp-block-button__link\" href=\"mailto:%20festivals@cnm.fr\">Contact<\/a><\/div>\n<\/div>\n<div class=\"wp-block-buttons\">\n<div class=\"wp-block-button is-style-download\"><a class=\"wp-block-button__link\" href=\"https:\/\/cnm.fr\/wp-content\/uploads\/2021\/06\/CNM-Reglement-general-des-aides-28mai2021.pdf\">R\u00e8glement g\u00e9n\u00e9ral des aides du CNM<\/a><\/div>\n<\/div>\n<\/div>\n<\/div>\n<p>L\u2019article <a href=\"https:\/\/popburo.fr\/fonds-de-soutien-exceptionnel-aux-festivals\/\">Fonds de soutien exceptionnel aux festivals<\/a> est apparu en premier sur <a href=\"https:\/\/popburo.fr\/\">POP B\u00dcRO<\/a>.<\/p>\n","protected":false},"excerpt":{"rendered":"<p>Ce fonds exceptionnel vise \u00e0 soutenir les festivals de spectacles de musique et de vari\u00e9t\u00e9s, qui se d\u00e9rouleront au cours du printemps et de l\u2019\u00e9t\u00e9 2021 et dont les d\u00e9penses et recettes sont impact\u00e9es par les mesures sanitaires. Il a pour objet de compenser les pertes d\u2019exploitation des organisateurs ayant maintenu leur manifestation, en d\u00e9pit des contraintes et suj\u00e9tions sanitaires (interdiction d\u2019accueillir le public debout, limitation de jauge en valeur absolue et relative, etc.). Date de la\u00a0 commissions\u00a0 : 21 [&hellip;]<\/p>\n","protected":false},"author":0,"featured_media":0,"comment_status":"closed","ping_status":"open","sticky":false,"template":"","format":"standard","meta":{"footnotes":""},"categories":[1],"tags":[],"class_list":["post-769","post","type-post","status-publish","format-standard","hentry","category-non-classe"],"yoast_head":"<!-- This site is optimized with the Yoast SEO plugin v27.5 - https:\/\/yoast.com\/product\/yoast-seo-wordpress\/ -->\n<title>Fonds de soutien exceptionnel aux festivals - HIERO STRASBOURG<\/title>\n<meta name=\"robots\" content=\"index, follow, max-snippet:-1, max-image-preview:large, max-video-preview:-1\" \/>\n<link rel=\"canonical\" href=\"https:\/\/hierostrasbourg.com\/index.php\/2021\/06\/25\/fonds-de-soutien-exceptionnel-aux-festivals\/\" \/>\n<meta property=\"og:locale\" content=\"fr_FR\" \/>\n<meta property=\"og:type\" content=\"article\" \/>\n<meta property=\"og:title\" content=\"Fonds de soutien exceptionnel aux festivals - HIERO STRASBOURG\" \/>\n<meta property=\"og:description\" content=\"Ce fonds exceptionnel vise \u00e0 soutenir les festivals de spectacles de musique et de vari\u00e9t\u00e9s, qui se d\u00e9rouleront au cours du printemps et de l\u2019\u00e9t\u00e9 2021 et dont les d\u00e9penses et recettes sont impact\u00e9es par les mesures sanitaires. Il a pour objet de compenser les pertes d\u2019exploitation des organisateurs ayant maintenu leur manifestation, en d\u00e9pit des contraintes et suj\u00e9tions sanitaires (interdiction d\u2019accueillir le public debout, limitation de jauge en valeur absolue et relative, etc.). Date de la\u00a0 commissions\u00a0 : 21 [&hellip;]\" \/>\n<meta property=\"og:url\" content=\"https:\/\/hierostrasbourg.com\/index.php\/2021\/06\/25\/fonds-de-soutien-exceptionnel-aux-festivals\/\" \/>\n<meta property=\"og:site_name\" content=\"HIERO STRASBOURG\" \/>\n<meta property=\"article:publisher\" content=\"https:\/\/www.facebook.com\/fedehierostrasbourg\" \/>\n<meta property=\"article:published_time\" content=\"2021-06-25T21:19:57+00:00\" \/>\n<meta name=\"twitter:card\" content=\"summary_large_image\" \/>\n<meta name=\"twitter:creator\" content=\"@hierostrasbourg\" \/>\n<meta name=\"twitter:site\" content=\"@hierostrasbourg\" \/>\n<meta name=\"twitter:label1\" content=\"Dur\u00e9e de lecture estim\u00e9e\" \/>\n\t<meta name=\"twitter:data1\" content=\"5 minutes\" \/>\n<script type=\"application\/ld+json\" class=\"yoast-schema-graph\">{\"@context\":\"https:\\\/\\\/schema.org\",\"@graph\":[{\"@type\":\"Article\",\"@id\":\"https:\\\/\\\/hierostrasbourg.com\\\/index.php\\\/2021\\\/06\\\/25\\\/fonds-de-soutien-exceptionnel-aux-festivals\\\/#article\",\"isPartOf\":{\"@id\":\"https:\\\/\\\/hierostrasbourg.com\\\/index.php\\\/2021\\\/06\\\/25\\\/fonds-de-soutien-exceptionnel-aux-festivals\\\/\"},\"author\":{\"name\":\"\",\"@id\":\"\"},\"headline\":\"Fonds de soutien exceptionnel aux festivals\",\"datePublished\":\"2021-06-25T21:19:57+00:00\",\"mainEntityOfPage\":{\"@id\":\"https:\\\/\\\/hierostrasbourg.com\\\/index.php\\\/2021\\\/06\\\/25\\\/fonds-de-soutien-exceptionnel-aux-festivals\\\/\"},\"wordCount\":969,\"publisher\":{\"@id\":\"https:\\\/\\\/hierostrasbourg.com\\\/#organization\"},\"inLanguage\":\"fr-FR\"},{\"@type\":\"WebPage\",\"@id\":\"https:\\\/\\\/hierostrasbourg.com\\\/index.php\\\/2021\\\/06\\\/25\\\/fonds-de-soutien-exceptionnel-aux-festivals\\\/\",\"url\":\"https:\\\/\\\/hierostrasbourg.com\\\/index.php\\\/2021\\\/06\\\/25\\\/fonds-de-soutien-exceptionnel-aux-festivals\\\/\",\"name\":\"Fonds de soutien exceptionnel aux festivals - HIERO STRASBOURG\",\"isPartOf\":{\"@id\":\"https:\\\/\\\/hierostrasbourg.com\\\/#website\"},\"datePublished\":\"2021-06-25T21:19:57+00:00\",\"breadcrumb\":{\"@id\":\"https:\\\/\\\/hierostrasbourg.com\\\/index.php\\\/2021\\\/06\\\/25\\\/fonds-de-soutien-exceptionnel-aux-festivals\\\/#breadcrumb\"},\"inLanguage\":\"fr-FR\",\"potentialAction\":[{\"@type\":\"ReadAction\",\"target\":[\"https:\\\/\\\/hierostrasbourg.com\\\/index.php\\\/2021\\\/06\\\/25\\\/fonds-de-soutien-exceptionnel-aux-festivals\\\/\"]}]},{\"@type\":\"BreadcrumbList\",\"@id\":\"https:\\\/\\\/hierostrasbourg.com\\\/index.php\\\/2021\\\/06\\\/25\\\/fonds-de-soutien-exceptionnel-aux-festivals\\\/#breadcrumb\",\"itemListElement\":[{\"@type\":\"ListItem\",\"position\":1,\"name\":\"Accueil\",\"item\":\"https:\\\/\\\/hierostrasbourg.com\\\/\"},{\"@type\":\"ListItem\",\"position\":2,\"name\":\"Fonds de soutien exceptionnel aux festivals\"}]},{\"@type\":\"WebSite\",\"@id\":\"https:\\\/\\\/hierostrasbourg.com\\\/#website\",\"url\":\"https:\\\/\\\/hierostrasbourg.com\\\/\",\"name\":\"HIERO STRASBOURG\",\"description\":\"Centre de Ressources Musiques Actuelles\",\"publisher\":{\"@id\":\"https:\\\/\\\/hierostrasbourg.com\\\/#organization\"},\"potentialAction\":[{\"@type\":\"SearchAction\",\"target\":{\"@type\":\"EntryPoint\",\"urlTemplate\":\"https:\\\/\\\/hierostrasbourg.com\\\/?s={search_term_string}\"},\"query-input\":{\"@type\":\"PropertyValueSpecification\",\"valueRequired\":true,\"valueName\":\"search_term_string\"}}],\"inLanguage\":\"fr-FR\"},{\"@type\":\"Organization\",\"@id\":\"https:\\\/\\\/hierostrasbourg.com\\\/#organization\",\"name\":\"F\u00e9d\u00e9ration Hi\u00e9ro Strasbourg\",\"url\":\"https:\\\/\\\/hierostrasbourg.com\\\/\",\"logo\":{\"@type\":\"ImageObject\",\"inLanguage\":\"fr-FR\",\"@id\":\"https:\\\/\\\/hierostrasbourg.com\\\/#\\\/schema\\\/logo\\\/image\\\/\",\"url\":\"https:\\\/\\\/hierostrasbourg.com\\\/wp-content\\\/uploads\\\/2026\\\/04\\\/logo-hiero-strasbourg.jpg\",\"contentUrl\":\"https:\\\/\\\/hierostrasbourg.com\\\/wp-content\\\/uploads\\\/2026\\\/04\\\/logo-hiero-strasbourg.jpg\",\"width\":204,\"height\":192,\"caption\":\"F\u00e9d\u00e9ration Hi\u00e9ro Strasbourg\"},\"image\":{\"@id\":\"https:\\\/\\\/hierostrasbourg.com\\\/#\\\/schema\\\/logo\\\/image\\\/\"},\"sameAs\":[\"https:\\\/\\\/www.facebook.com\\\/fedehierostrasbourg\",\"https:\\\/\\\/x.com\\\/hierostrasbourg\"]}]}<\/script>\n<!-- \/ Yoast SEO plugin. -->","yoast_head_json":{"title":"Fonds de soutien exceptionnel aux festivals - HIERO STRASBOURG","robots":{"index":"index","follow":"follow","max-snippet":"max-snippet:-1","max-image-preview":"max-image-preview:large","max-video-preview":"max-video-preview:-1"},"canonical":"https:\/\/hierostrasbourg.com\/index.php\/2021\/06\/25\/fonds-de-soutien-exceptionnel-aux-festivals\/","og_locale":"fr_FR","og_type":"article","og_title":"Fonds de soutien exceptionnel aux festivals - HIERO STRASBOURG","og_description":"Ce fonds exceptionnel vise \u00e0 soutenir les festivals de spectacles de musique et de vari\u00e9t\u00e9s, qui se d\u00e9rouleront au cours du printemps et de l\u2019\u00e9t\u00e9 2021 et dont les d\u00e9penses et recettes sont impact\u00e9es par les mesures sanitaires. Il a pour objet de compenser les pertes d\u2019exploitation des organisateurs ayant maintenu leur manifestation, en d\u00e9pit des contraintes et suj\u00e9tions sanitaires (interdiction d\u2019accueillir le public debout, limitation de jauge en valeur absolue et relative, etc.). Date de la\u00a0 commissions\u00a0 : 21 [&hellip;]","og_url":"https:\/\/hierostrasbourg.com\/index.php\/2021\/06\/25\/fonds-de-soutien-exceptionnel-aux-festivals\/","og_site_name":"HIERO STRASBOURG","article_publisher":"https:\/\/www.facebook.com\/fedehierostrasbourg","article_published_time":"2021-06-25T21:19:57+00:00","twitter_card":"summary_large_image","twitter_creator":"@hierostrasbourg","twitter_site":"@hierostrasbourg","twitter_misc":{"Dur\u00e9e de lecture estim\u00e9e":"5 minutes"},"schema":{"@context":"https:\/\/schema.org","@graph":[{"@type":"Article","@id":"https:\/\/hierostrasbourg.com\/index.php\/2021\/06\/25\/fonds-de-soutien-exceptionnel-aux-festivals\/#article","isPartOf":{"@id":"https:\/\/hierostrasbourg.com\/index.php\/2021\/06\/25\/fonds-de-soutien-exceptionnel-aux-festivals\/"},"author":{"name":"","@id":""},"headline":"Fonds de soutien exceptionnel aux festivals","datePublished":"2021-06-25T21:19:57+00:00","mainEntityOfPage":{"@id":"https:\/\/hierostrasbourg.com\/index.php\/2021\/06\/25\/fonds-de-soutien-exceptionnel-aux-festivals\/"},"wordCount":969,"publisher":{"@id":"https:\/\/hierostrasbourg.com\/#organization"},"inLanguage":"fr-FR"},{"@type":"WebPage","@id":"https:\/\/hierostrasbourg.com\/index.php\/2021\/06\/25\/fonds-de-soutien-exceptionnel-aux-festivals\/","url":"https:\/\/hierostrasbourg.com\/index.php\/2021\/06\/25\/fonds-de-soutien-exceptionnel-aux-festivals\/","name":"Fonds de soutien exceptionnel aux festivals - HIERO STRASBOURG","isPartOf":{"@id":"https:\/\/hierostrasbourg.com\/#website"},"datePublished":"2021-06-25T21:19:57+00:00","breadcrumb":{"@id":"https:\/\/hierostrasbourg.com\/index.php\/2021\/06\/25\/fonds-de-soutien-exceptionnel-aux-festivals\/#breadcrumb"},"inLanguage":"fr-FR","potentialAction":[{"@type":"ReadAction","target":["https:\/\/hierostrasbourg.com\/index.php\/2021\/06\/25\/fonds-de-soutien-exceptionnel-aux-festivals\/"]}]},{"@type":"BreadcrumbList","@id":"https:\/\/hierostrasbourg.com\/index.php\/2021\/06\/25\/fonds-de-soutien-exceptionnel-aux-festivals\/#breadcrumb","itemListElement":[{"@type":"ListItem","position":1,"name":"Accueil","item":"https:\/\/hierostrasbourg.com\/"},{"@type":"ListItem","position":2,"name":"Fonds de soutien exceptionnel aux festivals"}]},{"@type":"WebSite","@id":"https:\/\/hierostrasbourg.com\/#website","url":"https:\/\/hierostrasbourg.com\/","name":"HIERO STRASBOURG","description":"Centre de Ressources Musiques Actuelles","publisher":{"@id":"https:\/\/hierostrasbourg.com\/#organization"},"potentialAction":[{"@type":"SearchAction","target":{"@type":"EntryPoint","urlTemplate":"https:\/\/hierostrasbourg.com\/?s={search_term_string}"},"query-input":{"@type":"PropertyValueSpecification","valueRequired":true,"valueName":"search_term_string"}}],"inLanguage":"fr-FR"},{"@type":"Organization","@id":"https:\/\/hierostrasbourg.com\/#organization","name":"F\u00e9d\u00e9ration Hi\u00e9ro Strasbourg","url":"https:\/\/hierostrasbourg.com\/","logo":{"@type":"ImageObject","inLanguage":"fr-FR","@id":"https:\/\/hierostrasbourg.com\/#\/schema\/logo\/image\/","url":"https:\/\/hierostrasbourg.com\/wp-content\/uploads\/2026\/04\/logo-hiero-strasbourg.jpg","contentUrl":"https:\/\/hierostrasbourg.com\/wp-content\/uploads\/2026\/04\/logo-hiero-strasbourg.jpg","width":204,"height":192,"caption":"F\u00e9d\u00e9ration Hi\u00e9ro Strasbourg"},"image":{"@id":"https:\/\/hierostrasbourg.com\/#\/schema\/logo\/image\/"},"sameAs":["https:\/\/www.facebook.com\/fedehierostrasbourg","https:\/\/x.com\/hierostrasbourg"]}]}},"_links":{"self":[{"href":"https:\/\/hierostrasbourg.com\/index.php\/wp-json\/wp\/v2\/posts\/769","targetHints":{"allow":["GET"]}}],"collection":[{"href":"https:\/\/hierostrasbourg.com\/index.php\/wp-json\/wp\/v2\/posts"}],"about":[{"href":"https:\/\/hierostrasbourg.com\/index.php\/wp-json\/wp\/v2\/types\/post"}],"replies":[{"embeddable":true,"href":"https:\/\/hierostrasbourg.com\/index.php\/wp-json\/wp\/v2\/comments?post=769"}],"version-history":[{"count":0,"href":"https:\/\/hierostrasbourg.com\/index.php\/wp-json\/wp\/v2\/posts\/769\/revisions"}],"wp:attachment":[{"href":"https:\/\/hierostrasbourg.com\/index.php\/wp-json\/wp\/v2\/media?parent=769"}],"wp:term":[{"taxonomy":"category","embeddable":true,"href":"https:\/\/hierostrasbourg.com\/index.php\/wp-json\/wp\/v2\/categories?post=769"},{"taxonomy":"post_tag","embeddable":true,"href":"https:\/\/hierostrasbourg.com\/index.php\/wp-json\/wp\/v2\/tags?post=769"}],"curies":[{"name":"wp","href":"https:\/\/api.w.org\/{rel}","templated":true}]}}