{"id":768,"date":"2021-06-25T23:19:57","date_gmt":"2021-06-25T21:19:57","guid":{"rendered":"https:\/\/hierostrasbourg.com\/index.php\/2021\/06\/25\/urgencess-le-fonds-dedie-aux-associations-et-entreprises-de-leconomie-sociale-et-solidaire-de-1-a-10-salaries\/"},"modified":"2021-06-25T23:19:57","modified_gmt":"2021-06-25T21:19:57","slug":"urgencess-le-fonds-dedie-aux-associations-et-entreprises-de-leconomie-sociale-et-solidaire-de-1-a-10-salaries","status":"publish","type":"post","link":"https:\/\/hierostrasbourg.com\/index.php\/2021\/06\/25\/urgencess-le-fonds-dedie-aux-associations-et-entreprises-de-leconomie-sociale-et-solidaire-de-1-a-10-salaries\/","title":{"rendered":"UrgencESS Le fonds d\u00e9di\u00e9 aux associations et entreprises de l\u2019\u00c9conomie sociale et solidaire de 1 \u00e0 10 salari\u00e9s"},"content":{"rendered":"<div class=\"da02p9-2 bDWEtg\">\n<h2 class=\"da02p9-8 UwcCi\">Pourquoi ?<\/h2>\n<p class=\"da02p9-9 lkmyst\">Vous \u00eates une entreprise de l\u2019\u00c9conomie sociale et solidaire et vous rencontrez des difficult\u00e9s li\u00e9es \u00e0 la crise. Afin de pr\u00e9server les emplois de votre structure, vous pouvez b\u00e9n\u00e9ficier d\u2019une aide ponctuelle de l\u2019\u00c9tat :<\/p>\n<p>Prime de 5000 \u20ac \u2013 Structure de 1 \u00e0 3 salari\u00e9s<br \/>\nPrime de 8000 \u20ac \u2013 Structure de 4 \u00e0\u00a0<strong>10 salari\u00e9s<\/strong><\/p>\n<h2 class=\"da02p9-8 UwcCi\">Pour qui ?<\/h2>\n<p class=\"da02p9-9 lkmyst\">Les structures de 1 \u00e0\u00a0<strong>10 salari\u00e9s<\/strong>\u00a0:<\/p>\n<p>associations,<br \/>\ncoop\u00e9ratives,<br \/>\nentreprises b\u00e9n\u00e9ficiant de l\u2019agr\u00e9ment ESUS,<br \/>\nentreprises du champ de l\u2019insertion par l\u2019activit\u00e9 \u00e9conomique,<br \/>\nentreprises ayant inscrit les principes de l\u2019ESS dans leurs statuts.<\/p>\n<\/div>\n<h2 class=\"da02p9-8 UwcCi\">Comment ?<\/h2>\n<div class=\"da02p9-10 itDrfD\">\n<div class=\"da02p9-11 rvNtK\">\n<p>Nous vous invitons \u00e0 remplir le formulaire ci-dessous.<br \/>\nUn conseiller France Active prend contact avec vous pour \u00e9tudier la situation \u00e9conomique et financi\u00e8re de votre structure et diagnostiquer l\u2019impact de la crise sur votre activit\u00e9.<br \/>\nApr\u00e8s analyse de votre dossier, l\u2019aide pourra vous \u00eatre accord\u00e9e dans un d\u00e9lai de 15 jours.<\/p>\n<h2 class=\"sc-1dk8xf7-1 fBKsFb\">Vous souhaitez b\u00e9n\u00e9ficier du fonds UrgencESS ?<\/h2>\n<\/div>\n<div class=\"sc-1dk8xf7-2 jMZinI\"><a class=\"maxbutton-1 maxbutton maxbutton-inscription\" href=\"https:\/\/www.urgence-ess.fr\/\"><span class=\"mb-text\">CLIQUEZ ICI<\/span><\/a><\/div>\n<\/div>\n<p>L\u2019article <a href=\"https:\/\/popburo.fr\/urgencess-le-fonds-dedie-aux-associations-et-entreprises-de-leconomie-sociale-et-solidaire-de-1-a-10-salaries\/\">UrgencESS Le fonds d\u00e9di\u00e9 aux associations et entreprises de l\u2019\u00c9conomie sociale et solidaire de 1 \u00e0 10 salari\u00e9s<\/a> est apparu en premier sur <a href=\"https:\/\/popburo.fr\/\">POP B\u00dcRO<\/a>.<\/p>\n","protected":false},"excerpt":{"rendered":"<p>Pourquoi ? Vous \u00eates une entreprise de l\u2019\u00c9conomie sociale et solidaire et vous rencontrez des difficult\u00e9s li\u00e9es \u00e0 la crise. Afin de pr\u00e9server les emplois de votre structure, vous pouvez b\u00e9n\u00e9ficier d\u2019une aide ponctuelle de l\u2019\u00c9tat : Prime de 5000 \u20ac \u2013 Structure de 1 \u00e0 3 salari\u00e9s Prime de 8000 \u20ac \u2013 Structure de 4 \u00e0\u00a010 salari\u00e9s Pour qui ? Les structures de 1 \u00e0\u00a010 salari\u00e9s\u00a0: associations, coop\u00e9ratives, entreprises b\u00e9n\u00e9ficiant de l\u2019agr\u00e9ment ESUS, entreprises du champ de l\u2019insertion par [&hellip;]<\/p>\n","protected":false},"author":0,"featured_media":0,"comment_status":"closed","ping_status":"open","sticky":false,"template":"","format":"standard","meta":{"footnotes":""},"categories":[1],"tags":[],"class_list":["post-768","post","type-post","status-publish","format-standard","hentry","category-non-classe"],"yoast_head":"<!-- This site is optimized with the Yoast SEO plugin v27.5 - https:\/\/yoast.com\/product\/yoast-seo-wordpress\/ -->\n<title>UrgencESS Le fonds d\u00e9di\u00e9 aux associations et entreprises de l\u2019\u00c9conomie sociale et solidaire de 1 \u00e0 10 salari\u00e9s - HIERO STRASBOURG<\/title>\n<meta name=\"robots\" content=\"index, follow, max-snippet:-1, max-image-preview:large, max-video-preview:-1\" \/>\n<link rel=\"canonical\" href=\"https:\/\/hierostrasbourg.com\/index.php\/2021\/06\/25\/urgencess-le-fonds-dedie-aux-associations-et-entreprises-de-leconomie-sociale-et-solidaire-de-1-a-10-salaries\/\" \/>\n<meta property=\"og:locale\" content=\"fr_FR\" \/>\n<meta property=\"og:type\" content=\"article\" \/>\n<meta property=\"og:title\" content=\"UrgencESS Le fonds d\u00e9di\u00e9 aux associations et entreprises de l\u2019\u00c9conomie sociale et solidaire de 1 \u00e0 10 salari\u00e9s - HIERO STRASBOURG\" \/>\n<meta property=\"og:description\" content=\"Pourquoi ? Vous \u00eates une entreprise de l\u2019\u00c9conomie sociale et solidaire et vous rencontrez des difficult\u00e9s li\u00e9es \u00e0 la crise. Afin de pr\u00e9server les emplois de votre structure, vous pouvez b\u00e9n\u00e9ficier d\u2019une aide ponctuelle de l\u2019\u00c9tat : Prime de 5000 \u20ac \u2013 Structure de 1 \u00e0 3 salari\u00e9s Prime de 8000 \u20ac \u2013 Structure de 4 \u00e0\u00a010 salari\u00e9s Pour qui ? Les structures de 1 \u00e0\u00a010 salari\u00e9s\u00a0: associations, coop\u00e9ratives, entreprises b\u00e9n\u00e9ficiant de l\u2019agr\u00e9ment ESUS, entreprises du champ de l\u2019insertion par [&hellip;]\" \/>\n<meta property=\"og:url\" content=\"https:\/\/hierostrasbourg.com\/index.php\/2021\/06\/25\/urgencess-le-fonds-dedie-aux-associations-et-entreprises-de-leconomie-sociale-et-solidaire-de-1-a-10-salaries\/\" \/>\n<meta property=\"og:site_name\" content=\"HIERO STRASBOURG\" \/>\n<meta property=\"article:publisher\" content=\"https:\/\/www.facebook.com\/fedehierostrasbourg\" \/>\n<meta property=\"article:published_time\" content=\"2021-06-25T21:19:57+00:00\" \/>\n<meta name=\"twitter:card\" content=\"summary_large_image\" \/>\n<meta name=\"twitter:creator\" content=\"@hierostrasbourg\" \/>\n<meta name=\"twitter:site\" content=\"@hierostrasbourg\" \/>\n<meta name=\"twitter:label1\" content=\"Dur\u00e9e de lecture estim\u00e9e\" \/>\n\t<meta name=\"twitter:data1\" content=\"1 minute\" \/>\n<script type=\"application\/ld+json\" class=\"yoast-schema-graph\">{\"@context\":\"https:\\\/\\\/schema.org\",\"@graph\":[{\"@type\":\"Article\",\"@id\":\"https:\\\/\\\/hierostrasbourg.com\\\/index.php\\\/2021\\\/06\\\/25\\\/urgencess-le-fonds-dedie-aux-associations-et-entreprises-de-leconomie-sociale-et-solidaire-de-1-a-10-salaries\\\/#article\",\"isPartOf\":{\"@id\":\"https:\\\/\\\/hierostrasbourg.com\\\/index.php\\\/2021\\\/06\\\/25\\\/urgencess-le-fonds-dedie-aux-associations-et-entreprises-de-leconomie-sociale-et-solidaire-de-1-a-10-salaries\\\/\"},\"author\":{\"name\":\"\",\"@id\":\"\"},\"headline\":\"UrgencESS Le fonds d\u00e9di\u00e9 aux associations et entreprises de l\u2019\u00c9conomie sociale et solidaire de 1 \u00e0 10 salari\u00e9s\",\"datePublished\":\"2021-06-25T21:19:57+00:00\",\"mainEntityOfPage\":{\"@id\":\"https:\\\/\\\/hierostrasbourg.com\\\/index.php\\\/2021\\\/06\\\/25\\\/urgencess-le-fonds-dedie-aux-associations-et-entreprises-de-leconomie-sociale-et-solidaire-de-1-a-10-salaries\\\/\"},\"wordCount\":206,\"publisher\":{\"@id\":\"https:\\\/\\\/hierostrasbourg.com\\\/#organization\"},\"inLanguage\":\"fr-FR\"},{\"@type\":\"WebPage\",\"@id\":\"https:\\\/\\\/hierostrasbourg.com\\\/index.php\\\/2021\\\/06\\\/25\\\/urgencess-le-fonds-dedie-aux-associations-et-entreprises-de-leconomie-sociale-et-solidaire-de-1-a-10-salaries\\\/\",\"url\":\"https:\\\/\\\/hierostrasbourg.com\\\/index.php\\\/2021\\\/06\\\/25\\\/urgencess-le-fonds-dedie-aux-associations-et-entreprises-de-leconomie-sociale-et-solidaire-de-1-a-10-salaries\\\/\",\"name\":\"UrgencESS Le fonds d\u00e9di\u00e9 aux associations et entreprises de l\u2019\u00c9conomie sociale et solidaire de 1 \u00e0 10 salari\u00e9s - HIERO STRASBOURG\",\"isPartOf\":{\"@id\":\"https:\\\/\\\/hierostrasbourg.com\\\/#website\"},\"datePublished\":\"2021-06-25T21:19:57+00:00\",\"breadcrumb\":{\"@id\":\"https:\\\/\\\/hierostrasbourg.com\\\/index.php\\\/2021\\\/06\\\/25\\\/urgencess-le-fonds-dedie-aux-associations-et-entreprises-de-leconomie-sociale-et-solidaire-de-1-a-10-salaries\\\/#breadcrumb\"},\"inLanguage\":\"fr-FR\",\"potentialAction\":[{\"@type\":\"ReadAction\",\"target\":[\"https:\\\/\\\/hierostrasbourg.com\\\/index.php\\\/2021\\\/06\\\/25\\\/urgencess-le-fonds-dedie-aux-associations-et-entreprises-de-leconomie-sociale-et-solidaire-de-1-a-10-salaries\\\/\"]}]},{\"@type\":\"BreadcrumbList\",\"@id\":\"https:\\\/\\\/hierostrasbourg.com\\\/index.php\\\/2021\\\/06\\\/25\\\/urgencess-le-fonds-dedie-aux-associations-et-entreprises-de-leconomie-sociale-et-solidaire-de-1-a-10-salaries\\\/#breadcrumb\",\"itemListElement\":[{\"@type\":\"ListItem\",\"position\":1,\"name\":\"Accueil\",\"item\":\"https:\\\/\\\/hierostrasbourg.com\\\/\"},{\"@type\":\"ListItem\",\"position\":2,\"name\":\"UrgencESS Le fonds d\u00e9di\u00e9 aux associations et entreprises de l\u2019\u00c9conomie sociale et solidaire de 1 \u00e0 10 salari\u00e9s\"}]},{\"@type\":\"WebSite\",\"@id\":\"https:\\\/\\\/hierostrasbourg.com\\\/#website\",\"url\":\"https:\\\/\\\/hierostrasbourg.com\\\/\",\"name\":\"HIERO STRASBOURG\",\"description\":\"Centre de Ressources Musiques Actuelles\",\"publisher\":{\"@id\":\"https:\\\/\\\/hierostrasbourg.com\\\/#organization\"},\"potentialAction\":[{\"@type\":\"SearchAction\",\"target\":{\"@type\":\"EntryPoint\",\"urlTemplate\":\"https:\\\/\\\/hierostrasbourg.com\\\/?s={search_term_string}\"},\"query-input\":{\"@type\":\"PropertyValueSpecification\",\"valueRequired\":true,\"valueName\":\"search_term_string\"}}],\"inLanguage\":\"fr-FR\"},{\"@type\":\"Organization\",\"@id\":\"https:\\\/\\\/hierostrasbourg.com\\\/#organization\",\"name\":\"F\u00e9d\u00e9ration Hi\u00e9ro Strasbourg\",\"url\":\"https:\\\/\\\/hierostrasbourg.com\\\/\",\"logo\":{\"@type\":\"ImageObject\",\"inLanguage\":\"fr-FR\",\"@id\":\"https:\\\/\\\/hierostrasbourg.com\\\/#\\\/schema\\\/logo\\\/image\\\/\",\"url\":\"https:\\\/\\\/hierostrasbourg.com\\\/wp-content\\\/uploads\\\/2026\\\/04\\\/logo-hiero-strasbourg.jpg\",\"contentUrl\":\"https:\\\/\\\/hierostrasbourg.com\\\/wp-content\\\/uploads\\\/2026\\\/04\\\/logo-hiero-strasbourg.jpg\",\"width\":204,\"height\":192,\"caption\":\"F\u00e9d\u00e9ration Hi\u00e9ro Strasbourg\"},\"image\":{\"@id\":\"https:\\\/\\\/hierostrasbourg.com\\\/#\\\/schema\\\/logo\\\/image\\\/\"},\"sameAs\":[\"https:\\\/\\\/www.facebook.com\\\/fedehierostrasbourg\",\"https:\\\/\\\/x.com\\\/hierostrasbourg\"]}]}<\/script>\n<!-- \/ Yoast SEO plugin. -->","yoast_head_json":{"title":"UrgencESS Le fonds d\u00e9di\u00e9 aux associations et entreprises de l\u2019\u00c9conomie sociale et solidaire de 1 \u00e0 10 salari\u00e9s - HIERO STRASBOURG","robots":{"index":"index","follow":"follow","max-snippet":"max-snippet:-1","max-image-preview":"max-image-preview:large","max-video-preview":"max-video-preview:-1"},"canonical":"https:\/\/hierostrasbourg.com\/index.php\/2021\/06\/25\/urgencess-le-fonds-dedie-aux-associations-et-entreprises-de-leconomie-sociale-et-solidaire-de-1-a-10-salaries\/","og_locale":"fr_FR","og_type":"article","og_title":"UrgencESS Le fonds d\u00e9di\u00e9 aux associations et entreprises de l\u2019\u00c9conomie sociale et solidaire de 1 \u00e0 10 salari\u00e9s - HIERO STRASBOURG","og_description":"Pourquoi ? Vous \u00eates une entreprise de l\u2019\u00c9conomie sociale et solidaire et vous rencontrez des difficult\u00e9s li\u00e9es \u00e0 la crise. Afin de pr\u00e9server les emplois de votre structure, vous pouvez b\u00e9n\u00e9ficier d\u2019une aide ponctuelle de l\u2019\u00c9tat : Prime de 5000 \u20ac \u2013 Structure de 1 \u00e0 3 salari\u00e9s Prime de 8000 \u20ac \u2013 Structure de 4 \u00e0\u00a010 salari\u00e9s Pour qui ? Les structures de 1 \u00e0\u00a010 salari\u00e9s\u00a0: associations, coop\u00e9ratives, entreprises b\u00e9n\u00e9ficiant de l\u2019agr\u00e9ment ESUS, entreprises du champ de l\u2019insertion par [&hellip;]","og_url":"https:\/\/hierostrasbourg.com\/index.php\/2021\/06\/25\/urgencess-le-fonds-dedie-aux-associations-et-entreprises-de-leconomie-sociale-et-solidaire-de-1-a-10-salaries\/","og_site_name":"HIERO STRASBOURG","article_publisher":"https:\/\/www.facebook.com\/fedehierostrasbourg","article_published_time":"2021-06-25T21:19:57+00:00","twitter_card":"summary_large_image","twitter_creator":"@hierostrasbourg","twitter_site":"@hierostrasbourg","twitter_misc":{"Dur\u00e9e de lecture estim\u00e9e":"1 minute"},"schema":{"@context":"https:\/\/schema.org","@graph":[{"@type":"Article","@id":"https:\/\/hierostrasbourg.com\/index.php\/2021\/06\/25\/urgencess-le-fonds-dedie-aux-associations-et-entreprises-de-leconomie-sociale-et-solidaire-de-1-a-10-salaries\/#article","isPartOf":{"@id":"https:\/\/hierostrasbourg.com\/index.php\/2021\/06\/25\/urgencess-le-fonds-dedie-aux-associations-et-entreprises-de-leconomie-sociale-et-solidaire-de-1-a-10-salaries\/"},"author":{"name":"","@id":""},"headline":"UrgencESS Le fonds d\u00e9di\u00e9 aux associations et entreprises de l\u2019\u00c9conomie sociale et solidaire de 1 \u00e0 10 salari\u00e9s","datePublished":"2021-06-25T21:19:57+00:00","mainEntityOfPage":{"@id":"https:\/\/hierostrasbourg.com\/index.php\/2021\/06\/25\/urgencess-le-fonds-dedie-aux-associations-et-entreprises-de-leconomie-sociale-et-solidaire-de-1-a-10-salaries\/"},"wordCount":206,"publisher":{"@id":"https:\/\/hierostrasbourg.com\/#organization"},"inLanguage":"fr-FR"},{"@type":"WebPage","@id":"https:\/\/hierostrasbourg.com\/index.php\/2021\/06\/25\/urgencess-le-fonds-dedie-aux-associations-et-entreprises-de-leconomie-sociale-et-solidaire-de-1-a-10-salaries\/","url":"https:\/\/hierostrasbourg.com\/index.php\/2021\/06\/25\/urgencess-le-fonds-dedie-aux-associations-et-entreprises-de-leconomie-sociale-et-solidaire-de-1-a-10-salaries\/","name":"UrgencESS Le fonds d\u00e9di\u00e9 aux associations et entreprises de l\u2019\u00c9conomie sociale et solidaire de 1 \u00e0 10 salari\u00e9s - HIERO STRASBOURG","isPartOf":{"@id":"https:\/\/hierostrasbourg.com\/#website"},"datePublished":"2021-06-25T21:19:57+00:00","breadcrumb":{"@id":"https:\/\/hierostrasbourg.com\/index.php\/2021\/06\/25\/urgencess-le-fonds-dedie-aux-associations-et-entreprises-de-leconomie-sociale-et-solidaire-de-1-a-10-salaries\/#breadcrumb"},"inLanguage":"fr-FR","potentialAction":[{"@type":"ReadAction","target":["https:\/\/hierostrasbourg.com\/index.php\/2021\/06\/25\/urgencess-le-fonds-dedie-aux-associations-et-entreprises-de-leconomie-sociale-et-solidaire-de-1-a-10-salaries\/"]}]},{"@type":"BreadcrumbList","@id":"https:\/\/hierostrasbourg.com\/index.php\/2021\/06\/25\/urgencess-le-fonds-dedie-aux-associations-et-entreprises-de-leconomie-sociale-et-solidaire-de-1-a-10-salaries\/#breadcrumb","itemListElement":[{"@type":"ListItem","position":1,"name":"Accueil","item":"https:\/\/hierostrasbourg.com\/"},{"@type":"ListItem","position":2,"name":"UrgencESS Le fonds d\u00e9di\u00e9 aux associations et entreprises de l\u2019\u00c9conomie sociale et solidaire de 1 \u00e0 10 salari\u00e9s"}]},{"@type":"WebSite","@id":"https:\/\/hierostrasbourg.com\/#website","url":"https:\/\/hierostrasbourg.com\/","name":"HIERO STRASBOURG","description":"Centre de Ressources Musiques Actuelles","publisher":{"@id":"https:\/\/hierostrasbourg.com\/#organization"},"potentialAction":[{"@type":"SearchAction","target":{"@type":"EntryPoint","urlTemplate":"https:\/\/hierostrasbourg.com\/?s={search_term_string}"},"query-input":{"@type":"PropertyValueSpecification","valueRequired":true,"valueName":"search_term_string"}}],"inLanguage":"fr-FR"},{"@type":"Organization","@id":"https:\/\/hierostrasbourg.com\/#organization","name":"F\u00e9d\u00e9ration Hi\u00e9ro Strasbourg","url":"https:\/\/hierostrasbourg.com\/","logo":{"@type":"ImageObject","inLanguage":"fr-FR","@id":"https:\/\/hierostrasbourg.com\/#\/schema\/logo\/image\/","url":"https:\/\/hierostrasbourg.com\/wp-content\/uploads\/2026\/04\/logo-hiero-strasbourg.jpg","contentUrl":"https:\/\/hierostrasbourg.com\/wp-content\/uploads\/2026\/04\/logo-hiero-strasbourg.jpg","width":204,"height":192,"caption":"F\u00e9d\u00e9ration Hi\u00e9ro Strasbourg"},"image":{"@id":"https:\/\/hierostrasbourg.com\/#\/schema\/logo\/image\/"},"sameAs":["https:\/\/www.facebook.com\/fedehierostrasbourg","https:\/\/x.com\/hierostrasbourg"]}]}},"_links":{"self":[{"href":"https:\/\/hierostrasbourg.com\/index.php\/wp-json\/wp\/v2\/posts\/768","targetHints":{"allow":["GET"]}}],"collection":[{"href":"https:\/\/hierostrasbourg.com\/index.php\/wp-json\/wp\/v2\/posts"}],"about":[{"href":"https:\/\/hierostrasbourg.com\/index.php\/wp-json\/wp\/v2\/types\/post"}],"replies":[{"embeddable":true,"href":"https:\/\/hierostrasbourg.com\/index.php\/wp-json\/wp\/v2\/comments?post=768"}],"version-history":[{"count":0,"href":"https:\/\/hierostrasbourg.com\/index.php\/wp-json\/wp\/v2\/posts\/768\/revisions"}],"wp:attachment":[{"href":"https:\/\/hierostrasbourg.com\/index.php\/wp-json\/wp\/v2\/media?parent=768"}],"wp:term":[{"taxonomy":"category","embeddable":true,"href":"https:\/\/hierostrasbourg.com\/index.php\/wp-json\/wp\/v2\/categories?post=768"},{"taxonomy":"post_tag","embeddable":true,"href":"https:\/\/hierostrasbourg.com\/index.php\/wp-json\/wp\/v2\/tags?post=768"}],"curies":[{"name":"wp","href":"https:\/\/api.w.org\/{rel}","templated":true}]}}