{"id":767,"date":"2021-06-25T22:24:31","date_gmt":"2021-06-25T20:24:31","guid":{"rendered":"https:\/\/hierostrasbourg.com\/index.php\/2021\/06\/25\/les-festivals-de-musiques-actuelles-face-au-covid-19\/"},"modified":"2021-06-25T22:24:31","modified_gmt":"2021-06-25T20:24:31","slug":"les-festivals-de-musiques-actuelles-face-au-covid-19","status":"publish","type":"post","link":"https:\/\/hierostrasbourg.com\/index.php\/2021\/06\/25\/les-festivals-de-musiques-actuelles-face-au-covid-19\/","title":{"rendered":"Les festivals de musiques actuelles face au Covid 19"},"content":{"rendered":"<h2>Avant propos<\/h2>\n<p>Cette \u00e9tude sur l\u2019impact de la crise sanitaire sur les festivals de musiques actuelles a \u00e9t\u00e9 men\u00e9e sur quatre mois par huit \u00e9tudiantes du master Management des Institutions Culturelles et des Industries Multim\u00e9dia de l\u2019\u00e9cole de commerce nantaise Audencia Business School.<\/p>\n<p>L\u2019\u00e9tude a \u00e9t\u00e9 commandit\u00e9e par le directeur du festival Les Escales, G\u00e9rald Chabaud, dans un contexte exceptionnel de crise sanitaire provoqu\u00e9e par la Covid-19.<\/p>\n<p>L\u2019analyse a \u00e9t\u00e9 tout particuli\u00e8rement difficile en raison de l\u2019incertitude des mesures gouvernementales et de l\u2019\u00e9volution impr\u00e9visible de la crise sanitaire.<\/p>\n<p>Notre r\u00e9flexion s\u2019est donc port\u00e9e sur l\u2019impact de la crise sur l\u2019ensemble des acteurs des festivals de musiques actuelles, aussi bien sur les organisateurs, les artistes, les intermittents, les prestataires, les festivaliers ou sur les politiques culturelles. \u00c0 travers cette \u00e9tude, nous avons essay\u00e9 de dessiner diff\u00e9rents sc\u00e9narios et de donner des cl\u00e9s pour permettre aux festivals de s\u2019adapter au mieux aux futures restructurations et dynamiques du secteur.<\/p>\n<h2>Introduction<\/h2>\n<p>Toutes les donn\u00e9es le montrent, 2019 a \u00e9t\u00e9 l\u2019ann\u00e9e de tous les records pour les festivals en France. C\u2019est donc avec d\u2019autant plus de force que la crise sanitaire a stopp\u00e9 net cette progression avec l\u2019annulation de la plupart des festivals en 2020. D\u2019une croissance exponentielle \u00e0 tous les niveaux sur les dix derni\u00e8res ann\u00e9es, les festivals passent \u00e0 une ann\u00e9e blanche, dont l\u2019absence d\u2019activit\u00e9 semble se reconduire, du moins en partie, pour l\u2019ann\u00e9e 2021. Cette crise sanitaire est notamment frappante par ses particularit\u00e9s.<br \/>\nSon impr\u00e9visibilit\u00e9 bouleverse toute l\u2019organisation des festivals, qui se base sur une chronologie et un r\u00e9troplanning pr\u00e9cis n\u00e9cessitant des mois de pr\u00e9paration en amont.<\/p>\n<p>Ainsi, au d\u00e9but de l\u2019ann\u00e9e 2021, plusieurs interrogations ressortent massivement de la part des acteurs des festivals. Tout d\u2019abord, la plus importante : les \u00e9ditions des festivals pr\u00e9vues en 2021 auront-elles lieu ?<br \/>\nEnsuite, est-ce que les festivals auront les moyens suffisants pour r\u00e9aliser l\u2019\u00e9v\u00e8nement ? Les festivaliers voudront-ils revenir ? Jusqu\u2019\u00e0 quand la crise va-t-elle durer ? Serait-ce la fin des festivals tels que nous les connaissons ?<br \/>\nParmi toutes ces interrogations, une certitude semble cependant s\u2019imposer : plus que les festivals, ce sont toutes les parties prenantes du secteur qui sont touch\u00e9es par la crise.<\/p>\n<p>Afin de comprendre l\u2019impact de la crise sanitaire engendr\u00e9e sur les parties prenantes des festivals, et imaginer quels seraient les sc\u00e9narios possibles dans cet \u00e9cosyst\u00e8me \u00e0 court et moyen terme, les questions suivantes ont guid\u00e9 notre recherche et nos r\u00e9flexions :<\/p>\n<p>En premier lieu, nous avons dress\u00e9 un \u00e9tat des lieux des probl\u00e9matiques des festivals de musiques actuelles en 2019, afin de cerner les probl\u00e9matiques et les enjeux provoqu\u00e9s et mis en lumi\u00e8re par la crise sanitaire. Dans un second temps, nous avons \u00e9tudi\u00e9 l\u2019impact \u00e0 court-terme de la crise sur les festivals en 2020 et d\u00e9but 2021, ainsi que sur leurs parties prenantes. Enfin, nous avons essay\u00e9 de visualiser l\u2019impact de la crise sur les festivals au long-terme, et de d\u00e9terminer les restructurations possibles dans cet \u00e9cosyst\u00e8me.<\/p>\n<\/p>\n<div class=\"ead-preview\">\n<div class=\"ead-document\">\n<div class=\"ead-iframe-wrapper\"><\/div>\n<div class=\"ead-document-loading\">\n<div class=\"ead-loading-wrap\">\n<div class=\"ead-loading-main\">\n<div class=\"ead-loading\">\n\t\t\t\t\t\t\t<span>En cours de chargement\u2026<\/span>\n\t\t\t\t\t\t<\/div>\n<\/p><\/div>\n<div class=\"ead-loading-foot\">\n<div class=\"ead-loading-foot-title\">\n\t\t\t\t\t\t\t<span>Cela prend trop de temps\u00a0?<\/span>\n\t\t\t\t\t\t<\/div>\n<\/p>\n<div class=\"ead-document-btn ead-reload-btn\">\n\t\t\t\t\t\t\t\t Recharger le document\t\t\t\t\t\t\t<\/div>\n<p>\t\t\t\t\t\t\t<span>|<\/span><br \/>\n\t\t\t\t\t\t\t<a href=\"https:\/\/musiquesactuelles.net\/wp-content\/uploads\/2020\/12\/presentation-les-festivals-de-musiques-.pdf\" class=\"ead-document-btn\"><br \/>\n\t\t\t\t\t\t\t\t Ouvrir dans un nouvel onglet\t\t\t\t\t\t\t<\/a>\n\t\t\t\t\t<\/div>\n<\/p><\/div>\n<\/p><\/div>\n<\/p><\/div>\n<p class=\"embed_download\"><a href=\"https:\/\/musiquesactuelles.net\/wp-content\/uploads\/2020\/12\/presentation-les-festivals-de-musiques-.pdf\">\ufeffT\u00e9l\u00e9charger [2.34 MB] <\/a><\/p>\n<\/div>\n<div class=\"ead-preview\">\n<div class=\"ead-document\">\n<div class=\"ead-iframe-wrapper\"><\/div>\n<div class=\"ead-document-loading\">\n<div class=\"ead-loading-wrap\">\n<div class=\"ead-loading-main\">\n<div class=\"ead-loading\">\n\t\t\t\t\t\t\t<span>En cours de chargement\u2026<\/span>\n\t\t\t\t\t\t<\/div>\n<\/p><\/div>\n<div class=\"ead-loading-foot\">\n<div class=\"ead-loading-foot-title\">\n\t\t\t\t\t\t\t<span>Cela prend trop de temps\u00a0?<\/span>\n\t\t\t\t\t\t<\/div>\n<\/p>\n<div class=\"ead-document-btn ead-reload-btn\">\n\t\t\t\t\t\t\t\t Recharger le document\t\t\t\t\t\t\t<\/div>\n<p>\t\t\t\t\t\t\t<span>|<\/span><br \/>\n\t\t\t\t\t\t\t<a href=\"https:\/\/musiquesactuelles.net\/wp-content\/uploads\/2020\/12\/dossier-festival-de-musique-final-3.pdf\" class=\"ead-document-btn\"><br \/>\n\t\t\t\t\t\t\t\t Ouvrir dans un nouvel onglet\t\t\t\t\t\t\t<\/a>\n\t\t\t\t\t<\/div>\n<\/p><\/div>\n<\/p><\/div>\n<\/p><\/div>\n<p class=\"embed_download\"><a href=\"https:\/\/musiquesactuelles.net\/wp-content\/uploads\/2020\/12\/dossier-festival-de-musique-final-3.pdf\">\ufeffT\u00e9l\u00e9charger [3.18 MB] <\/a><\/p>\n<\/div>\n<p>L\u2019article <a href=\"https:\/\/popburo.fr\/les-festivals-de-musiques-actuelles-face-au-covid-19\/\">Les festivals de musiques actuelles face au Covid 19<\/a> est apparu en premier sur <a href=\"https:\/\/popburo.fr\/\">POP B\u00dcRO<\/a>.<\/p>\n","protected":false},"excerpt":{"rendered":"<p>Avant propos Cette \u00e9tude sur l\u2019impact de la crise sanitaire sur les festivals de musiques actuelles a \u00e9t\u00e9 men\u00e9e sur quatre mois par huit \u00e9tudiantes du master Management des Institutions Culturelles et des Industries Multim\u00e9dia de l\u2019\u00e9cole de commerce nantaise Audencia Business School. L\u2019\u00e9tude a \u00e9t\u00e9 commandit\u00e9e par le directeur du festival Les Escales, G\u00e9rald Chabaud, dans un contexte exceptionnel de crise sanitaire provoqu\u00e9e par la Covid-19. L\u2019analyse a \u00e9t\u00e9 tout particuli\u00e8rement difficile en raison de l\u2019incertitude des mesures gouvernementales [&hellip;]<\/p>\n","protected":false},"author":0,"featured_media":0,"comment_status":"closed","ping_status":"open","sticky":false,"template":"","format":"standard","meta":{"footnotes":""},"categories":[1],"tags":[],"class_list":["post-767","post","type-post","status-publish","format-standard","hentry","category-non-classe"],"yoast_head":"<!-- This site is optimized with the Yoast SEO plugin v27.5 - https:\/\/yoast.com\/product\/yoast-seo-wordpress\/ -->\n<title>Les festivals de musiques actuelles face au Covid 19 - HIERO STRASBOURG<\/title>\n<meta name=\"robots\" content=\"index, follow, max-snippet:-1, max-image-preview:large, max-video-preview:-1\" \/>\n<link rel=\"canonical\" href=\"https:\/\/hierostrasbourg.com\/index.php\/2021\/06\/25\/les-festivals-de-musiques-actuelles-face-au-covid-19\/\" \/>\n<meta property=\"og:locale\" content=\"fr_FR\" \/>\n<meta property=\"og:type\" content=\"article\" \/>\n<meta property=\"og:title\" content=\"Les festivals de musiques actuelles face au Covid 19 - HIERO STRASBOURG\" \/>\n<meta property=\"og:description\" content=\"Avant propos Cette \u00e9tude sur l\u2019impact de la crise sanitaire sur les festivals de musiques actuelles a \u00e9t\u00e9 men\u00e9e sur quatre mois par huit \u00e9tudiantes du master Management des Institutions Culturelles et des Industries Multim\u00e9dia de l\u2019\u00e9cole de commerce nantaise Audencia Business School. L\u2019\u00e9tude a \u00e9t\u00e9 commandit\u00e9e par le directeur du festival Les Escales, G\u00e9rald Chabaud, dans un contexte exceptionnel de crise sanitaire provoqu\u00e9e par la Covid-19. L\u2019analyse a \u00e9t\u00e9 tout particuli\u00e8rement difficile en raison de l\u2019incertitude des mesures gouvernementales [&hellip;]\" \/>\n<meta property=\"og:url\" content=\"https:\/\/hierostrasbourg.com\/index.php\/2021\/06\/25\/les-festivals-de-musiques-actuelles-face-au-covid-19\/\" \/>\n<meta property=\"og:site_name\" content=\"HIERO STRASBOURG\" \/>\n<meta property=\"article:publisher\" content=\"https:\/\/www.facebook.com\/fedehierostrasbourg\" \/>\n<meta property=\"article:published_time\" content=\"2021-06-25T20:24:31+00:00\" \/>\n<meta name=\"twitter:card\" content=\"summary_large_image\" \/>\n<meta name=\"twitter:creator\" content=\"@hierostrasbourg\" \/>\n<meta name=\"twitter:site\" content=\"@hierostrasbourg\" \/>\n<meta name=\"twitter:label1\" content=\"Dur\u00e9e de lecture estim\u00e9e\" \/>\n\t<meta name=\"twitter:data1\" content=\"3 minutes\" \/>\n<script type=\"application\/ld+json\" class=\"yoast-schema-graph\">{\"@context\":\"https:\\\/\\\/schema.org\",\"@graph\":[{\"@type\":\"Article\",\"@id\":\"https:\\\/\\\/hierostrasbourg.com\\\/index.php\\\/2021\\\/06\\\/25\\\/les-festivals-de-musiques-actuelles-face-au-covid-19\\\/#article\",\"isPartOf\":{\"@id\":\"https:\\\/\\\/hierostrasbourg.com\\\/index.php\\\/2021\\\/06\\\/25\\\/les-festivals-de-musiques-actuelles-face-au-covid-19\\\/\"},\"author\":{\"name\":\"\",\"@id\":\"\"},\"headline\":\"Les festivals de musiques actuelles face au Covid 19\",\"datePublished\":\"2021-06-25T20:24:31+00:00\",\"mainEntityOfPage\":{\"@id\":\"https:\\\/\\\/hierostrasbourg.com\\\/index.php\\\/2021\\\/06\\\/25\\\/les-festivals-de-musiques-actuelles-face-au-covid-19\\\/\"},\"wordCount\":604,\"publisher\":{\"@id\":\"https:\\\/\\\/hierostrasbourg.com\\\/#organization\"},\"inLanguage\":\"fr-FR\"},{\"@type\":\"WebPage\",\"@id\":\"https:\\\/\\\/hierostrasbourg.com\\\/index.php\\\/2021\\\/06\\\/25\\\/les-festivals-de-musiques-actuelles-face-au-covid-19\\\/\",\"url\":\"https:\\\/\\\/hierostrasbourg.com\\\/index.php\\\/2021\\\/06\\\/25\\\/les-festivals-de-musiques-actuelles-face-au-covid-19\\\/\",\"name\":\"Les festivals de musiques actuelles face au Covid 19 - HIERO STRASBOURG\",\"isPartOf\":{\"@id\":\"https:\\\/\\\/hierostrasbourg.com\\\/#website\"},\"datePublished\":\"2021-06-25T20:24:31+00:00\",\"breadcrumb\":{\"@id\":\"https:\\\/\\\/hierostrasbourg.com\\\/index.php\\\/2021\\\/06\\\/25\\\/les-festivals-de-musiques-actuelles-face-au-covid-19\\\/#breadcrumb\"},\"inLanguage\":\"fr-FR\",\"potentialAction\":[{\"@type\":\"ReadAction\",\"target\":[\"https:\\\/\\\/hierostrasbourg.com\\\/index.php\\\/2021\\\/06\\\/25\\\/les-festivals-de-musiques-actuelles-face-au-covid-19\\\/\"]}]},{\"@type\":\"BreadcrumbList\",\"@id\":\"https:\\\/\\\/hierostrasbourg.com\\\/index.php\\\/2021\\\/06\\\/25\\\/les-festivals-de-musiques-actuelles-face-au-covid-19\\\/#breadcrumb\",\"itemListElement\":[{\"@type\":\"ListItem\",\"position\":1,\"name\":\"Accueil\",\"item\":\"https:\\\/\\\/hierostrasbourg.com\\\/\"},{\"@type\":\"ListItem\",\"position\":2,\"name\":\"Les festivals de musiques actuelles face au Covid 19\"}]},{\"@type\":\"WebSite\",\"@id\":\"https:\\\/\\\/hierostrasbourg.com\\\/#website\",\"url\":\"https:\\\/\\\/hierostrasbourg.com\\\/\",\"name\":\"HIERO STRASBOURG\",\"description\":\"Centre de Ressources Musiques Actuelles\",\"publisher\":{\"@id\":\"https:\\\/\\\/hierostrasbourg.com\\\/#organization\"},\"potentialAction\":[{\"@type\":\"SearchAction\",\"target\":{\"@type\":\"EntryPoint\",\"urlTemplate\":\"https:\\\/\\\/hierostrasbourg.com\\\/?s={search_term_string}\"},\"query-input\":{\"@type\":\"PropertyValueSpecification\",\"valueRequired\":true,\"valueName\":\"search_term_string\"}}],\"inLanguage\":\"fr-FR\"},{\"@type\":\"Organization\",\"@id\":\"https:\\\/\\\/hierostrasbourg.com\\\/#organization\",\"name\":\"F\u00e9d\u00e9ration Hi\u00e9ro Strasbourg\",\"url\":\"https:\\\/\\\/hierostrasbourg.com\\\/\",\"logo\":{\"@type\":\"ImageObject\",\"inLanguage\":\"fr-FR\",\"@id\":\"https:\\\/\\\/hierostrasbourg.com\\\/#\\\/schema\\\/logo\\\/image\\\/\",\"url\":\"https:\\\/\\\/hierostrasbourg.com\\\/wp-content\\\/uploads\\\/2026\\\/04\\\/logo-hiero-strasbourg.jpg\",\"contentUrl\":\"https:\\\/\\\/hierostrasbourg.com\\\/wp-content\\\/uploads\\\/2026\\\/04\\\/logo-hiero-strasbourg.jpg\",\"width\":204,\"height\":192,\"caption\":\"F\u00e9d\u00e9ration Hi\u00e9ro Strasbourg\"},\"image\":{\"@id\":\"https:\\\/\\\/hierostrasbourg.com\\\/#\\\/schema\\\/logo\\\/image\\\/\"},\"sameAs\":[\"https:\\\/\\\/www.facebook.com\\\/fedehierostrasbourg\",\"https:\\\/\\\/x.com\\\/hierostrasbourg\"]}]}<\/script>\n<!-- \/ Yoast SEO plugin. -->","yoast_head_json":{"title":"Les festivals de musiques actuelles face au Covid 19 - HIERO STRASBOURG","robots":{"index":"index","follow":"follow","max-snippet":"max-snippet:-1","max-image-preview":"max-image-preview:large","max-video-preview":"max-video-preview:-1"},"canonical":"https:\/\/hierostrasbourg.com\/index.php\/2021\/06\/25\/les-festivals-de-musiques-actuelles-face-au-covid-19\/","og_locale":"fr_FR","og_type":"article","og_title":"Les festivals de musiques actuelles face au Covid 19 - HIERO STRASBOURG","og_description":"Avant propos Cette \u00e9tude sur l\u2019impact de la crise sanitaire sur les festivals de musiques actuelles a \u00e9t\u00e9 men\u00e9e sur quatre mois par huit \u00e9tudiantes du master Management des Institutions Culturelles et des Industries Multim\u00e9dia de l\u2019\u00e9cole de commerce nantaise Audencia Business School. L\u2019\u00e9tude a \u00e9t\u00e9 commandit\u00e9e par le directeur du festival Les Escales, G\u00e9rald Chabaud, dans un contexte exceptionnel de crise sanitaire provoqu\u00e9e par la Covid-19. L\u2019analyse a \u00e9t\u00e9 tout particuli\u00e8rement difficile en raison de l\u2019incertitude des mesures gouvernementales [&hellip;]","og_url":"https:\/\/hierostrasbourg.com\/index.php\/2021\/06\/25\/les-festivals-de-musiques-actuelles-face-au-covid-19\/","og_site_name":"HIERO STRASBOURG","article_publisher":"https:\/\/www.facebook.com\/fedehierostrasbourg","article_published_time":"2021-06-25T20:24:31+00:00","twitter_card":"summary_large_image","twitter_creator":"@hierostrasbourg","twitter_site":"@hierostrasbourg","twitter_misc":{"Dur\u00e9e de lecture estim\u00e9e":"3 minutes"},"schema":{"@context":"https:\/\/schema.org","@graph":[{"@type":"Article","@id":"https:\/\/hierostrasbourg.com\/index.php\/2021\/06\/25\/les-festivals-de-musiques-actuelles-face-au-covid-19\/#article","isPartOf":{"@id":"https:\/\/hierostrasbourg.com\/index.php\/2021\/06\/25\/les-festivals-de-musiques-actuelles-face-au-covid-19\/"},"author":{"name":"","@id":""},"headline":"Les festivals de musiques actuelles face au Covid 19","datePublished":"2021-06-25T20:24:31+00:00","mainEntityOfPage":{"@id":"https:\/\/hierostrasbourg.com\/index.php\/2021\/06\/25\/les-festivals-de-musiques-actuelles-face-au-covid-19\/"},"wordCount":604,"publisher":{"@id":"https:\/\/hierostrasbourg.com\/#organization"},"inLanguage":"fr-FR"},{"@type":"WebPage","@id":"https:\/\/hierostrasbourg.com\/index.php\/2021\/06\/25\/les-festivals-de-musiques-actuelles-face-au-covid-19\/","url":"https:\/\/hierostrasbourg.com\/index.php\/2021\/06\/25\/les-festivals-de-musiques-actuelles-face-au-covid-19\/","name":"Les festivals de musiques actuelles face au Covid 19 - HIERO STRASBOURG","isPartOf":{"@id":"https:\/\/hierostrasbourg.com\/#website"},"datePublished":"2021-06-25T20:24:31+00:00","breadcrumb":{"@id":"https:\/\/hierostrasbourg.com\/index.php\/2021\/06\/25\/les-festivals-de-musiques-actuelles-face-au-covid-19\/#breadcrumb"},"inLanguage":"fr-FR","potentialAction":[{"@type":"ReadAction","target":["https:\/\/hierostrasbourg.com\/index.php\/2021\/06\/25\/les-festivals-de-musiques-actuelles-face-au-covid-19\/"]}]},{"@type":"BreadcrumbList","@id":"https:\/\/hierostrasbourg.com\/index.php\/2021\/06\/25\/les-festivals-de-musiques-actuelles-face-au-covid-19\/#breadcrumb","itemListElement":[{"@type":"ListItem","position":1,"name":"Accueil","item":"https:\/\/hierostrasbourg.com\/"},{"@type":"ListItem","position":2,"name":"Les festivals de musiques actuelles face au Covid 19"}]},{"@type":"WebSite","@id":"https:\/\/hierostrasbourg.com\/#website","url":"https:\/\/hierostrasbourg.com\/","name":"HIERO STRASBOURG","description":"Centre de Ressources Musiques Actuelles","publisher":{"@id":"https:\/\/hierostrasbourg.com\/#organization"},"potentialAction":[{"@type":"SearchAction","target":{"@type":"EntryPoint","urlTemplate":"https:\/\/hierostrasbourg.com\/?s={search_term_string}"},"query-input":{"@type":"PropertyValueSpecification","valueRequired":true,"valueName":"search_term_string"}}],"inLanguage":"fr-FR"},{"@type":"Organization","@id":"https:\/\/hierostrasbourg.com\/#organization","name":"F\u00e9d\u00e9ration Hi\u00e9ro Strasbourg","url":"https:\/\/hierostrasbourg.com\/","logo":{"@type":"ImageObject","inLanguage":"fr-FR","@id":"https:\/\/hierostrasbourg.com\/#\/schema\/logo\/image\/","url":"https:\/\/hierostrasbourg.com\/wp-content\/uploads\/2026\/04\/logo-hiero-strasbourg.jpg","contentUrl":"https:\/\/hierostrasbourg.com\/wp-content\/uploads\/2026\/04\/logo-hiero-strasbourg.jpg","width":204,"height":192,"caption":"F\u00e9d\u00e9ration Hi\u00e9ro Strasbourg"},"image":{"@id":"https:\/\/hierostrasbourg.com\/#\/schema\/logo\/image\/"},"sameAs":["https:\/\/www.facebook.com\/fedehierostrasbourg","https:\/\/x.com\/hierostrasbourg"]}]}},"_links":{"self":[{"href":"https:\/\/hierostrasbourg.com\/index.php\/wp-json\/wp\/v2\/posts\/767","targetHints":{"allow":["GET"]}}],"collection":[{"href":"https:\/\/hierostrasbourg.com\/index.php\/wp-json\/wp\/v2\/posts"}],"about":[{"href":"https:\/\/hierostrasbourg.com\/index.php\/wp-json\/wp\/v2\/types\/post"}],"replies":[{"embeddable":true,"href":"https:\/\/hierostrasbourg.com\/index.php\/wp-json\/wp\/v2\/comments?post=767"}],"version-history":[{"count":0,"href":"https:\/\/hierostrasbourg.com\/index.php\/wp-json\/wp\/v2\/posts\/767\/revisions"}],"wp:attachment":[{"href":"https:\/\/hierostrasbourg.com\/index.php\/wp-json\/wp\/v2\/media?parent=767"}],"wp:term":[{"taxonomy":"category","embeddable":true,"href":"https:\/\/hierostrasbourg.com\/index.php\/wp-json\/wp\/v2\/categories?post=767"},{"taxonomy":"post_tag","embeddable":true,"href":"https:\/\/hierostrasbourg.com\/index.php\/wp-json\/wp\/v2\/tags?post=767"}],"curies":[{"name":"wp","href":"https:\/\/api.w.org\/{rel}","templated":true}]}}