{"id":759,"date":"2021-06-23T16:18:58","date_gmt":"2021-06-23T14:18:58","guid":{"rendered":"https:\/\/hierostrasbourg.com\/index.php\/2021\/06\/23\/les-ensembles-2-2-strasbourg-recrutent-un-administrateur-de-production-f-h\/"},"modified":"2021-06-23T16:18:58","modified_gmt":"2021-06-23T14:18:58","slug":"les-ensembles-2-2-strasbourg-recrutent-un-administrateur-de-production-f-h","status":"publish","type":"post","link":"https:\/\/hierostrasbourg.com\/index.php\/2021\/06\/23\/les-ensembles-2-2-strasbourg-recrutent-un-administrateur-de-production-f-h\/","title":{"rendered":"LES ENSEMBLES 2.2 [Strasbourg] recrutent un administrateur de production [F\/H]"},"content":{"rendered":"<p>Studio de cr\u00e9ation dans le champs des arts sonores, Les Ensembles 2.2 con\u00e7oivent, produisent et diffusent des concerts multim\u00e9dias, des \u0153uvres, parcours et installations sonores.<br \/>\nSi le son constitue notre mat\u00e9riau commun, nous interagissons avec un ensemble vari\u00e9 de pratiques tels que la performance, les arts plastiques, la litt\u00e9rature, la danse ou encore les arts num\u00e9riques. Cette exp\u00e9rience, forg\u00e9e au fil de nos douze ann\u00e9es d\u2019existence, nous permet d\u2019op\u00e9rer des interactions libres entre le son et les espaces, temps, mouvements et formes.<br \/>\nCette approche fondamentalement transversale, pluridisciplinaire et collective se voit facilit\u00e9e et enrichie par la participation active de techniciens et de scientifiques \u00e0 tous les projets de cr\u00e9ation.<br \/>\nAssociation de production artistique, Les Ensembles 2.2 sont conventionn\u00e9s par la Ville de Strasbourg et soutenus par la DRAC, la R\u00e9gion Grand Est et la collectivit\u00e9 europ\u00e9enne d\u2019Alsace.<br \/>\nL\u2019\u00e9quipe administrative est constitu\u00e9e \u00e0 ce jour d\u2019un directeur artistique \u00e0 temps plein, d\u2019une administratrice de production \u00e0 temps plein, d\u2019une attach\u00e9e de communication apprentie (3\/4 temps) et d\u2019un service civique. De nombreux artistes, techniciens et scientifiques interviennent chaque ann\u00e9e dans nos projets. Ils sont 23 \u00e0 oeuvrer dans les productions actuellement en cours sous la responsabilit\u00e9 du directeur artistique.<br \/>\nwww.le2p2.com<\/p>\n<h2>Missions<\/h2>\n<p>assurer les relations aux financeurs en lien avec le directeur artistique et r\u00e9diger les demandes de subventions<br \/>\nd\u00e9velopper et diversifier les sources de financement<br \/>\nassurer la gestion pr\u00e9visionnelle<br \/>\nassurer le suivi comptable en lien avec le prestataire<br \/>\nassurer le lien avec le prestataire paie pour les embauches, contrats, d\u00e9clarations sociales, fiscales, etc.<br \/>\ng\u00e9rer les op\u00e9rations ext\u00e9rieures : conventions, contrats de cessions, de (co)production, de prestation, etc.<br \/>\ng\u00e9rer les relations clients \/ fournisseurs : devis, factures, etc.<br \/>\nmaintenir une veille juridique, fiscale et sociale<br \/>\ncontribuer \u00e0 pr\u00e9parer les documents aff\u00e9rents \u00e0 la vie associative<br \/>\nencadrer un duo de fonctions support : une attach\u00e9e de communication et un service civique<br \/>\nop\u00e9rer une veille des appels d\u2019offre, appels \u00e0 projets et propositions de r\u00e9sidence<br \/>\n\u00e9laborer le budget de production des projets, rechercher les financements ad\u00e9quats et les coproducteurs<br \/>\nsuivre le planning de production et la roadmap des projets en lien avec le directeur artistique<br \/>\norganiser la logistique (d\u00e9placements, r\u00e9sidences, etc.)<br \/>\nassurer le lien avec les relais de diffusion<br \/>\nanimer le r\u00e9seau de partenaires en lien avec le directeur artistique<br \/>\nr\u00e9diger les bilans et compte-rendus des actions men\u00e9es<br \/>\nrepr\u00e9senter l\u2019association lors d\u2019\u00e9v\u00e9nements publics<\/p>\n<h2>Conditions d\u2019emploi<\/h2>\n<p>CDI temps plein \u00e0 Strasbourg<br \/>\nStatut cadre, groupe 4 CCNEAC, forfait jour<br \/>\n2107,36 \u20ac brut + 50 % mutuelle familiale, 50% transports en commun et, en fonction de la situation g\u00e9ographique du candidat, panier repas de 5\u20ac \/ jour<br \/>\nDisponibilit\u00e9 requise occasionnellement les soirs et week-ends, d\u00e9placements occasionnels<\/p>\n<h2>Profil recherch\u00e9<\/h2>\n<p>Exp\u00e9rience confirm\u00e9e dans une association, une entreprise culturelle ou une structure \u00e9quivalente<br \/>\nConnaissance approfondie de l\u2019environnement professionnel et de son cadre juridique<br \/>\nRigueur et autonomie. App\u00e9tence pour la gestion et l\u2019organisation.<br \/>\nCapacit\u00e9 d\u2019encadrement, de travail en \u00e9quipe et d\u2019animation d\u2019un r\u00e9seau<br \/>\nCulture artistique et pratique de l\u2019anglais seraient appr\u00e9ci\u00e9es<\/p>\n<p>Date de prise de fonction : 16 ao\u00fbt 2021 id\u00e9alement<br \/>\nDate limite de candidature : 04\/07\/2021<br \/>\nR\u00e9mun\u00e9ration envisag\u00e9e : 2107,36\u20ac brut<\/p>\n<p>Les Ensembles 2.2<br \/>\n26 rue du bassin d\u2019Austerlitz<br \/>\n67100 Strasbourg<\/p>\n<p><a href=\"http:\/\/www.le2p2.com\/\">www.le2p2.com<\/a><\/p>\n<p>L\u2019article <a href=\"https:\/\/popburo.fr\/les-ensembles-2-2-strasbourg-recrutent-un-administrateur-de-production-f-h\/\">LES ENSEMBLES 2.2 [Strasbourg] recrutent un administrateur de production [F\/H]<\/a> est apparu en premier sur <a href=\"https:\/\/popburo.fr\/\">POP B\u00dcRO<\/a>.<\/p>\n","protected":false},"excerpt":{"rendered":"<p>Studio de cr\u00e9ation dans le champs des arts sonores, Les Ensembles 2.2 con\u00e7oivent, produisent et diffusent des concerts multim\u00e9dias, des \u0153uvres, parcours et installations sonores. Si le son constitue notre mat\u00e9riau commun, nous interagissons avec un ensemble vari\u00e9 de pratiques tels que la performance, les arts plastiques, la litt\u00e9rature, la danse ou encore les arts num\u00e9riques. Cette exp\u00e9rience, forg\u00e9e au fil de nos douze ann\u00e9es d\u2019existence, nous permet d\u2019op\u00e9rer des interactions libres entre le son et les espaces, temps, mouvements [&hellip;]<\/p>\n","protected":false},"author":0,"featured_media":0,"comment_status":"closed","ping_status":"open","sticky":false,"template":"","format":"standard","meta":{"footnotes":""},"categories":[1],"tags":[],"class_list":["post-759","post","type-post","status-publish","format-standard","hentry","category-non-classe"],"yoast_head":"<!-- This site is optimized with the Yoast SEO plugin v27.5 - https:\/\/yoast.com\/product\/yoast-seo-wordpress\/ -->\n<title>LES ENSEMBLES 2.2 [Strasbourg] recrutent un administrateur de production [F\/H] - HIERO STRASBOURG<\/title>\n<meta name=\"robots\" content=\"index, follow, max-snippet:-1, max-image-preview:large, max-video-preview:-1\" \/>\n<link rel=\"canonical\" href=\"https:\/\/hierostrasbourg.com\/index.php\/2021\/06\/23\/les-ensembles-2-2-strasbourg-recrutent-un-administrateur-de-production-f-h\/\" \/>\n<meta property=\"og:locale\" content=\"fr_FR\" \/>\n<meta property=\"og:type\" content=\"article\" \/>\n<meta property=\"og:title\" content=\"LES ENSEMBLES 2.2 [Strasbourg] recrutent un administrateur de production [F\/H] - HIERO STRASBOURG\" \/>\n<meta property=\"og:description\" content=\"Studio de cr\u00e9ation dans le champs des arts sonores, Les Ensembles 2.2 con\u00e7oivent, produisent et diffusent des concerts multim\u00e9dias, des \u0153uvres, parcours et installations sonores. Si le son constitue notre mat\u00e9riau commun, nous interagissons avec un ensemble vari\u00e9 de pratiques tels que la performance, les arts plastiques, la litt\u00e9rature, la danse ou encore les arts num\u00e9riques. Cette exp\u00e9rience, forg\u00e9e au fil de nos douze ann\u00e9es d\u2019existence, nous permet d\u2019op\u00e9rer des interactions libres entre le son et les espaces, temps, mouvements [&hellip;]\" \/>\n<meta property=\"og:url\" content=\"https:\/\/hierostrasbourg.com\/index.php\/2021\/06\/23\/les-ensembles-2-2-strasbourg-recrutent-un-administrateur-de-production-f-h\/\" \/>\n<meta property=\"og:site_name\" content=\"HIERO STRASBOURG\" \/>\n<meta property=\"article:publisher\" content=\"https:\/\/www.facebook.com\/fedehierostrasbourg\" \/>\n<meta property=\"article:published_time\" content=\"2021-06-23T14:18:58+00:00\" \/>\n<meta name=\"twitter:card\" content=\"summary_large_image\" \/>\n<meta name=\"twitter:creator\" content=\"@hierostrasbourg\" \/>\n<meta name=\"twitter:site\" content=\"@hierostrasbourg\" \/>\n<meta name=\"twitter:label1\" content=\"Dur\u00e9e de lecture estim\u00e9e\" \/>\n\t<meta name=\"twitter:data1\" content=\"3 minutes\" \/>\n<script type=\"application\/ld+json\" class=\"yoast-schema-graph\">{\"@context\":\"https:\\\/\\\/schema.org\",\"@graph\":[{\"@type\":\"Article\",\"@id\":\"https:\\\/\\\/hierostrasbourg.com\\\/index.php\\\/2021\\\/06\\\/23\\\/les-ensembles-2-2-strasbourg-recrutent-un-administrateur-de-production-f-h\\\/#article\",\"isPartOf\":{\"@id\":\"https:\\\/\\\/hierostrasbourg.com\\\/index.php\\\/2021\\\/06\\\/23\\\/les-ensembles-2-2-strasbourg-recrutent-un-administrateur-de-production-f-h\\\/\"},\"author\":{\"name\":\"\",\"@id\":\"\"},\"headline\":\"LES ENSEMBLES 2.2 [Strasbourg] recrutent un administrateur de production [F\\\/H]\",\"datePublished\":\"2021-06-23T14:18:58+00:00\",\"mainEntityOfPage\":{\"@id\":\"https:\\\/\\\/hierostrasbourg.com\\\/index.php\\\/2021\\\/06\\\/23\\\/les-ensembles-2-2-strasbourg-recrutent-un-administrateur-de-production-f-h\\\/\"},\"wordCount\":593,\"publisher\":{\"@id\":\"https:\\\/\\\/hierostrasbourg.com\\\/#organization\"},\"inLanguage\":\"fr-FR\"},{\"@type\":\"WebPage\",\"@id\":\"https:\\\/\\\/hierostrasbourg.com\\\/index.php\\\/2021\\\/06\\\/23\\\/les-ensembles-2-2-strasbourg-recrutent-un-administrateur-de-production-f-h\\\/\",\"url\":\"https:\\\/\\\/hierostrasbourg.com\\\/index.php\\\/2021\\\/06\\\/23\\\/les-ensembles-2-2-strasbourg-recrutent-un-administrateur-de-production-f-h\\\/\",\"name\":\"LES ENSEMBLES 2.2 [Strasbourg] recrutent un administrateur de production [F\\\/H] - HIERO STRASBOURG\",\"isPartOf\":{\"@id\":\"https:\\\/\\\/hierostrasbourg.com\\\/#website\"},\"datePublished\":\"2021-06-23T14:18:58+00:00\",\"breadcrumb\":{\"@id\":\"https:\\\/\\\/hierostrasbourg.com\\\/index.php\\\/2021\\\/06\\\/23\\\/les-ensembles-2-2-strasbourg-recrutent-un-administrateur-de-production-f-h\\\/#breadcrumb\"},\"inLanguage\":\"fr-FR\",\"potentialAction\":[{\"@type\":\"ReadAction\",\"target\":[\"https:\\\/\\\/hierostrasbourg.com\\\/index.php\\\/2021\\\/06\\\/23\\\/les-ensembles-2-2-strasbourg-recrutent-un-administrateur-de-production-f-h\\\/\"]}]},{\"@type\":\"BreadcrumbList\",\"@id\":\"https:\\\/\\\/hierostrasbourg.com\\\/index.php\\\/2021\\\/06\\\/23\\\/les-ensembles-2-2-strasbourg-recrutent-un-administrateur-de-production-f-h\\\/#breadcrumb\",\"itemListElement\":[{\"@type\":\"ListItem\",\"position\":1,\"name\":\"Accueil\",\"item\":\"https:\\\/\\\/hierostrasbourg.com\\\/\"},{\"@type\":\"ListItem\",\"position\":2,\"name\":\"LES ENSEMBLES 2.2 [Strasbourg] recrutent un administrateur de production [F\\\/H]\"}]},{\"@type\":\"WebSite\",\"@id\":\"https:\\\/\\\/hierostrasbourg.com\\\/#website\",\"url\":\"https:\\\/\\\/hierostrasbourg.com\\\/\",\"name\":\"HIERO STRASBOURG\",\"description\":\"Centre de Ressources Musiques Actuelles\",\"publisher\":{\"@id\":\"https:\\\/\\\/hierostrasbourg.com\\\/#organization\"},\"potentialAction\":[{\"@type\":\"SearchAction\",\"target\":{\"@type\":\"EntryPoint\",\"urlTemplate\":\"https:\\\/\\\/hierostrasbourg.com\\\/?s={search_term_string}\"},\"query-input\":{\"@type\":\"PropertyValueSpecification\",\"valueRequired\":true,\"valueName\":\"search_term_string\"}}],\"inLanguage\":\"fr-FR\"},{\"@type\":\"Organization\",\"@id\":\"https:\\\/\\\/hierostrasbourg.com\\\/#organization\",\"name\":\"F\u00e9d\u00e9ration Hi\u00e9ro Strasbourg\",\"url\":\"https:\\\/\\\/hierostrasbourg.com\\\/\",\"logo\":{\"@type\":\"ImageObject\",\"inLanguage\":\"fr-FR\",\"@id\":\"https:\\\/\\\/hierostrasbourg.com\\\/#\\\/schema\\\/logo\\\/image\\\/\",\"url\":\"https:\\\/\\\/hierostrasbourg.com\\\/wp-content\\\/uploads\\\/2026\\\/04\\\/logo-hiero-strasbourg.jpg\",\"contentUrl\":\"https:\\\/\\\/hierostrasbourg.com\\\/wp-content\\\/uploads\\\/2026\\\/04\\\/logo-hiero-strasbourg.jpg\",\"width\":204,\"height\":192,\"caption\":\"F\u00e9d\u00e9ration Hi\u00e9ro Strasbourg\"},\"image\":{\"@id\":\"https:\\\/\\\/hierostrasbourg.com\\\/#\\\/schema\\\/logo\\\/image\\\/\"},\"sameAs\":[\"https:\\\/\\\/www.facebook.com\\\/fedehierostrasbourg\",\"https:\\\/\\\/x.com\\\/hierostrasbourg\"]}]}<\/script>\n<!-- \/ Yoast SEO plugin. -->","yoast_head_json":{"title":"LES ENSEMBLES 2.2 [Strasbourg] recrutent un administrateur de production [F\/H] - HIERO STRASBOURG","robots":{"index":"index","follow":"follow","max-snippet":"max-snippet:-1","max-image-preview":"max-image-preview:large","max-video-preview":"max-video-preview:-1"},"canonical":"https:\/\/hierostrasbourg.com\/index.php\/2021\/06\/23\/les-ensembles-2-2-strasbourg-recrutent-un-administrateur-de-production-f-h\/","og_locale":"fr_FR","og_type":"article","og_title":"LES ENSEMBLES 2.2 [Strasbourg] recrutent un administrateur de production [F\/H] - HIERO STRASBOURG","og_description":"Studio de cr\u00e9ation dans le champs des arts sonores, Les Ensembles 2.2 con\u00e7oivent, produisent et diffusent des concerts multim\u00e9dias, des \u0153uvres, parcours et installations sonores. Si le son constitue notre mat\u00e9riau commun, nous interagissons avec un ensemble vari\u00e9 de pratiques tels que la performance, les arts plastiques, la litt\u00e9rature, la danse ou encore les arts num\u00e9riques. Cette exp\u00e9rience, forg\u00e9e au fil de nos douze ann\u00e9es d\u2019existence, nous permet d\u2019op\u00e9rer des interactions libres entre le son et les espaces, temps, mouvements [&hellip;]","og_url":"https:\/\/hierostrasbourg.com\/index.php\/2021\/06\/23\/les-ensembles-2-2-strasbourg-recrutent-un-administrateur-de-production-f-h\/","og_site_name":"HIERO STRASBOURG","article_publisher":"https:\/\/www.facebook.com\/fedehierostrasbourg","article_published_time":"2021-06-23T14:18:58+00:00","twitter_card":"summary_large_image","twitter_creator":"@hierostrasbourg","twitter_site":"@hierostrasbourg","twitter_misc":{"Dur\u00e9e de lecture estim\u00e9e":"3 minutes"},"schema":{"@context":"https:\/\/schema.org","@graph":[{"@type":"Article","@id":"https:\/\/hierostrasbourg.com\/index.php\/2021\/06\/23\/les-ensembles-2-2-strasbourg-recrutent-un-administrateur-de-production-f-h\/#article","isPartOf":{"@id":"https:\/\/hierostrasbourg.com\/index.php\/2021\/06\/23\/les-ensembles-2-2-strasbourg-recrutent-un-administrateur-de-production-f-h\/"},"author":{"name":"","@id":""},"headline":"LES ENSEMBLES 2.2 [Strasbourg] recrutent un administrateur de production [F\/H]","datePublished":"2021-06-23T14:18:58+00:00","mainEntityOfPage":{"@id":"https:\/\/hierostrasbourg.com\/index.php\/2021\/06\/23\/les-ensembles-2-2-strasbourg-recrutent-un-administrateur-de-production-f-h\/"},"wordCount":593,"publisher":{"@id":"https:\/\/hierostrasbourg.com\/#organization"},"inLanguage":"fr-FR"},{"@type":"WebPage","@id":"https:\/\/hierostrasbourg.com\/index.php\/2021\/06\/23\/les-ensembles-2-2-strasbourg-recrutent-un-administrateur-de-production-f-h\/","url":"https:\/\/hierostrasbourg.com\/index.php\/2021\/06\/23\/les-ensembles-2-2-strasbourg-recrutent-un-administrateur-de-production-f-h\/","name":"LES ENSEMBLES 2.2 [Strasbourg] recrutent un administrateur de production [F\/H] - HIERO STRASBOURG","isPartOf":{"@id":"https:\/\/hierostrasbourg.com\/#website"},"datePublished":"2021-06-23T14:18:58+00:00","breadcrumb":{"@id":"https:\/\/hierostrasbourg.com\/index.php\/2021\/06\/23\/les-ensembles-2-2-strasbourg-recrutent-un-administrateur-de-production-f-h\/#breadcrumb"},"inLanguage":"fr-FR","potentialAction":[{"@type":"ReadAction","target":["https:\/\/hierostrasbourg.com\/index.php\/2021\/06\/23\/les-ensembles-2-2-strasbourg-recrutent-un-administrateur-de-production-f-h\/"]}]},{"@type":"BreadcrumbList","@id":"https:\/\/hierostrasbourg.com\/index.php\/2021\/06\/23\/les-ensembles-2-2-strasbourg-recrutent-un-administrateur-de-production-f-h\/#breadcrumb","itemListElement":[{"@type":"ListItem","position":1,"name":"Accueil","item":"https:\/\/hierostrasbourg.com\/"},{"@type":"ListItem","position":2,"name":"LES ENSEMBLES 2.2 [Strasbourg] recrutent un administrateur de production [F\/H]"}]},{"@type":"WebSite","@id":"https:\/\/hierostrasbourg.com\/#website","url":"https:\/\/hierostrasbourg.com\/","name":"HIERO STRASBOURG","description":"Centre de Ressources Musiques Actuelles","publisher":{"@id":"https:\/\/hierostrasbourg.com\/#organization"},"potentialAction":[{"@type":"SearchAction","target":{"@type":"EntryPoint","urlTemplate":"https:\/\/hierostrasbourg.com\/?s={search_term_string}"},"query-input":{"@type":"PropertyValueSpecification","valueRequired":true,"valueName":"search_term_string"}}],"inLanguage":"fr-FR"},{"@type":"Organization","@id":"https:\/\/hierostrasbourg.com\/#organization","name":"F\u00e9d\u00e9ration Hi\u00e9ro Strasbourg","url":"https:\/\/hierostrasbourg.com\/","logo":{"@type":"ImageObject","inLanguage":"fr-FR","@id":"https:\/\/hierostrasbourg.com\/#\/schema\/logo\/image\/","url":"https:\/\/hierostrasbourg.com\/wp-content\/uploads\/2026\/04\/logo-hiero-strasbourg.jpg","contentUrl":"https:\/\/hierostrasbourg.com\/wp-content\/uploads\/2026\/04\/logo-hiero-strasbourg.jpg","width":204,"height":192,"caption":"F\u00e9d\u00e9ration Hi\u00e9ro Strasbourg"},"image":{"@id":"https:\/\/hierostrasbourg.com\/#\/schema\/logo\/image\/"},"sameAs":["https:\/\/www.facebook.com\/fedehierostrasbourg","https:\/\/x.com\/hierostrasbourg"]}]}},"_links":{"self":[{"href":"https:\/\/hierostrasbourg.com\/index.php\/wp-json\/wp\/v2\/posts\/759","targetHints":{"allow":["GET"]}}],"collection":[{"href":"https:\/\/hierostrasbourg.com\/index.php\/wp-json\/wp\/v2\/posts"}],"about":[{"href":"https:\/\/hierostrasbourg.com\/index.php\/wp-json\/wp\/v2\/types\/post"}],"replies":[{"embeddable":true,"href":"https:\/\/hierostrasbourg.com\/index.php\/wp-json\/wp\/v2\/comments?post=759"}],"version-history":[{"count":0,"href":"https:\/\/hierostrasbourg.com\/index.php\/wp-json\/wp\/v2\/posts\/759\/revisions"}],"wp:attachment":[{"href":"https:\/\/hierostrasbourg.com\/index.php\/wp-json\/wp\/v2\/media?parent=759"}],"wp:term":[{"taxonomy":"category","embeddable":true,"href":"https:\/\/hierostrasbourg.com\/index.php\/wp-json\/wp\/v2\/categories?post=759"},{"taxonomy":"post_tag","embeddable":true,"href":"https:\/\/hierostrasbourg.com\/index.php\/wp-json\/wp\/v2\/tags?post=759"}],"curies":[{"name":"wp","href":"https:\/\/api.w.org\/{rel}","templated":true}]}}