{"id":718,"date":"2021-06-17T21:19:15","date_gmt":"2021-06-17T19:19:15","guid":{"rendered":"https:\/\/hierostrasbourg.com\/index.php\/2021\/06\/17\/lopera-national-du-rhin-recrute-un-responsable-habillement-affecte-au-ballet-f-h\/"},"modified":"2021-06-17T21:19:15","modified_gmt":"2021-06-17T19:19:15","slug":"lopera-national-du-rhin-recrute-un-responsable-habillement-affecte-au-ballet-f-h","status":"publish","type":"post","link":"https:\/\/hierostrasbourg.com\/index.php\/2021\/06\/17\/lopera-national-du-rhin-recrute-un-responsable-habillement-affecte-au-ballet-f-h\/","title":{"rendered":"L\u2019OP\u00c9RA NATIONAL DU RHIN recrute un responsable habillement affect\u00e9 au ballet [F\/H]"},"content":{"rendered":"<h2 class=\"offre_details_item\">Missions<\/h2>\n<p>Responsable de l\u2019ensemble des costumes destin\u00e9s aux danseurs, tant en terme d\u2019installation en loges, de l\u2019habillage lors des spectacles ou r\u00e9p\u00e9titions costum\u00e9es, et d\u2019entretien des costumes,<br \/>\nIl\/elle intervient \u00e9galement pour des petits travaux de couture, retouches, raccommodage, ourlets, boutons, \u2026il\/elle est particuli\u00e8rement attentif \u00e0 la qualit\u00e9 d\u2019ex\u00e9cution des travaux qui lui sont confi\u00e9s et veille \u00e0 la propret\u00e9 et au bon aspect des costumes.<\/p>\n<h3 class=\"offre_details_item\">Activit\u00e9s<\/h3>\n<p>A ce titre, ses principales activit\u00e9s sont les suivantes :<strong>Pr\u00e9paration et fabrication<\/strong><br \/>\nResponsable charg\u00e9 de l\u2019entretien, lavage, nettoyage, repassage et de la gestion des costumes pendant et apr\u00e8s les repr\u00e9sentations.<br \/>\nVeille au bon \u00e9tat de l\u2019ensemble des costumes.<br \/>\nEffectue les restaurations ou retouches n\u00e9cessaires sur les costumes abim\u00e9s en cour de spectacle, (ourlets, boutons, r\u00e9parations,..)<br \/>\npeut \u00eatre amen\u00e9.e \u00e0 fabriquer ou modifier certain costumes ou \u00e9l\u00e9ments de costume, \u00e0 teindre certains costumes ou \u00e9l\u00e9ments de costume.<br \/>\nParticipe et\/ou assure le suivi des essayages costumes.<br \/>\nRecherche des costumes dans le stock de l\u2019op\u00e9ra ou d\u2019autres lieux et proc\u00e9der \u00e0 des achats.<\/p>\n<p><strong>R\u00e9p\u00e9titions, diffusions et \u00e9tablissement du dossier technique:<\/strong><\/p>\n<p>Etablit un inventaire d\u00e9taill\u00e9 de chaque nouvelle production.<br \/>\nEtablit la conduite habillement de chaque nouvelle production.<br \/>\nPrend en photo les danseurs en costumes, et compl\u00e8te l\u2019inventaire des photos<br \/>\nR\u00e9alise un dossier technique costumes\/habillement de chaque production r\u00e9unissant les \u00e9l\u00e9ments essentiels \u00e0 la reprise du spectacle, ses particularit\u00e9s, les modes de nettoyage, le volume de transport et de stockage.<br \/>\nAssiste aux r\u00e9p\u00e9titions en costumes pour r\u00e9gler les derni\u00e8res rectifications<br \/>\nEt assure l\u2019habillage\/deshabillage des artistes, en loges, en coulisses, pour les changements rapides, \u2026<\/p>\n<p><strong>Stockage<\/strong><\/p>\n<p>Responsable du transport et du rangement des costumes<br \/>\nEn fin de diffusion, range les costumes en parfait \u00e9tat, nettoy\u00e9s, de fa\u00e7on optimale et par production, au stock \u00e0 la Meinau, dans les espaces r\u00e9serv\u00e9s au ballet.<br \/>\nEn cas de location de production de ballet, pr\u00e9pare, inventorie et emballe les costumes.<\/p>\n<p><strong>Encadrement de son \u00e9quipe\u00a0<\/strong><\/p>\n<p>Dans le cadre de sa mission de responsable, peut \u00eatre amen\u00e9.e \u00e0 g\u00e9rer une \u00e9quipe d\u2019habilleur affect\u00e9e au spectacle, \u00e0 diriger le travail, encadrer et animer, r\u00e9partir les t\u00e2ches, suivre et v\u00e9rifier la bonne r\u00e9alisation du travail.<br \/>\nForme les stagiaires et si besoin les nouveaux.elles arriv\u00e9.es dans son \u00e9quipe<\/p>\n<p><strong>S\u00e9curit\u00e9 <\/strong><\/p>\n<p>Veille au respect de la s\u00e9curit\u00e9 et est responsable de la bonne utilisation du mat\u00e9riel, dans le b\u00e2timent et ses annexes conform\u00e9ment aux normes en rigueur.<br \/>\nS\u2019assure du bon fonctionnement de l\u2019ensemble des machines, mat\u00e9riel et outils n\u00e9cessaires.<br \/>\nRecense les probl\u00e8mes rencontr\u00e9s et les dysfonctionnements et en informe le directeur technique du ballet ou le chef de service costumes.<br \/>\nVeille \u00e0 ne pas encombrer les couloirs, circulations et d\u00e9gagements de sc\u00e8ne lors des spectacles.<br \/>\nS\u2019assure de la bonne \u00e9vacuation de son \u00e9quipe en cas de sinistre et se tient \u00e0 la disposition du piquet.<\/p>\n<p><strong>Contraintes particuli\u00e8res et particularit\u00e9s du poste<\/strong><\/p>\n<p>Horaires d\u00e9cal\u00e9s 7j\/7, occupe un emploi \u00e0 plein temps au forfait<br \/>\nMobilit\u00e9 pour d\u00e9placement de la compagnie dans les diff\u00e9rents lieux de repr\u00e9sentations en Alsace, France et \u00e0 l\u2019\u00e9tranger.<br \/>\nEn cas de besoin, peut \u00eatre amen\u00e9.e \u00e0 compl\u00e9ter l\u2019\u00e9quipe couture et r\u00e9aliser des costumes aux ateliers, dans ce cas est sous la responsabilit\u00e9 directe des coupeuses, ou \u00e0 renforcer l\u2019\u00e9quipe d\u2019habillement sur une production lyrique<\/p>\n<h2><strong>Profil recherch\u00e9<\/strong><\/h2>\n<p><strong>Comp\u00e9tences et qualit\u00e9s requises <\/strong><\/p>\n<p>Formation ; en rapport avec le m\u00e9tier, couturier(\u00e8re), habilleur(se), compl\u00e9t\u00e9e par une exp\u00e9rience en costumes de sc\u00e8ne.<\/p>\n<p><strong>Comp\u00e9tences<\/strong><\/p>\n<p>Connaissance du costume et des techniques particuli\u00e8res li\u00e9es aux costumes de danse.<br \/>\nPratique d\u2019une langue \u00e9trang\u00e8re (anglais, allemand) et de l\u2019informatique<\/p>\n<p><strong>Qualit\u00e9s<\/strong><\/p>\n<p>Qualit\u00e9 d\u2019analyse, de synth\u00e8se, d\u2019organisation, de dynamisme et de rigueur,<br \/>\nSachant faire preuve d\u2019initiatives, de r\u00e9activit\u00e9 et d\u2019efficacit\u00e9<br \/>\nDisponibilit\u00e9 et souplesse pour s\u2019adapter aux \u00e9ventuelles exigences techniques et artistiques.<br \/>\nSachant \u00eatre pr\u00e9sent.e pour les artistes avec qui il\/elle a un rapport particulier, tout en restant discr\u00e8t.e<br \/>\nTr\u00e8s grande curiosit\u00e9, d\u2019invention et de sens artistique.<br \/>\nSens relationnel, de la communication, de travail en \u00e9quipe, anim\u00e9 par la notion de service et qualit\u00e9 de travail accompli.<br \/>\nInt\u00e9r\u00eat pour le spectacle et plus particuli\u00e8rement la danse.<\/p>\n<p>Date de prise de fonction : Septembre 2021<br \/>\nDate limite de candidature : 23 ao\u00fbt 2021<\/p>\n<p>&gt;Merci de faire parvenir votre candidature (lettre de motivation, curriculum vitae) pour le 23 Ao\u00fbt 2021<\/p>\n<p>\u00e0 Monsieur le Directeur g\u00e9n\u00e9ral de l\u2019Op\u00e9ra national du Rhin<br \/>\nDirection des Ressources humaines<br \/>\n19, Place Broglie \u2013 67008 Strasbourg Cedex<\/p>\n<p>Email : rh@onr.fr<\/p>\n<p>L\u2019article <a href=\"https:\/\/popburo.fr\/lopera-national-du-thin-recrute-un-responsable-habillement-affecte-au-ballet-f-h\/\">L\u2019OP\u00c9RA NATIONAL DU RHIN recrute un responsable habillement affect\u00e9 au ballet [F\/H]<\/a> est apparu en premier sur <a href=\"https:\/\/popburo.fr\/\">POP B\u00dcRO<\/a>.<\/p>\n","protected":false},"excerpt":{"rendered":"<p>Missions Responsable de l\u2019ensemble des costumes destin\u00e9s aux danseurs, tant en terme d\u2019installation en loges, de l\u2019habillage lors des spectacles ou r\u00e9p\u00e9titions costum\u00e9es, et d\u2019entretien des costumes, Il\/elle intervient \u00e9galement pour des petits travaux de couture, retouches, raccommodage, ourlets, boutons, \u2026il\/elle est particuli\u00e8rement attentif \u00e0 la qualit\u00e9 d\u2019ex\u00e9cution des travaux qui lui sont confi\u00e9s et veille \u00e0 la propret\u00e9 et au bon aspect des costumes. Activit\u00e9s A ce titre, ses principales activit\u00e9s sont les suivantes :Pr\u00e9paration et fabrication Responsable charg\u00e9 [&hellip;]<\/p>\n","protected":false},"author":0,"featured_media":0,"comment_status":"closed","ping_status":"open","sticky":false,"template":"","format":"standard","meta":{"footnotes":""},"categories":[1],"tags":[],"class_list":["post-718","post","type-post","status-publish","format-standard","hentry","category-non-classe"],"yoast_head":"<!-- This site is optimized with the Yoast SEO plugin v27.5 - https:\/\/yoast.com\/product\/yoast-seo-wordpress\/ -->\n<title>L\u2019OP\u00c9RA NATIONAL DU RHIN recrute un responsable habillement affect\u00e9 au ballet [F\/H] - HIERO STRASBOURG<\/title>\n<meta name=\"robots\" content=\"index, follow, max-snippet:-1, max-image-preview:large, max-video-preview:-1\" \/>\n<link rel=\"canonical\" href=\"https:\/\/hierostrasbourg.com\/index.php\/2021\/06\/17\/lopera-national-du-rhin-recrute-un-responsable-habillement-affecte-au-ballet-f-h\/\" \/>\n<meta property=\"og:locale\" content=\"fr_FR\" \/>\n<meta property=\"og:type\" content=\"article\" \/>\n<meta property=\"og:title\" content=\"L\u2019OP\u00c9RA NATIONAL DU RHIN recrute un responsable habillement affect\u00e9 au ballet [F\/H] - HIERO STRASBOURG\" \/>\n<meta property=\"og:description\" content=\"Missions Responsable de l\u2019ensemble des costumes destin\u00e9s aux danseurs, tant en terme d\u2019installation en loges, de l\u2019habillage lors des spectacles ou r\u00e9p\u00e9titions costum\u00e9es, et d\u2019entretien des costumes, Il\/elle intervient \u00e9galement pour des petits travaux de couture, retouches, raccommodage, ourlets, boutons, \u2026il\/elle est particuli\u00e8rement attentif \u00e0 la qualit\u00e9 d\u2019ex\u00e9cution des travaux qui lui sont confi\u00e9s et veille \u00e0 la propret\u00e9 et au bon aspect des costumes. Activit\u00e9s A ce titre, ses principales activit\u00e9s sont les suivantes :Pr\u00e9paration et fabrication Responsable charg\u00e9 [&hellip;]\" \/>\n<meta property=\"og:url\" content=\"https:\/\/hierostrasbourg.com\/index.php\/2021\/06\/17\/lopera-national-du-rhin-recrute-un-responsable-habillement-affecte-au-ballet-f-h\/\" \/>\n<meta property=\"og:site_name\" content=\"HIERO STRASBOURG\" \/>\n<meta property=\"article:publisher\" content=\"https:\/\/www.facebook.com\/fedehierostrasbourg\" \/>\n<meta property=\"article:published_time\" content=\"2021-06-17T19:19:15+00:00\" \/>\n<meta name=\"twitter:card\" content=\"summary_large_image\" \/>\n<meta name=\"twitter:creator\" content=\"@hierostrasbourg\" \/>\n<meta name=\"twitter:site\" content=\"@hierostrasbourg\" \/>\n<meta name=\"twitter:label1\" content=\"Dur\u00e9e de lecture estim\u00e9e\" \/>\n\t<meta name=\"twitter:data1\" content=\"4 minutes\" \/>\n<script type=\"application\/ld+json\" class=\"yoast-schema-graph\">{\"@context\":\"https:\\\/\\\/schema.org\",\"@graph\":[{\"@type\":\"Article\",\"@id\":\"https:\\\/\\\/hierostrasbourg.com\\\/index.php\\\/2021\\\/06\\\/17\\\/lopera-national-du-rhin-recrute-un-responsable-habillement-affecte-au-ballet-f-h\\\/#article\",\"isPartOf\":{\"@id\":\"https:\\\/\\\/hierostrasbourg.com\\\/index.php\\\/2021\\\/06\\\/17\\\/lopera-national-du-rhin-recrute-un-responsable-habillement-affecte-au-ballet-f-h\\\/\"},\"author\":{\"name\":\"\",\"@id\":\"\"},\"headline\":\"L\u2019OP\u00c9RA NATIONAL DU RHIN recrute un responsable habillement affect\u00e9 au ballet [F\\\/H]\",\"datePublished\":\"2021-06-17T19:19:15+00:00\",\"mainEntityOfPage\":{\"@id\":\"https:\\\/\\\/hierostrasbourg.com\\\/index.php\\\/2021\\\/06\\\/17\\\/lopera-national-du-rhin-recrute-un-responsable-habillement-affecte-au-ballet-f-h\\\/\"},\"wordCount\":854,\"publisher\":{\"@id\":\"https:\\\/\\\/hierostrasbourg.com\\\/#organization\"},\"inLanguage\":\"fr-FR\"},{\"@type\":\"WebPage\",\"@id\":\"https:\\\/\\\/hierostrasbourg.com\\\/index.php\\\/2021\\\/06\\\/17\\\/lopera-national-du-rhin-recrute-un-responsable-habillement-affecte-au-ballet-f-h\\\/\",\"url\":\"https:\\\/\\\/hierostrasbourg.com\\\/index.php\\\/2021\\\/06\\\/17\\\/lopera-national-du-rhin-recrute-un-responsable-habillement-affecte-au-ballet-f-h\\\/\",\"name\":\"L\u2019OP\u00c9RA NATIONAL DU RHIN recrute un responsable habillement affect\u00e9 au ballet [F\\\/H] - HIERO STRASBOURG\",\"isPartOf\":{\"@id\":\"https:\\\/\\\/hierostrasbourg.com\\\/#website\"},\"datePublished\":\"2021-06-17T19:19:15+00:00\",\"breadcrumb\":{\"@id\":\"https:\\\/\\\/hierostrasbourg.com\\\/index.php\\\/2021\\\/06\\\/17\\\/lopera-national-du-rhin-recrute-un-responsable-habillement-affecte-au-ballet-f-h\\\/#breadcrumb\"},\"inLanguage\":\"fr-FR\",\"potentialAction\":[{\"@type\":\"ReadAction\",\"target\":[\"https:\\\/\\\/hierostrasbourg.com\\\/index.php\\\/2021\\\/06\\\/17\\\/lopera-national-du-rhin-recrute-un-responsable-habillement-affecte-au-ballet-f-h\\\/\"]}]},{\"@type\":\"BreadcrumbList\",\"@id\":\"https:\\\/\\\/hierostrasbourg.com\\\/index.php\\\/2021\\\/06\\\/17\\\/lopera-national-du-rhin-recrute-un-responsable-habillement-affecte-au-ballet-f-h\\\/#breadcrumb\",\"itemListElement\":[{\"@type\":\"ListItem\",\"position\":1,\"name\":\"Accueil\",\"item\":\"https:\\\/\\\/hierostrasbourg.com\\\/\"},{\"@type\":\"ListItem\",\"position\":2,\"name\":\"L\u2019OP\u00c9RA NATIONAL DU RHIN recrute un responsable habillement affect\u00e9 au ballet [F\\\/H]\"}]},{\"@type\":\"WebSite\",\"@id\":\"https:\\\/\\\/hierostrasbourg.com\\\/#website\",\"url\":\"https:\\\/\\\/hierostrasbourg.com\\\/\",\"name\":\"HIERO STRASBOURG\",\"description\":\"Centre de Ressources Musiques Actuelles\",\"publisher\":{\"@id\":\"https:\\\/\\\/hierostrasbourg.com\\\/#organization\"},\"potentialAction\":[{\"@type\":\"SearchAction\",\"target\":{\"@type\":\"EntryPoint\",\"urlTemplate\":\"https:\\\/\\\/hierostrasbourg.com\\\/?s={search_term_string}\"},\"query-input\":{\"@type\":\"PropertyValueSpecification\",\"valueRequired\":true,\"valueName\":\"search_term_string\"}}],\"inLanguage\":\"fr-FR\"},{\"@type\":\"Organization\",\"@id\":\"https:\\\/\\\/hierostrasbourg.com\\\/#organization\",\"name\":\"F\u00e9d\u00e9ration Hi\u00e9ro Strasbourg\",\"url\":\"https:\\\/\\\/hierostrasbourg.com\\\/\",\"logo\":{\"@type\":\"ImageObject\",\"inLanguage\":\"fr-FR\",\"@id\":\"https:\\\/\\\/hierostrasbourg.com\\\/#\\\/schema\\\/logo\\\/image\\\/\",\"url\":\"https:\\\/\\\/hierostrasbourg.com\\\/wp-content\\\/uploads\\\/2026\\\/04\\\/logo-hiero-strasbourg.jpg\",\"contentUrl\":\"https:\\\/\\\/hierostrasbourg.com\\\/wp-content\\\/uploads\\\/2026\\\/04\\\/logo-hiero-strasbourg.jpg\",\"width\":204,\"height\":192,\"caption\":\"F\u00e9d\u00e9ration Hi\u00e9ro Strasbourg\"},\"image\":{\"@id\":\"https:\\\/\\\/hierostrasbourg.com\\\/#\\\/schema\\\/logo\\\/image\\\/\"},\"sameAs\":[\"https:\\\/\\\/www.facebook.com\\\/fedehierostrasbourg\",\"https:\\\/\\\/x.com\\\/hierostrasbourg\"]}]}<\/script>\n<!-- \/ Yoast SEO plugin. -->","yoast_head_json":{"title":"L\u2019OP\u00c9RA NATIONAL DU RHIN recrute un responsable habillement affect\u00e9 au ballet [F\/H] - HIERO STRASBOURG","robots":{"index":"index","follow":"follow","max-snippet":"max-snippet:-1","max-image-preview":"max-image-preview:large","max-video-preview":"max-video-preview:-1"},"canonical":"https:\/\/hierostrasbourg.com\/index.php\/2021\/06\/17\/lopera-national-du-rhin-recrute-un-responsable-habillement-affecte-au-ballet-f-h\/","og_locale":"fr_FR","og_type":"article","og_title":"L\u2019OP\u00c9RA NATIONAL DU RHIN recrute un responsable habillement affect\u00e9 au ballet [F\/H] - HIERO STRASBOURG","og_description":"Missions Responsable de l\u2019ensemble des costumes destin\u00e9s aux danseurs, tant en terme d\u2019installation en loges, de l\u2019habillage lors des spectacles ou r\u00e9p\u00e9titions costum\u00e9es, et d\u2019entretien des costumes, Il\/elle intervient \u00e9galement pour des petits travaux de couture, retouches, raccommodage, ourlets, boutons, \u2026il\/elle est particuli\u00e8rement attentif \u00e0 la qualit\u00e9 d\u2019ex\u00e9cution des travaux qui lui sont confi\u00e9s et veille \u00e0 la propret\u00e9 et au bon aspect des costumes. Activit\u00e9s A ce titre, ses principales activit\u00e9s sont les suivantes :Pr\u00e9paration et fabrication Responsable charg\u00e9 [&hellip;]","og_url":"https:\/\/hierostrasbourg.com\/index.php\/2021\/06\/17\/lopera-national-du-rhin-recrute-un-responsable-habillement-affecte-au-ballet-f-h\/","og_site_name":"HIERO STRASBOURG","article_publisher":"https:\/\/www.facebook.com\/fedehierostrasbourg","article_published_time":"2021-06-17T19:19:15+00:00","twitter_card":"summary_large_image","twitter_creator":"@hierostrasbourg","twitter_site":"@hierostrasbourg","twitter_misc":{"Dur\u00e9e de lecture estim\u00e9e":"4 minutes"},"schema":{"@context":"https:\/\/schema.org","@graph":[{"@type":"Article","@id":"https:\/\/hierostrasbourg.com\/index.php\/2021\/06\/17\/lopera-national-du-rhin-recrute-un-responsable-habillement-affecte-au-ballet-f-h\/#article","isPartOf":{"@id":"https:\/\/hierostrasbourg.com\/index.php\/2021\/06\/17\/lopera-national-du-rhin-recrute-un-responsable-habillement-affecte-au-ballet-f-h\/"},"author":{"name":"","@id":""},"headline":"L\u2019OP\u00c9RA NATIONAL DU RHIN recrute un responsable habillement affect\u00e9 au ballet [F\/H]","datePublished":"2021-06-17T19:19:15+00:00","mainEntityOfPage":{"@id":"https:\/\/hierostrasbourg.com\/index.php\/2021\/06\/17\/lopera-national-du-rhin-recrute-un-responsable-habillement-affecte-au-ballet-f-h\/"},"wordCount":854,"publisher":{"@id":"https:\/\/hierostrasbourg.com\/#organization"},"inLanguage":"fr-FR"},{"@type":"WebPage","@id":"https:\/\/hierostrasbourg.com\/index.php\/2021\/06\/17\/lopera-national-du-rhin-recrute-un-responsable-habillement-affecte-au-ballet-f-h\/","url":"https:\/\/hierostrasbourg.com\/index.php\/2021\/06\/17\/lopera-national-du-rhin-recrute-un-responsable-habillement-affecte-au-ballet-f-h\/","name":"L\u2019OP\u00c9RA NATIONAL DU RHIN recrute un responsable habillement affect\u00e9 au ballet [F\/H] - HIERO STRASBOURG","isPartOf":{"@id":"https:\/\/hierostrasbourg.com\/#website"},"datePublished":"2021-06-17T19:19:15+00:00","breadcrumb":{"@id":"https:\/\/hierostrasbourg.com\/index.php\/2021\/06\/17\/lopera-national-du-rhin-recrute-un-responsable-habillement-affecte-au-ballet-f-h\/#breadcrumb"},"inLanguage":"fr-FR","potentialAction":[{"@type":"ReadAction","target":["https:\/\/hierostrasbourg.com\/index.php\/2021\/06\/17\/lopera-national-du-rhin-recrute-un-responsable-habillement-affecte-au-ballet-f-h\/"]}]},{"@type":"BreadcrumbList","@id":"https:\/\/hierostrasbourg.com\/index.php\/2021\/06\/17\/lopera-national-du-rhin-recrute-un-responsable-habillement-affecte-au-ballet-f-h\/#breadcrumb","itemListElement":[{"@type":"ListItem","position":1,"name":"Accueil","item":"https:\/\/hierostrasbourg.com\/"},{"@type":"ListItem","position":2,"name":"L\u2019OP\u00c9RA NATIONAL DU RHIN recrute un responsable habillement affect\u00e9 au ballet [F\/H]"}]},{"@type":"WebSite","@id":"https:\/\/hierostrasbourg.com\/#website","url":"https:\/\/hierostrasbourg.com\/","name":"HIERO STRASBOURG","description":"Centre de Ressources Musiques Actuelles","publisher":{"@id":"https:\/\/hierostrasbourg.com\/#organization"},"potentialAction":[{"@type":"SearchAction","target":{"@type":"EntryPoint","urlTemplate":"https:\/\/hierostrasbourg.com\/?s={search_term_string}"},"query-input":{"@type":"PropertyValueSpecification","valueRequired":true,"valueName":"search_term_string"}}],"inLanguage":"fr-FR"},{"@type":"Organization","@id":"https:\/\/hierostrasbourg.com\/#organization","name":"F\u00e9d\u00e9ration Hi\u00e9ro Strasbourg","url":"https:\/\/hierostrasbourg.com\/","logo":{"@type":"ImageObject","inLanguage":"fr-FR","@id":"https:\/\/hierostrasbourg.com\/#\/schema\/logo\/image\/","url":"https:\/\/hierostrasbourg.com\/wp-content\/uploads\/2026\/04\/logo-hiero-strasbourg.jpg","contentUrl":"https:\/\/hierostrasbourg.com\/wp-content\/uploads\/2026\/04\/logo-hiero-strasbourg.jpg","width":204,"height":192,"caption":"F\u00e9d\u00e9ration Hi\u00e9ro Strasbourg"},"image":{"@id":"https:\/\/hierostrasbourg.com\/#\/schema\/logo\/image\/"},"sameAs":["https:\/\/www.facebook.com\/fedehierostrasbourg","https:\/\/x.com\/hierostrasbourg"]}]}},"_links":{"self":[{"href":"https:\/\/hierostrasbourg.com\/index.php\/wp-json\/wp\/v2\/posts\/718","targetHints":{"allow":["GET"]}}],"collection":[{"href":"https:\/\/hierostrasbourg.com\/index.php\/wp-json\/wp\/v2\/posts"}],"about":[{"href":"https:\/\/hierostrasbourg.com\/index.php\/wp-json\/wp\/v2\/types\/post"}],"replies":[{"embeddable":true,"href":"https:\/\/hierostrasbourg.com\/index.php\/wp-json\/wp\/v2\/comments?post=718"}],"version-history":[{"count":0,"href":"https:\/\/hierostrasbourg.com\/index.php\/wp-json\/wp\/v2\/posts\/718\/revisions"}],"wp:attachment":[{"href":"https:\/\/hierostrasbourg.com\/index.php\/wp-json\/wp\/v2\/media?parent=718"}],"wp:term":[{"taxonomy":"category","embeddable":true,"href":"https:\/\/hierostrasbourg.com\/index.php\/wp-json\/wp\/v2\/categories?post=718"},{"taxonomy":"post_tag","embeddable":true,"href":"https:\/\/hierostrasbourg.com\/index.php\/wp-json\/wp\/v2\/tags?post=718"}],"curies":[{"name":"wp","href":"https:\/\/api.w.org\/{rel}","templated":true}]}}