{"id":717,"date":"2021-06-17T21:19:15","date_gmt":"2021-06-17T19:19:15","guid":{"rendered":"https:\/\/hierostrasbourg.com\/index.php\/2021\/06\/17\/fete-de-la-musique-les-mini-concerts-seront-finalement-possibles-dans-les-bars-et-restaurants\/"},"modified":"2021-06-17T21:19:15","modified_gmt":"2021-06-17T19:19:15","slug":"fete-de-la-musique-les-mini-concerts-seront-finalement-possibles-dans-les-bars-et-restaurants","status":"publish","type":"post","link":"https:\/\/hierostrasbourg.com\/index.php\/2021\/06\/17\/fete-de-la-musique-les-mini-concerts-seront-finalement-possibles-dans-les-bars-et-restaurants\/","title":{"rendered":"F\u00eate de la musique : les \u00ab mini-concerts \u00bb seront finalement possibles dans les bars et restaurants"},"content":{"rendered":"<p><em>La ministre de la Culture a annonc\u00e9 sur le plateau de France Info ce jeudi 17 juin que les \u00ab mini \u00bb concerts seront finalement autoris\u00e9s dans les bars et les restaurants le soir de la f\u00eate de la musique.<\/em><\/p>\n<p>Source \/ Lire la suite : <a href=\"https:\/\/www.ouest-france.fr\/festivals\/fete-de-la-musique\/fete-de-la-musique-les-mini-concerts-seront-possibles-dans-les-bars-annonce-roselyne-bachelot-a8d678f6-cf90-11eb-ae01-ad91b71840e2?fbclid=IwAR2JGc5Mqz86SXv0rDXTMIcgf_bq9hexwQ4FSpUDiYzLslU7seLp2p3nd4s\">F\u00eate de la musique : les \u00ab mini-concerts \u00bb seront finalement possibles dans les bars et restaurants<\/a><\/p>\n<p>L\u2019article <a href=\"https:\/\/popburo.fr\/fete-de-la-musique-les-mini-concerts-seront-finalement-possibles-dans-les-bars-et-restaurants\/\">F\u00eate de la musique : les \u00ab mini-concerts \u00bb seront finalement possibles dans les bars et restaurants<\/a> est apparu en premier sur <a href=\"https:\/\/popburo.fr\/\">POP B\u00dcRO<\/a>.<\/p>\n","protected":false},"excerpt":{"rendered":"<p>La ministre de la Culture a annonc\u00e9 sur le plateau de France Info ce jeudi 17 juin que les \u00ab mini \u00bb concerts seront finalement autoris\u00e9s dans les bars et les restaurants le soir de la f\u00eate de la musique. Source \/ Lire la suite : F\u00eate de la musique : les \u00ab mini-concerts \u00bb seront finalement possibles dans les bars et restaurants L\u2019article F\u00eate de la musique : les \u00ab mini-concerts \u00bb seront finalement possibles dans les bars et [&hellip;]<\/p>\n","protected":false},"author":0,"featured_media":0,"comment_status":"closed","ping_status":"open","sticky":false,"template":"","format":"standard","meta":{"footnotes":""},"categories":[1],"tags":[],"class_list":["post-717","post","type-post","status-publish","format-standard","hentry","category-non-classe"],"yoast_head":"<!-- This site is optimized with the Yoast SEO plugin v27.5 - https:\/\/yoast.com\/product\/yoast-seo-wordpress\/ -->\n<title>F\u00eate de la musique : les \u00ab mini-concerts \u00bb seront finalement possibles dans les bars et restaurants - HIERO STRASBOURG<\/title>\n<meta name=\"robots\" content=\"index, follow, max-snippet:-1, max-image-preview:large, max-video-preview:-1\" \/>\n<link rel=\"canonical\" href=\"https:\/\/hierostrasbourg.com\/index.php\/2021\/06\/17\/fete-de-la-musique-les-mini-concerts-seront-finalement-possibles-dans-les-bars-et-restaurants\/\" \/>\n<meta property=\"og:locale\" content=\"fr_FR\" \/>\n<meta property=\"og:type\" content=\"article\" \/>\n<meta property=\"og:title\" content=\"F\u00eate de la musique : les \u00ab mini-concerts \u00bb seront finalement possibles dans les bars et restaurants - HIERO STRASBOURG\" \/>\n<meta property=\"og:description\" content=\"La ministre de la Culture a annonc\u00e9 sur le plateau de France Info ce jeudi 17 juin que les \u00ab mini \u00bb concerts seront finalement autoris\u00e9s dans les bars et les restaurants le soir de la f\u00eate de la musique. Source \/ Lire la suite : F\u00eate de la musique : les \u00ab mini-concerts \u00bb seront finalement possibles dans les bars et restaurants L\u2019article F\u00eate de la musique : les \u00ab mini-concerts \u00bb seront finalement possibles dans les bars et [&hellip;]\" \/>\n<meta property=\"og:url\" content=\"https:\/\/hierostrasbourg.com\/index.php\/2021\/06\/17\/fete-de-la-musique-les-mini-concerts-seront-finalement-possibles-dans-les-bars-et-restaurants\/\" \/>\n<meta property=\"og:site_name\" content=\"HIERO STRASBOURG\" \/>\n<meta property=\"article:publisher\" content=\"https:\/\/www.facebook.com\/fedehierostrasbourg\" \/>\n<meta property=\"article:published_time\" content=\"2021-06-17T19:19:15+00:00\" \/>\n<meta name=\"twitter:card\" content=\"summary_large_image\" \/>\n<meta name=\"twitter:creator\" content=\"@hierostrasbourg\" \/>\n<meta name=\"twitter:site\" content=\"@hierostrasbourg\" \/>\n<script type=\"application\/ld+json\" class=\"yoast-schema-graph\">{\"@context\":\"https:\\\/\\\/schema.org\",\"@graph\":[{\"@type\":\"Article\",\"@id\":\"https:\\\/\\\/hierostrasbourg.com\\\/index.php\\\/2021\\\/06\\\/17\\\/fete-de-la-musique-les-mini-concerts-seront-finalement-possibles-dans-les-bars-et-restaurants\\\/#article\",\"isPartOf\":{\"@id\":\"https:\\\/\\\/hierostrasbourg.com\\\/index.php\\\/2021\\\/06\\\/17\\\/fete-de-la-musique-les-mini-concerts-seront-finalement-possibles-dans-les-bars-et-restaurants\\\/\"},\"author\":{\"name\":\"\",\"@id\":\"\"},\"headline\":\"F\u00eate de la musique : les \u00ab mini-concerts \u00bb seront finalement possibles dans les bars et restaurants\",\"datePublished\":\"2021-06-17T19:19:15+00:00\",\"mainEntityOfPage\":{\"@id\":\"https:\\\/\\\/hierostrasbourg.com\\\/index.php\\\/2021\\\/06\\\/17\\\/fete-de-la-musique-les-mini-concerts-seront-finalement-possibles-dans-les-bars-et-restaurants\\\/\"},\"wordCount\":98,\"publisher\":{\"@id\":\"https:\\\/\\\/hierostrasbourg.com\\\/#organization\"},\"inLanguage\":\"fr-FR\"},{\"@type\":\"WebPage\",\"@id\":\"https:\\\/\\\/hierostrasbourg.com\\\/index.php\\\/2021\\\/06\\\/17\\\/fete-de-la-musique-les-mini-concerts-seront-finalement-possibles-dans-les-bars-et-restaurants\\\/\",\"url\":\"https:\\\/\\\/hierostrasbourg.com\\\/index.php\\\/2021\\\/06\\\/17\\\/fete-de-la-musique-les-mini-concerts-seront-finalement-possibles-dans-les-bars-et-restaurants\\\/\",\"name\":\"F\u00eate de la musique : les \u00ab mini-concerts \u00bb seront finalement possibles dans les bars et restaurants - HIERO STRASBOURG\",\"isPartOf\":{\"@id\":\"https:\\\/\\\/hierostrasbourg.com\\\/#website\"},\"datePublished\":\"2021-06-17T19:19:15+00:00\",\"breadcrumb\":{\"@id\":\"https:\\\/\\\/hierostrasbourg.com\\\/index.php\\\/2021\\\/06\\\/17\\\/fete-de-la-musique-les-mini-concerts-seront-finalement-possibles-dans-les-bars-et-restaurants\\\/#breadcrumb\"},\"inLanguage\":\"fr-FR\",\"potentialAction\":[{\"@type\":\"ReadAction\",\"target\":[\"https:\\\/\\\/hierostrasbourg.com\\\/index.php\\\/2021\\\/06\\\/17\\\/fete-de-la-musique-les-mini-concerts-seront-finalement-possibles-dans-les-bars-et-restaurants\\\/\"]}]},{\"@type\":\"BreadcrumbList\",\"@id\":\"https:\\\/\\\/hierostrasbourg.com\\\/index.php\\\/2021\\\/06\\\/17\\\/fete-de-la-musique-les-mini-concerts-seront-finalement-possibles-dans-les-bars-et-restaurants\\\/#breadcrumb\",\"itemListElement\":[{\"@type\":\"ListItem\",\"position\":1,\"name\":\"Accueil\",\"item\":\"https:\\\/\\\/hierostrasbourg.com\\\/\"},{\"@type\":\"ListItem\",\"position\":2,\"name\":\"F\u00eate de la musique : les \u00ab mini-concerts \u00bb seront finalement possibles dans les bars et restaurants\"}]},{\"@type\":\"WebSite\",\"@id\":\"https:\\\/\\\/hierostrasbourg.com\\\/#website\",\"url\":\"https:\\\/\\\/hierostrasbourg.com\\\/\",\"name\":\"HIERO STRASBOURG\",\"description\":\"Centre de Ressources Musiques Actuelles\",\"publisher\":{\"@id\":\"https:\\\/\\\/hierostrasbourg.com\\\/#organization\"},\"potentialAction\":[{\"@type\":\"SearchAction\",\"target\":{\"@type\":\"EntryPoint\",\"urlTemplate\":\"https:\\\/\\\/hierostrasbourg.com\\\/?s={search_term_string}\"},\"query-input\":{\"@type\":\"PropertyValueSpecification\",\"valueRequired\":true,\"valueName\":\"search_term_string\"}}],\"inLanguage\":\"fr-FR\"},{\"@type\":\"Organization\",\"@id\":\"https:\\\/\\\/hierostrasbourg.com\\\/#organization\",\"name\":\"F\u00e9d\u00e9ration Hi\u00e9ro Strasbourg\",\"url\":\"https:\\\/\\\/hierostrasbourg.com\\\/\",\"logo\":{\"@type\":\"ImageObject\",\"inLanguage\":\"fr-FR\",\"@id\":\"https:\\\/\\\/hierostrasbourg.com\\\/#\\\/schema\\\/logo\\\/image\\\/\",\"url\":\"https:\\\/\\\/hierostrasbourg.com\\\/wp-content\\\/uploads\\\/2026\\\/04\\\/logo-hiero-strasbourg.jpg\",\"contentUrl\":\"https:\\\/\\\/hierostrasbourg.com\\\/wp-content\\\/uploads\\\/2026\\\/04\\\/logo-hiero-strasbourg.jpg\",\"width\":204,\"height\":192,\"caption\":\"F\u00e9d\u00e9ration Hi\u00e9ro Strasbourg\"},\"image\":{\"@id\":\"https:\\\/\\\/hierostrasbourg.com\\\/#\\\/schema\\\/logo\\\/image\\\/\"},\"sameAs\":[\"https:\\\/\\\/www.facebook.com\\\/fedehierostrasbourg\",\"https:\\\/\\\/x.com\\\/hierostrasbourg\"]}]}<\/script>\n<!-- \/ Yoast SEO plugin. -->","yoast_head_json":{"title":"F\u00eate de la musique : les \u00ab mini-concerts \u00bb seront finalement possibles dans les bars et restaurants - HIERO STRASBOURG","robots":{"index":"index","follow":"follow","max-snippet":"max-snippet:-1","max-image-preview":"max-image-preview:large","max-video-preview":"max-video-preview:-1"},"canonical":"https:\/\/hierostrasbourg.com\/index.php\/2021\/06\/17\/fete-de-la-musique-les-mini-concerts-seront-finalement-possibles-dans-les-bars-et-restaurants\/","og_locale":"fr_FR","og_type":"article","og_title":"F\u00eate de la musique : les \u00ab mini-concerts \u00bb seront finalement possibles dans les bars et restaurants - HIERO STRASBOURG","og_description":"La ministre de la Culture a annonc\u00e9 sur le plateau de France Info ce jeudi 17 juin que les \u00ab mini \u00bb concerts seront finalement autoris\u00e9s dans les bars et les restaurants le soir de la f\u00eate de la musique. Source \/ Lire la suite : F\u00eate de la musique : les \u00ab mini-concerts \u00bb seront finalement possibles dans les bars et restaurants L\u2019article F\u00eate de la musique : les \u00ab mini-concerts \u00bb seront finalement possibles dans les bars et [&hellip;]","og_url":"https:\/\/hierostrasbourg.com\/index.php\/2021\/06\/17\/fete-de-la-musique-les-mini-concerts-seront-finalement-possibles-dans-les-bars-et-restaurants\/","og_site_name":"HIERO STRASBOURG","article_publisher":"https:\/\/www.facebook.com\/fedehierostrasbourg","article_published_time":"2021-06-17T19:19:15+00:00","twitter_card":"summary_large_image","twitter_creator":"@hierostrasbourg","twitter_site":"@hierostrasbourg","schema":{"@context":"https:\/\/schema.org","@graph":[{"@type":"Article","@id":"https:\/\/hierostrasbourg.com\/index.php\/2021\/06\/17\/fete-de-la-musique-les-mini-concerts-seront-finalement-possibles-dans-les-bars-et-restaurants\/#article","isPartOf":{"@id":"https:\/\/hierostrasbourg.com\/index.php\/2021\/06\/17\/fete-de-la-musique-les-mini-concerts-seront-finalement-possibles-dans-les-bars-et-restaurants\/"},"author":{"name":"","@id":""},"headline":"F\u00eate de la musique : les \u00ab mini-concerts \u00bb seront finalement possibles dans les bars et restaurants","datePublished":"2021-06-17T19:19:15+00:00","mainEntityOfPage":{"@id":"https:\/\/hierostrasbourg.com\/index.php\/2021\/06\/17\/fete-de-la-musique-les-mini-concerts-seront-finalement-possibles-dans-les-bars-et-restaurants\/"},"wordCount":98,"publisher":{"@id":"https:\/\/hierostrasbourg.com\/#organization"},"inLanguage":"fr-FR"},{"@type":"WebPage","@id":"https:\/\/hierostrasbourg.com\/index.php\/2021\/06\/17\/fete-de-la-musique-les-mini-concerts-seront-finalement-possibles-dans-les-bars-et-restaurants\/","url":"https:\/\/hierostrasbourg.com\/index.php\/2021\/06\/17\/fete-de-la-musique-les-mini-concerts-seront-finalement-possibles-dans-les-bars-et-restaurants\/","name":"F\u00eate de la musique : les \u00ab mini-concerts \u00bb seront finalement possibles dans les bars et restaurants - HIERO STRASBOURG","isPartOf":{"@id":"https:\/\/hierostrasbourg.com\/#website"},"datePublished":"2021-06-17T19:19:15+00:00","breadcrumb":{"@id":"https:\/\/hierostrasbourg.com\/index.php\/2021\/06\/17\/fete-de-la-musique-les-mini-concerts-seront-finalement-possibles-dans-les-bars-et-restaurants\/#breadcrumb"},"inLanguage":"fr-FR","potentialAction":[{"@type":"ReadAction","target":["https:\/\/hierostrasbourg.com\/index.php\/2021\/06\/17\/fete-de-la-musique-les-mini-concerts-seront-finalement-possibles-dans-les-bars-et-restaurants\/"]}]},{"@type":"BreadcrumbList","@id":"https:\/\/hierostrasbourg.com\/index.php\/2021\/06\/17\/fete-de-la-musique-les-mini-concerts-seront-finalement-possibles-dans-les-bars-et-restaurants\/#breadcrumb","itemListElement":[{"@type":"ListItem","position":1,"name":"Accueil","item":"https:\/\/hierostrasbourg.com\/"},{"@type":"ListItem","position":2,"name":"F\u00eate de la musique : les \u00ab mini-concerts \u00bb seront finalement possibles dans les bars et restaurants"}]},{"@type":"WebSite","@id":"https:\/\/hierostrasbourg.com\/#website","url":"https:\/\/hierostrasbourg.com\/","name":"HIERO STRASBOURG","description":"Centre de Ressources Musiques Actuelles","publisher":{"@id":"https:\/\/hierostrasbourg.com\/#organization"},"potentialAction":[{"@type":"SearchAction","target":{"@type":"EntryPoint","urlTemplate":"https:\/\/hierostrasbourg.com\/?s={search_term_string}"},"query-input":{"@type":"PropertyValueSpecification","valueRequired":true,"valueName":"search_term_string"}}],"inLanguage":"fr-FR"},{"@type":"Organization","@id":"https:\/\/hierostrasbourg.com\/#organization","name":"F\u00e9d\u00e9ration Hi\u00e9ro Strasbourg","url":"https:\/\/hierostrasbourg.com\/","logo":{"@type":"ImageObject","inLanguage":"fr-FR","@id":"https:\/\/hierostrasbourg.com\/#\/schema\/logo\/image\/","url":"https:\/\/hierostrasbourg.com\/wp-content\/uploads\/2026\/04\/logo-hiero-strasbourg.jpg","contentUrl":"https:\/\/hierostrasbourg.com\/wp-content\/uploads\/2026\/04\/logo-hiero-strasbourg.jpg","width":204,"height":192,"caption":"F\u00e9d\u00e9ration Hi\u00e9ro Strasbourg"},"image":{"@id":"https:\/\/hierostrasbourg.com\/#\/schema\/logo\/image\/"},"sameAs":["https:\/\/www.facebook.com\/fedehierostrasbourg","https:\/\/x.com\/hierostrasbourg"]}]}},"_links":{"self":[{"href":"https:\/\/hierostrasbourg.com\/index.php\/wp-json\/wp\/v2\/posts\/717","targetHints":{"allow":["GET"]}}],"collection":[{"href":"https:\/\/hierostrasbourg.com\/index.php\/wp-json\/wp\/v2\/posts"}],"about":[{"href":"https:\/\/hierostrasbourg.com\/index.php\/wp-json\/wp\/v2\/types\/post"}],"replies":[{"embeddable":true,"href":"https:\/\/hierostrasbourg.com\/index.php\/wp-json\/wp\/v2\/comments?post=717"}],"version-history":[{"count":0,"href":"https:\/\/hierostrasbourg.com\/index.php\/wp-json\/wp\/v2\/posts\/717\/revisions"}],"wp:attachment":[{"href":"https:\/\/hierostrasbourg.com\/index.php\/wp-json\/wp\/v2\/media?parent=717"}],"wp:term":[{"taxonomy":"category","embeddable":true,"href":"https:\/\/hierostrasbourg.com\/index.php\/wp-json\/wp\/v2\/categories?post=717"},{"taxonomy":"post_tag","embeddable":true,"href":"https:\/\/hierostrasbourg.com\/index.php\/wp-json\/wp\/v2\/tags?post=717"}],"curies":[{"name":"wp","href":"https:\/\/api.w.org\/{rel}","templated":true}]}}