{"id":691,"date":"2021-06-11T15:18:48","date_gmt":"2021-06-11T13:18:48","guid":{"rendered":"https:\/\/hierostrasbourg.com\/index.php\/2021\/06\/11\/le-tns-recrute-un-charge-de-projet-f-h\/"},"modified":"2021-06-11T15:18:48","modified_gmt":"2021-06-11T13:18:48","slug":"le-tns-recrute-un-charge-de-projet-f-h","status":"publish","type":"post","link":"https:\/\/hierostrasbourg.com\/index.php\/2021\/06\/11\/le-tns-recrute-un-charge-de-projet-f-h\/","title":{"rendered":"le TNS recrute un charg\u00e9 de projet [F\/H]"},"content":{"rendered":"<p>Au c\u0153ur du projet du TNS, le D\u00e9partement des projets artistiques con\u00e7oit et met en \u0153uvre la pr\u00e9sence artistique au sein du th\u00e9\u00e2tre et de l\u2019\u00e9cole et son rayonnement en tourn\u00e9e. A ce titre, il pilote le montage et les tourn\u00e9es des cr\u00e9ations du directeur et des artistes associ\u00e9s, les coproductions, l\u2019accueil des spectacles programm\u00e9s et plusieurs projets transversaux comme la Travers\u00e9e de l\u2019Et\u00e9. Il int\u00e8gre \u00e9galement le service m\u00e9c\u00e9nat. R\u00e9unissant quatre salari\u00e9.e.s permanent.e.s, elle g\u00e8re un budget artistique annuel de l\u2019ordre de 3.8 M\u20ac.<\/p>\n<h2>Missions<\/h2>\n<p>Plac\u00e9.e sous l\u2019autorit\u00e9 du D\u00e9l\u00e9gu\u00e9 au projet artistique et sous la responsabilit\u00e9 de la Responsable de production \u2013 cheffe du projet Esch2022, le.la charg\u00e9.e de projet contribue \u00e0 la mise en \u0153uvre du projet transversal ESCH 2022 | Un territoire de th\u00e9\u00e2tre pour demain | et des actions qui y sont li\u00e9es : Mix Up et la Troupe Avenir Transfrontali\u00e8re. Il \/elle est en charge de la mise en \u0153uvre du projet sur le territoire d\u2019Esch2022 en lien avec les partenaires, ainsi que du suivi des op\u00e9rations administratives, logistiques et de certains aspects budg\u00e9taires concernant le projet. Le poste s\u2019articule en lien \u00e9troit avec le service des relations avec les publics, le d\u00e9partement financier et comptable, le d\u00e9partement technique, et les autres services du TNS.<\/p>\n<h3>Missions<\/h3>\n<p><strong>Accompagnement de la coordination du projet Esch2022 :<\/strong><br \/>\nEn collaboration \u00e9troite avec la cheffe de projet<\/p>\n<p>Finalisation et formalisation des partenariats sur le territoire<br \/>\nPr\u00e9paration et suivi des documents contractuels (conventions de partenariat, DPAE et contrats de travail des personnels artistiques et des intervenant.e.s, devis, facturations,\u2026)<br \/>\nPr\u00e9paration et suivi des d\u00e9clarations de droits d\u2019auteurs<br \/>\nSuivi et mise \u00e0 jour du budget pr\u00e9visionnel et collecte des pi\u00e8ces justificatives<br \/>\nPr\u00e9paration de l\u2019accueil des \u00e9quipes artistiques, p\u00e9dagogiques et techniques impliqu\u00e9es, en lien avec le Service Support des Activit\u00e9s du Th\u00e9\u00e2tre Ecole (SAATE)<br \/>\nEntretien du lien entre l\u2019\u00e9quipe sur le territoire et celle au si\u00e8ge et suivi des outils de communication avec le service d\u00e9di\u00e9<br \/>\nR\u00e9daction des bilans qualitatifs et quantitatifs du projet<\/p>\n<p><strong>Mise en \u0153uvre des actions Mix Up et La Troupe Avenir Transfrontali\u00e8re :<\/strong><br \/>\nEn collaboration \u00e9troite avec la cheffe de projet et le service des relations avec les publics<\/p>\n<p>Mise en \u0153uvre op\u00e9rationnelle des actions en lien avec les \u00e9quipes, intervenant.e.s artistiques et les partenaires<br \/>\nAccueil et accompagnement des groupes lors des ateliers, stages et de certaines repr\u00e9sentations<br \/>\nSuivi des r\u00e9servations de spectacles pour les groupes en lien avec la billetterie du TNS et les th\u00e9\u00e2tres partenaires<br \/>\nOrganisation logistique de deux \u00ab week-end europ\u00e9ens \u00bb \u00e0 Strasbourg pour les groupes<\/p>\n<p>Dur\u00e9e : 11 mois entre octobre 2021 et janvier 2023<\/p>\n<h2>Profil recherch\u00e9<\/h2>\n<p>formation sup\u00e9rieure minimum de niveau Master<br \/>\npermis de conduire B indispensable<br \/>\nfort int\u00e9r\u00eat pour mener des projets avec des publics adolescents<br \/>\ngo\u00fbt et connaissance affirm\u00e9e des arts de la sc\u00e8ne et de son environnement professionnel<br \/>\nma\u00eetrise du cadre l\u00e9gal et juridique du spectacle vivant<br \/>\nma\u00eetrise des outils de bureautique (suite Office) et notamment d\u2019Excel<br \/>\ncapacit\u00e9 \u00e0 exploiter des documents comptables de base<br \/>\naisance relationnelle, bonne gestion des priorit\u00e9s, discr\u00e9tion, rigueur, r\u00e9sistance au stress<br \/>\ntr\u00e8s bonne ma\u00eetrise de l\u2019anglais dans un contexte professionnel (\u00e9crit et oral)<\/p>\n<h2>Exp\u00e9rience recherch\u00e9e<\/h2>\n<p>Exp\u00e9rience au sein d\u2019un service de relations avec les publics, de production, et\/ou en coordination de projet artistique et culturel<\/p>\n<p>Date de prise de fonction. :15 octobre 2021<br \/>\nDate limite de candidature : 30\/06\/2021<br \/>\nR\u00e9mun\u00e9ration envisag\u00e9e : Selon grille et exp\u00e9rience<\/p>\n<p>Informations compl\u00e9mentaires \/ renseignements<br \/>\nTravail possible en soir\u00e9e et week-end.<br \/>\nD\u00e9placements fr\u00e9quents sur le territoire d\u2019Esch2022.<br \/>\nPoste en CDD d\u2019usage (r\u00e9gime intermittent).<\/p>\n<p>Lettre de motivation et C.V. \u00e0 adresser au plus tard le\u00a030 juin 2021 Adresser par courriel\u00a0\u00a0: rh2@tns.fr<\/p>\n<p>ou par courrier :<br \/>\nTh\u00e9\u00e2tre National de Strasbourg<br \/>\nCandidature Charg\u00e9\u00b7e de projet<br \/>\n1 avenue de la Marseillaise BP 184\/R5<br \/>\n67005 Strasbourg Cedex<\/p>\n<p>L\u2019article <a href=\"https:\/\/popburo.fr\/le-tns-recrute-un-charge-de-projet-f-h\/\">le TNS recrute un charg\u00e9 de projet [F\/H]<\/a> est apparu en premier sur <a href=\"https:\/\/popburo.fr\/\">POP B\u00dcRO<\/a>.<\/p>\n","protected":false},"excerpt":{"rendered":"<p>Au c\u0153ur du projet du TNS, le D\u00e9partement des projets artistiques con\u00e7oit et met en \u0153uvre la pr\u00e9sence artistique au sein du th\u00e9\u00e2tre et de l\u2019\u00e9cole et son rayonnement en tourn\u00e9e. A ce titre, il pilote le montage et les tourn\u00e9es des cr\u00e9ations du directeur et des artistes associ\u00e9s, les coproductions, l\u2019accueil des spectacles programm\u00e9s et plusieurs projets transversaux comme la Travers\u00e9e de l\u2019Et\u00e9. Il int\u00e8gre \u00e9galement le service m\u00e9c\u00e9nat. R\u00e9unissant quatre salari\u00e9.e.s permanent.e.s, elle g\u00e8re un budget artistique annuel [&hellip;]<\/p>\n","protected":false},"author":0,"featured_media":0,"comment_status":"closed","ping_status":"open","sticky":false,"template":"","format":"standard","meta":{"footnotes":""},"categories":[1],"tags":[],"class_list":["post-691","post","type-post","status-publish","format-standard","hentry","category-non-classe"],"yoast_head":"<!-- This site is optimized with the Yoast SEO plugin v27.5 - https:\/\/yoast.com\/product\/yoast-seo-wordpress\/ -->\n<title>le TNS recrute un charg\u00e9 de projet [F\/H] - HIERO STRASBOURG<\/title>\n<meta name=\"robots\" content=\"index, follow, max-snippet:-1, max-image-preview:large, max-video-preview:-1\" \/>\n<link rel=\"canonical\" href=\"https:\/\/hierostrasbourg.com\/index.php\/2021\/06\/11\/le-tns-recrute-un-charge-de-projet-f-h\/\" \/>\n<meta property=\"og:locale\" content=\"fr_FR\" \/>\n<meta property=\"og:type\" content=\"article\" \/>\n<meta property=\"og:title\" content=\"le TNS recrute un charg\u00e9 de projet [F\/H] - HIERO STRASBOURG\" \/>\n<meta property=\"og:description\" content=\"Au c\u0153ur du projet du TNS, le D\u00e9partement des projets artistiques con\u00e7oit et met en \u0153uvre la pr\u00e9sence artistique au sein du th\u00e9\u00e2tre et de l\u2019\u00e9cole et son rayonnement en tourn\u00e9e. A ce titre, il pilote le montage et les tourn\u00e9es des cr\u00e9ations du directeur et des artistes associ\u00e9s, les coproductions, l\u2019accueil des spectacles programm\u00e9s et plusieurs projets transversaux comme la Travers\u00e9e de l\u2019Et\u00e9. Il int\u00e8gre \u00e9galement le service m\u00e9c\u00e9nat. R\u00e9unissant quatre salari\u00e9.e.s permanent.e.s, elle g\u00e8re un budget artistique annuel [&hellip;]\" \/>\n<meta property=\"og:url\" content=\"https:\/\/hierostrasbourg.com\/index.php\/2021\/06\/11\/le-tns-recrute-un-charge-de-projet-f-h\/\" \/>\n<meta property=\"og:site_name\" content=\"HIERO STRASBOURG\" \/>\n<meta property=\"article:publisher\" content=\"https:\/\/www.facebook.com\/fedehierostrasbourg\" \/>\n<meta property=\"article:published_time\" content=\"2021-06-11T13:18:48+00:00\" \/>\n<meta name=\"twitter:card\" content=\"summary_large_image\" \/>\n<meta name=\"twitter:creator\" content=\"@hierostrasbourg\" \/>\n<meta name=\"twitter:site\" content=\"@hierostrasbourg\" \/>\n<meta name=\"twitter:label1\" content=\"Dur\u00e9e de lecture estim\u00e9e\" \/>\n\t<meta name=\"twitter:data1\" content=\"4 minutes\" \/>\n<script type=\"application\/ld+json\" class=\"yoast-schema-graph\">{\"@context\":\"https:\\\/\\\/schema.org\",\"@graph\":[{\"@type\":\"Article\",\"@id\":\"https:\\\/\\\/hierostrasbourg.com\\\/index.php\\\/2021\\\/06\\\/11\\\/le-tns-recrute-un-charge-de-projet-f-h\\\/#article\",\"isPartOf\":{\"@id\":\"https:\\\/\\\/hierostrasbourg.com\\\/index.php\\\/2021\\\/06\\\/11\\\/le-tns-recrute-un-charge-de-projet-f-h\\\/\"},\"author\":{\"name\":\"\",\"@id\":\"\"},\"headline\":\"le TNS recrute un charg\u00e9 de projet [F\\\/H]\",\"datePublished\":\"2021-06-11T13:18:48+00:00\",\"mainEntityOfPage\":{\"@id\":\"https:\\\/\\\/hierostrasbourg.com\\\/index.php\\\/2021\\\/06\\\/11\\\/le-tns-recrute-un-charge-de-projet-f-h\\\/\"},\"wordCount\":724,\"publisher\":{\"@id\":\"https:\\\/\\\/hierostrasbourg.com\\\/#organization\"},\"inLanguage\":\"fr-FR\"},{\"@type\":\"WebPage\",\"@id\":\"https:\\\/\\\/hierostrasbourg.com\\\/index.php\\\/2021\\\/06\\\/11\\\/le-tns-recrute-un-charge-de-projet-f-h\\\/\",\"url\":\"https:\\\/\\\/hierostrasbourg.com\\\/index.php\\\/2021\\\/06\\\/11\\\/le-tns-recrute-un-charge-de-projet-f-h\\\/\",\"name\":\"le TNS recrute un charg\u00e9 de projet [F\\\/H] - HIERO STRASBOURG\",\"isPartOf\":{\"@id\":\"https:\\\/\\\/hierostrasbourg.com\\\/#website\"},\"datePublished\":\"2021-06-11T13:18:48+00:00\",\"breadcrumb\":{\"@id\":\"https:\\\/\\\/hierostrasbourg.com\\\/index.php\\\/2021\\\/06\\\/11\\\/le-tns-recrute-un-charge-de-projet-f-h\\\/#breadcrumb\"},\"inLanguage\":\"fr-FR\",\"potentialAction\":[{\"@type\":\"ReadAction\",\"target\":[\"https:\\\/\\\/hierostrasbourg.com\\\/index.php\\\/2021\\\/06\\\/11\\\/le-tns-recrute-un-charge-de-projet-f-h\\\/\"]}]},{\"@type\":\"BreadcrumbList\",\"@id\":\"https:\\\/\\\/hierostrasbourg.com\\\/index.php\\\/2021\\\/06\\\/11\\\/le-tns-recrute-un-charge-de-projet-f-h\\\/#breadcrumb\",\"itemListElement\":[{\"@type\":\"ListItem\",\"position\":1,\"name\":\"Accueil\",\"item\":\"https:\\\/\\\/hierostrasbourg.com\\\/\"},{\"@type\":\"ListItem\",\"position\":2,\"name\":\"le TNS recrute un charg\u00e9 de projet [F\\\/H]\"}]},{\"@type\":\"WebSite\",\"@id\":\"https:\\\/\\\/hierostrasbourg.com\\\/#website\",\"url\":\"https:\\\/\\\/hierostrasbourg.com\\\/\",\"name\":\"HIERO STRASBOURG\",\"description\":\"Centre de Ressources Musiques Actuelles\",\"publisher\":{\"@id\":\"https:\\\/\\\/hierostrasbourg.com\\\/#organization\"},\"potentialAction\":[{\"@type\":\"SearchAction\",\"target\":{\"@type\":\"EntryPoint\",\"urlTemplate\":\"https:\\\/\\\/hierostrasbourg.com\\\/?s={search_term_string}\"},\"query-input\":{\"@type\":\"PropertyValueSpecification\",\"valueRequired\":true,\"valueName\":\"search_term_string\"}}],\"inLanguage\":\"fr-FR\"},{\"@type\":\"Organization\",\"@id\":\"https:\\\/\\\/hierostrasbourg.com\\\/#organization\",\"name\":\"F\u00e9d\u00e9ration Hi\u00e9ro Strasbourg\",\"url\":\"https:\\\/\\\/hierostrasbourg.com\\\/\",\"logo\":{\"@type\":\"ImageObject\",\"inLanguage\":\"fr-FR\",\"@id\":\"https:\\\/\\\/hierostrasbourg.com\\\/#\\\/schema\\\/logo\\\/image\\\/\",\"url\":\"https:\\\/\\\/hierostrasbourg.com\\\/wp-content\\\/uploads\\\/2026\\\/04\\\/logo-hiero-strasbourg.jpg\",\"contentUrl\":\"https:\\\/\\\/hierostrasbourg.com\\\/wp-content\\\/uploads\\\/2026\\\/04\\\/logo-hiero-strasbourg.jpg\",\"width\":204,\"height\":192,\"caption\":\"F\u00e9d\u00e9ration Hi\u00e9ro Strasbourg\"},\"image\":{\"@id\":\"https:\\\/\\\/hierostrasbourg.com\\\/#\\\/schema\\\/logo\\\/image\\\/\"},\"sameAs\":[\"https:\\\/\\\/www.facebook.com\\\/fedehierostrasbourg\",\"https:\\\/\\\/x.com\\\/hierostrasbourg\"]}]}<\/script>\n<!-- \/ Yoast SEO plugin. -->","yoast_head_json":{"title":"le TNS recrute un charg\u00e9 de projet [F\/H] - HIERO STRASBOURG","robots":{"index":"index","follow":"follow","max-snippet":"max-snippet:-1","max-image-preview":"max-image-preview:large","max-video-preview":"max-video-preview:-1"},"canonical":"https:\/\/hierostrasbourg.com\/index.php\/2021\/06\/11\/le-tns-recrute-un-charge-de-projet-f-h\/","og_locale":"fr_FR","og_type":"article","og_title":"le TNS recrute un charg\u00e9 de projet [F\/H] - HIERO STRASBOURG","og_description":"Au c\u0153ur du projet du TNS, le D\u00e9partement des projets artistiques con\u00e7oit et met en \u0153uvre la pr\u00e9sence artistique au sein du th\u00e9\u00e2tre et de l\u2019\u00e9cole et son rayonnement en tourn\u00e9e. A ce titre, il pilote le montage et les tourn\u00e9es des cr\u00e9ations du directeur et des artistes associ\u00e9s, les coproductions, l\u2019accueil des spectacles programm\u00e9s et plusieurs projets transversaux comme la Travers\u00e9e de l\u2019Et\u00e9. Il int\u00e8gre \u00e9galement le service m\u00e9c\u00e9nat. R\u00e9unissant quatre salari\u00e9.e.s permanent.e.s, elle g\u00e8re un budget artistique annuel [&hellip;]","og_url":"https:\/\/hierostrasbourg.com\/index.php\/2021\/06\/11\/le-tns-recrute-un-charge-de-projet-f-h\/","og_site_name":"HIERO STRASBOURG","article_publisher":"https:\/\/www.facebook.com\/fedehierostrasbourg","article_published_time":"2021-06-11T13:18:48+00:00","twitter_card":"summary_large_image","twitter_creator":"@hierostrasbourg","twitter_site":"@hierostrasbourg","twitter_misc":{"Dur\u00e9e de lecture estim\u00e9e":"4 minutes"},"schema":{"@context":"https:\/\/schema.org","@graph":[{"@type":"Article","@id":"https:\/\/hierostrasbourg.com\/index.php\/2021\/06\/11\/le-tns-recrute-un-charge-de-projet-f-h\/#article","isPartOf":{"@id":"https:\/\/hierostrasbourg.com\/index.php\/2021\/06\/11\/le-tns-recrute-un-charge-de-projet-f-h\/"},"author":{"name":"","@id":""},"headline":"le TNS recrute un charg\u00e9 de projet [F\/H]","datePublished":"2021-06-11T13:18:48+00:00","mainEntityOfPage":{"@id":"https:\/\/hierostrasbourg.com\/index.php\/2021\/06\/11\/le-tns-recrute-un-charge-de-projet-f-h\/"},"wordCount":724,"publisher":{"@id":"https:\/\/hierostrasbourg.com\/#organization"},"inLanguage":"fr-FR"},{"@type":"WebPage","@id":"https:\/\/hierostrasbourg.com\/index.php\/2021\/06\/11\/le-tns-recrute-un-charge-de-projet-f-h\/","url":"https:\/\/hierostrasbourg.com\/index.php\/2021\/06\/11\/le-tns-recrute-un-charge-de-projet-f-h\/","name":"le TNS recrute un charg\u00e9 de projet [F\/H] - HIERO STRASBOURG","isPartOf":{"@id":"https:\/\/hierostrasbourg.com\/#website"},"datePublished":"2021-06-11T13:18:48+00:00","breadcrumb":{"@id":"https:\/\/hierostrasbourg.com\/index.php\/2021\/06\/11\/le-tns-recrute-un-charge-de-projet-f-h\/#breadcrumb"},"inLanguage":"fr-FR","potentialAction":[{"@type":"ReadAction","target":["https:\/\/hierostrasbourg.com\/index.php\/2021\/06\/11\/le-tns-recrute-un-charge-de-projet-f-h\/"]}]},{"@type":"BreadcrumbList","@id":"https:\/\/hierostrasbourg.com\/index.php\/2021\/06\/11\/le-tns-recrute-un-charge-de-projet-f-h\/#breadcrumb","itemListElement":[{"@type":"ListItem","position":1,"name":"Accueil","item":"https:\/\/hierostrasbourg.com\/"},{"@type":"ListItem","position":2,"name":"le TNS recrute un charg\u00e9 de projet [F\/H]"}]},{"@type":"WebSite","@id":"https:\/\/hierostrasbourg.com\/#website","url":"https:\/\/hierostrasbourg.com\/","name":"HIERO STRASBOURG","description":"Centre de Ressources Musiques Actuelles","publisher":{"@id":"https:\/\/hierostrasbourg.com\/#organization"},"potentialAction":[{"@type":"SearchAction","target":{"@type":"EntryPoint","urlTemplate":"https:\/\/hierostrasbourg.com\/?s={search_term_string}"},"query-input":{"@type":"PropertyValueSpecification","valueRequired":true,"valueName":"search_term_string"}}],"inLanguage":"fr-FR"},{"@type":"Organization","@id":"https:\/\/hierostrasbourg.com\/#organization","name":"F\u00e9d\u00e9ration Hi\u00e9ro Strasbourg","url":"https:\/\/hierostrasbourg.com\/","logo":{"@type":"ImageObject","inLanguage":"fr-FR","@id":"https:\/\/hierostrasbourg.com\/#\/schema\/logo\/image\/","url":"https:\/\/hierostrasbourg.com\/wp-content\/uploads\/2026\/04\/logo-hiero-strasbourg.jpg","contentUrl":"https:\/\/hierostrasbourg.com\/wp-content\/uploads\/2026\/04\/logo-hiero-strasbourg.jpg","width":204,"height":192,"caption":"F\u00e9d\u00e9ration Hi\u00e9ro Strasbourg"},"image":{"@id":"https:\/\/hierostrasbourg.com\/#\/schema\/logo\/image\/"},"sameAs":["https:\/\/www.facebook.com\/fedehierostrasbourg","https:\/\/x.com\/hierostrasbourg"]}]}},"_links":{"self":[{"href":"https:\/\/hierostrasbourg.com\/index.php\/wp-json\/wp\/v2\/posts\/691","targetHints":{"allow":["GET"]}}],"collection":[{"href":"https:\/\/hierostrasbourg.com\/index.php\/wp-json\/wp\/v2\/posts"}],"about":[{"href":"https:\/\/hierostrasbourg.com\/index.php\/wp-json\/wp\/v2\/types\/post"}],"replies":[{"embeddable":true,"href":"https:\/\/hierostrasbourg.com\/index.php\/wp-json\/wp\/v2\/comments?post=691"}],"version-history":[{"count":0,"href":"https:\/\/hierostrasbourg.com\/index.php\/wp-json\/wp\/v2\/posts\/691\/revisions"}],"wp:attachment":[{"href":"https:\/\/hierostrasbourg.com\/index.php\/wp-json\/wp\/v2\/media?parent=691"}],"wp:term":[{"taxonomy":"category","embeddable":true,"href":"https:\/\/hierostrasbourg.com\/index.php\/wp-json\/wp\/v2\/categories?post=691"},{"taxonomy":"post_tag","embeddable":true,"href":"https:\/\/hierostrasbourg.com\/index.php\/wp-json\/wp\/v2\/tags?post=691"}],"curies":[{"name":"wp","href":"https:\/\/api.w.org\/{rel}","templated":true}]}}