{"id":678,"date":"2021-06-10T08:18:37","date_gmt":"2021-06-10T06:18:37","guid":{"rendered":"https:\/\/hierostrasbourg.com\/index.php\/2021\/06\/10\/plus-ecolos-plus-locaux-comment-la-crise-va-transformer-les-festivals-cet-ete\/"},"modified":"2021-06-10T08:18:37","modified_gmt":"2021-06-10T06:18:37","slug":"plus-ecolos-plus-locaux-comment-la-crise-va-transformer-les-festivals-cet-ete","status":"publish","type":"post","link":"https:\/\/hierostrasbourg.com\/index.php\/2021\/06\/10\/plus-ecolos-plus-locaux-comment-la-crise-va-transformer-les-festivals-cet-ete\/","title":{"rendered":"Plus \u00e9colos, plus locaux\u2026 Comment la crise va transformer les festivals cet \u00e9t\u00e9"},"content":{"rendered":"<p><em>Dans quelques semaines, le public les retrouvera enfin. Mais sous de nouvelles formes : malmen\u00e9es par le Covid, les manifestations s\u2019adaptent. Une saison \u00e0 l\u2019essai, avant le retour des t\u00eates d\u2019affiche internationales en 2022\u2009?<\/em><\/p>\n<p>Source \/ Lire la suite : <a href=\"https:\/\/www.telerama.fr\/sortir\/plus-ecolos-plus-locaux...-comment-la-crise-va-transformer-les-festivals-cet-ete-6894770.php\">Plus \u00e9colos, plus locaux\u2026 Comment la crise va transformer les festivals cet \u00e9t\u00e9<\/a><\/p>\n<p>L\u2019article <a href=\"https:\/\/popburo.fr\/plus-ecolos-plus-locaux-comment-la-crise-va-transformer-les-festivals-cet-ete\/\">Plus \u00e9colos, plus locaux\u2026 Comment la crise va transformer les festivals cet \u00e9t\u00e9<\/a> est apparu en premier sur <a href=\"https:\/\/popburo.fr\/\">POP B\u00dcRO<\/a>.<\/p>\n","protected":false},"excerpt":{"rendered":"<p>Dans quelques semaines, le public les retrouvera enfin. Mais sous de nouvelles formes : malmen\u00e9es par le Covid, les manifestations s\u2019adaptent. Une saison \u00e0 l\u2019essai, avant le retour des t\u00eates d\u2019affiche internationales en 2022\u2009? Source \/ Lire la suite : Plus \u00e9colos, plus locaux\u2026 Comment la crise va transformer les festivals cet \u00e9t\u00e9 L\u2019article Plus \u00e9colos, plus locaux\u2026 Comment la crise va transformer les festivals cet \u00e9t\u00e9 est apparu en premier sur POP B\u00dcRO.<\/p>\n","protected":false},"author":0,"featured_media":0,"comment_status":"closed","ping_status":"open","sticky":false,"template":"","format":"standard","meta":{"footnotes":""},"categories":[1],"tags":[],"class_list":["post-678","post","type-post","status-publish","format-standard","hentry","category-non-classe"],"yoast_head":"<!-- This site is optimized with the Yoast SEO plugin v27.5 - https:\/\/yoast.com\/product\/yoast-seo-wordpress\/ -->\n<title>Plus \u00e9colos, plus locaux\u2026 Comment la crise va transformer les festivals cet \u00e9t\u00e9 - HIERO STRASBOURG<\/title>\n<meta name=\"robots\" content=\"index, follow, max-snippet:-1, max-image-preview:large, max-video-preview:-1\" \/>\n<link rel=\"canonical\" href=\"https:\/\/hierostrasbourg.com\/index.php\/2021\/06\/10\/plus-ecolos-plus-locaux-comment-la-crise-va-transformer-les-festivals-cet-ete\/\" \/>\n<meta property=\"og:locale\" content=\"fr_FR\" \/>\n<meta property=\"og:type\" content=\"article\" \/>\n<meta property=\"og:title\" content=\"Plus \u00e9colos, plus locaux\u2026 Comment la crise va transformer les festivals cet \u00e9t\u00e9 - HIERO STRASBOURG\" \/>\n<meta property=\"og:description\" content=\"Dans quelques semaines, le public les retrouvera enfin. Mais sous de nouvelles formes : malmen\u00e9es par le Covid, les manifestations s\u2019adaptent. Une saison \u00e0 l\u2019essai, avant le retour des t\u00eates d\u2019affiche internationales en 2022\u2009? Source \/ Lire la suite : Plus \u00e9colos, plus locaux\u2026 Comment la crise va transformer les festivals cet \u00e9t\u00e9 L\u2019article Plus \u00e9colos, plus locaux\u2026 Comment la crise va transformer les festivals cet \u00e9t\u00e9 est apparu en premier sur POP B\u00dcRO.\" \/>\n<meta property=\"og:url\" content=\"https:\/\/hierostrasbourg.com\/index.php\/2021\/06\/10\/plus-ecolos-plus-locaux-comment-la-crise-va-transformer-les-festivals-cet-ete\/\" \/>\n<meta property=\"og:site_name\" content=\"HIERO STRASBOURG\" \/>\n<meta property=\"article:publisher\" content=\"https:\/\/www.facebook.com\/fedehierostrasbourg\" \/>\n<meta property=\"article:published_time\" content=\"2021-06-10T06:18:37+00:00\" \/>\n<meta name=\"twitter:card\" content=\"summary_large_image\" \/>\n<meta name=\"twitter:creator\" content=\"@hierostrasbourg\" \/>\n<meta name=\"twitter:site\" content=\"@hierostrasbourg\" \/>\n<script type=\"application\/ld+json\" class=\"yoast-schema-graph\">{\"@context\":\"https:\\\/\\\/schema.org\",\"@graph\":[{\"@type\":\"Article\",\"@id\":\"https:\\\/\\\/hierostrasbourg.com\\\/index.php\\\/2021\\\/06\\\/10\\\/plus-ecolos-plus-locaux-comment-la-crise-va-transformer-les-festivals-cet-ete\\\/#article\",\"isPartOf\":{\"@id\":\"https:\\\/\\\/hierostrasbourg.com\\\/index.php\\\/2021\\\/06\\\/10\\\/plus-ecolos-plus-locaux-comment-la-crise-va-transformer-les-festivals-cet-ete\\\/\"},\"author\":{\"name\":\"\",\"@id\":\"\"},\"headline\":\"Plus \u00e9colos, plus locaux\u2026 Comment la crise va transformer les festivals cet \u00e9t\u00e9\",\"datePublished\":\"2021-06-10T06:18:37+00:00\",\"mainEntityOfPage\":{\"@id\":\"https:\\\/\\\/hierostrasbourg.com\\\/index.php\\\/2021\\\/06\\\/10\\\/plus-ecolos-plus-locaux-comment-la-crise-va-transformer-les-festivals-cet-ete\\\/\"},\"wordCount\":89,\"publisher\":{\"@id\":\"https:\\\/\\\/hierostrasbourg.com\\\/#organization\"},\"inLanguage\":\"fr-FR\"},{\"@type\":\"WebPage\",\"@id\":\"https:\\\/\\\/hierostrasbourg.com\\\/index.php\\\/2021\\\/06\\\/10\\\/plus-ecolos-plus-locaux-comment-la-crise-va-transformer-les-festivals-cet-ete\\\/\",\"url\":\"https:\\\/\\\/hierostrasbourg.com\\\/index.php\\\/2021\\\/06\\\/10\\\/plus-ecolos-plus-locaux-comment-la-crise-va-transformer-les-festivals-cet-ete\\\/\",\"name\":\"Plus \u00e9colos, plus locaux\u2026 Comment la crise va transformer les festivals cet \u00e9t\u00e9 - HIERO STRASBOURG\",\"isPartOf\":{\"@id\":\"https:\\\/\\\/hierostrasbourg.com\\\/#website\"},\"datePublished\":\"2021-06-10T06:18:37+00:00\",\"breadcrumb\":{\"@id\":\"https:\\\/\\\/hierostrasbourg.com\\\/index.php\\\/2021\\\/06\\\/10\\\/plus-ecolos-plus-locaux-comment-la-crise-va-transformer-les-festivals-cet-ete\\\/#breadcrumb\"},\"inLanguage\":\"fr-FR\",\"potentialAction\":[{\"@type\":\"ReadAction\",\"target\":[\"https:\\\/\\\/hierostrasbourg.com\\\/index.php\\\/2021\\\/06\\\/10\\\/plus-ecolos-plus-locaux-comment-la-crise-va-transformer-les-festivals-cet-ete\\\/\"]}]},{\"@type\":\"BreadcrumbList\",\"@id\":\"https:\\\/\\\/hierostrasbourg.com\\\/index.php\\\/2021\\\/06\\\/10\\\/plus-ecolos-plus-locaux-comment-la-crise-va-transformer-les-festivals-cet-ete\\\/#breadcrumb\",\"itemListElement\":[{\"@type\":\"ListItem\",\"position\":1,\"name\":\"Accueil\",\"item\":\"https:\\\/\\\/hierostrasbourg.com\\\/\"},{\"@type\":\"ListItem\",\"position\":2,\"name\":\"Plus \u00e9colos, plus locaux\u2026 Comment la crise va transformer les festivals cet \u00e9t\u00e9\"}]},{\"@type\":\"WebSite\",\"@id\":\"https:\\\/\\\/hierostrasbourg.com\\\/#website\",\"url\":\"https:\\\/\\\/hierostrasbourg.com\\\/\",\"name\":\"HIERO STRASBOURG\",\"description\":\"Centre de Ressources Musiques Actuelles\",\"publisher\":{\"@id\":\"https:\\\/\\\/hierostrasbourg.com\\\/#organization\"},\"potentialAction\":[{\"@type\":\"SearchAction\",\"target\":{\"@type\":\"EntryPoint\",\"urlTemplate\":\"https:\\\/\\\/hierostrasbourg.com\\\/?s={search_term_string}\"},\"query-input\":{\"@type\":\"PropertyValueSpecification\",\"valueRequired\":true,\"valueName\":\"search_term_string\"}}],\"inLanguage\":\"fr-FR\"},{\"@type\":\"Organization\",\"@id\":\"https:\\\/\\\/hierostrasbourg.com\\\/#organization\",\"name\":\"F\u00e9d\u00e9ration Hi\u00e9ro Strasbourg\",\"url\":\"https:\\\/\\\/hierostrasbourg.com\\\/\",\"logo\":{\"@type\":\"ImageObject\",\"inLanguage\":\"fr-FR\",\"@id\":\"https:\\\/\\\/hierostrasbourg.com\\\/#\\\/schema\\\/logo\\\/image\\\/\",\"url\":\"https:\\\/\\\/hierostrasbourg.com\\\/wp-content\\\/uploads\\\/2026\\\/04\\\/logo-hiero-strasbourg.jpg\",\"contentUrl\":\"https:\\\/\\\/hierostrasbourg.com\\\/wp-content\\\/uploads\\\/2026\\\/04\\\/logo-hiero-strasbourg.jpg\",\"width\":204,\"height\":192,\"caption\":\"F\u00e9d\u00e9ration Hi\u00e9ro Strasbourg\"},\"image\":{\"@id\":\"https:\\\/\\\/hierostrasbourg.com\\\/#\\\/schema\\\/logo\\\/image\\\/\"},\"sameAs\":[\"https:\\\/\\\/www.facebook.com\\\/fedehierostrasbourg\",\"https:\\\/\\\/x.com\\\/hierostrasbourg\"]}]}<\/script>\n<!-- \/ Yoast SEO plugin. -->","yoast_head_json":{"title":"Plus \u00e9colos, plus locaux\u2026 Comment la crise va transformer les festivals cet \u00e9t\u00e9 - HIERO STRASBOURG","robots":{"index":"index","follow":"follow","max-snippet":"max-snippet:-1","max-image-preview":"max-image-preview:large","max-video-preview":"max-video-preview:-1"},"canonical":"https:\/\/hierostrasbourg.com\/index.php\/2021\/06\/10\/plus-ecolos-plus-locaux-comment-la-crise-va-transformer-les-festivals-cet-ete\/","og_locale":"fr_FR","og_type":"article","og_title":"Plus \u00e9colos, plus locaux\u2026 Comment la crise va transformer les festivals cet \u00e9t\u00e9 - HIERO STRASBOURG","og_description":"Dans quelques semaines, le public les retrouvera enfin. Mais sous de nouvelles formes : malmen\u00e9es par le Covid, les manifestations s\u2019adaptent. Une saison \u00e0 l\u2019essai, avant le retour des t\u00eates d\u2019affiche internationales en 2022\u2009? Source \/ Lire la suite : Plus \u00e9colos, plus locaux\u2026 Comment la crise va transformer les festivals cet \u00e9t\u00e9 L\u2019article Plus \u00e9colos, plus locaux\u2026 Comment la crise va transformer les festivals cet \u00e9t\u00e9 est apparu en premier sur POP B\u00dcRO.","og_url":"https:\/\/hierostrasbourg.com\/index.php\/2021\/06\/10\/plus-ecolos-plus-locaux-comment-la-crise-va-transformer-les-festivals-cet-ete\/","og_site_name":"HIERO STRASBOURG","article_publisher":"https:\/\/www.facebook.com\/fedehierostrasbourg","article_published_time":"2021-06-10T06:18:37+00:00","twitter_card":"summary_large_image","twitter_creator":"@hierostrasbourg","twitter_site":"@hierostrasbourg","schema":{"@context":"https:\/\/schema.org","@graph":[{"@type":"Article","@id":"https:\/\/hierostrasbourg.com\/index.php\/2021\/06\/10\/plus-ecolos-plus-locaux-comment-la-crise-va-transformer-les-festivals-cet-ete\/#article","isPartOf":{"@id":"https:\/\/hierostrasbourg.com\/index.php\/2021\/06\/10\/plus-ecolos-plus-locaux-comment-la-crise-va-transformer-les-festivals-cet-ete\/"},"author":{"name":"","@id":""},"headline":"Plus \u00e9colos, plus locaux\u2026 Comment la crise va transformer les festivals cet \u00e9t\u00e9","datePublished":"2021-06-10T06:18:37+00:00","mainEntityOfPage":{"@id":"https:\/\/hierostrasbourg.com\/index.php\/2021\/06\/10\/plus-ecolos-plus-locaux-comment-la-crise-va-transformer-les-festivals-cet-ete\/"},"wordCount":89,"publisher":{"@id":"https:\/\/hierostrasbourg.com\/#organization"},"inLanguage":"fr-FR"},{"@type":"WebPage","@id":"https:\/\/hierostrasbourg.com\/index.php\/2021\/06\/10\/plus-ecolos-plus-locaux-comment-la-crise-va-transformer-les-festivals-cet-ete\/","url":"https:\/\/hierostrasbourg.com\/index.php\/2021\/06\/10\/plus-ecolos-plus-locaux-comment-la-crise-va-transformer-les-festivals-cet-ete\/","name":"Plus \u00e9colos, plus locaux\u2026 Comment la crise va transformer les festivals cet \u00e9t\u00e9 - HIERO STRASBOURG","isPartOf":{"@id":"https:\/\/hierostrasbourg.com\/#website"},"datePublished":"2021-06-10T06:18:37+00:00","breadcrumb":{"@id":"https:\/\/hierostrasbourg.com\/index.php\/2021\/06\/10\/plus-ecolos-plus-locaux-comment-la-crise-va-transformer-les-festivals-cet-ete\/#breadcrumb"},"inLanguage":"fr-FR","potentialAction":[{"@type":"ReadAction","target":["https:\/\/hierostrasbourg.com\/index.php\/2021\/06\/10\/plus-ecolos-plus-locaux-comment-la-crise-va-transformer-les-festivals-cet-ete\/"]}]},{"@type":"BreadcrumbList","@id":"https:\/\/hierostrasbourg.com\/index.php\/2021\/06\/10\/plus-ecolos-plus-locaux-comment-la-crise-va-transformer-les-festivals-cet-ete\/#breadcrumb","itemListElement":[{"@type":"ListItem","position":1,"name":"Accueil","item":"https:\/\/hierostrasbourg.com\/"},{"@type":"ListItem","position":2,"name":"Plus \u00e9colos, plus locaux\u2026 Comment la crise va transformer les festivals cet \u00e9t\u00e9"}]},{"@type":"WebSite","@id":"https:\/\/hierostrasbourg.com\/#website","url":"https:\/\/hierostrasbourg.com\/","name":"HIERO STRASBOURG","description":"Centre de Ressources Musiques Actuelles","publisher":{"@id":"https:\/\/hierostrasbourg.com\/#organization"},"potentialAction":[{"@type":"SearchAction","target":{"@type":"EntryPoint","urlTemplate":"https:\/\/hierostrasbourg.com\/?s={search_term_string}"},"query-input":{"@type":"PropertyValueSpecification","valueRequired":true,"valueName":"search_term_string"}}],"inLanguage":"fr-FR"},{"@type":"Organization","@id":"https:\/\/hierostrasbourg.com\/#organization","name":"F\u00e9d\u00e9ration Hi\u00e9ro Strasbourg","url":"https:\/\/hierostrasbourg.com\/","logo":{"@type":"ImageObject","inLanguage":"fr-FR","@id":"https:\/\/hierostrasbourg.com\/#\/schema\/logo\/image\/","url":"https:\/\/hierostrasbourg.com\/wp-content\/uploads\/2026\/04\/logo-hiero-strasbourg.jpg","contentUrl":"https:\/\/hierostrasbourg.com\/wp-content\/uploads\/2026\/04\/logo-hiero-strasbourg.jpg","width":204,"height":192,"caption":"F\u00e9d\u00e9ration Hi\u00e9ro Strasbourg"},"image":{"@id":"https:\/\/hierostrasbourg.com\/#\/schema\/logo\/image\/"},"sameAs":["https:\/\/www.facebook.com\/fedehierostrasbourg","https:\/\/x.com\/hierostrasbourg"]}]}},"_links":{"self":[{"href":"https:\/\/hierostrasbourg.com\/index.php\/wp-json\/wp\/v2\/posts\/678","targetHints":{"allow":["GET"]}}],"collection":[{"href":"https:\/\/hierostrasbourg.com\/index.php\/wp-json\/wp\/v2\/posts"}],"about":[{"href":"https:\/\/hierostrasbourg.com\/index.php\/wp-json\/wp\/v2\/types\/post"}],"replies":[{"embeddable":true,"href":"https:\/\/hierostrasbourg.com\/index.php\/wp-json\/wp\/v2\/comments?post=678"}],"version-history":[{"count":0,"href":"https:\/\/hierostrasbourg.com\/index.php\/wp-json\/wp\/v2\/posts\/678\/revisions"}],"wp:attachment":[{"href":"https:\/\/hierostrasbourg.com\/index.php\/wp-json\/wp\/v2\/media?parent=678"}],"wp:term":[{"taxonomy":"category","embeddable":true,"href":"https:\/\/hierostrasbourg.com\/index.php\/wp-json\/wp\/v2\/categories?post=678"},{"taxonomy":"post_tag","embeddable":true,"href":"https:\/\/hierostrasbourg.com\/index.php\/wp-json\/wp\/v2\/tags?post=678"}],"curies":[{"name":"wp","href":"https:\/\/api.w.org\/{rel}","templated":true}]}}