{"id":668,"date":"2021-06-08T14:18:39","date_gmt":"2021-06-08T12:18:39","guid":{"rendered":"https:\/\/hierostrasbourg.com\/index.php\/2021\/06\/08\/la-fete-de-la-musique-2021-aura-lieu-selon-des-modalites-draconiennes\/"},"modified":"2021-06-08T14:18:39","modified_gmt":"2021-06-08T12:18:39","slug":"la-fete-de-la-musique-2021-aura-lieu-selon-des-modalites-draconiennes","status":"publish","type":"post","link":"https:\/\/hierostrasbourg.com\/index.php\/2021\/06\/08\/la-fete-de-la-musique-2021-aura-lieu-selon-des-modalites-draconiennes\/","title":{"rendered":"La F\u00eate de la musique 2021 aura lieu\u2026 selon des modalit\u00e9s draconiennes"},"content":{"rendered":"<p><em>Alors que la ministre de la Culture a d\u00e9clar\u00e9 que le festival de rue pourrait se tenir, sans n\u00e9cessit\u00e9 du pass sanitaire notamment, le protocole impos\u00e9 pour l\u2019\u00e9v\u00e9nement laisse peu de place \u00e0 la spontan\u00e9it\u00e9 habituelle.<\/em><\/p>\n<p class=\"fig-headline fig-pagination__hidden\">Source \/ Lire la suite : <a href=\"https:\/\/www.lefigaro.fr\/culture\/l-edition-2021-de-la-fete-de-la-musique-aura-lieu-selon-des-modalites-draconiennes-20210608\">La F\u00eate de la musique 2021 aura lieu\u2026 selon des modalit\u00e9s draconiennes<\/a><\/p>\n<p>L\u2019article <a href=\"https:\/\/popburo.fr\/la-fete-de-la-musique-2021-aura-lieu-selon-des-modalites-draconiennes\/\">La F\u00eate de la musique 2021 aura lieu\u2026 selon des modalit\u00e9s draconiennes<\/a> est apparu en premier sur <a href=\"https:\/\/popburo.fr\/\">POP B\u00dcRO<\/a>.<\/p>\n","protected":false},"excerpt":{"rendered":"<p>Alors que la ministre de la Culture a d\u00e9clar\u00e9 que le festival de rue pourrait se tenir, sans n\u00e9cessit\u00e9 du pass sanitaire notamment, le protocole impos\u00e9 pour l\u2019\u00e9v\u00e9nement laisse peu de place \u00e0 la spontan\u00e9it\u00e9 habituelle. Source \/ Lire la suite : La F\u00eate de la musique 2021 aura lieu\u2026 selon des modalit\u00e9s draconiennes L\u2019article La F\u00eate de la musique 2021 aura lieu\u2026 selon des modalit\u00e9s draconiennes est apparu en premier sur POP B\u00dcRO.<\/p>\n","protected":false},"author":0,"featured_media":0,"comment_status":"closed","ping_status":"open","sticky":false,"template":"","format":"standard","meta":{"footnotes":""},"categories":[1],"tags":[],"class_list":["post-668","post","type-post","status-publish","format-standard","hentry","category-non-classe"],"yoast_head":"<!-- This site is optimized with the Yoast SEO plugin v27.5 - https:\/\/yoast.com\/product\/yoast-seo-wordpress\/ -->\n<title>La F\u00eate de la musique 2021 aura lieu\u2026 selon des modalit\u00e9s draconiennes - HIERO STRASBOURG<\/title>\n<meta name=\"robots\" content=\"index, follow, max-snippet:-1, max-image-preview:large, max-video-preview:-1\" \/>\n<link rel=\"canonical\" href=\"https:\/\/hierostrasbourg.com\/index.php\/2021\/06\/08\/la-fete-de-la-musique-2021-aura-lieu-selon-des-modalites-draconiennes\/\" \/>\n<meta property=\"og:locale\" content=\"fr_FR\" \/>\n<meta property=\"og:type\" content=\"article\" \/>\n<meta property=\"og:title\" content=\"La F\u00eate de la musique 2021 aura lieu\u2026 selon des modalit\u00e9s draconiennes - HIERO STRASBOURG\" \/>\n<meta property=\"og:description\" content=\"Alors que la ministre de la Culture a d\u00e9clar\u00e9 que le festival de rue pourrait se tenir, sans n\u00e9cessit\u00e9 du pass sanitaire notamment, le protocole impos\u00e9 pour l\u2019\u00e9v\u00e9nement laisse peu de place \u00e0 la spontan\u00e9it\u00e9 habituelle. Source \/ Lire la suite : La F\u00eate de la musique 2021 aura lieu\u2026 selon des modalit\u00e9s draconiennes L\u2019article La F\u00eate de la musique 2021 aura lieu\u2026 selon des modalit\u00e9s draconiennes est apparu en premier sur POP B\u00dcRO.\" \/>\n<meta property=\"og:url\" content=\"https:\/\/hierostrasbourg.com\/index.php\/2021\/06\/08\/la-fete-de-la-musique-2021-aura-lieu-selon-des-modalites-draconiennes\/\" \/>\n<meta property=\"og:site_name\" content=\"HIERO STRASBOURG\" \/>\n<meta property=\"article:publisher\" content=\"https:\/\/www.facebook.com\/fedehierostrasbourg\" \/>\n<meta property=\"article:published_time\" content=\"2021-06-08T12:18:39+00:00\" \/>\n<meta name=\"twitter:card\" content=\"summary_large_image\" \/>\n<meta name=\"twitter:creator\" content=\"@hierostrasbourg\" \/>\n<meta name=\"twitter:site\" content=\"@hierostrasbourg\" \/>\n<script type=\"application\/ld+json\" class=\"yoast-schema-graph\">{\"@context\":\"https:\\\/\\\/schema.org\",\"@graph\":[{\"@type\":\"Article\",\"@id\":\"https:\\\/\\\/hierostrasbourg.com\\\/index.php\\\/2021\\\/06\\\/08\\\/la-fete-de-la-musique-2021-aura-lieu-selon-des-modalites-draconiennes\\\/#article\",\"isPartOf\":{\"@id\":\"https:\\\/\\\/hierostrasbourg.com\\\/index.php\\\/2021\\\/06\\\/08\\\/la-fete-de-la-musique-2021-aura-lieu-selon-des-modalites-draconiennes\\\/\"},\"author\":{\"name\":\"\",\"@id\":\"\"},\"headline\":\"La F\u00eate de la musique 2021 aura lieu\u2026 selon des modalit\u00e9s draconiennes\",\"datePublished\":\"2021-06-08T12:18:39+00:00\",\"mainEntityOfPage\":{\"@id\":\"https:\\\/\\\/hierostrasbourg.com\\\/index.php\\\/2021\\\/06\\\/08\\\/la-fete-de-la-musique-2021-aura-lieu-selon-des-modalites-draconiennes\\\/\"},\"wordCount\":93,\"publisher\":{\"@id\":\"https:\\\/\\\/hierostrasbourg.com\\\/#organization\"},\"inLanguage\":\"fr-FR\"},{\"@type\":\"WebPage\",\"@id\":\"https:\\\/\\\/hierostrasbourg.com\\\/index.php\\\/2021\\\/06\\\/08\\\/la-fete-de-la-musique-2021-aura-lieu-selon-des-modalites-draconiennes\\\/\",\"url\":\"https:\\\/\\\/hierostrasbourg.com\\\/index.php\\\/2021\\\/06\\\/08\\\/la-fete-de-la-musique-2021-aura-lieu-selon-des-modalites-draconiennes\\\/\",\"name\":\"La F\u00eate de la musique 2021 aura lieu\u2026 selon des modalit\u00e9s draconiennes - HIERO STRASBOURG\",\"isPartOf\":{\"@id\":\"https:\\\/\\\/hierostrasbourg.com\\\/#website\"},\"datePublished\":\"2021-06-08T12:18:39+00:00\",\"breadcrumb\":{\"@id\":\"https:\\\/\\\/hierostrasbourg.com\\\/index.php\\\/2021\\\/06\\\/08\\\/la-fete-de-la-musique-2021-aura-lieu-selon-des-modalites-draconiennes\\\/#breadcrumb\"},\"inLanguage\":\"fr-FR\",\"potentialAction\":[{\"@type\":\"ReadAction\",\"target\":[\"https:\\\/\\\/hierostrasbourg.com\\\/index.php\\\/2021\\\/06\\\/08\\\/la-fete-de-la-musique-2021-aura-lieu-selon-des-modalites-draconiennes\\\/\"]}]},{\"@type\":\"BreadcrumbList\",\"@id\":\"https:\\\/\\\/hierostrasbourg.com\\\/index.php\\\/2021\\\/06\\\/08\\\/la-fete-de-la-musique-2021-aura-lieu-selon-des-modalites-draconiennes\\\/#breadcrumb\",\"itemListElement\":[{\"@type\":\"ListItem\",\"position\":1,\"name\":\"Accueil\",\"item\":\"https:\\\/\\\/hierostrasbourg.com\\\/\"},{\"@type\":\"ListItem\",\"position\":2,\"name\":\"La F\u00eate de la musique 2021 aura lieu\u2026 selon des modalit\u00e9s draconiennes\"}]},{\"@type\":\"WebSite\",\"@id\":\"https:\\\/\\\/hierostrasbourg.com\\\/#website\",\"url\":\"https:\\\/\\\/hierostrasbourg.com\\\/\",\"name\":\"HIERO STRASBOURG\",\"description\":\"Centre de Ressources Musiques Actuelles\",\"publisher\":{\"@id\":\"https:\\\/\\\/hierostrasbourg.com\\\/#organization\"},\"potentialAction\":[{\"@type\":\"SearchAction\",\"target\":{\"@type\":\"EntryPoint\",\"urlTemplate\":\"https:\\\/\\\/hierostrasbourg.com\\\/?s={search_term_string}\"},\"query-input\":{\"@type\":\"PropertyValueSpecification\",\"valueRequired\":true,\"valueName\":\"search_term_string\"}}],\"inLanguage\":\"fr-FR\"},{\"@type\":\"Organization\",\"@id\":\"https:\\\/\\\/hierostrasbourg.com\\\/#organization\",\"name\":\"F\u00e9d\u00e9ration Hi\u00e9ro Strasbourg\",\"url\":\"https:\\\/\\\/hierostrasbourg.com\\\/\",\"logo\":{\"@type\":\"ImageObject\",\"inLanguage\":\"fr-FR\",\"@id\":\"https:\\\/\\\/hierostrasbourg.com\\\/#\\\/schema\\\/logo\\\/image\\\/\",\"url\":\"https:\\\/\\\/hierostrasbourg.com\\\/wp-content\\\/uploads\\\/2026\\\/04\\\/logo-hiero-strasbourg.jpg\",\"contentUrl\":\"https:\\\/\\\/hierostrasbourg.com\\\/wp-content\\\/uploads\\\/2026\\\/04\\\/logo-hiero-strasbourg.jpg\",\"width\":204,\"height\":192,\"caption\":\"F\u00e9d\u00e9ration Hi\u00e9ro Strasbourg\"},\"image\":{\"@id\":\"https:\\\/\\\/hierostrasbourg.com\\\/#\\\/schema\\\/logo\\\/image\\\/\"},\"sameAs\":[\"https:\\\/\\\/www.facebook.com\\\/fedehierostrasbourg\",\"https:\\\/\\\/x.com\\\/hierostrasbourg\"]}]}<\/script>\n<!-- \/ Yoast SEO plugin. -->","yoast_head_json":{"title":"La F\u00eate de la musique 2021 aura lieu\u2026 selon des modalit\u00e9s draconiennes - HIERO STRASBOURG","robots":{"index":"index","follow":"follow","max-snippet":"max-snippet:-1","max-image-preview":"max-image-preview:large","max-video-preview":"max-video-preview:-1"},"canonical":"https:\/\/hierostrasbourg.com\/index.php\/2021\/06\/08\/la-fete-de-la-musique-2021-aura-lieu-selon-des-modalites-draconiennes\/","og_locale":"fr_FR","og_type":"article","og_title":"La F\u00eate de la musique 2021 aura lieu\u2026 selon des modalit\u00e9s draconiennes - HIERO STRASBOURG","og_description":"Alors que la ministre de la Culture a d\u00e9clar\u00e9 que le festival de rue pourrait se tenir, sans n\u00e9cessit\u00e9 du pass sanitaire notamment, le protocole impos\u00e9 pour l\u2019\u00e9v\u00e9nement laisse peu de place \u00e0 la spontan\u00e9it\u00e9 habituelle. Source \/ Lire la suite : La F\u00eate de la musique 2021 aura lieu\u2026 selon des modalit\u00e9s draconiennes L\u2019article La F\u00eate de la musique 2021 aura lieu\u2026 selon des modalit\u00e9s draconiennes est apparu en premier sur POP B\u00dcRO.","og_url":"https:\/\/hierostrasbourg.com\/index.php\/2021\/06\/08\/la-fete-de-la-musique-2021-aura-lieu-selon-des-modalites-draconiennes\/","og_site_name":"HIERO STRASBOURG","article_publisher":"https:\/\/www.facebook.com\/fedehierostrasbourg","article_published_time":"2021-06-08T12:18:39+00:00","twitter_card":"summary_large_image","twitter_creator":"@hierostrasbourg","twitter_site":"@hierostrasbourg","schema":{"@context":"https:\/\/schema.org","@graph":[{"@type":"Article","@id":"https:\/\/hierostrasbourg.com\/index.php\/2021\/06\/08\/la-fete-de-la-musique-2021-aura-lieu-selon-des-modalites-draconiennes\/#article","isPartOf":{"@id":"https:\/\/hierostrasbourg.com\/index.php\/2021\/06\/08\/la-fete-de-la-musique-2021-aura-lieu-selon-des-modalites-draconiennes\/"},"author":{"name":"","@id":""},"headline":"La F\u00eate de la musique 2021 aura lieu\u2026 selon des modalit\u00e9s draconiennes","datePublished":"2021-06-08T12:18:39+00:00","mainEntityOfPage":{"@id":"https:\/\/hierostrasbourg.com\/index.php\/2021\/06\/08\/la-fete-de-la-musique-2021-aura-lieu-selon-des-modalites-draconiennes\/"},"wordCount":93,"publisher":{"@id":"https:\/\/hierostrasbourg.com\/#organization"},"inLanguage":"fr-FR"},{"@type":"WebPage","@id":"https:\/\/hierostrasbourg.com\/index.php\/2021\/06\/08\/la-fete-de-la-musique-2021-aura-lieu-selon-des-modalites-draconiennes\/","url":"https:\/\/hierostrasbourg.com\/index.php\/2021\/06\/08\/la-fete-de-la-musique-2021-aura-lieu-selon-des-modalites-draconiennes\/","name":"La F\u00eate de la musique 2021 aura lieu\u2026 selon des modalit\u00e9s draconiennes - HIERO STRASBOURG","isPartOf":{"@id":"https:\/\/hierostrasbourg.com\/#website"},"datePublished":"2021-06-08T12:18:39+00:00","breadcrumb":{"@id":"https:\/\/hierostrasbourg.com\/index.php\/2021\/06\/08\/la-fete-de-la-musique-2021-aura-lieu-selon-des-modalites-draconiennes\/#breadcrumb"},"inLanguage":"fr-FR","potentialAction":[{"@type":"ReadAction","target":["https:\/\/hierostrasbourg.com\/index.php\/2021\/06\/08\/la-fete-de-la-musique-2021-aura-lieu-selon-des-modalites-draconiennes\/"]}]},{"@type":"BreadcrumbList","@id":"https:\/\/hierostrasbourg.com\/index.php\/2021\/06\/08\/la-fete-de-la-musique-2021-aura-lieu-selon-des-modalites-draconiennes\/#breadcrumb","itemListElement":[{"@type":"ListItem","position":1,"name":"Accueil","item":"https:\/\/hierostrasbourg.com\/"},{"@type":"ListItem","position":2,"name":"La F\u00eate de la musique 2021 aura lieu\u2026 selon des modalit\u00e9s draconiennes"}]},{"@type":"WebSite","@id":"https:\/\/hierostrasbourg.com\/#website","url":"https:\/\/hierostrasbourg.com\/","name":"HIERO STRASBOURG","description":"Centre de Ressources Musiques Actuelles","publisher":{"@id":"https:\/\/hierostrasbourg.com\/#organization"},"potentialAction":[{"@type":"SearchAction","target":{"@type":"EntryPoint","urlTemplate":"https:\/\/hierostrasbourg.com\/?s={search_term_string}"},"query-input":{"@type":"PropertyValueSpecification","valueRequired":true,"valueName":"search_term_string"}}],"inLanguage":"fr-FR"},{"@type":"Organization","@id":"https:\/\/hierostrasbourg.com\/#organization","name":"F\u00e9d\u00e9ration Hi\u00e9ro Strasbourg","url":"https:\/\/hierostrasbourg.com\/","logo":{"@type":"ImageObject","inLanguage":"fr-FR","@id":"https:\/\/hierostrasbourg.com\/#\/schema\/logo\/image\/","url":"https:\/\/hierostrasbourg.com\/wp-content\/uploads\/2026\/04\/logo-hiero-strasbourg.jpg","contentUrl":"https:\/\/hierostrasbourg.com\/wp-content\/uploads\/2026\/04\/logo-hiero-strasbourg.jpg","width":204,"height":192,"caption":"F\u00e9d\u00e9ration Hi\u00e9ro Strasbourg"},"image":{"@id":"https:\/\/hierostrasbourg.com\/#\/schema\/logo\/image\/"},"sameAs":["https:\/\/www.facebook.com\/fedehierostrasbourg","https:\/\/x.com\/hierostrasbourg"]}]}},"_links":{"self":[{"href":"https:\/\/hierostrasbourg.com\/index.php\/wp-json\/wp\/v2\/posts\/668","targetHints":{"allow":["GET"]}}],"collection":[{"href":"https:\/\/hierostrasbourg.com\/index.php\/wp-json\/wp\/v2\/posts"}],"about":[{"href":"https:\/\/hierostrasbourg.com\/index.php\/wp-json\/wp\/v2\/types\/post"}],"replies":[{"embeddable":true,"href":"https:\/\/hierostrasbourg.com\/index.php\/wp-json\/wp\/v2\/comments?post=668"}],"version-history":[{"count":0,"href":"https:\/\/hierostrasbourg.com\/index.php\/wp-json\/wp\/v2\/posts\/668\/revisions"}],"wp:attachment":[{"href":"https:\/\/hierostrasbourg.com\/index.php\/wp-json\/wp\/v2\/media?parent=668"}],"wp:term":[{"taxonomy":"category","embeddable":true,"href":"https:\/\/hierostrasbourg.com\/index.php\/wp-json\/wp\/v2\/categories?post=668"},{"taxonomy":"post_tag","embeddable":true,"href":"https:\/\/hierostrasbourg.com\/index.php\/wp-json\/wp\/v2\/tags?post=668"}],"curies":[{"name":"wp","href":"https:\/\/api.w.org\/{rel}","templated":true}]}}