{"id":665,"date":"2021-06-08T14:18:39","date_gmt":"2021-06-08T12:18:39","guid":{"rendered":"https:\/\/hierostrasbourg.com\/index.php\/2021\/06\/08\/la-fete-de-la-musique-2021-sans-concerts-amateurs-dans-les-rues\/"},"modified":"2021-06-08T14:18:39","modified_gmt":"2021-06-08T12:18:39","slug":"la-fete-de-la-musique-2021-sans-concerts-amateurs-dans-les-rues","status":"publish","type":"post","link":"https:\/\/hierostrasbourg.com\/index.php\/2021\/06\/08\/la-fete-de-la-musique-2021-sans-concerts-amateurs-dans-les-rues\/","title":{"rendered":"La F\u00eate de la musique 2021 sans concerts amateurs dans les rues"},"content":{"rendered":"<p><em>Le minist\u00e8re de la Culture a publi\u00e9 un protocole sanitaire strict qui emp\u00eachera la tenue d\u2019\u00e9v\u00e8nements musicaux dans les rues comme on les conna\u00eet d\u2019ordinaire<\/em><\/p>\n<p>Source \/ Lire la suite : <a href=\"https:\/\/www.huffingtonpost.fr\/entry\/la-fete-de-la-musique-2021-se-tiendra-sans-musiciens-amateurs_fr_60bf2505e4b077ffc2ed5daa\">La F\u00eate de la musique 2021 sans concerts amateurs dans les rues<\/a><\/p>\n<p>L\u2019article <a href=\"https:\/\/popburo.fr\/la-fete-de-la-musique-2021-sans-concerts-amateurs-dans-les-rues\/\">La F\u00eate de la musique 2021 sans concerts amateurs dans les rues<\/a> est apparu en premier sur <a href=\"https:\/\/popburo.fr\/\">POP B\u00dcRO<\/a>.<\/p>\n","protected":false},"excerpt":{"rendered":"<p>Le minist\u00e8re de la Culture a publi\u00e9 un protocole sanitaire strict qui emp\u00eachera la tenue d\u2019\u00e9v\u00e8nements musicaux dans les rues comme on les conna\u00eet d\u2019ordinaire Source \/ Lire la suite : La F\u00eate de la musique 2021 sans concerts amateurs dans les rues L\u2019article La F\u00eate de la musique 2021 sans concerts amateurs dans les rues est apparu en premier sur POP B\u00dcRO.<\/p>\n","protected":false},"author":0,"featured_media":0,"comment_status":"closed","ping_status":"open","sticky":false,"template":"","format":"standard","meta":{"footnotes":""},"categories":[1],"tags":[],"class_list":["post-665","post","type-post","status-publish","format-standard","hentry","category-non-classe"],"yoast_head":"<!-- This site is optimized with the Yoast SEO plugin v27.5 - https:\/\/yoast.com\/product\/yoast-seo-wordpress\/ -->\n<title>La F\u00eate de la musique 2021 sans concerts amateurs dans les rues - HIERO STRASBOURG<\/title>\n<meta name=\"robots\" content=\"index, follow, max-snippet:-1, max-image-preview:large, max-video-preview:-1\" \/>\n<link rel=\"canonical\" href=\"https:\/\/hierostrasbourg.com\/index.php\/2021\/06\/08\/la-fete-de-la-musique-2021-sans-concerts-amateurs-dans-les-rues\/\" \/>\n<meta property=\"og:locale\" content=\"fr_FR\" \/>\n<meta property=\"og:type\" content=\"article\" \/>\n<meta property=\"og:title\" content=\"La F\u00eate de la musique 2021 sans concerts amateurs dans les rues - HIERO STRASBOURG\" \/>\n<meta property=\"og:description\" content=\"Le minist\u00e8re de la Culture a publi\u00e9 un protocole sanitaire strict qui emp\u00eachera la tenue d\u2019\u00e9v\u00e8nements musicaux dans les rues comme on les conna\u00eet d\u2019ordinaire Source \/ Lire la suite : La F\u00eate de la musique 2021 sans concerts amateurs dans les rues L\u2019article La F\u00eate de la musique 2021 sans concerts amateurs dans les rues est apparu en premier sur POP B\u00dcRO.\" \/>\n<meta property=\"og:url\" content=\"https:\/\/hierostrasbourg.com\/index.php\/2021\/06\/08\/la-fete-de-la-musique-2021-sans-concerts-amateurs-dans-les-rues\/\" \/>\n<meta property=\"og:site_name\" content=\"HIERO STRASBOURG\" \/>\n<meta property=\"article:publisher\" content=\"https:\/\/www.facebook.com\/fedehierostrasbourg\" \/>\n<meta property=\"article:published_time\" content=\"2021-06-08T12:18:39+00:00\" \/>\n<meta name=\"twitter:card\" content=\"summary_large_image\" \/>\n<meta name=\"twitter:creator\" content=\"@hierostrasbourg\" \/>\n<meta name=\"twitter:site\" content=\"@hierostrasbourg\" \/>\n<script type=\"application\/ld+json\" class=\"yoast-schema-graph\">{\"@context\":\"https:\\\/\\\/schema.org\",\"@graph\":[{\"@type\":\"Article\",\"@id\":\"https:\\\/\\\/hierostrasbourg.com\\\/index.php\\\/2021\\\/06\\\/08\\\/la-fete-de-la-musique-2021-sans-concerts-amateurs-dans-les-rues\\\/#article\",\"isPartOf\":{\"@id\":\"https:\\\/\\\/hierostrasbourg.com\\\/index.php\\\/2021\\\/06\\\/08\\\/la-fete-de-la-musique-2021-sans-concerts-amateurs-dans-les-rues\\\/\"},\"author\":{\"name\":\"\",\"@id\":\"\"},\"headline\":\"La F\u00eate de la musique 2021 sans concerts amateurs dans les rues\",\"datePublished\":\"2021-06-08T12:18:39+00:00\",\"mainEntityOfPage\":{\"@id\":\"https:\\\/\\\/hierostrasbourg.com\\\/index.php\\\/2021\\\/06\\\/08\\\/la-fete-de-la-musique-2021-sans-concerts-amateurs-dans-les-rues\\\/\"},\"wordCount\":81,\"publisher\":{\"@id\":\"https:\\\/\\\/hierostrasbourg.com\\\/#organization\"},\"inLanguage\":\"fr-FR\"},{\"@type\":\"WebPage\",\"@id\":\"https:\\\/\\\/hierostrasbourg.com\\\/index.php\\\/2021\\\/06\\\/08\\\/la-fete-de-la-musique-2021-sans-concerts-amateurs-dans-les-rues\\\/\",\"url\":\"https:\\\/\\\/hierostrasbourg.com\\\/index.php\\\/2021\\\/06\\\/08\\\/la-fete-de-la-musique-2021-sans-concerts-amateurs-dans-les-rues\\\/\",\"name\":\"La F\u00eate de la musique 2021 sans concerts amateurs dans les rues - HIERO STRASBOURG\",\"isPartOf\":{\"@id\":\"https:\\\/\\\/hierostrasbourg.com\\\/#website\"},\"datePublished\":\"2021-06-08T12:18:39+00:00\",\"breadcrumb\":{\"@id\":\"https:\\\/\\\/hierostrasbourg.com\\\/index.php\\\/2021\\\/06\\\/08\\\/la-fete-de-la-musique-2021-sans-concerts-amateurs-dans-les-rues\\\/#breadcrumb\"},\"inLanguage\":\"fr-FR\",\"potentialAction\":[{\"@type\":\"ReadAction\",\"target\":[\"https:\\\/\\\/hierostrasbourg.com\\\/index.php\\\/2021\\\/06\\\/08\\\/la-fete-de-la-musique-2021-sans-concerts-amateurs-dans-les-rues\\\/\"]}]},{\"@type\":\"BreadcrumbList\",\"@id\":\"https:\\\/\\\/hierostrasbourg.com\\\/index.php\\\/2021\\\/06\\\/08\\\/la-fete-de-la-musique-2021-sans-concerts-amateurs-dans-les-rues\\\/#breadcrumb\",\"itemListElement\":[{\"@type\":\"ListItem\",\"position\":1,\"name\":\"Accueil\",\"item\":\"https:\\\/\\\/hierostrasbourg.com\\\/\"},{\"@type\":\"ListItem\",\"position\":2,\"name\":\"La F\u00eate de la musique 2021 sans concerts amateurs dans les rues\"}]},{\"@type\":\"WebSite\",\"@id\":\"https:\\\/\\\/hierostrasbourg.com\\\/#website\",\"url\":\"https:\\\/\\\/hierostrasbourg.com\\\/\",\"name\":\"HIERO STRASBOURG\",\"description\":\"Centre de Ressources Musiques Actuelles\",\"publisher\":{\"@id\":\"https:\\\/\\\/hierostrasbourg.com\\\/#organization\"},\"potentialAction\":[{\"@type\":\"SearchAction\",\"target\":{\"@type\":\"EntryPoint\",\"urlTemplate\":\"https:\\\/\\\/hierostrasbourg.com\\\/?s={search_term_string}\"},\"query-input\":{\"@type\":\"PropertyValueSpecification\",\"valueRequired\":true,\"valueName\":\"search_term_string\"}}],\"inLanguage\":\"fr-FR\"},{\"@type\":\"Organization\",\"@id\":\"https:\\\/\\\/hierostrasbourg.com\\\/#organization\",\"name\":\"F\u00e9d\u00e9ration Hi\u00e9ro Strasbourg\",\"url\":\"https:\\\/\\\/hierostrasbourg.com\\\/\",\"logo\":{\"@type\":\"ImageObject\",\"inLanguage\":\"fr-FR\",\"@id\":\"https:\\\/\\\/hierostrasbourg.com\\\/#\\\/schema\\\/logo\\\/image\\\/\",\"url\":\"https:\\\/\\\/hierostrasbourg.com\\\/wp-content\\\/uploads\\\/2026\\\/04\\\/logo-hiero-strasbourg.jpg\",\"contentUrl\":\"https:\\\/\\\/hierostrasbourg.com\\\/wp-content\\\/uploads\\\/2026\\\/04\\\/logo-hiero-strasbourg.jpg\",\"width\":204,\"height\":192,\"caption\":\"F\u00e9d\u00e9ration Hi\u00e9ro Strasbourg\"},\"image\":{\"@id\":\"https:\\\/\\\/hierostrasbourg.com\\\/#\\\/schema\\\/logo\\\/image\\\/\"},\"sameAs\":[\"https:\\\/\\\/www.facebook.com\\\/fedehierostrasbourg\",\"https:\\\/\\\/x.com\\\/hierostrasbourg\"]}]}<\/script>\n<!-- \/ Yoast SEO plugin. -->","yoast_head_json":{"title":"La F\u00eate de la musique 2021 sans concerts amateurs dans les rues - HIERO STRASBOURG","robots":{"index":"index","follow":"follow","max-snippet":"max-snippet:-1","max-image-preview":"max-image-preview:large","max-video-preview":"max-video-preview:-1"},"canonical":"https:\/\/hierostrasbourg.com\/index.php\/2021\/06\/08\/la-fete-de-la-musique-2021-sans-concerts-amateurs-dans-les-rues\/","og_locale":"fr_FR","og_type":"article","og_title":"La F\u00eate de la musique 2021 sans concerts amateurs dans les rues - HIERO STRASBOURG","og_description":"Le minist\u00e8re de la Culture a publi\u00e9 un protocole sanitaire strict qui emp\u00eachera la tenue d\u2019\u00e9v\u00e8nements musicaux dans les rues comme on les conna\u00eet d\u2019ordinaire Source \/ Lire la suite : La F\u00eate de la musique 2021 sans concerts amateurs dans les rues L\u2019article La F\u00eate de la musique 2021 sans concerts amateurs dans les rues est apparu en premier sur POP B\u00dcRO.","og_url":"https:\/\/hierostrasbourg.com\/index.php\/2021\/06\/08\/la-fete-de-la-musique-2021-sans-concerts-amateurs-dans-les-rues\/","og_site_name":"HIERO STRASBOURG","article_publisher":"https:\/\/www.facebook.com\/fedehierostrasbourg","article_published_time":"2021-06-08T12:18:39+00:00","twitter_card":"summary_large_image","twitter_creator":"@hierostrasbourg","twitter_site":"@hierostrasbourg","schema":{"@context":"https:\/\/schema.org","@graph":[{"@type":"Article","@id":"https:\/\/hierostrasbourg.com\/index.php\/2021\/06\/08\/la-fete-de-la-musique-2021-sans-concerts-amateurs-dans-les-rues\/#article","isPartOf":{"@id":"https:\/\/hierostrasbourg.com\/index.php\/2021\/06\/08\/la-fete-de-la-musique-2021-sans-concerts-amateurs-dans-les-rues\/"},"author":{"name":"","@id":""},"headline":"La F\u00eate de la musique 2021 sans concerts amateurs dans les rues","datePublished":"2021-06-08T12:18:39+00:00","mainEntityOfPage":{"@id":"https:\/\/hierostrasbourg.com\/index.php\/2021\/06\/08\/la-fete-de-la-musique-2021-sans-concerts-amateurs-dans-les-rues\/"},"wordCount":81,"publisher":{"@id":"https:\/\/hierostrasbourg.com\/#organization"},"inLanguage":"fr-FR"},{"@type":"WebPage","@id":"https:\/\/hierostrasbourg.com\/index.php\/2021\/06\/08\/la-fete-de-la-musique-2021-sans-concerts-amateurs-dans-les-rues\/","url":"https:\/\/hierostrasbourg.com\/index.php\/2021\/06\/08\/la-fete-de-la-musique-2021-sans-concerts-amateurs-dans-les-rues\/","name":"La F\u00eate de la musique 2021 sans concerts amateurs dans les rues - HIERO STRASBOURG","isPartOf":{"@id":"https:\/\/hierostrasbourg.com\/#website"},"datePublished":"2021-06-08T12:18:39+00:00","breadcrumb":{"@id":"https:\/\/hierostrasbourg.com\/index.php\/2021\/06\/08\/la-fete-de-la-musique-2021-sans-concerts-amateurs-dans-les-rues\/#breadcrumb"},"inLanguage":"fr-FR","potentialAction":[{"@type":"ReadAction","target":["https:\/\/hierostrasbourg.com\/index.php\/2021\/06\/08\/la-fete-de-la-musique-2021-sans-concerts-amateurs-dans-les-rues\/"]}]},{"@type":"BreadcrumbList","@id":"https:\/\/hierostrasbourg.com\/index.php\/2021\/06\/08\/la-fete-de-la-musique-2021-sans-concerts-amateurs-dans-les-rues\/#breadcrumb","itemListElement":[{"@type":"ListItem","position":1,"name":"Accueil","item":"https:\/\/hierostrasbourg.com\/"},{"@type":"ListItem","position":2,"name":"La F\u00eate de la musique 2021 sans concerts amateurs dans les rues"}]},{"@type":"WebSite","@id":"https:\/\/hierostrasbourg.com\/#website","url":"https:\/\/hierostrasbourg.com\/","name":"HIERO STRASBOURG","description":"Centre de Ressources Musiques Actuelles","publisher":{"@id":"https:\/\/hierostrasbourg.com\/#organization"},"potentialAction":[{"@type":"SearchAction","target":{"@type":"EntryPoint","urlTemplate":"https:\/\/hierostrasbourg.com\/?s={search_term_string}"},"query-input":{"@type":"PropertyValueSpecification","valueRequired":true,"valueName":"search_term_string"}}],"inLanguage":"fr-FR"},{"@type":"Organization","@id":"https:\/\/hierostrasbourg.com\/#organization","name":"F\u00e9d\u00e9ration Hi\u00e9ro Strasbourg","url":"https:\/\/hierostrasbourg.com\/","logo":{"@type":"ImageObject","inLanguage":"fr-FR","@id":"https:\/\/hierostrasbourg.com\/#\/schema\/logo\/image\/","url":"https:\/\/hierostrasbourg.com\/wp-content\/uploads\/2026\/04\/logo-hiero-strasbourg.jpg","contentUrl":"https:\/\/hierostrasbourg.com\/wp-content\/uploads\/2026\/04\/logo-hiero-strasbourg.jpg","width":204,"height":192,"caption":"F\u00e9d\u00e9ration Hi\u00e9ro Strasbourg"},"image":{"@id":"https:\/\/hierostrasbourg.com\/#\/schema\/logo\/image\/"},"sameAs":["https:\/\/www.facebook.com\/fedehierostrasbourg","https:\/\/x.com\/hierostrasbourg"]}]}},"_links":{"self":[{"href":"https:\/\/hierostrasbourg.com\/index.php\/wp-json\/wp\/v2\/posts\/665","targetHints":{"allow":["GET"]}}],"collection":[{"href":"https:\/\/hierostrasbourg.com\/index.php\/wp-json\/wp\/v2\/posts"}],"about":[{"href":"https:\/\/hierostrasbourg.com\/index.php\/wp-json\/wp\/v2\/types\/post"}],"replies":[{"embeddable":true,"href":"https:\/\/hierostrasbourg.com\/index.php\/wp-json\/wp\/v2\/comments?post=665"}],"version-history":[{"count":0,"href":"https:\/\/hierostrasbourg.com\/index.php\/wp-json\/wp\/v2\/posts\/665\/revisions"}],"wp:attachment":[{"href":"https:\/\/hierostrasbourg.com\/index.php\/wp-json\/wp\/v2\/media?parent=665"}],"wp:term":[{"taxonomy":"category","embeddable":true,"href":"https:\/\/hierostrasbourg.com\/index.php\/wp-json\/wp\/v2\/categories?post=665"},{"taxonomy":"post_tag","embeddable":true,"href":"https:\/\/hierostrasbourg.com\/index.php\/wp-json\/wp\/v2\/tags?post=665"}],"curies":[{"name":"wp","href":"https:\/\/api.w.org\/{rel}","templated":true}]}}