{"id":661,"date":"2021-06-07T20:18:34","date_gmt":"2021-06-07T18:18:34","guid":{"rendered":"https:\/\/hierostrasbourg.com\/index.php\/2021\/06\/07\/fonds-de-compensation-des-pertes-de-billetterie\/"},"modified":"2021-06-07T20:18:34","modified_gmt":"2021-06-07T18:18:34","slug":"fonds-de-compensation-des-pertes-de-billetterie","status":"publish","type":"post","link":"https:\/\/hierostrasbourg.com\/index.php\/2021\/06\/07\/fonds-de-compensation-des-pertes-de-billetterie\/","title":{"rendered":"Fonds de compensation des pertes de billetterie"},"content":{"rendered":"<p>Le fonds de compensation des pertes de billetterie vise \u00e0 inciter les entreprises de spectacle de musique et de vari\u00e9t\u00e9s \u00e0 programmer des repr\u00e9sentations qui, sans ce soutien, ne seraient \u00e9conomiquement pas viables en raison de la r\u00e9duction des recettes de billetterie cons\u00e9cutives aux mesures de distanciation physique<\/p>\n<p>Source \/ Lire la suite : <a href=\"https:\/\/cnm.fr\/crise-covid-19\/aides-exceptionnelles\/fonds-de-compensation-des-pertes-de-billetterie-2\/\">Fonds de compensation des pertes de billetterie<\/a><\/p>\n<p>Le fonds de compensation vise \u00e0 soutenir les entreprises qui assument le risque de la billetterie, au sens de la licence 3. Il s\u2019agit donc des diffuseurs (salles, festivals\u2026) et des producteurs au sens de la licence 2 qui exercent leur activit\u00e9 en louant des salles, pour assurer la diffusion de leurs spectacles (et qui sont donc titulaires des licences 2 et 3).<\/p>\n<p>Date de mise en ligne des formulaires de demande : 1er juin 2021<\/p>\n<p>Date limite de d\u00e9p\u00f4t des demandes : 1er juillet 2021<\/p>\n<p>Date de la premi\u00e8re commission : 15 juillet 2021<\/p>\n<p>Prochaines dates: commission le 27 septembre (date limite de d\u00e9p\u00f4t le 1er septembre)<\/p>\n<h2>P\u00e9rim\u00e8tre de l\u2019aide<\/h2>\n<p>Repr\u00e9sentations se tenant du 1er\u00a0septembre\u00a02020\u00a0au 30\u00a0septembre\u00a02021.<\/p>\n<\/p>\n<h2>Caract\u00e9ristiques g\u00e9n\u00e9rales de l\u2019aide<\/h2>\n<p>Ce fonds de sauvegarde est une aide non remboursable, dont le montant est d\u00e9fini en fonction des pertes d\u2019exploitation de l\u2019entreprise concern\u00e9e.<\/p>\n<h3><\/h3>\n<h2>B\u00e9n\u00e9ficiaires de l\u2019aide<\/h2>\n<p>Cette aide est destin\u00e9e aux entreprises de spectacle de musique et de vari\u00e9t\u00e9s.<\/p>\n<h3><\/h3>\n<h2>Crit\u00e8res d\u2019\u00e9ligibilit\u00e9<\/h2>\n<h4 class=\"c-accordion__title js-accordion-controller\">Crit\u00e8re d\u2019\u00e9ligibilit\u00e9 du demandeur<\/h4>\n<p>Le demandeur est titulaire de la ou des licences en lien avec l\u2019objet de l\u2019aide.<br \/>\nLe demandeur assume le risque de la billetterie au sens de la d\u00e9claration de la taxe fiscale sur les spectacles de vari\u00e9t\u00e9s en cas de repr\u00e9sentation payante.<br \/>\nToute entreprise ayant d\u00e9j\u00e0 b\u00e9n\u00e9fici\u00e9 du fonds de compensation devra avoir communiqu\u00e9 les bilans des repr\u00e9sentations concern\u00e9es avant de d\u00e9poser un nouveau dossier.<\/p>\n<h4 class=\"c-accordion__title js-accordion-controller\">Crit\u00e8res d\u2019appr\u00e9ciation du dossier<\/h4>\n<div class=\"wp-block-column\">\n<div class=\"wp-block-pb-accordion-item c-accordion__item js-accordion-item is-read is-open\">\n<div class=\"c-accordion__content\">\n<p>La sinc\u00e9rit\u00e9 et le s\u00e9rieux des informations transmises\u202f;<br \/>\nL\u2019historique d\u2019activit\u00e9 du demandeur et sa situation vis-\u00e0-vis des organismes de gestion collective\u202f;<\/p>\n<p>Le caract\u00e8re central de l\u2019activit\u00e9 de production et\/ou de diffusion de spectacles dans l\u2019\u00e9conomie du demandeur ;<br \/>\nLes engagements en mati\u00e8re de r\u00e9mun\u00e9ration, de pr\u00e9servation de l\u2019emploi et de solidarit\u00e9 avec la fili\u00e8re\u202f:<\/p>\n<p>des diffuseurs et des festivals vers les producteurs cessionnaires,<br \/>\ndes diffuseurs et producteurs \u00e9metteurs de billetterie vers les salles,<br \/>\nen cas de cor\u00e9alisation ou de co-production, l\u2019aide serait revers\u00e9e par le b\u00e9n\u00e9ficiaire \u00e0 son contractant selon le pourcentage pr\u00e9vu dans le contrat.<br \/>\nEnvers les prestataires engag\u00e9s dans la r\u00e9alisation du projet<\/p>\n<p>Le respect des dispositions des conventions collectives nationales \u00e9tendues dans le champ du spectacle vivant, applicables en mati\u00e8re d\u2019emploi des personnels artistiques et techniques ;<br \/>\ndes\u00a0moyens de promotion et de communication en ad\u00e9quation avec la production et les objectifs poursuivis<br \/>\nun\u00a0objectif de nombre de places commercialis\u00e9es \u00ab\u202fhors\u202fdistanciation\u202f\u00bb coh\u00e9rent avec la strat\u00e9gie et le niveau de d\u00e9veloppement du projet<br \/>\nLe pourcentage de financement public (Etat, collectivit\u00e9s locales) de l\u2019entreprise\u202f;<\/p>\n<p>Le respect d\u2019un cadre de bonne pratique professionnelle.<\/p>\n<\/div>\n<\/div>\n<div class=\"wp-block-pb-accordion-item c-accordion__item js-accordion-item\">\n<h4 class=\"c-accordion__title js-accordion-controller\">Ant\u00e9riorit\u00e9 de la repr\u00e9sentation<\/h4>\n<\/div>\n<h2>Montant de l\u2019aide<\/h2>\n<p>L\u2019aide a pour objet de compenser la diff\u00e9rence entre le chiffre d\u2019affaires de billetterie r\u00e9alis\u00e9 et le chiffre d\u2019affaires de billetterie potentiel, qui aurait pu \u00eatre r\u00e9alis\u00e9 sans contrainte de distanciation, selon le calcul suivant :<\/p>\n<p>Chiffre d\u2019affaires r\u00e9alis\u00e9 = (nombre de billets vendus) x (prix hors taxes)<br \/>\nTaux de fr\u00e9quentation payante r\u00e9alis\u00e9e = (nombre de billets vendus) \/ (nombre de billets commercialis\u00e9s)<br \/>\nChiffre d\u2019affaires potentiel sans distanciation = (nombre de billets commercialisables sans distanciation) x (prix hors taxes) x (taux de fr\u00e9quentation payante r\u00e9alis\u00e9e)<br \/>\nCompensation = (chiffre d\u2019affaires potentiel sans distanciation) \u2013 (chiffre d\u2019affaires r\u00e9alis\u00e9)<\/p>\n<p>Une m\u00eame structure pourra d\u00e9poser plusieurs demandes d\u2019aides et obtenir une aide annuelle (ann\u00e9e glissante) maximum de 500 K\u20ac.<br \/>\nSi une structure demandait une compensation \u00e0 la fois au CNM, au titre de son activit\u00e9 musicale, et \u00e0 un autre organisme au titre d\u2019une autre activit\u00e9, le montant maximum des soutiens cumul\u00e9s s\u2019\u00e9l\u00e8verait \u00e0 500 K\u20ac.<\/p>\n<p>\u00a0<\/p>\n<h2>D\u00e9rogation cabarets<\/h2>\n<p>Le plafond pourra \u00eatre port\u00e9 \u00e0 1 M\u20ac pour les cabarets qui respecteront les conditions suivantes :<\/p>\n<p>Employer une troupe compos\u00e9e soit \u00e0 minima de 14 artistes en CDI soit \u00e0 minima de 24 artistes en CDI ou CDDU ;<\/p>\n<p>Produire 10 repr\u00e9sentations par mois en moyenne \u00e0 compter de la date de r\u00e9ouverture, sauf modification des conditions d\u2019exploitation li\u00e9es au covid-19.<\/p>\n<p>Le plafond annuel par structure, bonus plateau artistique compris, ne pourra d\u00e9passer 1 M\u20ac.<\/p>\n<p>\u00a0<\/p>\n<h2>Modalit\u00e9s de d\u00e9p\u00f4t de la demande d\u2019aide<\/h2>\n<p>La composition du dossier de demande d\u2019aide est d\u00e9taill\u00e9e sur le site extranet du CNM\u00a0:\u00a0<a href=\"https:\/\/monespace.cnm.fr\/\">https:\/\/monespace.cnm.fr\/<\/a>.<\/p>\n<p>Le dossier de demande d\u2019aide doit \u00eatre d\u00e9pos\u00e9 sur le site extranet du CNM.<\/p>\n<p><strong>Aucune demande re\u00e7ue par courriel ou courrier postal ne sera trait\u00e9e.<\/strong><\/p>\n<p>Aucun dossier incomplet ne pourra \u00eatre trait\u00e9.<\/p>\n<p>\u00a0<\/p>\n<h3>Analyse de l\u2019\u00e9ligibilit\u00e9 des dossiers de demande<\/h3>\n<p>L\u2019examen des dossiers est effectu\u00e9 par une commission ad hoc dans le mois qui suit celui du d\u00e9p\u00f4t du dossier selon le calendrier indiqu\u00e9 sur le site internet du CNM. Le CNM peut demander un compl\u00e9ment d\u2019information au demandeur.<\/p>\n<div class=\"wp-block-buttons\"><\/div>\n<div class=\"wp-block-buttons\">\n<div class=\"wp-block-button is-style-full\"><\/div>\n<\/div>\n<\/div>\n<div class=\"wp-block-buttons\"><a class=\"maxbutton-1 maxbutton maxbutton-inscription\" href=\"https:\/\/monespace.cnm.fr\/login\"><span class=\"mb-text\">DEMANDE EN LIGNE<\/span><\/a><\/div>\n<p>L\u2019article <a href=\"https:\/\/popburo.fr\/fonds-de-compensation-des-pertes-de-billetterie\/\">Fonds de compensation des pertes de billetterie<\/a> est apparu en premier sur <a href=\"https:\/\/popburo.fr\/\">POP B\u00dcRO<\/a>.<\/p>\n","protected":false},"excerpt":{"rendered":"<p>Le fonds de compensation des pertes de billetterie vise \u00e0 inciter les entreprises de spectacle de musique et de vari\u00e9t\u00e9s \u00e0 programmer des repr\u00e9sentations qui, sans ce soutien, ne seraient \u00e9conomiquement pas viables en raison de la r\u00e9duction des recettes de billetterie cons\u00e9cutives aux mesures de distanciation physique Source \/ Lire la suite : Fonds de compensation des pertes de billetterie Le fonds de compensation vise \u00e0 soutenir les entreprises qui assument le risque de la billetterie, au sens de [&hellip;]<\/p>\n","protected":false},"author":0,"featured_media":0,"comment_status":"closed","ping_status":"open","sticky":false,"template":"","format":"standard","meta":{"footnotes":""},"categories":[1],"tags":[],"class_list":["post-661","post","type-post","status-publish","format-standard","hentry","category-non-classe"],"yoast_head":"<!-- This site is optimized with the Yoast SEO plugin v27.5 - https:\/\/yoast.com\/product\/yoast-seo-wordpress\/ -->\n<title>Fonds de compensation des pertes de billetterie - HIERO STRASBOURG<\/title>\n<meta name=\"robots\" content=\"index, follow, max-snippet:-1, max-image-preview:large, max-video-preview:-1\" \/>\n<link rel=\"canonical\" href=\"https:\/\/hierostrasbourg.com\/index.php\/2021\/06\/07\/fonds-de-compensation-des-pertes-de-billetterie\/\" \/>\n<meta property=\"og:locale\" content=\"fr_FR\" \/>\n<meta property=\"og:type\" content=\"article\" \/>\n<meta property=\"og:title\" content=\"Fonds de compensation des pertes de billetterie - HIERO STRASBOURG\" \/>\n<meta property=\"og:description\" content=\"Le fonds de compensation des pertes de billetterie vise \u00e0 inciter les entreprises de spectacle de musique et de vari\u00e9t\u00e9s \u00e0 programmer des repr\u00e9sentations qui, sans ce soutien, ne seraient \u00e9conomiquement pas viables en raison de la r\u00e9duction des recettes de billetterie cons\u00e9cutives aux mesures de distanciation physique Source \/ Lire la suite : Fonds de compensation des pertes de billetterie Le fonds de compensation vise \u00e0 soutenir les entreprises qui assument le risque de la billetterie, au sens de [&hellip;]\" \/>\n<meta property=\"og:url\" content=\"https:\/\/hierostrasbourg.com\/index.php\/2021\/06\/07\/fonds-de-compensation-des-pertes-de-billetterie\/\" \/>\n<meta property=\"og:site_name\" content=\"HIERO STRASBOURG\" \/>\n<meta property=\"article:publisher\" content=\"https:\/\/www.facebook.com\/fedehierostrasbourg\" \/>\n<meta property=\"article:published_time\" content=\"2021-06-07T18:18:34+00:00\" \/>\n<meta name=\"twitter:card\" content=\"summary_large_image\" \/>\n<meta name=\"twitter:creator\" content=\"@hierostrasbourg\" \/>\n<meta name=\"twitter:site\" content=\"@hierostrasbourg\" \/>\n<meta name=\"twitter:label1\" content=\"Dur\u00e9e de lecture estim\u00e9e\" \/>\n\t<meta name=\"twitter:data1\" content=\"5 minutes\" \/>\n<script type=\"application\/ld+json\" class=\"yoast-schema-graph\">{\"@context\":\"https:\\\/\\\/schema.org\",\"@graph\":[{\"@type\":\"Article\",\"@id\":\"https:\\\/\\\/hierostrasbourg.com\\\/index.php\\\/2021\\\/06\\\/07\\\/fonds-de-compensation-des-pertes-de-billetterie\\\/#article\",\"isPartOf\":{\"@id\":\"https:\\\/\\\/hierostrasbourg.com\\\/index.php\\\/2021\\\/06\\\/07\\\/fonds-de-compensation-des-pertes-de-billetterie\\\/\"},\"author\":{\"name\":\"\",\"@id\":\"\"},\"headline\":\"Fonds de compensation des pertes de billetterie\",\"datePublished\":\"2021-06-07T18:18:34+00:00\",\"mainEntityOfPage\":{\"@id\":\"https:\\\/\\\/hierostrasbourg.com\\\/index.php\\\/2021\\\/06\\\/07\\\/fonds-de-compensation-des-pertes-de-billetterie\\\/\"},\"wordCount\":941,\"publisher\":{\"@id\":\"https:\\\/\\\/hierostrasbourg.com\\\/#organization\"},\"inLanguage\":\"fr-FR\"},{\"@type\":\"WebPage\",\"@id\":\"https:\\\/\\\/hierostrasbourg.com\\\/index.php\\\/2021\\\/06\\\/07\\\/fonds-de-compensation-des-pertes-de-billetterie\\\/\",\"url\":\"https:\\\/\\\/hierostrasbourg.com\\\/index.php\\\/2021\\\/06\\\/07\\\/fonds-de-compensation-des-pertes-de-billetterie\\\/\",\"name\":\"Fonds de compensation des pertes de billetterie - HIERO STRASBOURG\",\"isPartOf\":{\"@id\":\"https:\\\/\\\/hierostrasbourg.com\\\/#website\"},\"datePublished\":\"2021-06-07T18:18:34+00:00\",\"breadcrumb\":{\"@id\":\"https:\\\/\\\/hierostrasbourg.com\\\/index.php\\\/2021\\\/06\\\/07\\\/fonds-de-compensation-des-pertes-de-billetterie\\\/#breadcrumb\"},\"inLanguage\":\"fr-FR\",\"potentialAction\":[{\"@type\":\"ReadAction\",\"target\":[\"https:\\\/\\\/hierostrasbourg.com\\\/index.php\\\/2021\\\/06\\\/07\\\/fonds-de-compensation-des-pertes-de-billetterie\\\/\"]}]},{\"@type\":\"BreadcrumbList\",\"@id\":\"https:\\\/\\\/hierostrasbourg.com\\\/index.php\\\/2021\\\/06\\\/07\\\/fonds-de-compensation-des-pertes-de-billetterie\\\/#breadcrumb\",\"itemListElement\":[{\"@type\":\"ListItem\",\"position\":1,\"name\":\"Accueil\",\"item\":\"https:\\\/\\\/hierostrasbourg.com\\\/\"},{\"@type\":\"ListItem\",\"position\":2,\"name\":\"Fonds de compensation des pertes de billetterie\"}]},{\"@type\":\"WebSite\",\"@id\":\"https:\\\/\\\/hierostrasbourg.com\\\/#website\",\"url\":\"https:\\\/\\\/hierostrasbourg.com\\\/\",\"name\":\"HIERO STRASBOURG\",\"description\":\"Centre de Ressources Musiques Actuelles\",\"publisher\":{\"@id\":\"https:\\\/\\\/hierostrasbourg.com\\\/#organization\"},\"potentialAction\":[{\"@type\":\"SearchAction\",\"target\":{\"@type\":\"EntryPoint\",\"urlTemplate\":\"https:\\\/\\\/hierostrasbourg.com\\\/?s={search_term_string}\"},\"query-input\":{\"@type\":\"PropertyValueSpecification\",\"valueRequired\":true,\"valueName\":\"search_term_string\"}}],\"inLanguage\":\"fr-FR\"},{\"@type\":\"Organization\",\"@id\":\"https:\\\/\\\/hierostrasbourg.com\\\/#organization\",\"name\":\"F\u00e9d\u00e9ration Hi\u00e9ro Strasbourg\",\"url\":\"https:\\\/\\\/hierostrasbourg.com\\\/\",\"logo\":{\"@type\":\"ImageObject\",\"inLanguage\":\"fr-FR\",\"@id\":\"https:\\\/\\\/hierostrasbourg.com\\\/#\\\/schema\\\/logo\\\/image\\\/\",\"url\":\"https:\\\/\\\/hierostrasbourg.com\\\/wp-content\\\/uploads\\\/2026\\\/04\\\/logo-hiero-strasbourg.jpg\",\"contentUrl\":\"https:\\\/\\\/hierostrasbourg.com\\\/wp-content\\\/uploads\\\/2026\\\/04\\\/logo-hiero-strasbourg.jpg\",\"width\":204,\"height\":192,\"caption\":\"F\u00e9d\u00e9ration Hi\u00e9ro Strasbourg\"},\"image\":{\"@id\":\"https:\\\/\\\/hierostrasbourg.com\\\/#\\\/schema\\\/logo\\\/image\\\/\"},\"sameAs\":[\"https:\\\/\\\/www.facebook.com\\\/fedehierostrasbourg\",\"https:\\\/\\\/x.com\\\/hierostrasbourg\"]}]}<\/script>\n<!-- \/ Yoast SEO plugin. -->","yoast_head_json":{"title":"Fonds de compensation des pertes de billetterie - HIERO STRASBOURG","robots":{"index":"index","follow":"follow","max-snippet":"max-snippet:-1","max-image-preview":"max-image-preview:large","max-video-preview":"max-video-preview:-1"},"canonical":"https:\/\/hierostrasbourg.com\/index.php\/2021\/06\/07\/fonds-de-compensation-des-pertes-de-billetterie\/","og_locale":"fr_FR","og_type":"article","og_title":"Fonds de compensation des pertes de billetterie - HIERO STRASBOURG","og_description":"Le fonds de compensation des pertes de billetterie vise \u00e0 inciter les entreprises de spectacle de musique et de vari\u00e9t\u00e9s \u00e0 programmer des repr\u00e9sentations qui, sans ce soutien, ne seraient \u00e9conomiquement pas viables en raison de la r\u00e9duction des recettes de billetterie cons\u00e9cutives aux mesures de distanciation physique Source \/ Lire la suite : Fonds de compensation des pertes de billetterie Le fonds de compensation vise \u00e0 soutenir les entreprises qui assument le risque de la billetterie, au sens de [&hellip;]","og_url":"https:\/\/hierostrasbourg.com\/index.php\/2021\/06\/07\/fonds-de-compensation-des-pertes-de-billetterie\/","og_site_name":"HIERO STRASBOURG","article_publisher":"https:\/\/www.facebook.com\/fedehierostrasbourg","article_published_time":"2021-06-07T18:18:34+00:00","twitter_card":"summary_large_image","twitter_creator":"@hierostrasbourg","twitter_site":"@hierostrasbourg","twitter_misc":{"Dur\u00e9e de lecture estim\u00e9e":"5 minutes"},"schema":{"@context":"https:\/\/schema.org","@graph":[{"@type":"Article","@id":"https:\/\/hierostrasbourg.com\/index.php\/2021\/06\/07\/fonds-de-compensation-des-pertes-de-billetterie\/#article","isPartOf":{"@id":"https:\/\/hierostrasbourg.com\/index.php\/2021\/06\/07\/fonds-de-compensation-des-pertes-de-billetterie\/"},"author":{"name":"","@id":""},"headline":"Fonds de compensation des pertes de billetterie","datePublished":"2021-06-07T18:18:34+00:00","mainEntityOfPage":{"@id":"https:\/\/hierostrasbourg.com\/index.php\/2021\/06\/07\/fonds-de-compensation-des-pertes-de-billetterie\/"},"wordCount":941,"publisher":{"@id":"https:\/\/hierostrasbourg.com\/#organization"},"inLanguage":"fr-FR"},{"@type":"WebPage","@id":"https:\/\/hierostrasbourg.com\/index.php\/2021\/06\/07\/fonds-de-compensation-des-pertes-de-billetterie\/","url":"https:\/\/hierostrasbourg.com\/index.php\/2021\/06\/07\/fonds-de-compensation-des-pertes-de-billetterie\/","name":"Fonds de compensation des pertes de billetterie - HIERO STRASBOURG","isPartOf":{"@id":"https:\/\/hierostrasbourg.com\/#website"},"datePublished":"2021-06-07T18:18:34+00:00","breadcrumb":{"@id":"https:\/\/hierostrasbourg.com\/index.php\/2021\/06\/07\/fonds-de-compensation-des-pertes-de-billetterie\/#breadcrumb"},"inLanguage":"fr-FR","potentialAction":[{"@type":"ReadAction","target":["https:\/\/hierostrasbourg.com\/index.php\/2021\/06\/07\/fonds-de-compensation-des-pertes-de-billetterie\/"]}]},{"@type":"BreadcrumbList","@id":"https:\/\/hierostrasbourg.com\/index.php\/2021\/06\/07\/fonds-de-compensation-des-pertes-de-billetterie\/#breadcrumb","itemListElement":[{"@type":"ListItem","position":1,"name":"Accueil","item":"https:\/\/hierostrasbourg.com\/"},{"@type":"ListItem","position":2,"name":"Fonds de compensation des pertes de billetterie"}]},{"@type":"WebSite","@id":"https:\/\/hierostrasbourg.com\/#website","url":"https:\/\/hierostrasbourg.com\/","name":"HIERO STRASBOURG","description":"Centre de Ressources Musiques Actuelles","publisher":{"@id":"https:\/\/hierostrasbourg.com\/#organization"},"potentialAction":[{"@type":"SearchAction","target":{"@type":"EntryPoint","urlTemplate":"https:\/\/hierostrasbourg.com\/?s={search_term_string}"},"query-input":{"@type":"PropertyValueSpecification","valueRequired":true,"valueName":"search_term_string"}}],"inLanguage":"fr-FR"},{"@type":"Organization","@id":"https:\/\/hierostrasbourg.com\/#organization","name":"F\u00e9d\u00e9ration Hi\u00e9ro Strasbourg","url":"https:\/\/hierostrasbourg.com\/","logo":{"@type":"ImageObject","inLanguage":"fr-FR","@id":"https:\/\/hierostrasbourg.com\/#\/schema\/logo\/image\/","url":"https:\/\/hierostrasbourg.com\/wp-content\/uploads\/2026\/04\/logo-hiero-strasbourg.jpg","contentUrl":"https:\/\/hierostrasbourg.com\/wp-content\/uploads\/2026\/04\/logo-hiero-strasbourg.jpg","width":204,"height":192,"caption":"F\u00e9d\u00e9ration Hi\u00e9ro Strasbourg"},"image":{"@id":"https:\/\/hierostrasbourg.com\/#\/schema\/logo\/image\/"},"sameAs":["https:\/\/www.facebook.com\/fedehierostrasbourg","https:\/\/x.com\/hierostrasbourg"]}]}},"_links":{"self":[{"href":"https:\/\/hierostrasbourg.com\/index.php\/wp-json\/wp\/v2\/posts\/661","targetHints":{"allow":["GET"]}}],"collection":[{"href":"https:\/\/hierostrasbourg.com\/index.php\/wp-json\/wp\/v2\/posts"}],"about":[{"href":"https:\/\/hierostrasbourg.com\/index.php\/wp-json\/wp\/v2\/types\/post"}],"replies":[{"embeddable":true,"href":"https:\/\/hierostrasbourg.com\/index.php\/wp-json\/wp\/v2\/comments?post=661"}],"version-history":[{"count":0,"href":"https:\/\/hierostrasbourg.com\/index.php\/wp-json\/wp\/v2\/posts\/661\/revisions"}],"wp:attachment":[{"href":"https:\/\/hierostrasbourg.com\/index.php\/wp-json\/wp\/v2\/media?parent=661"}],"wp:term":[{"taxonomy":"category","embeddable":true,"href":"https:\/\/hierostrasbourg.com\/index.php\/wp-json\/wp\/v2\/categories?post=661"},{"taxonomy":"post_tag","embeddable":true,"href":"https:\/\/hierostrasbourg.com\/index.php\/wp-json\/wp\/v2\/tags?post=661"}],"curies":[{"name":"wp","href":"https:\/\/api.w.org\/{rel}","templated":true}]}}