{"id":660,"date":"2021-06-07T12:18:38","date_gmt":"2021-06-07T10:18:38","guid":{"rendered":"https:\/\/hierostrasbourg.com\/index.php\/2021\/06\/07\/sturm-production-strasbourg-recrute-un-charge-de-communication-en-contrat-dapprentissage-f-h\/"},"modified":"2021-06-07T12:18:38","modified_gmt":"2021-06-07T10:18:38","slug":"sturm-production-strasbourg-recrute-un-charge-de-communication-en-contrat-dapprentissage-f-h","status":"publish","type":"post","link":"https:\/\/hierostrasbourg.com\/index.php\/2021\/06\/07\/sturm-production-strasbourg-recrute-un-charge-de-communication-en-contrat-dapprentissage-f-h\/","title":{"rendered":"STURM PRODUCTION [Strasbourg] recrute un charg\u00e9 de communication en contrat d\u2019apprentissage [F\/H]"},"content":{"rendered":"<p>La Sturm Production est une association de droit local, cr\u00e9\u00e9e en septembre 2020 \u00e0 Strasbourg entre les deux confinements en r\u00e9ponse \u00e0 la crise sanitaire qui \u00e9branle consid\u00e9rablement le secteur musical. Elle a pour vocation de soutenir et promouvoir la sc\u00e8ne jazz de Strasbourg et de sa r\u00e9gion, \u00e0 travers deux types d\u2019actions :<\/p>\n<p>Accompagnement et d\u00e9veloppement d\u2019artistes : promotion, management, production de concerts, de tourn\u00e9es, de disques, actions p\u00e9dagogiques et de transmission, r\u00e9sidences de cr\u00e9ation\u2026<br \/>\nfacebook.com\/sturmproduction<br \/>\nOrganisation du festival Jazz \u00e0 la Petite France en juillet \u00e0 Strasbourg, valorisant les talents r\u00e9gionaux. www.jazzalapetitefrance.com<\/p>\n<h2>Missions<\/h2>\n<p>Sous la responsabilit\u00e9 de la pr\u00e9sidente, l\u2019apprenti.e participera \u00e0 l\u2019\u00e9laboration de la strat\u00e9gie de communication de l\u2019association dans toutes ses activit\u00e9s, \u00e0 la conception et la cr\u00e9ation de tous les supports de communication, en collaboration avec l\u2019\u00e9quipe intermittente et b\u00e9n\u00e9vole. Elle\/il assumera en tout ou en partie les t\u00e2ches suivantes :<\/p>\n<p>Communication digitale : gestion des pages Facebook, Instagram, cr\u00e9ation \/ actualisation de site web, cr\u00e9ation de bandeaux, de visuels\u2026<br \/>\nCommunication print : conception et fabrication des outils prints (affiches, flyers, banderoles\u2026)<br \/>\nCommunication g\u00e9n\u00e9rale : co-r\u00e9daction et mise en page de documents de l\u2019association, de dossiers de presse et de communiqu\u00e9s de presse pour le festival et les sorties de disque\u2026<br \/>\nDiffusion et promotion : diffusion des outils prints et web, promotion de l\u2019association et de ses activit\u00e9s sur des \u00e9v\u00e9nements publics ou professionnels\u2026<br \/>\nRelations publiques : d\u00e9veloppement des partenariats ; contact, envois et relances m\u00e9dias ; gestion des fichiers\u2026<br \/>\n\u00c9dition et fabrication des photos \/ vid\u00e9os \/ images : selon les comp\u00e9tences de l\u2019apprenti.e.<\/p>\n<p>Les t\u00e2ches seront adapt\u00e9es selon les motivations du stagiaire et ses qualifications.<\/p>\n<h2>Profil recherch\u00e9<\/h2>\n<p>Formation niveau master 1 ou 2 en communication, marketing\u2026<br \/>\nVif int\u00e9r\u00eat pour la musique<br \/>\nAutonomie, rigueur, sens de l\u2019organisation, curiosit\u00e9<br \/>\nL\u2019anglais ou l\u2019allemand est un plus<br \/>\nCapacit\u00e9 \u00e0 travailler en \u00e9quipe et aisance relationnelle<br \/>\nOrdinateur et imprimante personnels<br \/>\nMa\u00eetrise des outils bureautiques, bases sur Photoshop, Indesign, logiciel de vid\u00e9o\u2026<\/p>\n<h2>Exp\u00e9rience recherch\u00e9e<\/h2>\n<p>Pas d\u2019exp\u00e9rience requise<\/p>\n<p>Date de prise de fonction : Septembre ou octobre 2021<br \/>\nDate limite de candidature : 10\/07\/2021<br \/>\nR\u00e9mun\u00e9ration selon \u00e2ge et dipl\u00f4me<\/p>\n<p>\n4 rue Jean Sturm<br \/>\n67000 Strasbourg<\/p>\n<p>Envoyez CV et lettre de motivation, en pr\u00e9cisant votre projet \/ \u00e9cole \/ universit\u00e9<\/p>\n<p><a href=\"http:\/\/facebook.com\/sturmproduction\">facebook.com\/sturmproduction<\/a><\/p>\n<p>L\u2019article <a href=\"https:\/\/popburo.fr\/sturm-production-strasbourg-recrute-un-charge-de-communication-en-contrat-dapprentissage-f-h\/\">STURM PRODUCTION [Strasbourg] recrute un charg\u00e9 de communication en contrat d\u2019apprentissage [F\/H]<\/a> est apparu en premier sur <a href=\"https:\/\/popburo.fr\/\">POP B\u00dcRO<\/a>.<\/p>\n","protected":false},"excerpt":{"rendered":"<p>La Sturm Production est une association de droit local, cr\u00e9\u00e9e en septembre 2020 \u00e0 Strasbourg entre les deux confinements en r\u00e9ponse \u00e0 la crise sanitaire qui \u00e9branle consid\u00e9rablement le secteur musical. Elle a pour vocation de soutenir et promouvoir la sc\u00e8ne jazz de Strasbourg et de sa r\u00e9gion, \u00e0 travers deux types d\u2019actions : Accompagnement et d\u00e9veloppement d\u2019artistes : promotion, management, production de concerts, de tourn\u00e9es, de disques, actions p\u00e9dagogiques et de transmission, r\u00e9sidences de cr\u00e9ation\u2026 facebook.com\/sturmproduction Organisation du festival [&hellip;]<\/p>\n","protected":false},"author":0,"featured_media":0,"comment_status":"closed","ping_status":"open","sticky":false,"template":"","format":"standard","meta":{"footnotes":""},"categories":[1],"tags":[],"class_list":["post-660","post","type-post","status-publish","format-standard","hentry","category-non-classe"],"yoast_head":"<!-- This site is optimized with the Yoast SEO plugin v27.5 - https:\/\/yoast.com\/product\/yoast-seo-wordpress\/ -->\n<title>STURM PRODUCTION [Strasbourg] recrute un charg\u00e9 de communication en contrat d\u2019apprentissage [F\/H] - HIERO STRASBOURG<\/title>\n<meta name=\"robots\" content=\"index, follow, max-snippet:-1, max-image-preview:large, max-video-preview:-1\" \/>\n<link rel=\"canonical\" href=\"https:\/\/hierostrasbourg.com\/index.php\/2021\/06\/07\/sturm-production-strasbourg-recrute-un-charge-de-communication-en-contrat-dapprentissage-f-h\/\" \/>\n<meta property=\"og:locale\" content=\"fr_FR\" \/>\n<meta property=\"og:type\" content=\"article\" \/>\n<meta property=\"og:title\" content=\"STURM PRODUCTION [Strasbourg] recrute un charg\u00e9 de communication en contrat d\u2019apprentissage [F\/H] - HIERO STRASBOURG\" \/>\n<meta property=\"og:description\" content=\"La Sturm Production est une association de droit local, cr\u00e9\u00e9e en septembre 2020 \u00e0 Strasbourg entre les deux confinements en r\u00e9ponse \u00e0 la crise sanitaire qui \u00e9branle consid\u00e9rablement le secteur musical. Elle a pour vocation de soutenir et promouvoir la sc\u00e8ne jazz de Strasbourg et de sa r\u00e9gion, \u00e0 travers deux types d\u2019actions : Accompagnement et d\u00e9veloppement d\u2019artistes : promotion, management, production de concerts, de tourn\u00e9es, de disques, actions p\u00e9dagogiques et de transmission, r\u00e9sidences de cr\u00e9ation\u2026 facebook.com\/sturmproduction Organisation du festival [&hellip;]\" \/>\n<meta property=\"og:url\" content=\"https:\/\/hierostrasbourg.com\/index.php\/2021\/06\/07\/sturm-production-strasbourg-recrute-un-charge-de-communication-en-contrat-dapprentissage-f-h\/\" \/>\n<meta property=\"og:site_name\" content=\"HIERO STRASBOURG\" \/>\n<meta property=\"article:publisher\" content=\"https:\/\/www.facebook.com\/fedehierostrasbourg\" \/>\n<meta property=\"article:published_time\" content=\"2021-06-07T10:18:38+00:00\" \/>\n<meta name=\"twitter:card\" content=\"summary_large_image\" \/>\n<meta name=\"twitter:creator\" content=\"@hierostrasbourg\" \/>\n<meta name=\"twitter:site\" content=\"@hierostrasbourg\" \/>\n<meta name=\"twitter:label1\" content=\"Dur\u00e9e de lecture estim\u00e9e\" \/>\n\t<meta name=\"twitter:data1\" content=\"2 minutes\" \/>\n<script type=\"application\/ld+json\" class=\"yoast-schema-graph\">{\"@context\":\"https:\\\/\\\/schema.org\",\"@graph\":[{\"@type\":\"Article\",\"@id\":\"https:\\\/\\\/hierostrasbourg.com\\\/index.php\\\/2021\\\/06\\\/07\\\/sturm-production-strasbourg-recrute-un-charge-de-communication-en-contrat-dapprentissage-f-h\\\/#article\",\"isPartOf\":{\"@id\":\"https:\\\/\\\/hierostrasbourg.com\\\/index.php\\\/2021\\\/06\\\/07\\\/sturm-production-strasbourg-recrute-un-charge-de-communication-en-contrat-dapprentissage-f-h\\\/\"},\"author\":{\"name\":\"\",\"@id\":\"\"},\"headline\":\"STURM PRODUCTION [Strasbourg] recrute un charg\u00e9 de communication en contrat d\u2019apprentissage [F\\\/H]\",\"datePublished\":\"2021-06-07T10:18:38+00:00\",\"mainEntityOfPage\":{\"@id\":\"https:\\\/\\\/hierostrasbourg.com\\\/index.php\\\/2021\\\/06\\\/07\\\/sturm-production-strasbourg-recrute-un-charge-de-communication-en-contrat-dapprentissage-f-h\\\/\"},\"wordCount\":440,\"publisher\":{\"@id\":\"https:\\\/\\\/hierostrasbourg.com\\\/#organization\"},\"inLanguage\":\"fr-FR\"},{\"@type\":\"WebPage\",\"@id\":\"https:\\\/\\\/hierostrasbourg.com\\\/index.php\\\/2021\\\/06\\\/07\\\/sturm-production-strasbourg-recrute-un-charge-de-communication-en-contrat-dapprentissage-f-h\\\/\",\"url\":\"https:\\\/\\\/hierostrasbourg.com\\\/index.php\\\/2021\\\/06\\\/07\\\/sturm-production-strasbourg-recrute-un-charge-de-communication-en-contrat-dapprentissage-f-h\\\/\",\"name\":\"STURM PRODUCTION [Strasbourg] recrute un charg\u00e9 de communication en contrat d\u2019apprentissage [F\\\/H] - HIERO STRASBOURG\",\"isPartOf\":{\"@id\":\"https:\\\/\\\/hierostrasbourg.com\\\/#website\"},\"datePublished\":\"2021-06-07T10:18:38+00:00\",\"breadcrumb\":{\"@id\":\"https:\\\/\\\/hierostrasbourg.com\\\/index.php\\\/2021\\\/06\\\/07\\\/sturm-production-strasbourg-recrute-un-charge-de-communication-en-contrat-dapprentissage-f-h\\\/#breadcrumb\"},\"inLanguage\":\"fr-FR\",\"potentialAction\":[{\"@type\":\"ReadAction\",\"target\":[\"https:\\\/\\\/hierostrasbourg.com\\\/index.php\\\/2021\\\/06\\\/07\\\/sturm-production-strasbourg-recrute-un-charge-de-communication-en-contrat-dapprentissage-f-h\\\/\"]}]},{\"@type\":\"BreadcrumbList\",\"@id\":\"https:\\\/\\\/hierostrasbourg.com\\\/index.php\\\/2021\\\/06\\\/07\\\/sturm-production-strasbourg-recrute-un-charge-de-communication-en-contrat-dapprentissage-f-h\\\/#breadcrumb\",\"itemListElement\":[{\"@type\":\"ListItem\",\"position\":1,\"name\":\"Accueil\",\"item\":\"https:\\\/\\\/hierostrasbourg.com\\\/\"},{\"@type\":\"ListItem\",\"position\":2,\"name\":\"STURM PRODUCTION [Strasbourg] recrute un charg\u00e9 de communication en contrat d\u2019apprentissage [F\\\/H]\"}]},{\"@type\":\"WebSite\",\"@id\":\"https:\\\/\\\/hierostrasbourg.com\\\/#website\",\"url\":\"https:\\\/\\\/hierostrasbourg.com\\\/\",\"name\":\"HIERO STRASBOURG\",\"description\":\"Centre de Ressources Musiques Actuelles\",\"publisher\":{\"@id\":\"https:\\\/\\\/hierostrasbourg.com\\\/#organization\"},\"potentialAction\":[{\"@type\":\"SearchAction\",\"target\":{\"@type\":\"EntryPoint\",\"urlTemplate\":\"https:\\\/\\\/hierostrasbourg.com\\\/?s={search_term_string}\"},\"query-input\":{\"@type\":\"PropertyValueSpecification\",\"valueRequired\":true,\"valueName\":\"search_term_string\"}}],\"inLanguage\":\"fr-FR\"},{\"@type\":\"Organization\",\"@id\":\"https:\\\/\\\/hierostrasbourg.com\\\/#organization\",\"name\":\"F\u00e9d\u00e9ration Hi\u00e9ro Strasbourg\",\"url\":\"https:\\\/\\\/hierostrasbourg.com\\\/\",\"logo\":{\"@type\":\"ImageObject\",\"inLanguage\":\"fr-FR\",\"@id\":\"https:\\\/\\\/hierostrasbourg.com\\\/#\\\/schema\\\/logo\\\/image\\\/\",\"url\":\"https:\\\/\\\/hierostrasbourg.com\\\/wp-content\\\/uploads\\\/2026\\\/04\\\/logo-hiero-strasbourg.jpg\",\"contentUrl\":\"https:\\\/\\\/hierostrasbourg.com\\\/wp-content\\\/uploads\\\/2026\\\/04\\\/logo-hiero-strasbourg.jpg\",\"width\":204,\"height\":192,\"caption\":\"F\u00e9d\u00e9ration Hi\u00e9ro Strasbourg\"},\"image\":{\"@id\":\"https:\\\/\\\/hierostrasbourg.com\\\/#\\\/schema\\\/logo\\\/image\\\/\"},\"sameAs\":[\"https:\\\/\\\/www.facebook.com\\\/fedehierostrasbourg\",\"https:\\\/\\\/x.com\\\/hierostrasbourg\"]}]}<\/script>\n<!-- \/ Yoast SEO plugin. -->","yoast_head_json":{"title":"STURM PRODUCTION [Strasbourg] recrute un charg\u00e9 de communication en contrat d\u2019apprentissage [F\/H] - HIERO STRASBOURG","robots":{"index":"index","follow":"follow","max-snippet":"max-snippet:-1","max-image-preview":"max-image-preview:large","max-video-preview":"max-video-preview:-1"},"canonical":"https:\/\/hierostrasbourg.com\/index.php\/2021\/06\/07\/sturm-production-strasbourg-recrute-un-charge-de-communication-en-contrat-dapprentissage-f-h\/","og_locale":"fr_FR","og_type":"article","og_title":"STURM PRODUCTION [Strasbourg] recrute un charg\u00e9 de communication en contrat d\u2019apprentissage [F\/H] - HIERO STRASBOURG","og_description":"La Sturm Production est une association de droit local, cr\u00e9\u00e9e en septembre 2020 \u00e0 Strasbourg entre les deux confinements en r\u00e9ponse \u00e0 la crise sanitaire qui \u00e9branle consid\u00e9rablement le secteur musical. Elle a pour vocation de soutenir et promouvoir la sc\u00e8ne jazz de Strasbourg et de sa r\u00e9gion, \u00e0 travers deux types d\u2019actions : Accompagnement et d\u00e9veloppement d\u2019artistes : promotion, management, production de concerts, de tourn\u00e9es, de disques, actions p\u00e9dagogiques et de transmission, r\u00e9sidences de cr\u00e9ation\u2026 facebook.com\/sturmproduction Organisation du festival [&hellip;]","og_url":"https:\/\/hierostrasbourg.com\/index.php\/2021\/06\/07\/sturm-production-strasbourg-recrute-un-charge-de-communication-en-contrat-dapprentissage-f-h\/","og_site_name":"HIERO STRASBOURG","article_publisher":"https:\/\/www.facebook.com\/fedehierostrasbourg","article_published_time":"2021-06-07T10:18:38+00:00","twitter_card":"summary_large_image","twitter_creator":"@hierostrasbourg","twitter_site":"@hierostrasbourg","twitter_misc":{"Dur\u00e9e de lecture estim\u00e9e":"2 minutes"},"schema":{"@context":"https:\/\/schema.org","@graph":[{"@type":"Article","@id":"https:\/\/hierostrasbourg.com\/index.php\/2021\/06\/07\/sturm-production-strasbourg-recrute-un-charge-de-communication-en-contrat-dapprentissage-f-h\/#article","isPartOf":{"@id":"https:\/\/hierostrasbourg.com\/index.php\/2021\/06\/07\/sturm-production-strasbourg-recrute-un-charge-de-communication-en-contrat-dapprentissage-f-h\/"},"author":{"name":"","@id":""},"headline":"STURM PRODUCTION [Strasbourg] recrute un charg\u00e9 de communication en contrat d\u2019apprentissage [F\/H]","datePublished":"2021-06-07T10:18:38+00:00","mainEntityOfPage":{"@id":"https:\/\/hierostrasbourg.com\/index.php\/2021\/06\/07\/sturm-production-strasbourg-recrute-un-charge-de-communication-en-contrat-dapprentissage-f-h\/"},"wordCount":440,"publisher":{"@id":"https:\/\/hierostrasbourg.com\/#organization"},"inLanguage":"fr-FR"},{"@type":"WebPage","@id":"https:\/\/hierostrasbourg.com\/index.php\/2021\/06\/07\/sturm-production-strasbourg-recrute-un-charge-de-communication-en-contrat-dapprentissage-f-h\/","url":"https:\/\/hierostrasbourg.com\/index.php\/2021\/06\/07\/sturm-production-strasbourg-recrute-un-charge-de-communication-en-contrat-dapprentissage-f-h\/","name":"STURM PRODUCTION [Strasbourg] recrute un charg\u00e9 de communication en contrat d\u2019apprentissage [F\/H] - HIERO STRASBOURG","isPartOf":{"@id":"https:\/\/hierostrasbourg.com\/#website"},"datePublished":"2021-06-07T10:18:38+00:00","breadcrumb":{"@id":"https:\/\/hierostrasbourg.com\/index.php\/2021\/06\/07\/sturm-production-strasbourg-recrute-un-charge-de-communication-en-contrat-dapprentissage-f-h\/#breadcrumb"},"inLanguage":"fr-FR","potentialAction":[{"@type":"ReadAction","target":["https:\/\/hierostrasbourg.com\/index.php\/2021\/06\/07\/sturm-production-strasbourg-recrute-un-charge-de-communication-en-contrat-dapprentissage-f-h\/"]}]},{"@type":"BreadcrumbList","@id":"https:\/\/hierostrasbourg.com\/index.php\/2021\/06\/07\/sturm-production-strasbourg-recrute-un-charge-de-communication-en-contrat-dapprentissage-f-h\/#breadcrumb","itemListElement":[{"@type":"ListItem","position":1,"name":"Accueil","item":"https:\/\/hierostrasbourg.com\/"},{"@type":"ListItem","position":2,"name":"STURM PRODUCTION [Strasbourg] recrute un charg\u00e9 de communication en contrat d\u2019apprentissage [F\/H]"}]},{"@type":"WebSite","@id":"https:\/\/hierostrasbourg.com\/#website","url":"https:\/\/hierostrasbourg.com\/","name":"HIERO STRASBOURG","description":"Centre de Ressources Musiques Actuelles","publisher":{"@id":"https:\/\/hierostrasbourg.com\/#organization"},"potentialAction":[{"@type":"SearchAction","target":{"@type":"EntryPoint","urlTemplate":"https:\/\/hierostrasbourg.com\/?s={search_term_string}"},"query-input":{"@type":"PropertyValueSpecification","valueRequired":true,"valueName":"search_term_string"}}],"inLanguage":"fr-FR"},{"@type":"Organization","@id":"https:\/\/hierostrasbourg.com\/#organization","name":"F\u00e9d\u00e9ration Hi\u00e9ro Strasbourg","url":"https:\/\/hierostrasbourg.com\/","logo":{"@type":"ImageObject","inLanguage":"fr-FR","@id":"https:\/\/hierostrasbourg.com\/#\/schema\/logo\/image\/","url":"https:\/\/hierostrasbourg.com\/wp-content\/uploads\/2026\/04\/logo-hiero-strasbourg.jpg","contentUrl":"https:\/\/hierostrasbourg.com\/wp-content\/uploads\/2026\/04\/logo-hiero-strasbourg.jpg","width":204,"height":192,"caption":"F\u00e9d\u00e9ration Hi\u00e9ro Strasbourg"},"image":{"@id":"https:\/\/hierostrasbourg.com\/#\/schema\/logo\/image\/"},"sameAs":["https:\/\/www.facebook.com\/fedehierostrasbourg","https:\/\/x.com\/hierostrasbourg"]}]}},"_links":{"self":[{"href":"https:\/\/hierostrasbourg.com\/index.php\/wp-json\/wp\/v2\/posts\/660","targetHints":{"allow":["GET"]}}],"collection":[{"href":"https:\/\/hierostrasbourg.com\/index.php\/wp-json\/wp\/v2\/posts"}],"about":[{"href":"https:\/\/hierostrasbourg.com\/index.php\/wp-json\/wp\/v2\/types\/post"}],"replies":[{"embeddable":true,"href":"https:\/\/hierostrasbourg.com\/index.php\/wp-json\/wp\/v2\/comments?post=660"}],"version-history":[{"count":0,"href":"https:\/\/hierostrasbourg.com\/index.php\/wp-json\/wp\/v2\/posts\/660\/revisions"}],"wp:attachment":[{"href":"https:\/\/hierostrasbourg.com\/index.php\/wp-json\/wp\/v2\/media?parent=660"}],"wp:term":[{"taxonomy":"category","embeddable":true,"href":"https:\/\/hierostrasbourg.com\/index.php\/wp-json\/wp\/v2\/categories?post=660"},{"taxonomy":"post_tag","embeddable":true,"href":"https:\/\/hierostrasbourg.com\/index.php\/wp-json\/wp\/v2\/tags?post=660"}],"curies":[{"name":"wp","href":"https:\/\/api.w.org\/{rel}","templated":true}]}}