{"id":659,"date":"2021-06-07T12:18:37","date_gmt":"2021-06-07T10:18:37","guid":{"rendered":"https:\/\/hierostrasbourg.com\/index.php\/2021\/06\/07\/musiques-en-balade-strasbourg-recrute-un-charge-de-communication-digitale-et-medias-en-alternance-f-h\/"},"modified":"2021-06-07T12:18:37","modified_gmt":"2021-06-07T10:18:37","slug":"musiques-en-balade-strasbourg-recrute-un-charge-de-communication-digitale-et-medias-en-alternance-f-h","status":"publish","type":"post","link":"https:\/\/hierostrasbourg.com\/index.php\/2021\/06\/07\/musiques-en-balade-strasbourg-recrute-un-charge-de-communication-digitale-et-medias-en-alternance-f-h\/","title":{"rendered":"MUSIQUES EN BALADE [Strasbourg] recrute un charg\u00e9 de communication digitale et m\u00e9dias en alternance [F\/H]"},"content":{"rendered":"<h2>MUSIQUES EN BALADE<\/h2>\n<p>est une compagnie de spectacles vivants sp\u00e9cialis\u00e9e en musiques du monde. Elle a \u00e9t\u00e9 cr\u00e9\u00e9e en Ile de France en 1986 et est install\u00e9e depuis 2009 \u00e0 Strasbourg. Elle accompagne les projets artistiques du chanteur-musicien irako-fran\u00e7ais, Fawzy Al-Aiedy \u2013 compositeur, interpr\u00e8te. L\u2019exigence artistique, l\u2019\u00e9change entre les cultures et la sensibilisation des publics de tous \u00e2ges \u00e0 la musique orientale, traditionnelle et de cr\u00e9ation, fondent leur d\u00e9marche. La Cie est d\u00e9tentrice des licences 2 et 3 d\u2019entrepreneur de spectacles, affili\u00e9e au CNM, membre du r\u00e9seau, adh\u00e9rente \u00e0 ZONE FRANCHE (r\u00e9seau national des musiques du monde), \u00e0 GRABUGE (R\u00e9seau des musiques Actuelles en Grand Est) et au SYNAVI (Syndicat National des Arts Vivants)<\/p>\n<h2>Environnements de la mission<\/h2>\n<p>Sous la responsabilit\u00e9 du bureau de l\u2019association, vous travaillerez en \u00e9troite collaboration avec l\u2019artiste et la charg\u00e9e de production (en pr\u00e9sentiel) et tr\u00e8s ponctuellement avec l\u2019un des musiciens (\u00e0 distance) de Musiques en balade et m\u00e8nerez \u00e0 bien les strat\u00e9gies de mise en valeur des cr\u00e9ations en cours (album et concert ISHTAR CONNECTION ; MIROIR NOMADE \u2013 Folk oriental d\u00e9clin\u00e9 en quatre versions : Duo, Concert Litt\u00e9raire, Concert Chansign\u00e9, Version compl\u00e8te). Vous b\u00e9n\u00e9ficierez d\u2019une prise en main du poste par l\u2019actuel charg\u00e9 en communication digitale, cela vous permettra de vous adapter \u00e0 l\u2019univers de l\u2019artiste et les diff\u00e9rentes missions qui vous seront confi\u00e9es.<\/p>\n<h2>Missions<\/h2>\n<p><strong>Dans un 1er temps <\/strong><\/p>\n<p>D\u00e9velopper la visibilit\u00e9 et la notori\u00e9t\u00e9 de l\u2019artiste et de ses cr\u00e9ations.<br \/>\n\u00c9laborer et mettre en \u0153uvre des concepts de posts, d\u2019\u00e9v\u00e9nements \u00e0 des fins de notori\u00e9t\u00e9 \u00e0 travers les r\u00e9seaux sociaux : Facebook, Instagram, YouTube\u2026<br \/>\nD\u00e9veloppement de la chaine YouTube<br \/>\n\u00c9tudier l\u2019\u00e9ventuel d\u00e9veloppement d\u2019autres r\u00e9seaux sociaux<br \/>\n\u00c9tablir et entretenir de bonnes relations avec l\u2019\u00e9quipe artistique et de production pour l\u2019aider \u00e0 mieux se familiariser avec les r\u00e9seaux sociaux et les nouveaux usages (techniques et marketing) et \u00e0 am\u00e9liorer la distribution de leur musique.<br \/>\nR\u00e9flexion cr\u00e9atrice sur la nature et la forme des contenus \u00e0 produire sur les diff\u00e9rentes typologies de projets.<br \/>\nIdentifier sur le web les influenceurs de l\u2019industrie musicale concern\u00e9e par les musiques du monde (youtubers, plateformes de streaming, producteurs, blogs, salles de concerts et organisateurs d\u2019\u00e9v\u00e9nements\u2026) susceptibles de faire conna\u00eetre l\u2019artiste et ses cr\u00e9ations. Collaborer et entretenir des relations avec ces influenceurs.<br \/>\nFaire des membres existants des relais d\u2019information au sein de la communaut\u00e9. Assurer la fid\u00e9lisation de ces membres \u00e0 travers l\u2019organisation d\u2019\u00e9v\u00e8nements sur le web.<br \/>\nSelon les occasions, cr\u00e9ation et suivi de production de contenus vid\u00e9os : d\u00e9placements et couvertures de concerts et \u00e9v\u00e8nements promotionnels afin d\u2019y capter et produire les contenus idoines (selon l\u2019actualit\u00e9, la p\u00e9riode Covid \u00e9tant d\u00e9favorable, participer \u00e0 la r\u00e9flexion de l\u2019\u00e9quipe en mati\u00e8re de cr\u00e9ation d\u2019\u00e9v\u00e8nements adapt\u00e9s aux moyens financiers de la Cie).<br \/>\nVeille sur les nouveaux usages et outils (technique, sociaux, marketing) pratiqu\u00e9s dans notre secteur.<\/p>\n<p><strong>Dans un 2\u1d49 temps, selon capacit\u00e9s du candidat :<\/strong><\/p>\n<p>Sites web : am\u00e9lioration du r\u00e9f\u00e9rencement naturel (vous utilisez l\u2019ensemble des m\u00e9thodes et techniques concourant \u00e0 positionner les pages web des deux sites internet parmi les 1ers r\u00e9sultats naturels de Google lors de recherches globales ou th\u00e9matiques afin d\u2019am\u00e9liorer la visibilit\u00e9 des groupes musicaux et des cr\u00e9ations) + r\u00e9flexion et mise en place d\u2019un blog sur le site de l\u2019artiste.<br \/>\nCommunication m\u00e9dias<\/p>\n<p>Relancer par mail les Radios et t\u00e9l\u00e9visions nationales et r\u00e9gionales, presses \u00e9crites sp\u00e9cialis\u00e9es et nationales, journalistes pigistes (fichier sur Excel et dans la base de donn\u00e9es de la Cie utilisant une application d\u2019Access)<br \/>\nS\u00e9lectionner les m\u00e9dias n\u2019ayant pas encore re\u00e7u l\u2019album et \u00e9valuer l\u2019int\u00e9r\u00eat de le leur envoyer<br \/>\nRelances t\u00e9l\u00e9phoniques<br \/>\nFaire un suivi pr\u00e9cis sur la base de donn\u00e9es<br \/>\nIdentifier sur le web d\u2019autres m\u00e9dias, \u00ab influenceurs \u00bb susceptibles de chroniquer et de faire conna\u00eetre l\u2019album et le projet sc\u00e9nique<br \/>\nUn plus : D\u00e9velopper le fichier des m\u00e9dias arabes (avec l\u2019aide de l\u2019\u00e9quipe)<\/p>\n<h2>\u00a0Profil recherch\u00e9<\/h2>\n<p>Bac +4 ou 5 ; 1\u00e8re ann\u00e9e d\u2019alternance<br \/>\nVous \u00eates passionn\u00e9 par la musique et particuli\u00e8rement par les musiques du monde et suivez l\u2019actualit\u00e9 musicale et de ses r\u00e9seaux. Conna\u00eetre l\u2019univers de la musique ind\u00e9pendante est un plus.<br \/>\nVous avez eu des exp\u00e9riences pr\u00e9c\u00e9dentes dans le domaine musical.<br \/>\nVous \u00eates enthousiaste, force de propositions et cr\u00e9atif.ve tout en sachant faire preuve d\u2019un esprit d\u2019analyse et de synth\u00e8se.<br \/>\nVous avez le sens du relationnel aiguis\u00e9, une tr\u00e8s bonne \u00e9locution, une bonne pratique t\u00e9l\u00e9phonique, une ma\u00eetrise parfaite du fran\u00e7ais (bonne orthographe)<br \/>\nVous avez une maitrise de l\u2019anglais notamment pour les outils internet ; une connaissance de la langue arabe peut \u00eatre un atout suppl\u00e9mentaire.<br \/>\nVous avez une maitrise de l\u2019anglais notamment pour les outils internet ; une connaissance de la langue arabe peut \u00eatre un atout suppl\u00e9mentaire.<br \/>\nVous avez la capacit\u00e9 \u00e0 travailler en \u00e9quipe, d\u2019adaptation, d\u2019\u00e9coute, de propositions tout en suivant de pr\u00e8s les directives de l\u2019\u00e9quipe, tout en \u00e9tant capable de travailler individuellement.<br \/>\nVous \u00eates dynamique, engag\u00e9.e, organis\u00e9.e. Vous avez une rigueur de travail.et aimez le travail en autonomie.<br \/>\nVous ma\u00eetrisez des logiciels courants (environnement PC : Excel, Word, Base de donn\u00e9es)<br \/>\nVous avez des connaissances en logiciel graphique (Photoshop)<br \/>\nVous maitrisez les outils de communication digitaux (r\u00e9seaux sociaux\u2026). La maitrise de la plateforme web Wix<\/p>\n<p>Date de prise de fonction : 20 septembre 2021<br \/>\nR\u00e9mun\u00e9ration envisag\u00e9e : 53% du SMIC brut<\/p>\n<p>Musiques en balade<br \/>\nc\/o La Fabrique de Th\u00e9\u00e2tre<br \/>\n10, rue du Hohwald<br \/>\n67000 STRASBOURG<\/p>\n<p><a href=\"https:\/\/www.fawzy-music.com\/\">www.fawzy-music.com<\/a><\/p>\n<p>L\u2019article <a href=\"https:\/\/popburo.fr\/musiques-en-balade-strasbourg-recrute-un-charge-de-communication-digitale-et-medias-en-alternance-f-h\/\">MUSIQUES EN BALADE [Strasbourg] recrute un charg\u00e9 de communication digitale et m\u00e9dias en alternance [F\/H]<\/a> est apparu en premier sur <a href=\"https:\/\/popburo.fr\/\">POP B\u00dcRO<\/a>.<\/p>\n","protected":false},"excerpt":{"rendered":"<p>MUSIQUES EN BALADE est une compagnie de spectacles vivants sp\u00e9cialis\u00e9e en musiques du monde. Elle a \u00e9t\u00e9 cr\u00e9\u00e9e en Ile de France en 1986 et est install\u00e9e depuis 2009 \u00e0 Strasbourg. Elle accompagne les projets artistiques du chanteur-musicien irako-fran\u00e7ais, Fawzy Al-Aiedy \u2013 compositeur, interpr\u00e8te. L\u2019exigence artistique, l\u2019\u00e9change entre les cultures et la sensibilisation des publics de tous \u00e2ges \u00e0 la musique orientale, traditionnelle et de cr\u00e9ation, fondent leur d\u00e9marche. La Cie est d\u00e9tentrice des licences 2 et 3 d\u2019entrepreneur de [&hellip;]<\/p>\n","protected":false},"author":0,"featured_media":0,"comment_status":"closed","ping_status":"open","sticky":false,"template":"","format":"standard","meta":{"footnotes":""},"categories":[1],"tags":[],"class_list":["post-659","post","type-post","status-publish","format-standard","hentry","category-non-classe"],"yoast_head":"<!-- This site is optimized with the Yoast SEO plugin v27.5 - https:\/\/yoast.com\/product\/yoast-seo-wordpress\/ -->\n<title>MUSIQUES EN BALADE [Strasbourg] recrute un charg\u00e9 de communication digitale et m\u00e9dias en alternance [F\/H] - HIERO STRASBOURG<\/title>\n<meta name=\"robots\" content=\"index, follow, max-snippet:-1, max-image-preview:large, max-video-preview:-1\" \/>\n<link rel=\"canonical\" href=\"https:\/\/hierostrasbourg.com\/index.php\/2021\/06\/07\/musiques-en-balade-strasbourg-recrute-un-charge-de-communication-digitale-et-medias-en-alternance-f-h\/\" \/>\n<meta property=\"og:locale\" content=\"fr_FR\" \/>\n<meta property=\"og:type\" content=\"article\" \/>\n<meta property=\"og:title\" content=\"MUSIQUES EN BALADE [Strasbourg] recrute un charg\u00e9 de communication digitale et m\u00e9dias en alternance [F\/H] - HIERO STRASBOURG\" \/>\n<meta property=\"og:description\" content=\"MUSIQUES EN BALADE est une compagnie de spectacles vivants sp\u00e9cialis\u00e9e en musiques du monde. Elle a \u00e9t\u00e9 cr\u00e9\u00e9e en Ile de France en 1986 et est install\u00e9e depuis 2009 \u00e0 Strasbourg. Elle accompagne les projets artistiques du chanteur-musicien irako-fran\u00e7ais, Fawzy Al-Aiedy \u2013 compositeur, interpr\u00e8te. L\u2019exigence artistique, l\u2019\u00e9change entre les cultures et la sensibilisation des publics de tous \u00e2ges \u00e0 la musique orientale, traditionnelle et de cr\u00e9ation, fondent leur d\u00e9marche. La Cie est d\u00e9tentrice des licences 2 et 3 d\u2019entrepreneur de [&hellip;]\" \/>\n<meta property=\"og:url\" content=\"https:\/\/hierostrasbourg.com\/index.php\/2021\/06\/07\/musiques-en-balade-strasbourg-recrute-un-charge-de-communication-digitale-et-medias-en-alternance-f-h\/\" \/>\n<meta property=\"og:site_name\" content=\"HIERO STRASBOURG\" \/>\n<meta property=\"article:publisher\" content=\"https:\/\/www.facebook.com\/fedehierostrasbourg\" \/>\n<meta property=\"article:published_time\" content=\"2021-06-07T10:18:37+00:00\" \/>\n<meta name=\"twitter:card\" content=\"summary_large_image\" \/>\n<meta name=\"twitter:creator\" content=\"@hierostrasbourg\" \/>\n<meta name=\"twitter:site\" content=\"@hierostrasbourg\" \/>\n<meta name=\"twitter:label1\" content=\"Dur\u00e9e de lecture estim\u00e9e\" \/>\n\t<meta name=\"twitter:data1\" content=\"5 minutes\" \/>\n<script type=\"application\/ld+json\" class=\"yoast-schema-graph\">{\"@context\":\"https:\\\/\\\/schema.org\",\"@graph\":[{\"@type\":\"Article\",\"@id\":\"https:\\\/\\\/hierostrasbourg.com\\\/index.php\\\/2021\\\/06\\\/07\\\/musiques-en-balade-strasbourg-recrute-un-charge-de-communication-digitale-et-medias-en-alternance-f-h\\\/#article\",\"isPartOf\":{\"@id\":\"https:\\\/\\\/hierostrasbourg.com\\\/index.php\\\/2021\\\/06\\\/07\\\/musiques-en-balade-strasbourg-recrute-un-charge-de-communication-digitale-et-medias-en-alternance-f-h\\\/\"},\"author\":{\"name\":\"\",\"@id\":\"\"},\"headline\":\"MUSIQUES EN BALADE [Strasbourg] recrute un charg\u00e9 de communication digitale et m\u00e9dias en alternance [F\\\/H]\",\"datePublished\":\"2021-06-07T10:18:37+00:00\",\"mainEntityOfPage\":{\"@id\":\"https:\\\/\\\/hierostrasbourg.com\\\/index.php\\\/2021\\\/06\\\/07\\\/musiques-en-balade-strasbourg-recrute-un-charge-de-communication-digitale-et-medias-en-alternance-f-h\\\/\"},\"wordCount\":1044,\"publisher\":{\"@id\":\"https:\\\/\\\/hierostrasbourg.com\\\/#organization\"},\"inLanguage\":\"fr-FR\"},{\"@type\":\"WebPage\",\"@id\":\"https:\\\/\\\/hierostrasbourg.com\\\/index.php\\\/2021\\\/06\\\/07\\\/musiques-en-balade-strasbourg-recrute-un-charge-de-communication-digitale-et-medias-en-alternance-f-h\\\/\",\"url\":\"https:\\\/\\\/hierostrasbourg.com\\\/index.php\\\/2021\\\/06\\\/07\\\/musiques-en-balade-strasbourg-recrute-un-charge-de-communication-digitale-et-medias-en-alternance-f-h\\\/\",\"name\":\"MUSIQUES EN BALADE [Strasbourg] recrute un charg\u00e9 de communication digitale et m\u00e9dias en alternance [F\\\/H] - HIERO STRASBOURG\",\"isPartOf\":{\"@id\":\"https:\\\/\\\/hierostrasbourg.com\\\/#website\"},\"datePublished\":\"2021-06-07T10:18:37+00:00\",\"breadcrumb\":{\"@id\":\"https:\\\/\\\/hierostrasbourg.com\\\/index.php\\\/2021\\\/06\\\/07\\\/musiques-en-balade-strasbourg-recrute-un-charge-de-communication-digitale-et-medias-en-alternance-f-h\\\/#breadcrumb\"},\"inLanguage\":\"fr-FR\",\"potentialAction\":[{\"@type\":\"ReadAction\",\"target\":[\"https:\\\/\\\/hierostrasbourg.com\\\/index.php\\\/2021\\\/06\\\/07\\\/musiques-en-balade-strasbourg-recrute-un-charge-de-communication-digitale-et-medias-en-alternance-f-h\\\/\"]}]},{\"@type\":\"BreadcrumbList\",\"@id\":\"https:\\\/\\\/hierostrasbourg.com\\\/index.php\\\/2021\\\/06\\\/07\\\/musiques-en-balade-strasbourg-recrute-un-charge-de-communication-digitale-et-medias-en-alternance-f-h\\\/#breadcrumb\",\"itemListElement\":[{\"@type\":\"ListItem\",\"position\":1,\"name\":\"Accueil\",\"item\":\"https:\\\/\\\/hierostrasbourg.com\\\/\"},{\"@type\":\"ListItem\",\"position\":2,\"name\":\"MUSIQUES EN BALADE [Strasbourg] recrute un charg\u00e9 de communication digitale et m\u00e9dias en alternance [F\\\/H]\"}]},{\"@type\":\"WebSite\",\"@id\":\"https:\\\/\\\/hierostrasbourg.com\\\/#website\",\"url\":\"https:\\\/\\\/hierostrasbourg.com\\\/\",\"name\":\"HIERO STRASBOURG\",\"description\":\"Centre de Ressources Musiques Actuelles\",\"publisher\":{\"@id\":\"https:\\\/\\\/hierostrasbourg.com\\\/#organization\"},\"potentialAction\":[{\"@type\":\"SearchAction\",\"target\":{\"@type\":\"EntryPoint\",\"urlTemplate\":\"https:\\\/\\\/hierostrasbourg.com\\\/?s={search_term_string}\"},\"query-input\":{\"@type\":\"PropertyValueSpecification\",\"valueRequired\":true,\"valueName\":\"search_term_string\"}}],\"inLanguage\":\"fr-FR\"},{\"@type\":\"Organization\",\"@id\":\"https:\\\/\\\/hierostrasbourg.com\\\/#organization\",\"name\":\"F\u00e9d\u00e9ration Hi\u00e9ro Strasbourg\",\"url\":\"https:\\\/\\\/hierostrasbourg.com\\\/\",\"logo\":{\"@type\":\"ImageObject\",\"inLanguage\":\"fr-FR\",\"@id\":\"https:\\\/\\\/hierostrasbourg.com\\\/#\\\/schema\\\/logo\\\/image\\\/\",\"url\":\"https:\\\/\\\/hierostrasbourg.com\\\/wp-content\\\/uploads\\\/2026\\\/04\\\/logo-hiero-strasbourg.jpg\",\"contentUrl\":\"https:\\\/\\\/hierostrasbourg.com\\\/wp-content\\\/uploads\\\/2026\\\/04\\\/logo-hiero-strasbourg.jpg\",\"width\":204,\"height\":192,\"caption\":\"F\u00e9d\u00e9ration Hi\u00e9ro Strasbourg\"},\"image\":{\"@id\":\"https:\\\/\\\/hierostrasbourg.com\\\/#\\\/schema\\\/logo\\\/image\\\/\"},\"sameAs\":[\"https:\\\/\\\/www.facebook.com\\\/fedehierostrasbourg\",\"https:\\\/\\\/x.com\\\/hierostrasbourg\"]}]}<\/script>\n<!-- \/ Yoast SEO plugin. -->","yoast_head_json":{"title":"MUSIQUES EN BALADE [Strasbourg] recrute un charg\u00e9 de communication digitale et m\u00e9dias en alternance [F\/H] - HIERO STRASBOURG","robots":{"index":"index","follow":"follow","max-snippet":"max-snippet:-1","max-image-preview":"max-image-preview:large","max-video-preview":"max-video-preview:-1"},"canonical":"https:\/\/hierostrasbourg.com\/index.php\/2021\/06\/07\/musiques-en-balade-strasbourg-recrute-un-charge-de-communication-digitale-et-medias-en-alternance-f-h\/","og_locale":"fr_FR","og_type":"article","og_title":"MUSIQUES EN BALADE [Strasbourg] recrute un charg\u00e9 de communication digitale et m\u00e9dias en alternance [F\/H] - HIERO STRASBOURG","og_description":"MUSIQUES EN BALADE est une compagnie de spectacles vivants sp\u00e9cialis\u00e9e en musiques du monde. Elle a \u00e9t\u00e9 cr\u00e9\u00e9e en Ile de France en 1986 et est install\u00e9e depuis 2009 \u00e0 Strasbourg. Elle accompagne les projets artistiques du chanteur-musicien irako-fran\u00e7ais, Fawzy Al-Aiedy \u2013 compositeur, interpr\u00e8te. L\u2019exigence artistique, l\u2019\u00e9change entre les cultures et la sensibilisation des publics de tous \u00e2ges \u00e0 la musique orientale, traditionnelle et de cr\u00e9ation, fondent leur d\u00e9marche. La Cie est d\u00e9tentrice des licences 2 et 3 d\u2019entrepreneur de [&hellip;]","og_url":"https:\/\/hierostrasbourg.com\/index.php\/2021\/06\/07\/musiques-en-balade-strasbourg-recrute-un-charge-de-communication-digitale-et-medias-en-alternance-f-h\/","og_site_name":"HIERO STRASBOURG","article_publisher":"https:\/\/www.facebook.com\/fedehierostrasbourg","article_published_time":"2021-06-07T10:18:37+00:00","twitter_card":"summary_large_image","twitter_creator":"@hierostrasbourg","twitter_site":"@hierostrasbourg","twitter_misc":{"Dur\u00e9e de lecture estim\u00e9e":"5 minutes"},"schema":{"@context":"https:\/\/schema.org","@graph":[{"@type":"Article","@id":"https:\/\/hierostrasbourg.com\/index.php\/2021\/06\/07\/musiques-en-balade-strasbourg-recrute-un-charge-de-communication-digitale-et-medias-en-alternance-f-h\/#article","isPartOf":{"@id":"https:\/\/hierostrasbourg.com\/index.php\/2021\/06\/07\/musiques-en-balade-strasbourg-recrute-un-charge-de-communication-digitale-et-medias-en-alternance-f-h\/"},"author":{"name":"","@id":""},"headline":"MUSIQUES EN BALADE [Strasbourg] recrute un charg\u00e9 de communication digitale et m\u00e9dias en alternance [F\/H]","datePublished":"2021-06-07T10:18:37+00:00","mainEntityOfPage":{"@id":"https:\/\/hierostrasbourg.com\/index.php\/2021\/06\/07\/musiques-en-balade-strasbourg-recrute-un-charge-de-communication-digitale-et-medias-en-alternance-f-h\/"},"wordCount":1044,"publisher":{"@id":"https:\/\/hierostrasbourg.com\/#organization"},"inLanguage":"fr-FR"},{"@type":"WebPage","@id":"https:\/\/hierostrasbourg.com\/index.php\/2021\/06\/07\/musiques-en-balade-strasbourg-recrute-un-charge-de-communication-digitale-et-medias-en-alternance-f-h\/","url":"https:\/\/hierostrasbourg.com\/index.php\/2021\/06\/07\/musiques-en-balade-strasbourg-recrute-un-charge-de-communication-digitale-et-medias-en-alternance-f-h\/","name":"MUSIQUES EN BALADE [Strasbourg] recrute un charg\u00e9 de communication digitale et m\u00e9dias en alternance [F\/H] - HIERO STRASBOURG","isPartOf":{"@id":"https:\/\/hierostrasbourg.com\/#website"},"datePublished":"2021-06-07T10:18:37+00:00","breadcrumb":{"@id":"https:\/\/hierostrasbourg.com\/index.php\/2021\/06\/07\/musiques-en-balade-strasbourg-recrute-un-charge-de-communication-digitale-et-medias-en-alternance-f-h\/#breadcrumb"},"inLanguage":"fr-FR","potentialAction":[{"@type":"ReadAction","target":["https:\/\/hierostrasbourg.com\/index.php\/2021\/06\/07\/musiques-en-balade-strasbourg-recrute-un-charge-de-communication-digitale-et-medias-en-alternance-f-h\/"]}]},{"@type":"BreadcrumbList","@id":"https:\/\/hierostrasbourg.com\/index.php\/2021\/06\/07\/musiques-en-balade-strasbourg-recrute-un-charge-de-communication-digitale-et-medias-en-alternance-f-h\/#breadcrumb","itemListElement":[{"@type":"ListItem","position":1,"name":"Accueil","item":"https:\/\/hierostrasbourg.com\/"},{"@type":"ListItem","position":2,"name":"MUSIQUES EN BALADE [Strasbourg] recrute un charg\u00e9 de communication digitale et m\u00e9dias en alternance [F\/H]"}]},{"@type":"WebSite","@id":"https:\/\/hierostrasbourg.com\/#website","url":"https:\/\/hierostrasbourg.com\/","name":"HIERO STRASBOURG","description":"Centre de Ressources Musiques Actuelles","publisher":{"@id":"https:\/\/hierostrasbourg.com\/#organization"},"potentialAction":[{"@type":"SearchAction","target":{"@type":"EntryPoint","urlTemplate":"https:\/\/hierostrasbourg.com\/?s={search_term_string}"},"query-input":{"@type":"PropertyValueSpecification","valueRequired":true,"valueName":"search_term_string"}}],"inLanguage":"fr-FR"},{"@type":"Organization","@id":"https:\/\/hierostrasbourg.com\/#organization","name":"F\u00e9d\u00e9ration Hi\u00e9ro Strasbourg","url":"https:\/\/hierostrasbourg.com\/","logo":{"@type":"ImageObject","inLanguage":"fr-FR","@id":"https:\/\/hierostrasbourg.com\/#\/schema\/logo\/image\/","url":"https:\/\/hierostrasbourg.com\/wp-content\/uploads\/2026\/04\/logo-hiero-strasbourg.jpg","contentUrl":"https:\/\/hierostrasbourg.com\/wp-content\/uploads\/2026\/04\/logo-hiero-strasbourg.jpg","width":204,"height":192,"caption":"F\u00e9d\u00e9ration Hi\u00e9ro Strasbourg"},"image":{"@id":"https:\/\/hierostrasbourg.com\/#\/schema\/logo\/image\/"},"sameAs":["https:\/\/www.facebook.com\/fedehierostrasbourg","https:\/\/x.com\/hierostrasbourg"]}]}},"_links":{"self":[{"href":"https:\/\/hierostrasbourg.com\/index.php\/wp-json\/wp\/v2\/posts\/659","targetHints":{"allow":["GET"]}}],"collection":[{"href":"https:\/\/hierostrasbourg.com\/index.php\/wp-json\/wp\/v2\/posts"}],"about":[{"href":"https:\/\/hierostrasbourg.com\/index.php\/wp-json\/wp\/v2\/types\/post"}],"replies":[{"embeddable":true,"href":"https:\/\/hierostrasbourg.com\/index.php\/wp-json\/wp\/v2\/comments?post=659"}],"version-history":[{"count":0,"href":"https:\/\/hierostrasbourg.com\/index.php\/wp-json\/wp\/v2\/posts\/659\/revisions"}],"wp:attachment":[{"href":"https:\/\/hierostrasbourg.com\/index.php\/wp-json\/wp\/v2\/media?parent=659"}],"wp:term":[{"taxonomy":"category","embeddable":true,"href":"https:\/\/hierostrasbourg.com\/index.php\/wp-json\/wp\/v2\/categories?post=659"},{"taxonomy":"post_tag","embeddable":true,"href":"https:\/\/hierostrasbourg.com\/index.php\/wp-json\/wp\/v2\/tags?post=659"}],"curies":[{"name":"wp","href":"https:\/\/api.w.org\/{rel}","templated":true}]}}