{"id":652,"date":"2021-06-05T16:18:48","date_gmt":"2021-06-05T14:18:48","guid":{"rendered":"https:\/\/hierostrasbourg.com\/index.php\/2021\/06\/05\/slow-nouvel-ep-de-ballerine-folk-strasbourg\/"},"modified":"2021-06-05T16:18:48","modified_gmt":"2021-06-05T14:18:48","slug":"slow-nouvel-ep-de-ballerine-folk-strasbourg","status":"publish","type":"post","link":"https:\/\/hierostrasbourg.com\/index.php\/2021\/06\/05\/slow-nouvel-ep-de-ballerine-folk-strasbourg\/","title":{"rendered":"\u201cSlow\u201d, nouvel EP de BALLERINE [folk \/ Strasbourg]"},"content":{"rendered":"<div class=\"signed-out-artists-bio-text\">\n<p><span>autoportrait<\/span><br \/><em>En 2020, seule dans son cocon, Ballerine compose \u201cSlow\u201d, <span class=\"peekaboo-text\">l\u2019histoire d\u2019une<\/span><span class=\"bcTruncateMore\"><span class=\"peekaboo-text\"> qu\u00eate personnelle, d\u2019une rencontre avec elle-m\u00eame, guid\u00e9e par ses r\u00eaves et ses espoirs en pleine mutation.<br \/>\nGris\u00e9e par un retour vital \u00e0 la nature, elle \u00e9crit ses nouvelles chansons d\u2019un seul souffle, sur la guitare de son enfance, puis s\u2019entoure de ses meilleurs alli\u00e9s pour les enregistrer.<\/span>\u00a0<\/span>\u00a0<\/em><\/p>\n<p><a href=\"http:\/\/www.ballerine.live\/\">ballerine.live<\/a><\/p>\n<\/div>\n<p><a href=\"https:\/\/ballerine.bandcamp.com\/album\/slow\">Slow by Ballerine<\/a><\/p>\n<p>L\u2019article <a href=\"https:\/\/popburo.fr\/slow-nouvel-ep-de-ballerine-folk-strasbourg\/\">\u201cSlow\u201d, nouvel EP de BALLERINE [folk \/ Strasbourg]<\/a> est apparu en premier sur <a href=\"https:\/\/popburo.fr\/\">POP B\u00dcRO<\/a>.<\/p>\n","protected":false},"excerpt":{"rendered":"<p>autoportraitEn 2020, seule dans son cocon, Ballerine compose \u201cSlow\u201d, l\u2019histoire d\u2019une qu\u00eate personnelle, d\u2019une rencontre avec elle-m\u00eame, guid\u00e9e par ses r\u00eaves et ses espoirs en pleine mutation. Gris\u00e9e par un retour vital \u00e0 la nature, elle \u00e9crit ses nouvelles chansons d\u2019un seul souffle, sur la guitare de son enfance, puis s\u2019entoure de ses meilleurs alli\u00e9s pour les enregistrer.\u00a0\u00a0 ballerine.live Slow by Ballerine L\u2019article \u201cSlow\u201d, nouvel EP de BALLERINE [folk \/ Strasbourg] est apparu en premier sur POP B\u00dcRO.<\/p>\n","protected":false},"author":0,"featured_media":0,"comment_status":"closed","ping_status":"open","sticky":false,"template":"","format":"standard","meta":{"footnotes":""},"categories":[1],"tags":[],"class_list":["post-652","post","type-post","status-publish","format-standard","hentry","category-non-classe"],"yoast_head":"<!-- This site is optimized with the Yoast SEO plugin v27.5 - https:\/\/yoast.com\/product\/yoast-seo-wordpress\/ -->\n<title>\u201cSlow\u201d, nouvel EP de BALLERINE [folk \/ Strasbourg] - HIERO STRASBOURG<\/title>\n<meta name=\"robots\" content=\"index, follow, max-snippet:-1, max-image-preview:large, max-video-preview:-1\" \/>\n<link rel=\"canonical\" href=\"https:\/\/hierostrasbourg.com\/index.php\/2021\/06\/05\/slow-nouvel-ep-de-ballerine-folk-strasbourg\/\" \/>\n<meta property=\"og:locale\" content=\"fr_FR\" \/>\n<meta property=\"og:type\" content=\"article\" \/>\n<meta property=\"og:title\" content=\"\u201cSlow\u201d, nouvel EP de BALLERINE [folk \/ Strasbourg] - HIERO STRASBOURG\" \/>\n<meta property=\"og:description\" content=\"autoportraitEn 2020, seule dans son cocon, Ballerine compose \u201cSlow\u201d, l\u2019histoire d\u2019une qu\u00eate personnelle, d\u2019une rencontre avec elle-m\u00eame, guid\u00e9e par ses r\u00eaves et ses espoirs en pleine mutation. Gris\u00e9e par un retour vital \u00e0 la nature, elle \u00e9crit ses nouvelles chansons d\u2019un seul souffle, sur la guitare de son enfance, puis s\u2019entoure de ses meilleurs alli\u00e9s pour les enregistrer.\u00a0\u00a0 ballerine.live Slow by Ballerine L\u2019article \u201cSlow\u201d, nouvel EP de BALLERINE [folk \/ Strasbourg] est apparu en premier sur POP B\u00dcRO.\" \/>\n<meta property=\"og:url\" content=\"https:\/\/hierostrasbourg.com\/index.php\/2021\/06\/05\/slow-nouvel-ep-de-ballerine-folk-strasbourg\/\" \/>\n<meta property=\"og:site_name\" content=\"HIERO STRASBOURG\" \/>\n<meta property=\"article:publisher\" content=\"https:\/\/www.facebook.com\/fedehierostrasbourg\" \/>\n<meta property=\"article:published_time\" content=\"2021-06-05T14:18:48+00:00\" \/>\n<meta name=\"twitter:card\" content=\"summary_large_image\" \/>\n<meta name=\"twitter:creator\" content=\"@hierostrasbourg\" \/>\n<meta name=\"twitter:site\" content=\"@hierostrasbourg\" \/>\n<script type=\"application\/ld+json\" class=\"yoast-schema-graph\">{\"@context\":\"https:\\\/\\\/schema.org\",\"@graph\":[{\"@type\":\"Article\",\"@id\":\"https:\\\/\\\/hierostrasbourg.com\\\/index.php\\\/2021\\\/06\\\/05\\\/slow-nouvel-ep-de-ballerine-folk-strasbourg\\\/#article\",\"isPartOf\":{\"@id\":\"https:\\\/\\\/hierostrasbourg.com\\\/index.php\\\/2021\\\/06\\\/05\\\/slow-nouvel-ep-de-ballerine-folk-strasbourg\\\/\"},\"author\":{\"name\":\"\",\"@id\":\"\"},\"headline\":\"\u201cSlow\u201d, nouvel EP de BALLERINE [folk \\\/ Strasbourg]\",\"datePublished\":\"2021-06-05T14:18:48+00:00\",\"mainEntityOfPage\":{\"@id\":\"https:\\\/\\\/hierostrasbourg.com\\\/index.php\\\/2021\\\/06\\\/05\\\/slow-nouvel-ep-de-ballerine-folk-strasbourg\\\/\"},\"wordCount\":97,\"publisher\":{\"@id\":\"https:\\\/\\\/hierostrasbourg.com\\\/#organization\"},\"inLanguage\":\"fr-FR\"},{\"@type\":\"WebPage\",\"@id\":\"https:\\\/\\\/hierostrasbourg.com\\\/index.php\\\/2021\\\/06\\\/05\\\/slow-nouvel-ep-de-ballerine-folk-strasbourg\\\/\",\"url\":\"https:\\\/\\\/hierostrasbourg.com\\\/index.php\\\/2021\\\/06\\\/05\\\/slow-nouvel-ep-de-ballerine-folk-strasbourg\\\/\",\"name\":\"\u201cSlow\u201d, nouvel EP de BALLERINE [folk \\\/ Strasbourg] - HIERO STRASBOURG\",\"isPartOf\":{\"@id\":\"https:\\\/\\\/hierostrasbourg.com\\\/#website\"},\"datePublished\":\"2021-06-05T14:18:48+00:00\",\"breadcrumb\":{\"@id\":\"https:\\\/\\\/hierostrasbourg.com\\\/index.php\\\/2021\\\/06\\\/05\\\/slow-nouvel-ep-de-ballerine-folk-strasbourg\\\/#breadcrumb\"},\"inLanguage\":\"fr-FR\",\"potentialAction\":[{\"@type\":\"ReadAction\",\"target\":[\"https:\\\/\\\/hierostrasbourg.com\\\/index.php\\\/2021\\\/06\\\/05\\\/slow-nouvel-ep-de-ballerine-folk-strasbourg\\\/\"]}]},{\"@type\":\"BreadcrumbList\",\"@id\":\"https:\\\/\\\/hierostrasbourg.com\\\/index.php\\\/2021\\\/06\\\/05\\\/slow-nouvel-ep-de-ballerine-folk-strasbourg\\\/#breadcrumb\",\"itemListElement\":[{\"@type\":\"ListItem\",\"position\":1,\"name\":\"Accueil\",\"item\":\"https:\\\/\\\/hierostrasbourg.com\\\/\"},{\"@type\":\"ListItem\",\"position\":2,\"name\":\"\u201cSlow\u201d, nouvel EP de BALLERINE [folk \\\/ Strasbourg]\"}]},{\"@type\":\"WebSite\",\"@id\":\"https:\\\/\\\/hierostrasbourg.com\\\/#website\",\"url\":\"https:\\\/\\\/hierostrasbourg.com\\\/\",\"name\":\"HIERO STRASBOURG\",\"description\":\"Centre de Ressources Musiques Actuelles\",\"publisher\":{\"@id\":\"https:\\\/\\\/hierostrasbourg.com\\\/#organization\"},\"potentialAction\":[{\"@type\":\"SearchAction\",\"target\":{\"@type\":\"EntryPoint\",\"urlTemplate\":\"https:\\\/\\\/hierostrasbourg.com\\\/?s={search_term_string}\"},\"query-input\":{\"@type\":\"PropertyValueSpecification\",\"valueRequired\":true,\"valueName\":\"search_term_string\"}}],\"inLanguage\":\"fr-FR\"},{\"@type\":\"Organization\",\"@id\":\"https:\\\/\\\/hierostrasbourg.com\\\/#organization\",\"name\":\"F\u00e9d\u00e9ration Hi\u00e9ro Strasbourg\",\"url\":\"https:\\\/\\\/hierostrasbourg.com\\\/\",\"logo\":{\"@type\":\"ImageObject\",\"inLanguage\":\"fr-FR\",\"@id\":\"https:\\\/\\\/hierostrasbourg.com\\\/#\\\/schema\\\/logo\\\/image\\\/\",\"url\":\"https:\\\/\\\/hierostrasbourg.com\\\/wp-content\\\/uploads\\\/2026\\\/04\\\/logo-hiero-strasbourg.jpg\",\"contentUrl\":\"https:\\\/\\\/hierostrasbourg.com\\\/wp-content\\\/uploads\\\/2026\\\/04\\\/logo-hiero-strasbourg.jpg\",\"width\":204,\"height\":192,\"caption\":\"F\u00e9d\u00e9ration Hi\u00e9ro Strasbourg\"},\"image\":{\"@id\":\"https:\\\/\\\/hierostrasbourg.com\\\/#\\\/schema\\\/logo\\\/image\\\/\"},\"sameAs\":[\"https:\\\/\\\/www.facebook.com\\\/fedehierostrasbourg\",\"https:\\\/\\\/x.com\\\/hierostrasbourg\"]}]}<\/script>\n<!-- \/ Yoast SEO plugin. -->","yoast_head_json":{"title":"\u201cSlow\u201d, nouvel EP de BALLERINE [folk \/ Strasbourg] - HIERO STRASBOURG","robots":{"index":"index","follow":"follow","max-snippet":"max-snippet:-1","max-image-preview":"max-image-preview:large","max-video-preview":"max-video-preview:-1"},"canonical":"https:\/\/hierostrasbourg.com\/index.php\/2021\/06\/05\/slow-nouvel-ep-de-ballerine-folk-strasbourg\/","og_locale":"fr_FR","og_type":"article","og_title":"\u201cSlow\u201d, nouvel EP de BALLERINE [folk \/ Strasbourg] - HIERO STRASBOURG","og_description":"autoportraitEn 2020, seule dans son cocon, Ballerine compose \u201cSlow\u201d, l\u2019histoire d\u2019une qu\u00eate personnelle, d\u2019une rencontre avec elle-m\u00eame, guid\u00e9e par ses r\u00eaves et ses espoirs en pleine mutation. Gris\u00e9e par un retour vital \u00e0 la nature, elle \u00e9crit ses nouvelles chansons d\u2019un seul souffle, sur la guitare de son enfance, puis s\u2019entoure de ses meilleurs alli\u00e9s pour les enregistrer.\u00a0\u00a0 ballerine.live Slow by Ballerine L\u2019article \u201cSlow\u201d, nouvel EP de BALLERINE [folk \/ Strasbourg] est apparu en premier sur POP B\u00dcRO.","og_url":"https:\/\/hierostrasbourg.com\/index.php\/2021\/06\/05\/slow-nouvel-ep-de-ballerine-folk-strasbourg\/","og_site_name":"HIERO STRASBOURG","article_publisher":"https:\/\/www.facebook.com\/fedehierostrasbourg","article_published_time":"2021-06-05T14:18:48+00:00","twitter_card":"summary_large_image","twitter_creator":"@hierostrasbourg","twitter_site":"@hierostrasbourg","schema":{"@context":"https:\/\/schema.org","@graph":[{"@type":"Article","@id":"https:\/\/hierostrasbourg.com\/index.php\/2021\/06\/05\/slow-nouvel-ep-de-ballerine-folk-strasbourg\/#article","isPartOf":{"@id":"https:\/\/hierostrasbourg.com\/index.php\/2021\/06\/05\/slow-nouvel-ep-de-ballerine-folk-strasbourg\/"},"author":{"name":"","@id":""},"headline":"\u201cSlow\u201d, nouvel EP de BALLERINE [folk \/ Strasbourg]","datePublished":"2021-06-05T14:18:48+00:00","mainEntityOfPage":{"@id":"https:\/\/hierostrasbourg.com\/index.php\/2021\/06\/05\/slow-nouvel-ep-de-ballerine-folk-strasbourg\/"},"wordCount":97,"publisher":{"@id":"https:\/\/hierostrasbourg.com\/#organization"},"inLanguage":"fr-FR"},{"@type":"WebPage","@id":"https:\/\/hierostrasbourg.com\/index.php\/2021\/06\/05\/slow-nouvel-ep-de-ballerine-folk-strasbourg\/","url":"https:\/\/hierostrasbourg.com\/index.php\/2021\/06\/05\/slow-nouvel-ep-de-ballerine-folk-strasbourg\/","name":"\u201cSlow\u201d, nouvel EP de BALLERINE [folk \/ Strasbourg] - HIERO STRASBOURG","isPartOf":{"@id":"https:\/\/hierostrasbourg.com\/#website"},"datePublished":"2021-06-05T14:18:48+00:00","breadcrumb":{"@id":"https:\/\/hierostrasbourg.com\/index.php\/2021\/06\/05\/slow-nouvel-ep-de-ballerine-folk-strasbourg\/#breadcrumb"},"inLanguage":"fr-FR","potentialAction":[{"@type":"ReadAction","target":["https:\/\/hierostrasbourg.com\/index.php\/2021\/06\/05\/slow-nouvel-ep-de-ballerine-folk-strasbourg\/"]}]},{"@type":"BreadcrumbList","@id":"https:\/\/hierostrasbourg.com\/index.php\/2021\/06\/05\/slow-nouvel-ep-de-ballerine-folk-strasbourg\/#breadcrumb","itemListElement":[{"@type":"ListItem","position":1,"name":"Accueil","item":"https:\/\/hierostrasbourg.com\/"},{"@type":"ListItem","position":2,"name":"\u201cSlow\u201d, nouvel EP de BALLERINE [folk \/ Strasbourg]"}]},{"@type":"WebSite","@id":"https:\/\/hierostrasbourg.com\/#website","url":"https:\/\/hierostrasbourg.com\/","name":"HIERO STRASBOURG","description":"Centre de Ressources Musiques Actuelles","publisher":{"@id":"https:\/\/hierostrasbourg.com\/#organization"},"potentialAction":[{"@type":"SearchAction","target":{"@type":"EntryPoint","urlTemplate":"https:\/\/hierostrasbourg.com\/?s={search_term_string}"},"query-input":{"@type":"PropertyValueSpecification","valueRequired":true,"valueName":"search_term_string"}}],"inLanguage":"fr-FR"},{"@type":"Organization","@id":"https:\/\/hierostrasbourg.com\/#organization","name":"F\u00e9d\u00e9ration Hi\u00e9ro Strasbourg","url":"https:\/\/hierostrasbourg.com\/","logo":{"@type":"ImageObject","inLanguage":"fr-FR","@id":"https:\/\/hierostrasbourg.com\/#\/schema\/logo\/image\/","url":"https:\/\/hierostrasbourg.com\/wp-content\/uploads\/2026\/04\/logo-hiero-strasbourg.jpg","contentUrl":"https:\/\/hierostrasbourg.com\/wp-content\/uploads\/2026\/04\/logo-hiero-strasbourg.jpg","width":204,"height":192,"caption":"F\u00e9d\u00e9ration Hi\u00e9ro Strasbourg"},"image":{"@id":"https:\/\/hierostrasbourg.com\/#\/schema\/logo\/image\/"},"sameAs":["https:\/\/www.facebook.com\/fedehierostrasbourg","https:\/\/x.com\/hierostrasbourg"]}]}},"_links":{"self":[{"href":"https:\/\/hierostrasbourg.com\/index.php\/wp-json\/wp\/v2\/posts\/652","targetHints":{"allow":["GET"]}}],"collection":[{"href":"https:\/\/hierostrasbourg.com\/index.php\/wp-json\/wp\/v2\/posts"}],"about":[{"href":"https:\/\/hierostrasbourg.com\/index.php\/wp-json\/wp\/v2\/types\/post"}],"replies":[{"embeddable":true,"href":"https:\/\/hierostrasbourg.com\/index.php\/wp-json\/wp\/v2\/comments?post=652"}],"version-history":[{"count":0,"href":"https:\/\/hierostrasbourg.com\/index.php\/wp-json\/wp\/v2\/posts\/652\/revisions"}],"wp:attachment":[{"href":"https:\/\/hierostrasbourg.com\/index.php\/wp-json\/wp\/v2\/media?parent=652"}],"wp:term":[{"taxonomy":"category","embeddable":true,"href":"https:\/\/hierostrasbourg.com\/index.php\/wp-json\/wp\/v2\/categories?post=652"},{"taxonomy":"post_tag","embeddable":true,"href":"https:\/\/hierostrasbourg.com\/index.php\/wp-json\/wp\/v2\/tags?post=652"}],"curies":[{"name":"wp","href":"https:\/\/api.w.org\/{rel}","templated":true}]}}