{"id":6500,"date":"2023-11-27T22:46:42","date_gmt":"2023-11-27T21:46:42","guid":{"rendered":"https:\/\/hierostrasbourg.com\/index.php\/2023\/11\/27\/la-ville-de-colmar-recrute-un-technicien-du-spectacle-vivant-pour-la-salle-europe-f-h\/"},"modified":"2023-11-27T22:46:42","modified_gmt":"2023-11-27T21:46:42","slug":"la-ville-de-colmar-recrute-un-technicien-du-spectacle-vivant-pour-la-salle-europe-f-h","status":"publish","type":"post","link":"https:\/\/hierostrasbourg.com\/index.php\/2023\/11\/27\/la-ville-de-colmar-recrute-un-technicien-du-spectacle-vivant-pour-la-salle-europe-f-h\/","title":{"rendered":"la VILLE DE COLMAR recrute un technicien du spectacle vivant pour la Salle Europe [F\/H]"},"content":{"rendered":"<h2>Missions<\/h2>\n<p>Au sein de l\u2019\u00e9quipe technique de la Salle Europe (3 agents), sous la responsabilit\u00e9 du r\u00e9gisseur g\u00e9n\u00e9ral, vous participez \u00e0 la conception et \u00e0 la mise en oeuvre des dispositifs techniques n\u00e9cessaires \u00e0 la conduite et \u00e0 la s\u00e9curit\u00e9 des spectacles et \u00e9v\u00e8nements.<\/p>\n<p>Vos missions seront les suivantes :<\/p>\n<p>Accueil de spectacles : participation aux \u00e9tudes techniques, installations des mat\u00e9riels et \u00e9quipements n\u00e9cessaires \u00e0 la r\u00e9alisation des spectacles ou des \u00e9v\u00e8nements<br \/>\nGestion technique de la salle de spectacles : suivi des mat\u00e9riels et consommables, maintenance l\u00e9g\u00e8re<br \/>\nAccueil technique des manifestations : r\u00e9ponses aux besoins des usagers, installation de la r\u00e9gie plateau des spectacles et manifestations, transport de mat\u00e9riel technique<\/p>\n<h2>Missions \/ conditions d\u2019exercice<\/h2>\n<p>Riche d\u2019un patrimoine exceptionnellement pr\u00e9serv\u00e9 et de nombreux \u00e9tablissements culturels et artistiques, la Ville de Colmar m\u00e8ne depuis plusieurs d\u00e9cennies une politique ambitieuse en faveur de la culture, levier essentiel de son d\u00e9veloppement et de sa qualit\u00e9 de vie.<br \/>\nAu sein de la Direction de la Culture ((245 agents et une douzaine d\u2019\u00e9quipements culturels), le service du Th\u00e9\u00e2tre est compos\u00e9 de 24 agents pour assurer la gestion et le fonctionnement, en r\u00e9gie municipale directe, du Th\u00e9\u00e2tre Municipal et de la Salle de Spectacles Europe.<br \/>\nImplant\u00e9e au coeur des quartiers Ouest de la ville, la Salle de Spectacles Europe, inaugur\u00e9e en 2014, propose une programmation multidisciplinaire et interg\u00e9n\u00e9rationnelle qui s\u2019adresse \u00e0 tous les publics en explorant la diversit\u00e9 du spectacle vivant dans toutes ses expressions : th\u00e9\u00e2tre, marionnettes, concerts, th\u00e9\u00e2tre d\u2019objets, conte, danse, humour\u2026<br \/>\nDot\u00e9e d\u2019une capacit\u00e9 de 300 places assises et 600 places debout, elle programme chaque saison entre 35 et 40 spectacles, soit en moyenne 90 levers de rideau, et rassemble environ 20 000 spectateurs.<br \/>\nAu sein de l\u2019\u00e9quipe technique de la Salle Europe (3 agents), sous la responsabilit\u00e9 du r\u00e9gisseur g\u00e9n\u00e9ral, vous participez \u00e0 la conception et \u00e0 la mise en oeuvre des dispositifs techniques n\u00e9cessaires \u00e0 la conduite et \u00e0 la s\u00e9curit\u00e9 des spectacles et \u00e9v\u00e8nements.<\/p>\n<p>Vos missions seront les suivantes<\/p>\n<p>Accueil de spectacles : participation aux \u00e9tudes techniques, installations des mat\u00e9riels et \u00e9quipements n\u00e9cessaires \u00e0 la r\u00e9alisation des spectacles ou des \u00e9v\u00e8nements<br \/>\nGestion technique de la salle de spectacles : suivi des mat\u00e9riels et consommables, maintenance l\u00e9g\u00e8re<br \/>\nAccueil technique des manifestations : r\u00e9ponses aux besoins des usagers, installation de la r\u00e9gie plateau des spectacles et manifestations, transport de mat\u00e9riel technique<\/p>\n<p>\nListe des activit\u00e9s non exhaustive qui peut varier en fonction des besoins et des obligations du service<\/p>\n<h2>Profils recherch\u00e9s<\/h2>\n<h4>Profil attendu<\/h4>\n<p>Cadre d\u2019emplois des adjoints techniques (cat\u00e9gorie C)<br \/>\nFormations techniques : CACES, habilitation \u00e9lectrique<br \/>\nConnaissance des r\u00e8gles d\u2019hygi\u00e8ne et de s\u00e9curit\u00e9 relatives aux \u00e9tablissements recevant du public<br \/>\nPratique op\u00e9rationnelle du c\u00e2blage<br \/>\nConnaissance op\u00e9rationnelle du mat\u00e9riel lumi\u00e8re et son<br \/>\nConnaissance des diff\u00e9rents types de mat\u00e9riel en usage<br \/>\nPermis B obligatoire<\/p>\n<h4>Qualit\u00e9s personnelles<\/h4>\n<p>Int\u00e9r\u00eat pour le spectacle vivant<br \/>\nSens de l\u2019accueil, de l\u2019\u00e9coute et du dialogue<br \/>\nDynamisme, r\u00e9activit\u00e9, rigueur, m\u00e9thode, grande disponibilit\u00e9, adaptabilit\u00e9<br \/>\nCapacit\u00e9 \u00e0 g\u00e9rer le stress<br \/>\nSens du travail en \u00e9quipe<br \/>\nOrganisation et m\u00e9thodologie de travail dans la hi\u00e9rarchisation des t\u00e2ches<\/p>\n<h4>Particularit\u00e9s du poste<\/h4>\n<p>Jours travaill\u00e9s et horaires : 35 H, variables selon planning<br \/>\nTravail fr\u00e9quent en soir\u00e9e, jour f\u00e9ri\u00e9 et les week-ends<br \/>\nPoste bas\u00e9 \u00e0 la Salle de Spectacles Europe mais interventions ponctuelles au Th\u00e9\u00e2tre municipal ou sur le territoire de Colmar lors d\u2019\u00e9v\u00e8nements organis\u00e9s par la Direction de la Culture<\/p>\n<p>Poste \u00e0 pourvoir le 23\/01\/2024<br \/>\nDate limite de candidature 25\/12\/2023<\/p>\n<p>COMMUNE DE COLMAR<br \/>\n1 place de la mairie \u2013 bp 50528<br \/>\n68021 Colmar<\/p>\n<p>Les candidatures accompagn\u00e9es d\u2019un curriculum vitae sont \u00e0 adresser, au plus tard le 25\/12\/2023, sur <a href=\"https:\/\/colmar.nous-recrutons.fr\/\">le site<\/a><\/p>\n<p>L\u2019article <a href=\"https:\/\/popburo.fr\/la-ville-de-colmar-recrute-un-technicien-du-spectacle-vivant-pour-la-salle-europe-f-h\/\">la VILLE DE COLMAR recrute un technicien du spectacle vivant pour la Salle Europe [F\/H]<\/a> est apparu en premier sur <a href=\"https:\/\/popburo.fr\/\">POP B\u00dcRO<\/a>.<\/p>\n","protected":false},"excerpt":{"rendered":"<p>Missions Au sein de l\u2019\u00e9quipe technique de la Salle Europe (3 agents), sous la responsabilit\u00e9 du r\u00e9gisseur g\u00e9n\u00e9ral, vous participez \u00e0 la conception et \u00e0 la mise en oeuvre des dispositifs techniques n\u00e9cessaires \u00e0 la conduite et \u00e0 la s\u00e9curit\u00e9 des spectacles et \u00e9v\u00e8nements. Vos missions seront les suivantes : Accueil de spectacles : participation aux \u00e9tudes techniques, installations des mat\u00e9riels et \u00e9quipements n\u00e9cessaires \u00e0 la r\u00e9alisation des spectacles ou des \u00e9v\u00e8nements Gestion technique de la salle de spectacles : [&hellip;]<\/p>\n","protected":false},"author":0,"featured_media":0,"comment_status":"closed","ping_status":"open","sticky":false,"template":"","format":"standard","meta":{"footnotes":""},"categories":[1],"tags":[],"class_list":["post-6500","post","type-post","status-publish","format-standard","hentry","category-non-classe"],"yoast_head":"<!-- This site is optimized with the Yoast SEO plugin v27.5 - https:\/\/yoast.com\/product\/yoast-seo-wordpress\/ -->\n<title>la VILLE DE COLMAR recrute un technicien du spectacle vivant pour la Salle Europe [F\/H] - HIERO STRASBOURG<\/title>\n<meta name=\"robots\" content=\"index, follow, max-snippet:-1, max-image-preview:large, max-video-preview:-1\" \/>\n<link rel=\"canonical\" href=\"https:\/\/hierostrasbourg.com\/index.php\/2023\/11\/27\/la-ville-de-colmar-recrute-un-technicien-du-spectacle-vivant-pour-la-salle-europe-f-h\/\" \/>\n<meta property=\"og:locale\" content=\"fr_FR\" \/>\n<meta property=\"og:type\" content=\"article\" \/>\n<meta property=\"og:title\" content=\"la VILLE DE COLMAR recrute un technicien du spectacle vivant pour la Salle Europe [F\/H] - HIERO STRASBOURG\" \/>\n<meta property=\"og:description\" content=\"Missions Au sein de l\u2019\u00e9quipe technique de la Salle Europe (3 agents), sous la responsabilit\u00e9 du r\u00e9gisseur g\u00e9n\u00e9ral, vous participez \u00e0 la conception et \u00e0 la mise en oeuvre des dispositifs techniques n\u00e9cessaires \u00e0 la conduite et \u00e0 la s\u00e9curit\u00e9 des spectacles et \u00e9v\u00e8nements. Vos missions seront les suivantes : Accueil de spectacles : participation aux \u00e9tudes techniques, installations des mat\u00e9riels et \u00e9quipements n\u00e9cessaires \u00e0 la r\u00e9alisation des spectacles ou des \u00e9v\u00e8nements Gestion technique de la salle de spectacles : [&hellip;]\" \/>\n<meta property=\"og:url\" content=\"https:\/\/hierostrasbourg.com\/index.php\/2023\/11\/27\/la-ville-de-colmar-recrute-un-technicien-du-spectacle-vivant-pour-la-salle-europe-f-h\/\" \/>\n<meta property=\"og:site_name\" content=\"HIERO STRASBOURG\" \/>\n<meta property=\"article:publisher\" content=\"https:\/\/www.facebook.com\/fedehierostrasbourg\" \/>\n<meta property=\"article:published_time\" content=\"2023-11-27T21:46:42+00:00\" \/>\n<meta name=\"twitter:card\" content=\"summary_large_image\" \/>\n<meta name=\"twitter:creator\" content=\"@hierostrasbourg\" \/>\n<meta name=\"twitter:site\" content=\"@hierostrasbourg\" \/>\n<meta name=\"twitter:label1\" content=\"Dur\u00e9e de lecture estim\u00e9e\" \/>\n\t<meta name=\"twitter:data1\" content=\"3 minutes\" \/>\n<script type=\"application\/ld+json\" class=\"yoast-schema-graph\">{\"@context\":\"https:\\\/\\\/schema.org\",\"@graph\":[{\"@type\":\"Article\",\"@id\":\"https:\\\/\\\/hierostrasbourg.com\\\/index.php\\\/2023\\\/11\\\/27\\\/la-ville-de-colmar-recrute-un-technicien-du-spectacle-vivant-pour-la-salle-europe-f-h\\\/#article\",\"isPartOf\":{\"@id\":\"https:\\\/\\\/hierostrasbourg.com\\\/index.php\\\/2023\\\/11\\\/27\\\/la-ville-de-colmar-recrute-un-technicien-du-spectacle-vivant-pour-la-salle-europe-f-h\\\/\"},\"author\":{\"name\":\"\",\"@id\":\"\"},\"headline\":\"la VILLE DE COLMAR recrute un technicien du spectacle vivant pour la Salle Europe [F\\\/H]\",\"datePublished\":\"2023-11-27T21:46:42+00:00\",\"mainEntityOfPage\":{\"@id\":\"https:\\\/\\\/hierostrasbourg.com\\\/index.php\\\/2023\\\/11\\\/27\\\/la-ville-de-colmar-recrute-un-technicien-du-spectacle-vivant-pour-la-salle-europe-f-h\\\/\"},\"wordCount\":677,\"publisher\":{\"@id\":\"https:\\\/\\\/hierostrasbourg.com\\\/#organization\"},\"inLanguage\":\"fr-FR\"},{\"@type\":\"WebPage\",\"@id\":\"https:\\\/\\\/hierostrasbourg.com\\\/index.php\\\/2023\\\/11\\\/27\\\/la-ville-de-colmar-recrute-un-technicien-du-spectacle-vivant-pour-la-salle-europe-f-h\\\/\",\"url\":\"https:\\\/\\\/hierostrasbourg.com\\\/index.php\\\/2023\\\/11\\\/27\\\/la-ville-de-colmar-recrute-un-technicien-du-spectacle-vivant-pour-la-salle-europe-f-h\\\/\",\"name\":\"la VILLE DE COLMAR recrute un technicien du spectacle vivant pour la Salle Europe [F\\\/H] - HIERO STRASBOURG\",\"isPartOf\":{\"@id\":\"https:\\\/\\\/hierostrasbourg.com\\\/#website\"},\"datePublished\":\"2023-11-27T21:46:42+00:00\",\"breadcrumb\":{\"@id\":\"https:\\\/\\\/hierostrasbourg.com\\\/index.php\\\/2023\\\/11\\\/27\\\/la-ville-de-colmar-recrute-un-technicien-du-spectacle-vivant-pour-la-salle-europe-f-h\\\/#breadcrumb\"},\"inLanguage\":\"fr-FR\",\"potentialAction\":[{\"@type\":\"ReadAction\",\"target\":[\"https:\\\/\\\/hierostrasbourg.com\\\/index.php\\\/2023\\\/11\\\/27\\\/la-ville-de-colmar-recrute-un-technicien-du-spectacle-vivant-pour-la-salle-europe-f-h\\\/\"]}]},{\"@type\":\"BreadcrumbList\",\"@id\":\"https:\\\/\\\/hierostrasbourg.com\\\/index.php\\\/2023\\\/11\\\/27\\\/la-ville-de-colmar-recrute-un-technicien-du-spectacle-vivant-pour-la-salle-europe-f-h\\\/#breadcrumb\",\"itemListElement\":[{\"@type\":\"ListItem\",\"position\":1,\"name\":\"Accueil\",\"item\":\"https:\\\/\\\/hierostrasbourg.com\\\/\"},{\"@type\":\"ListItem\",\"position\":2,\"name\":\"la VILLE DE COLMAR recrute un technicien du spectacle vivant pour la Salle Europe [F\\\/H]\"}]},{\"@type\":\"WebSite\",\"@id\":\"https:\\\/\\\/hierostrasbourg.com\\\/#website\",\"url\":\"https:\\\/\\\/hierostrasbourg.com\\\/\",\"name\":\"HIERO STRASBOURG\",\"description\":\"Centre de Ressources Musiques Actuelles\",\"publisher\":{\"@id\":\"https:\\\/\\\/hierostrasbourg.com\\\/#organization\"},\"potentialAction\":[{\"@type\":\"SearchAction\",\"target\":{\"@type\":\"EntryPoint\",\"urlTemplate\":\"https:\\\/\\\/hierostrasbourg.com\\\/?s={search_term_string}\"},\"query-input\":{\"@type\":\"PropertyValueSpecification\",\"valueRequired\":true,\"valueName\":\"search_term_string\"}}],\"inLanguage\":\"fr-FR\"},{\"@type\":\"Organization\",\"@id\":\"https:\\\/\\\/hierostrasbourg.com\\\/#organization\",\"name\":\"F\u00e9d\u00e9ration Hi\u00e9ro Strasbourg\",\"url\":\"https:\\\/\\\/hierostrasbourg.com\\\/\",\"logo\":{\"@type\":\"ImageObject\",\"inLanguage\":\"fr-FR\",\"@id\":\"https:\\\/\\\/hierostrasbourg.com\\\/#\\\/schema\\\/logo\\\/image\\\/\",\"url\":\"https:\\\/\\\/hierostrasbourg.com\\\/wp-content\\\/uploads\\\/2026\\\/04\\\/logo-hiero-strasbourg.jpg\",\"contentUrl\":\"https:\\\/\\\/hierostrasbourg.com\\\/wp-content\\\/uploads\\\/2026\\\/04\\\/logo-hiero-strasbourg.jpg\",\"width\":204,\"height\":192,\"caption\":\"F\u00e9d\u00e9ration Hi\u00e9ro Strasbourg\"},\"image\":{\"@id\":\"https:\\\/\\\/hierostrasbourg.com\\\/#\\\/schema\\\/logo\\\/image\\\/\"},\"sameAs\":[\"https:\\\/\\\/www.facebook.com\\\/fedehierostrasbourg\",\"https:\\\/\\\/x.com\\\/hierostrasbourg\"]}]}<\/script>\n<!-- \/ Yoast SEO plugin. -->","yoast_head_json":{"title":"la VILLE DE COLMAR recrute un technicien du spectacle vivant pour la Salle Europe [F\/H] - HIERO STRASBOURG","robots":{"index":"index","follow":"follow","max-snippet":"max-snippet:-1","max-image-preview":"max-image-preview:large","max-video-preview":"max-video-preview:-1"},"canonical":"https:\/\/hierostrasbourg.com\/index.php\/2023\/11\/27\/la-ville-de-colmar-recrute-un-technicien-du-spectacle-vivant-pour-la-salle-europe-f-h\/","og_locale":"fr_FR","og_type":"article","og_title":"la VILLE DE COLMAR recrute un technicien du spectacle vivant pour la Salle Europe [F\/H] - HIERO STRASBOURG","og_description":"Missions Au sein de l\u2019\u00e9quipe technique de la Salle Europe (3 agents), sous la responsabilit\u00e9 du r\u00e9gisseur g\u00e9n\u00e9ral, vous participez \u00e0 la conception et \u00e0 la mise en oeuvre des dispositifs techniques n\u00e9cessaires \u00e0 la conduite et \u00e0 la s\u00e9curit\u00e9 des spectacles et \u00e9v\u00e8nements. Vos missions seront les suivantes : Accueil de spectacles : participation aux \u00e9tudes techniques, installations des mat\u00e9riels et \u00e9quipements n\u00e9cessaires \u00e0 la r\u00e9alisation des spectacles ou des \u00e9v\u00e8nements Gestion technique de la salle de spectacles : [&hellip;]","og_url":"https:\/\/hierostrasbourg.com\/index.php\/2023\/11\/27\/la-ville-de-colmar-recrute-un-technicien-du-spectacle-vivant-pour-la-salle-europe-f-h\/","og_site_name":"HIERO STRASBOURG","article_publisher":"https:\/\/www.facebook.com\/fedehierostrasbourg","article_published_time":"2023-11-27T21:46:42+00:00","twitter_card":"summary_large_image","twitter_creator":"@hierostrasbourg","twitter_site":"@hierostrasbourg","twitter_misc":{"Dur\u00e9e de lecture estim\u00e9e":"3 minutes"},"schema":{"@context":"https:\/\/schema.org","@graph":[{"@type":"Article","@id":"https:\/\/hierostrasbourg.com\/index.php\/2023\/11\/27\/la-ville-de-colmar-recrute-un-technicien-du-spectacle-vivant-pour-la-salle-europe-f-h\/#article","isPartOf":{"@id":"https:\/\/hierostrasbourg.com\/index.php\/2023\/11\/27\/la-ville-de-colmar-recrute-un-technicien-du-spectacle-vivant-pour-la-salle-europe-f-h\/"},"author":{"name":"","@id":""},"headline":"la VILLE DE COLMAR recrute un technicien du spectacle vivant pour la Salle Europe [F\/H]","datePublished":"2023-11-27T21:46:42+00:00","mainEntityOfPage":{"@id":"https:\/\/hierostrasbourg.com\/index.php\/2023\/11\/27\/la-ville-de-colmar-recrute-un-technicien-du-spectacle-vivant-pour-la-salle-europe-f-h\/"},"wordCount":677,"publisher":{"@id":"https:\/\/hierostrasbourg.com\/#organization"},"inLanguage":"fr-FR"},{"@type":"WebPage","@id":"https:\/\/hierostrasbourg.com\/index.php\/2023\/11\/27\/la-ville-de-colmar-recrute-un-technicien-du-spectacle-vivant-pour-la-salle-europe-f-h\/","url":"https:\/\/hierostrasbourg.com\/index.php\/2023\/11\/27\/la-ville-de-colmar-recrute-un-technicien-du-spectacle-vivant-pour-la-salle-europe-f-h\/","name":"la VILLE DE COLMAR recrute un technicien du spectacle vivant pour la Salle Europe [F\/H] - HIERO STRASBOURG","isPartOf":{"@id":"https:\/\/hierostrasbourg.com\/#website"},"datePublished":"2023-11-27T21:46:42+00:00","breadcrumb":{"@id":"https:\/\/hierostrasbourg.com\/index.php\/2023\/11\/27\/la-ville-de-colmar-recrute-un-technicien-du-spectacle-vivant-pour-la-salle-europe-f-h\/#breadcrumb"},"inLanguage":"fr-FR","potentialAction":[{"@type":"ReadAction","target":["https:\/\/hierostrasbourg.com\/index.php\/2023\/11\/27\/la-ville-de-colmar-recrute-un-technicien-du-spectacle-vivant-pour-la-salle-europe-f-h\/"]}]},{"@type":"BreadcrumbList","@id":"https:\/\/hierostrasbourg.com\/index.php\/2023\/11\/27\/la-ville-de-colmar-recrute-un-technicien-du-spectacle-vivant-pour-la-salle-europe-f-h\/#breadcrumb","itemListElement":[{"@type":"ListItem","position":1,"name":"Accueil","item":"https:\/\/hierostrasbourg.com\/"},{"@type":"ListItem","position":2,"name":"la VILLE DE COLMAR recrute un technicien du spectacle vivant pour la Salle Europe [F\/H]"}]},{"@type":"WebSite","@id":"https:\/\/hierostrasbourg.com\/#website","url":"https:\/\/hierostrasbourg.com\/","name":"HIERO STRASBOURG","description":"Centre de Ressources Musiques Actuelles","publisher":{"@id":"https:\/\/hierostrasbourg.com\/#organization"},"potentialAction":[{"@type":"SearchAction","target":{"@type":"EntryPoint","urlTemplate":"https:\/\/hierostrasbourg.com\/?s={search_term_string}"},"query-input":{"@type":"PropertyValueSpecification","valueRequired":true,"valueName":"search_term_string"}}],"inLanguage":"fr-FR"},{"@type":"Organization","@id":"https:\/\/hierostrasbourg.com\/#organization","name":"F\u00e9d\u00e9ration Hi\u00e9ro Strasbourg","url":"https:\/\/hierostrasbourg.com\/","logo":{"@type":"ImageObject","inLanguage":"fr-FR","@id":"https:\/\/hierostrasbourg.com\/#\/schema\/logo\/image\/","url":"https:\/\/hierostrasbourg.com\/wp-content\/uploads\/2026\/04\/logo-hiero-strasbourg.jpg","contentUrl":"https:\/\/hierostrasbourg.com\/wp-content\/uploads\/2026\/04\/logo-hiero-strasbourg.jpg","width":204,"height":192,"caption":"F\u00e9d\u00e9ration Hi\u00e9ro Strasbourg"},"image":{"@id":"https:\/\/hierostrasbourg.com\/#\/schema\/logo\/image\/"},"sameAs":["https:\/\/www.facebook.com\/fedehierostrasbourg","https:\/\/x.com\/hierostrasbourg"]}]}},"_links":{"self":[{"href":"https:\/\/hierostrasbourg.com\/index.php\/wp-json\/wp\/v2\/posts\/6500","targetHints":{"allow":["GET"]}}],"collection":[{"href":"https:\/\/hierostrasbourg.com\/index.php\/wp-json\/wp\/v2\/posts"}],"about":[{"href":"https:\/\/hierostrasbourg.com\/index.php\/wp-json\/wp\/v2\/types\/post"}],"replies":[{"embeddable":true,"href":"https:\/\/hierostrasbourg.com\/index.php\/wp-json\/wp\/v2\/comments?post=6500"}],"version-history":[{"count":0,"href":"https:\/\/hierostrasbourg.com\/index.php\/wp-json\/wp\/v2\/posts\/6500\/revisions"}],"wp:attachment":[{"href":"https:\/\/hierostrasbourg.com\/index.php\/wp-json\/wp\/v2\/media?parent=6500"}],"wp:term":[{"taxonomy":"category","embeddable":true,"href":"https:\/\/hierostrasbourg.com\/index.php\/wp-json\/wp\/v2\/categories?post=6500"},{"taxonomy":"post_tag","embeddable":true,"href":"https:\/\/hierostrasbourg.com\/index.php\/wp-json\/wp\/v2\/tags?post=6500"}],"curies":[{"name":"wp","href":"https:\/\/api.w.org\/{rel}","templated":true}]}}