{"id":596,"date":"2021-05-27T22:18:37","date_gmt":"2021-05-27T20:18:37","guid":{"rendered":"https:\/\/hierostrasbourg.com\/index.php\/2021\/05\/27\/enquete-des-structures-artistiques-et-culturelles-accompagner-par-la-culture-les-jeunes-adultes-et-les-jeunes-adultes-et-leurs-initiatives-en-territoires-ruraux\/"},"modified":"2021-05-27T22:18:37","modified_gmt":"2021-05-27T20:18:37","slug":"enquete-des-structures-artistiques-et-culturelles-accompagner-par-la-culture-les-jeunes-adultes-et-les-jeunes-adultes-et-leurs-initiatives-en-territoires-ruraux","status":"publish","type":"post","link":"https:\/\/hierostrasbourg.com\/index.php\/2021\/05\/27\/enquete-des-structures-artistiques-et-culturelles-accompagner-par-la-culture-les-jeunes-adultes-et-les-jeunes-adultes-et-leurs-initiatives-en-territoires-ruraux\/","title":{"rendered":"Enqu\u00eate des structures artistiques et culturelles :  accompagner par la culture les jeunes adultes et les jeunes adultes et leurs initiatives en territoires ruraux"},"content":{"rendered":"<p>Pr\u00e9sentation g\u00e9n\u00e9rale du projet AJITeR<\/p>\n<p><em>Le projet AJI TeR\/Faciliter l\u2019Accueil des Jeunes Adultes et de leurs Initiatives dans les Territoires Ruraux* est port\u00e9 par cinq partenaires, pendant trois ans (2018-2021), dans le cadre du dispositif \u00ab Mobilisation collective pour le d\u00e9veloppement rural \u00bb (MCDR) lanc\u00e9 par le R\u00e9seau rural national (RRN). <\/em><\/p>\n<p><em>L\u2019appel vise \u00e0 soutenir les projets partenariaux en faveur de la ruralit\u00e9, qui entrent dans le cadre des objectifs de la politique du d\u00e9veloppement rural europ\u00e9enne. Les projets s\u00e9lectionn\u00e9s sont cofinanc\u00e9s par le Fonds europ\u00e9en agricole pour le d\u00e9veloppement rural (FEADER), le Commissariat g\u00e9n\u00e9ral \u00e0 l\u2019\u00e9galit\u00e9 des territoires (CGET) et le minist\u00e8re de l\u2019Agriculture et de l\u2019Alimentation (MAA). <\/em><\/p>\n<p><em>Ce projet est port\u00e9 en partenariat avec l\u2019Association pour le d\u00e9veloppement en r\u00e9seau des territoires et des services alpins (ADRETS), la Commission internationale pour la protection des Alpes (CIPRA FRANCE), le Centre de recherche d\u2019\u00e9tude de formation \u00e0 l\u2019animation et au d\u00e9veloppement (Crefad Auvergne), le R\u00e9seau des caf\u00e9s culturels associatifs (RECCA) et l\u2019Union F\u00e9d\u00e9rale d\u2019Intervention des Structures Culturelles (UFISC). <\/em><\/p>\n<p><em>Autour d\u2019un enjeu central, celui d\u2019une meilleure prise en compte des jeunes adultes dans les territoires ruraux, trois axes de travail principaux sont d\u00e9velopp\u00e9s : penser l\u2019emploi et la formation en termes de parcours, maintenir l\u2019attractivit\u00e9 des territoires en d\u00e9veloppant l\u2019acc\u00e8s aux services et favoriser le sentiment d\u2019inclusion par la participation citoyenne. Ces axes sont adoss\u00e9s \u00e0 trois th\u00e9matiques transversales : l\u2019acc\u00e8s \u00e0 la formation et \u00e0 l\u2019information, l\u2019\u00e9galit\u00e9 femmes-hommes et le lien urbain-rural. \u00ab AJITeR par la Culture ! \u00bb, volet culturel du projet AJITeR a \u00e9t\u00e9 impuls\u00e9 et est coor-donn\u00e9 par l\u2019UFISC. <\/em><\/p>\n<p><em>L\u2019UFISC r\u00e9unit seize organisations du champ des arts et de la culture se r\u00e9clamant de l\u2019\u00e9conomie sociale et solidaire. F\u00e9d\u00e9ration professionnelle, elle regroupe ainsi, par subsidiarit\u00e9 , pr\u00e8s de 2 500 entreprises artistiques et culturelles sur l\u2019ensemble du territoire , dans diff\u00e9rentes activit\u00e9s (cr\u00e9ation artistique, diffusion et exposition, production d\u2019\u00e9v\u00e9nements, accompagnement de pratiques culturelles, formation professionnelle, enseignement, m\u00e9dias, num\u00e9rique\u2026). Elles sont r\u00e9unies au sein de l\u2019UFISC autour d u Manifeste pour une autre \u00e9conomie de l\u2019art et de la culture, qui d\u00e9fend les principes de diversit\u00e9 culturelle et de droits culturels, de coop\u00e9ration et d\u2019\u00e9conomie solidaire, et de coconstruction citoyenne de l\u2019int\u00e9r\u00eat g\u00e9n\u00e9ral<\/em><\/p>\n<\/p>\n<div class=\"ead-preview\">\n<div class=\"ead-document\">\n<div class=\"ead-iframe-wrapper\"><\/div>\n<div class=\"ead-document-loading\">\n<div class=\"ead-loading-wrap\">\n<div class=\"ead-loading-main\">\n<div class=\"ead-loading\">\n\t\t\t\t\t\t\t<span>En cours de chargement\u2026<\/span>\n\t\t\t\t\t\t<\/div>\n<\/p><\/div>\n<div class=\"ead-loading-foot\">\n<div class=\"ead-loading-foot-title\">\n\t\t\t\t\t\t\t<span>Cela prend trop de temps\u00a0?<\/span>\n\t\t\t\t\t\t<\/div>\n<\/p>\n<div class=\"ead-document-btn ead-reload-btn\">\n\t\t\t\t\t\t\t\t Recharger le document\t\t\t\t\t\t\t<\/div>\n<p>\t\t\t\t\t\t\t<span>|<\/span><br \/>\n\t\t\t\t\t\t\t<a href=\"https:\/\/lamultinationaledelunderground.com\/musiquesactuelles\/wp-content\/uploads\/2021\/05\/ufisc_ajiter_enquete_synthese_vf_compressed.pdf\" class=\"ead-document-btn\"><br \/>\n\t\t\t\t\t\t\t\t Ouvrir dans un nouvel onglet\t\t\t\t\t\t\t<\/a>\n\t\t\t\t\t<\/div>\n<\/p><\/div>\n<\/p><\/div>\n<\/p><\/div>\n<p class=\"embed_download\"><a href=\"https:\/\/lamultinationaledelunderground.com\/musiquesactuelles\/wp-content\/uploads\/2021\/05\/ufisc_ajiter_enquete_synthese_vf_compressed.pdf\">\ufeffT\u00e9l\u00e9charger [620.02 KB] <\/a><\/p>\n<\/div>\n<p>L\u2019article <a href=\"https:\/\/popburo.fr\/enquete-des-structures-artistiques-et-culturelles-accompagner-par-la-culture-les-jeunes-adultes-et-les-jeunes-adultes-et-leurs-initiatives-en-territoires-ruraux\/\">Enqu\u00eate des structures artistiques et culturelles :  accompagner par la culture les jeunes adultes et les jeunes adultes et leurs initiatives en territoires ruraux<\/a> est apparu en premier sur <a href=\"https:\/\/popburo.fr\/\">POP B\u00dcRO<\/a>.<\/p>\n","protected":false},"excerpt":{"rendered":"<p>Pr\u00e9sentation g\u00e9n\u00e9rale du projet AJITeR Le projet AJI TeR\/Faciliter l\u2019Accueil des Jeunes Adultes et de leurs Initiatives dans les Territoires Ruraux* est port\u00e9 par cinq partenaires, pendant trois ans (2018-2021), dans le cadre du dispositif \u00ab Mobilisation collective pour le d\u00e9veloppement rural \u00bb (MCDR) lanc\u00e9 par le R\u00e9seau rural national (RRN). L\u2019appel vise \u00e0 soutenir les projets partenariaux en faveur de la ruralit\u00e9, qui entrent dans le cadre des objectifs de la politique du d\u00e9veloppement rural europ\u00e9enne. Les projets s\u00e9lectionn\u00e9s [&hellip;]<\/p>\n","protected":false},"author":0,"featured_media":0,"comment_status":"closed","ping_status":"open","sticky":false,"template":"","format":"standard","meta":{"footnotes":""},"categories":[1],"tags":[],"class_list":["post-596","post","type-post","status-publish","format-standard","hentry","category-non-classe"],"yoast_head":"<!-- This site is optimized with the Yoast SEO plugin v27.5 - https:\/\/yoast.com\/product\/yoast-seo-wordpress\/ -->\n<title>Enqu\u00eate des structures artistiques et culturelles : accompagner par la culture les jeunes adultes et les jeunes adultes et leurs initiatives en territoires ruraux - HIERO STRASBOURG<\/title>\n<meta name=\"robots\" content=\"index, follow, max-snippet:-1, max-image-preview:large, max-video-preview:-1\" \/>\n<link rel=\"canonical\" href=\"https:\/\/hierostrasbourg.com\/index.php\/2021\/05\/27\/enquete-des-structures-artistiques-et-culturelles-accompagner-par-la-culture-les-jeunes-adultes-et-les-jeunes-adultes-et-leurs-initiatives-en-territoires-ruraux\/\" \/>\n<meta property=\"og:locale\" content=\"fr_FR\" \/>\n<meta property=\"og:type\" content=\"article\" \/>\n<meta property=\"og:title\" content=\"Enqu\u00eate des structures artistiques et culturelles : accompagner par la culture les jeunes adultes et les jeunes adultes et leurs initiatives en territoires ruraux - HIERO STRASBOURG\" \/>\n<meta property=\"og:description\" content=\"Pr\u00e9sentation g\u00e9n\u00e9rale du projet AJITeR Le projet AJI TeR\/Faciliter l\u2019Accueil des Jeunes Adultes et de leurs Initiatives dans les Territoires Ruraux* est port\u00e9 par cinq partenaires, pendant trois ans (2018-2021), dans le cadre du dispositif \u00ab Mobilisation collective pour le d\u00e9veloppement rural \u00bb (MCDR) lanc\u00e9 par le R\u00e9seau rural national (RRN). L\u2019appel vise \u00e0 soutenir les projets partenariaux en faveur de la ruralit\u00e9, qui entrent dans le cadre des objectifs de la politique du d\u00e9veloppement rural europ\u00e9enne. Les projets s\u00e9lectionn\u00e9s [&hellip;]\" \/>\n<meta property=\"og:url\" content=\"https:\/\/hierostrasbourg.com\/index.php\/2021\/05\/27\/enquete-des-structures-artistiques-et-culturelles-accompagner-par-la-culture-les-jeunes-adultes-et-les-jeunes-adultes-et-leurs-initiatives-en-territoires-ruraux\/\" \/>\n<meta property=\"og:site_name\" content=\"HIERO STRASBOURG\" \/>\n<meta property=\"article:publisher\" content=\"https:\/\/www.facebook.com\/fedehierostrasbourg\" \/>\n<meta property=\"article:published_time\" content=\"2021-05-27T20:18:37+00:00\" \/>\n<meta name=\"twitter:card\" content=\"summary_large_image\" \/>\n<meta name=\"twitter:creator\" content=\"@hierostrasbourg\" \/>\n<meta name=\"twitter:site\" content=\"@hierostrasbourg\" \/>\n<meta name=\"twitter:label1\" content=\"Dur\u00e9e de lecture estim\u00e9e\" \/>\n\t<meta name=\"twitter:data1\" content=\"2 minutes\" \/>\n<script type=\"application\/ld+json\" class=\"yoast-schema-graph\">{\"@context\":\"https:\\\/\\\/schema.org\",\"@graph\":[{\"@type\":\"Article\",\"@id\":\"https:\\\/\\\/hierostrasbourg.com\\\/index.php\\\/2021\\\/05\\\/27\\\/enquete-des-structures-artistiques-et-culturelles-accompagner-par-la-culture-les-jeunes-adultes-et-les-jeunes-adultes-et-leurs-initiatives-en-territoires-ruraux\\\/#article\",\"isPartOf\":{\"@id\":\"https:\\\/\\\/hierostrasbourg.com\\\/index.php\\\/2021\\\/05\\\/27\\\/enquete-des-structures-artistiques-et-culturelles-accompagner-par-la-culture-les-jeunes-adultes-et-les-jeunes-adultes-et-leurs-initiatives-en-territoires-ruraux\\\/\"},\"author\":{\"name\":\"\",\"@id\":\"\"},\"headline\":\"Enqu\u00eate des structures artistiques et culturelles : accompagner par la culture les jeunes adultes et les jeunes adultes et leurs initiatives en territoires ruraux\",\"datePublished\":\"2021-05-27T20:18:37+00:00\",\"mainEntityOfPage\":{\"@id\":\"https:\\\/\\\/hierostrasbourg.com\\\/index.php\\\/2021\\\/05\\\/27\\\/enquete-des-structures-artistiques-et-culturelles-accompagner-par-la-culture-les-jeunes-adultes-et-les-jeunes-adultes-et-leurs-initiatives-en-territoires-ruraux\\\/\"},\"wordCount\":503,\"publisher\":{\"@id\":\"https:\\\/\\\/hierostrasbourg.com\\\/#organization\"},\"inLanguage\":\"fr-FR\"},{\"@type\":\"WebPage\",\"@id\":\"https:\\\/\\\/hierostrasbourg.com\\\/index.php\\\/2021\\\/05\\\/27\\\/enquete-des-structures-artistiques-et-culturelles-accompagner-par-la-culture-les-jeunes-adultes-et-les-jeunes-adultes-et-leurs-initiatives-en-territoires-ruraux\\\/\",\"url\":\"https:\\\/\\\/hierostrasbourg.com\\\/index.php\\\/2021\\\/05\\\/27\\\/enquete-des-structures-artistiques-et-culturelles-accompagner-par-la-culture-les-jeunes-adultes-et-les-jeunes-adultes-et-leurs-initiatives-en-territoires-ruraux\\\/\",\"name\":\"Enqu\u00eate des structures artistiques et culturelles : accompagner par la culture les jeunes adultes et les jeunes adultes et leurs initiatives en territoires ruraux - HIERO STRASBOURG\",\"isPartOf\":{\"@id\":\"https:\\\/\\\/hierostrasbourg.com\\\/#website\"},\"datePublished\":\"2021-05-27T20:18:37+00:00\",\"breadcrumb\":{\"@id\":\"https:\\\/\\\/hierostrasbourg.com\\\/index.php\\\/2021\\\/05\\\/27\\\/enquete-des-structures-artistiques-et-culturelles-accompagner-par-la-culture-les-jeunes-adultes-et-les-jeunes-adultes-et-leurs-initiatives-en-territoires-ruraux\\\/#breadcrumb\"},\"inLanguage\":\"fr-FR\",\"potentialAction\":[{\"@type\":\"ReadAction\",\"target\":[\"https:\\\/\\\/hierostrasbourg.com\\\/index.php\\\/2021\\\/05\\\/27\\\/enquete-des-structures-artistiques-et-culturelles-accompagner-par-la-culture-les-jeunes-adultes-et-les-jeunes-adultes-et-leurs-initiatives-en-territoires-ruraux\\\/\"]}]},{\"@type\":\"BreadcrumbList\",\"@id\":\"https:\\\/\\\/hierostrasbourg.com\\\/index.php\\\/2021\\\/05\\\/27\\\/enquete-des-structures-artistiques-et-culturelles-accompagner-par-la-culture-les-jeunes-adultes-et-les-jeunes-adultes-et-leurs-initiatives-en-territoires-ruraux\\\/#breadcrumb\",\"itemListElement\":[{\"@type\":\"ListItem\",\"position\":1,\"name\":\"Accueil\",\"item\":\"https:\\\/\\\/hierostrasbourg.com\\\/\"},{\"@type\":\"ListItem\",\"position\":2,\"name\":\"Enqu\u00eate des structures artistiques et culturelles : accompagner par la culture les jeunes adultes et les jeunes adultes et leurs initiatives en territoires ruraux\"}]},{\"@type\":\"WebSite\",\"@id\":\"https:\\\/\\\/hierostrasbourg.com\\\/#website\",\"url\":\"https:\\\/\\\/hierostrasbourg.com\\\/\",\"name\":\"HIERO STRASBOURG\",\"description\":\"Centre de Ressources Musiques Actuelles\",\"publisher\":{\"@id\":\"https:\\\/\\\/hierostrasbourg.com\\\/#organization\"},\"potentialAction\":[{\"@type\":\"SearchAction\",\"target\":{\"@type\":\"EntryPoint\",\"urlTemplate\":\"https:\\\/\\\/hierostrasbourg.com\\\/?s={search_term_string}\"},\"query-input\":{\"@type\":\"PropertyValueSpecification\",\"valueRequired\":true,\"valueName\":\"search_term_string\"}}],\"inLanguage\":\"fr-FR\"},{\"@type\":\"Organization\",\"@id\":\"https:\\\/\\\/hierostrasbourg.com\\\/#organization\",\"name\":\"F\u00e9d\u00e9ration Hi\u00e9ro Strasbourg\",\"url\":\"https:\\\/\\\/hierostrasbourg.com\\\/\",\"logo\":{\"@type\":\"ImageObject\",\"inLanguage\":\"fr-FR\",\"@id\":\"https:\\\/\\\/hierostrasbourg.com\\\/#\\\/schema\\\/logo\\\/image\\\/\",\"url\":\"https:\\\/\\\/hierostrasbourg.com\\\/wp-content\\\/uploads\\\/2026\\\/04\\\/logo-hiero-strasbourg.jpg\",\"contentUrl\":\"https:\\\/\\\/hierostrasbourg.com\\\/wp-content\\\/uploads\\\/2026\\\/04\\\/logo-hiero-strasbourg.jpg\",\"width\":204,\"height\":192,\"caption\":\"F\u00e9d\u00e9ration Hi\u00e9ro Strasbourg\"},\"image\":{\"@id\":\"https:\\\/\\\/hierostrasbourg.com\\\/#\\\/schema\\\/logo\\\/image\\\/\"},\"sameAs\":[\"https:\\\/\\\/www.facebook.com\\\/fedehierostrasbourg\",\"https:\\\/\\\/x.com\\\/hierostrasbourg\"]}]}<\/script>\n<!-- \/ Yoast SEO plugin. -->","yoast_head_json":{"title":"Enqu\u00eate des structures artistiques et culturelles : accompagner par la culture les jeunes adultes et les jeunes adultes et leurs initiatives en territoires ruraux - HIERO STRASBOURG","robots":{"index":"index","follow":"follow","max-snippet":"max-snippet:-1","max-image-preview":"max-image-preview:large","max-video-preview":"max-video-preview:-1"},"canonical":"https:\/\/hierostrasbourg.com\/index.php\/2021\/05\/27\/enquete-des-structures-artistiques-et-culturelles-accompagner-par-la-culture-les-jeunes-adultes-et-les-jeunes-adultes-et-leurs-initiatives-en-territoires-ruraux\/","og_locale":"fr_FR","og_type":"article","og_title":"Enqu\u00eate des structures artistiques et culturelles : accompagner par la culture les jeunes adultes et les jeunes adultes et leurs initiatives en territoires ruraux - HIERO STRASBOURG","og_description":"Pr\u00e9sentation g\u00e9n\u00e9rale du projet AJITeR Le projet AJI TeR\/Faciliter l\u2019Accueil des Jeunes Adultes et de leurs Initiatives dans les Territoires Ruraux* est port\u00e9 par cinq partenaires, pendant trois ans (2018-2021), dans le cadre du dispositif \u00ab Mobilisation collective pour le d\u00e9veloppement rural \u00bb (MCDR) lanc\u00e9 par le R\u00e9seau rural national (RRN). L\u2019appel vise \u00e0 soutenir les projets partenariaux en faveur de la ruralit\u00e9, qui entrent dans le cadre des objectifs de la politique du d\u00e9veloppement rural europ\u00e9enne. Les projets s\u00e9lectionn\u00e9s [&hellip;]","og_url":"https:\/\/hierostrasbourg.com\/index.php\/2021\/05\/27\/enquete-des-structures-artistiques-et-culturelles-accompagner-par-la-culture-les-jeunes-adultes-et-les-jeunes-adultes-et-leurs-initiatives-en-territoires-ruraux\/","og_site_name":"HIERO STRASBOURG","article_publisher":"https:\/\/www.facebook.com\/fedehierostrasbourg","article_published_time":"2021-05-27T20:18:37+00:00","twitter_card":"summary_large_image","twitter_creator":"@hierostrasbourg","twitter_site":"@hierostrasbourg","twitter_misc":{"Dur\u00e9e de lecture estim\u00e9e":"2 minutes"},"schema":{"@context":"https:\/\/schema.org","@graph":[{"@type":"Article","@id":"https:\/\/hierostrasbourg.com\/index.php\/2021\/05\/27\/enquete-des-structures-artistiques-et-culturelles-accompagner-par-la-culture-les-jeunes-adultes-et-les-jeunes-adultes-et-leurs-initiatives-en-territoires-ruraux\/#article","isPartOf":{"@id":"https:\/\/hierostrasbourg.com\/index.php\/2021\/05\/27\/enquete-des-structures-artistiques-et-culturelles-accompagner-par-la-culture-les-jeunes-adultes-et-les-jeunes-adultes-et-leurs-initiatives-en-territoires-ruraux\/"},"author":{"name":"","@id":""},"headline":"Enqu\u00eate des structures artistiques et culturelles : accompagner par la culture les jeunes adultes et les jeunes adultes et leurs initiatives en territoires ruraux","datePublished":"2021-05-27T20:18:37+00:00","mainEntityOfPage":{"@id":"https:\/\/hierostrasbourg.com\/index.php\/2021\/05\/27\/enquete-des-structures-artistiques-et-culturelles-accompagner-par-la-culture-les-jeunes-adultes-et-les-jeunes-adultes-et-leurs-initiatives-en-territoires-ruraux\/"},"wordCount":503,"publisher":{"@id":"https:\/\/hierostrasbourg.com\/#organization"},"inLanguage":"fr-FR"},{"@type":"WebPage","@id":"https:\/\/hierostrasbourg.com\/index.php\/2021\/05\/27\/enquete-des-structures-artistiques-et-culturelles-accompagner-par-la-culture-les-jeunes-adultes-et-les-jeunes-adultes-et-leurs-initiatives-en-territoires-ruraux\/","url":"https:\/\/hierostrasbourg.com\/index.php\/2021\/05\/27\/enquete-des-structures-artistiques-et-culturelles-accompagner-par-la-culture-les-jeunes-adultes-et-les-jeunes-adultes-et-leurs-initiatives-en-territoires-ruraux\/","name":"Enqu\u00eate des structures artistiques et culturelles : accompagner par la culture les jeunes adultes et les jeunes adultes et leurs initiatives en territoires ruraux - HIERO STRASBOURG","isPartOf":{"@id":"https:\/\/hierostrasbourg.com\/#website"},"datePublished":"2021-05-27T20:18:37+00:00","breadcrumb":{"@id":"https:\/\/hierostrasbourg.com\/index.php\/2021\/05\/27\/enquete-des-structures-artistiques-et-culturelles-accompagner-par-la-culture-les-jeunes-adultes-et-les-jeunes-adultes-et-leurs-initiatives-en-territoires-ruraux\/#breadcrumb"},"inLanguage":"fr-FR","potentialAction":[{"@type":"ReadAction","target":["https:\/\/hierostrasbourg.com\/index.php\/2021\/05\/27\/enquete-des-structures-artistiques-et-culturelles-accompagner-par-la-culture-les-jeunes-adultes-et-les-jeunes-adultes-et-leurs-initiatives-en-territoires-ruraux\/"]}]},{"@type":"BreadcrumbList","@id":"https:\/\/hierostrasbourg.com\/index.php\/2021\/05\/27\/enquete-des-structures-artistiques-et-culturelles-accompagner-par-la-culture-les-jeunes-adultes-et-les-jeunes-adultes-et-leurs-initiatives-en-territoires-ruraux\/#breadcrumb","itemListElement":[{"@type":"ListItem","position":1,"name":"Accueil","item":"https:\/\/hierostrasbourg.com\/"},{"@type":"ListItem","position":2,"name":"Enqu\u00eate des structures artistiques et culturelles : accompagner par la culture les jeunes adultes et les jeunes adultes et leurs initiatives en territoires ruraux"}]},{"@type":"WebSite","@id":"https:\/\/hierostrasbourg.com\/#website","url":"https:\/\/hierostrasbourg.com\/","name":"HIERO STRASBOURG","description":"Centre de Ressources Musiques Actuelles","publisher":{"@id":"https:\/\/hierostrasbourg.com\/#organization"},"potentialAction":[{"@type":"SearchAction","target":{"@type":"EntryPoint","urlTemplate":"https:\/\/hierostrasbourg.com\/?s={search_term_string}"},"query-input":{"@type":"PropertyValueSpecification","valueRequired":true,"valueName":"search_term_string"}}],"inLanguage":"fr-FR"},{"@type":"Organization","@id":"https:\/\/hierostrasbourg.com\/#organization","name":"F\u00e9d\u00e9ration Hi\u00e9ro Strasbourg","url":"https:\/\/hierostrasbourg.com\/","logo":{"@type":"ImageObject","inLanguage":"fr-FR","@id":"https:\/\/hierostrasbourg.com\/#\/schema\/logo\/image\/","url":"https:\/\/hierostrasbourg.com\/wp-content\/uploads\/2026\/04\/logo-hiero-strasbourg.jpg","contentUrl":"https:\/\/hierostrasbourg.com\/wp-content\/uploads\/2026\/04\/logo-hiero-strasbourg.jpg","width":204,"height":192,"caption":"F\u00e9d\u00e9ration Hi\u00e9ro Strasbourg"},"image":{"@id":"https:\/\/hierostrasbourg.com\/#\/schema\/logo\/image\/"},"sameAs":["https:\/\/www.facebook.com\/fedehierostrasbourg","https:\/\/x.com\/hierostrasbourg"]}]}},"_links":{"self":[{"href":"https:\/\/hierostrasbourg.com\/index.php\/wp-json\/wp\/v2\/posts\/596","targetHints":{"allow":["GET"]}}],"collection":[{"href":"https:\/\/hierostrasbourg.com\/index.php\/wp-json\/wp\/v2\/posts"}],"about":[{"href":"https:\/\/hierostrasbourg.com\/index.php\/wp-json\/wp\/v2\/types\/post"}],"replies":[{"embeddable":true,"href":"https:\/\/hierostrasbourg.com\/index.php\/wp-json\/wp\/v2\/comments?post=596"}],"version-history":[{"count":0,"href":"https:\/\/hierostrasbourg.com\/index.php\/wp-json\/wp\/v2\/posts\/596\/revisions"}],"wp:attachment":[{"href":"https:\/\/hierostrasbourg.com\/index.php\/wp-json\/wp\/v2\/media?parent=596"}],"wp:term":[{"taxonomy":"category","embeddable":true,"href":"https:\/\/hierostrasbourg.com\/index.php\/wp-json\/wp\/v2\/categories?post=596"},{"taxonomy":"post_tag","embeddable":true,"href":"https:\/\/hierostrasbourg.com\/index.php\/wp-json\/wp\/v2\/tags?post=596"}],"curies":[{"name":"wp","href":"https:\/\/api.w.org\/{rel}","templated":true}]}}