{"id":587,"date":"2021-05-26T09:18:41","date_gmt":"2021-05-26T07:18:41","guid":{"rendered":"https:\/\/hierostrasbourg.com\/index.php\/2021\/05\/26\/soutien-a-la-culture-dialogue-de-sourds-entre-les-intermittents-et-le-gouvernement\/"},"modified":"2021-05-26T09:18:41","modified_gmt":"2021-05-26T07:18:41","slug":"soutien-a-la-culture-dialogue-de-sourds-entre-les-intermittents-et-le-gouvernement","status":"publish","type":"post","link":"https:\/\/hierostrasbourg.com\/index.php\/2021\/05\/26\/soutien-a-la-culture-dialogue-de-sourds-entre-les-intermittents-et-le-gouvernement\/","title":{"rendered":"Soutien \u00e0 la culture : dialogue de sourds entre les intermittents et le gouvernement"},"content":{"rendered":"<p><em>Alors que les intermittents du spectacle occupent encore une centaine de th\u00e9\u00e2tres pour obtenir une ann\u00e9e blanche suppl\u00e9mentaire et le retrait de la r\u00e9forme de l\u2019Assurance ch\u00f4mage, le gouvernement, avec 11 milliards d\u2019euros mobilis\u00e9s, trouve \u00ab hallucinant \u00bb de s\u2019entendre dire qu\u2019il n\u2019a pas aid\u00e9 le secteur de la culture.<\/em><\/p>\n<p>Source \/ Lire la suite : <a href=\"https:\/\/www.lesechos.fr\/industrie-services\/services-conseils\/soutien-a-la-culture-dialogue-de-sourds-entre-les-intermittents-et-le-gouvernement-1317469?fbclid=IwAR0yD_CTEH5sfWCyUZhFMXLpRbPt44_dk75P5hbgx_12LRbFmoKrb_fAx4E\">Soutien \u00e0 la culture : dialogue de sourds entre les intermittents et le gouvernement<\/a><\/p>\n<p>L\u2019article <a href=\"https:\/\/popburo.fr\/soutien-a-la-culture-dialogue-de-sourds-entre-les-intermittents-et-le-gouvernement\/\">Soutien \u00e0 la culture : dialogue de sourds entre les intermittents et le gouvernement<\/a> est apparu en premier sur <a href=\"https:\/\/popburo.fr\/\">POP B\u00dcRO<\/a>.<\/p>\n","protected":false},"excerpt":{"rendered":"<p>Alors que les intermittents du spectacle occupent encore une centaine de th\u00e9\u00e2tres pour obtenir une ann\u00e9e blanche suppl\u00e9mentaire et le retrait de la r\u00e9forme de l\u2019Assurance ch\u00f4mage, le gouvernement, avec 11 milliards d\u2019euros mobilis\u00e9s, trouve \u00ab hallucinant \u00bb de s\u2019entendre dire qu\u2019il n\u2019a pas aid\u00e9 le secteur de la culture. Source \/ Lire la suite : Soutien \u00e0 la culture : dialogue de sourds entre les intermittents et le gouvernement L\u2019article Soutien \u00e0 la culture : dialogue de sourds entre [&hellip;]<\/p>\n","protected":false},"author":0,"featured_media":0,"comment_status":"closed","ping_status":"open","sticky":false,"template":"","format":"standard","meta":{"footnotes":""},"categories":[1],"tags":[],"class_list":["post-587","post","type-post","status-publish","format-standard","hentry","category-non-classe"],"yoast_head":"<!-- This site is optimized with the Yoast SEO plugin v27.5 - https:\/\/yoast.com\/product\/yoast-seo-wordpress\/ -->\n<title>Soutien \u00e0 la culture : dialogue de sourds entre les intermittents et le gouvernement - HIERO STRASBOURG<\/title>\n<meta name=\"robots\" content=\"index, follow, max-snippet:-1, max-image-preview:large, max-video-preview:-1\" \/>\n<link rel=\"canonical\" href=\"https:\/\/hierostrasbourg.com\/index.php\/2021\/05\/26\/soutien-a-la-culture-dialogue-de-sourds-entre-les-intermittents-et-le-gouvernement\/\" \/>\n<meta property=\"og:locale\" content=\"fr_FR\" \/>\n<meta property=\"og:type\" content=\"article\" \/>\n<meta property=\"og:title\" content=\"Soutien \u00e0 la culture : dialogue de sourds entre les intermittents et le gouvernement - HIERO STRASBOURG\" \/>\n<meta property=\"og:description\" content=\"Alors que les intermittents du spectacle occupent encore une centaine de th\u00e9\u00e2tres pour obtenir une ann\u00e9e blanche suppl\u00e9mentaire et le retrait de la r\u00e9forme de l\u2019Assurance ch\u00f4mage, le gouvernement, avec 11 milliards d\u2019euros mobilis\u00e9s, trouve \u00ab hallucinant \u00bb de s\u2019entendre dire qu\u2019il n\u2019a pas aid\u00e9 le secteur de la culture. Source \/ Lire la suite : Soutien \u00e0 la culture : dialogue de sourds entre les intermittents et le gouvernement L\u2019article Soutien \u00e0 la culture : dialogue de sourds entre [&hellip;]\" \/>\n<meta property=\"og:url\" content=\"https:\/\/hierostrasbourg.com\/index.php\/2021\/05\/26\/soutien-a-la-culture-dialogue-de-sourds-entre-les-intermittents-et-le-gouvernement\/\" \/>\n<meta property=\"og:site_name\" content=\"HIERO STRASBOURG\" \/>\n<meta property=\"article:publisher\" content=\"https:\/\/www.facebook.com\/fedehierostrasbourg\" \/>\n<meta property=\"article:published_time\" content=\"2021-05-26T07:18:41+00:00\" \/>\n<meta name=\"twitter:card\" content=\"summary_large_image\" \/>\n<meta name=\"twitter:creator\" content=\"@hierostrasbourg\" \/>\n<meta name=\"twitter:site\" content=\"@hierostrasbourg\" \/>\n<script type=\"application\/ld+json\" class=\"yoast-schema-graph\">{\"@context\":\"https:\\\/\\\/schema.org\",\"@graph\":[{\"@type\":\"Article\",\"@id\":\"https:\\\/\\\/hierostrasbourg.com\\\/index.php\\\/2021\\\/05\\\/26\\\/soutien-a-la-culture-dialogue-de-sourds-entre-les-intermittents-et-le-gouvernement\\\/#article\",\"isPartOf\":{\"@id\":\"https:\\\/\\\/hierostrasbourg.com\\\/index.php\\\/2021\\\/05\\\/26\\\/soutien-a-la-culture-dialogue-de-sourds-entre-les-intermittents-et-le-gouvernement\\\/\"},\"author\":{\"name\":\"\",\"@id\":\"\"},\"headline\":\"Soutien \u00e0 la culture : dialogue de sourds entre les intermittents et le gouvernement\",\"datePublished\":\"2021-05-26T07:18:41+00:00\",\"mainEntityOfPage\":{\"@id\":\"https:\\\/\\\/hierostrasbourg.com\\\/index.php\\\/2021\\\/05\\\/26\\\/soutien-a-la-culture-dialogue-de-sourds-entre-les-intermittents-et-le-gouvernement\\\/\"},\"wordCount\":108,\"publisher\":{\"@id\":\"https:\\\/\\\/hierostrasbourg.com\\\/#organization\"},\"inLanguage\":\"fr-FR\"},{\"@type\":\"WebPage\",\"@id\":\"https:\\\/\\\/hierostrasbourg.com\\\/index.php\\\/2021\\\/05\\\/26\\\/soutien-a-la-culture-dialogue-de-sourds-entre-les-intermittents-et-le-gouvernement\\\/\",\"url\":\"https:\\\/\\\/hierostrasbourg.com\\\/index.php\\\/2021\\\/05\\\/26\\\/soutien-a-la-culture-dialogue-de-sourds-entre-les-intermittents-et-le-gouvernement\\\/\",\"name\":\"Soutien \u00e0 la culture : dialogue de sourds entre les intermittents et le gouvernement - HIERO STRASBOURG\",\"isPartOf\":{\"@id\":\"https:\\\/\\\/hierostrasbourg.com\\\/#website\"},\"datePublished\":\"2021-05-26T07:18:41+00:00\",\"breadcrumb\":{\"@id\":\"https:\\\/\\\/hierostrasbourg.com\\\/index.php\\\/2021\\\/05\\\/26\\\/soutien-a-la-culture-dialogue-de-sourds-entre-les-intermittents-et-le-gouvernement\\\/#breadcrumb\"},\"inLanguage\":\"fr-FR\",\"potentialAction\":[{\"@type\":\"ReadAction\",\"target\":[\"https:\\\/\\\/hierostrasbourg.com\\\/index.php\\\/2021\\\/05\\\/26\\\/soutien-a-la-culture-dialogue-de-sourds-entre-les-intermittents-et-le-gouvernement\\\/\"]}]},{\"@type\":\"BreadcrumbList\",\"@id\":\"https:\\\/\\\/hierostrasbourg.com\\\/index.php\\\/2021\\\/05\\\/26\\\/soutien-a-la-culture-dialogue-de-sourds-entre-les-intermittents-et-le-gouvernement\\\/#breadcrumb\",\"itemListElement\":[{\"@type\":\"ListItem\",\"position\":1,\"name\":\"Accueil\",\"item\":\"https:\\\/\\\/hierostrasbourg.com\\\/\"},{\"@type\":\"ListItem\",\"position\":2,\"name\":\"Soutien \u00e0 la culture : dialogue de sourds entre les intermittents et le gouvernement\"}]},{\"@type\":\"WebSite\",\"@id\":\"https:\\\/\\\/hierostrasbourg.com\\\/#website\",\"url\":\"https:\\\/\\\/hierostrasbourg.com\\\/\",\"name\":\"HIERO STRASBOURG\",\"description\":\"Centre de Ressources Musiques Actuelles\",\"publisher\":{\"@id\":\"https:\\\/\\\/hierostrasbourg.com\\\/#organization\"},\"potentialAction\":[{\"@type\":\"SearchAction\",\"target\":{\"@type\":\"EntryPoint\",\"urlTemplate\":\"https:\\\/\\\/hierostrasbourg.com\\\/?s={search_term_string}\"},\"query-input\":{\"@type\":\"PropertyValueSpecification\",\"valueRequired\":true,\"valueName\":\"search_term_string\"}}],\"inLanguage\":\"fr-FR\"},{\"@type\":\"Organization\",\"@id\":\"https:\\\/\\\/hierostrasbourg.com\\\/#organization\",\"name\":\"F\u00e9d\u00e9ration Hi\u00e9ro Strasbourg\",\"url\":\"https:\\\/\\\/hierostrasbourg.com\\\/\",\"logo\":{\"@type\":\"ImageObject\",\"inLanguage\":\"fr-FR\",\"@id\":\"https:\\\/\\\/hierostrasbourg.com\\\/#\\\/schema\\\/logo\\\/image\\\/\",\"url\":\"https:\\\/\\\/hierostrasbourg.com\\\/wp-content\\\/uploads\\\/2026\\\/04\\\/logo-hiero-strasbourg.jpg\",\"contentUrl\":\"https:\\\/\\\/hierostrasbourg.com\\\/wp-content\\\/uploads\\\/2026\\\/04\\\/logo-hiero-strasbourg.jpg\",\"width\":204,\"height\":192,\"caption\":\"F\u00e9d\u00e9ration Hi\u00e9ro Strasbourg\"},\"image\":{\"@id\":\"https:\\\/\\\/hierostrasbourg.com\\\/#\\\/schema\\\/logo\\\/image\\\/\"},\"sameAs\":[\"https:\\\/\\\/www.facebook.com\\\/fedehierostrasbourg\",\"https:\\\/\\\/x.com\\\/hierostrasbourg\"]}]}<\/script>\n<!-- \/ Yoast SEO plugin. -->","yoast_head_json":{"title":"Soutien \u00e0 la culture : dialogue de sourds entre les intermittents et le gouvernement - HIERO STRASBOURG","robots":{"index":"index","follow":"follow","max-snippet":"max-snippet:-1","max-image-preview":"max-image-preview:large","max-video-preview":"max-video-preview:-1"},"canonical":"https:\/\/hierostrasbourg.com\/index.php\/2021\/05\/26\/soutien-a-la-culture-dialogue-de-sourds-entre-les-intermittents-et-le-gouvernement\/","og_locale":"fr_FR","og_type":"article","og_title":"Soutien \u00e0 la culture : dialogue de sourds entre les intermittents et le gouvernement - HIERO STRASBOURG","og_description":"Alors que les intermittents du spectacle occupent encore une centaine de th\u00e9\u00e2tres pour obtenir une ann\u00e9e blanche suppl\u00e9mentaire et le retrait de la r\u00e9forme de l\u2019Assurance ch\u00f4mage, le gouvernement, avec 11 milliards d\u2019euros mobilis\u00e9s, trouve \u00ab hallucinant \u00bb de s\u2019entendre dire qu\u2019il n\u2019a pas aid\u00e9 le secteur de la culture. Source \/ Lire la suite : Soutien \u00e0 la culture : dialogue de sourds entre les intermittents et le gouvernement L\u2019article Soutien \u00e0 la culture : dialogue de sourds entre [&hellip;]","og_url":"https:\/\/hierostrasbourg.com\/index.php\/2021\/05\/26\/soutien-a-la-culture-dialogue-de-sourds-entre-les-intermittents-et-le-gouvernement\/","og_site_name":"HIERO STRASBOURG","article_publisher":"https:\/\/www.facebook.com\/fedehierostrasbourg","article_published_time":"2021-05-26T07:18:41+00:00","twitter_card":"summary_large_image","twitter_creator":"@hierostrasbourg","twitter_site":"@hierostrasbourg","schema":{"@context":"https:\/\/schema.org","@graph":[{"@type":"Article","@id":"https:\/\/hierostrasbourg.com\/index.php\/2021\/05\/26\/soutien-a-la-culture-dialogue-de-sourds-entre-les-intermittents-et-le-gouvernement\/#article","isPartOf":{"@id":"https:\/\/hierostrasbourg.com\/index.php\/2021\/05\/26\/soutien-a-la-culture-dialogue-de-sourds-entre-les-intermittents-et-le-gouvernement\/"},"author":{"name":"","@id":""},"headline":"Soutien \u00e0 la culture : dialogue de sourds entre les intermittents et le gouvernement","datePublished":"2021-05-26T07:18:41+00:00","mainEntityOfPage":{"@id":"https:\/\/hierostrasbourg.com\/index.php\/2021\/05\/26\/soutien-a-la-culture-dialogue-de-sourds-entre-les-intermittents-et-le-gouvernement\/"},"wordCount":108,"publisher":{"@id":"https:\/\/hierostrasbourg.com\/#organization"},"inLanguage":"fr-FR"},{"@type":"WebPage","@id":"https:\/\/hierostrasbourg.com\/index.php\/2021\/05\/26\/soutien-a-la-culture-dialogue-de-sourds-entre-les-intermittents-et-le-gouvernement\/","url":"https:\/\/hierostrasbourg.com\/index.php\/2021\/05\/26\/soutien-a-la-culture-dialogue-de-sourds-entre-les-intermittents-et-le-gouvernement\/","name":"Soutien \u00e0 la culture : dialogue de sourds entre les intermittents et le gouvernement - HIERO STRASBOURG","isPartOf":{"@id":"https:\/\/hierostrasbourg.com\/#website"},"datePublished":"2021-05-26T07:18:41+00:00","breadcrumb":{"@id":"https:\/\/hierostrasbourg.com\/index.php\/2021\/05\/26\/soutien-a-la-culture-dialogue-de-sourds-entre-les-intermittents-et-le-gouvernement\/#breadcrumb"},"inLanguage":"fr-FR","potentialAction":[{"@type":"ReadAction","target":["https:\/\/hierostrasbourg.com\/index.php\/2021\/05\/26\/soutien-a-la-culture-dialogue-de-sourds-entre-les-intermittents-et-le-gouvernement\/"]}]},{"@type":"BreadcrumbList","@id":"https:\/\/hierostrasbourg.com\/index.php\/2021\/05\/26\/soutien-a-la-culture-dialogue-de-sourds-entre-les-intermittents-et-le-gouvernement\/#breadcrumb","itemListElement":[{"@type":"ListItem","position":1,"name":"Accueil","item":"https:\/\/hierostrasbourg.com\/"},{"@type":"ListItem","position":2,"name":"Soutien \u00e0 la culture : dialogue de sourds entre les intermittents et le gouvernement"}]},{"@type":"WebSite","@id":"https:\/\/hierostrasbourg.com\/#website","url":"https:\/\/hierostrasbourg.com\/","name":"HIERO STRASBOURG","description":"Centre de Ressources Musiques Actuelles","publisher":{"@id":"https:\/\/hierostrasbourg.com\/#organization"},"potentialAction":[{"@type":"SearchAction","target":{"@type":"EntryPoint","urlTemplate":"https:\/\/hierostrasbourg.com\/?s={search_term_string}"},"query-input":{"@type":"PropertyValueSpecification","valueRequired":true,"valueName":"search_term_string"}}],"inLanguage":"fr-FR"},{"@type":"Organization","@id":"https:\/\/hierostrasbourg.com\/#organization","name":"F\u00e9d\u00e9ration Hi\u00e9ro Strasbourg","url":"https:\/\/hierostrasbourg.com\/","logo":{"@type":"ImageObject","inLanguage":"fr-FR","@id":"https:\/\/hierostrasbourg.com\/#\/schema\/logo\/image\/","url":"https:\/\/hierostrasbourg.com\/wp-content\/uploads\/2026\/04\/logo-hiero-strasbourg.jpg","contentUrl":"https:\/\/hierostrasbourg.com\/wp-content\/uploads\/2026\/04\/logo-hiero-strasbourg.jpg","width":204,"height":192,"caption":"F\u00e9d\u00e9ration Hi\u00e9ro Strasbourg"},"image":{"@id":"https:\/\/hierostrasbourg.com\/#\/schema\/logo\/image\/"},"sameAs":["https:\/\/www.facebook.com\/fedehierostrasbourg","https:\/\/x.com\/hierostrasbourg"]}]}},"_links":{"self":[{"href":"https:\/\/hierostrasbourg.com\/index.php\/wp-json\/wp\/v2\/posts\/587","targetHints":{"allow":["GET"]}}],"collection":[{"href":"https:\/\/hierostrasbourg.com\/index.php\/wp-json\/wp\/v2\/posts"}],"about":[{"href":"https:\/\/hierostrasbourg.com\/index.php\/wp-json\/wp\/v2\/types\/post"}],"replies":[{"embeddable":true,"href":"https:\/\/hierostrasbourg.com\/index.php\/wp-json\/wp\/v2\/comments?post=587"}],"version-history":[{"count":0,"href":"https:\/\/hierostrasbourg.com\/index.php\/wp-json\/wp\/v2\/posts\/587\/revisions"}],"wp:attachment":[{"href":"https:\/\/hierostrasbourg.com\/index.php\/wp-json\/wp\/v2\/media?parent=587"}],"wp:term":[{"taxonomy":"category","embeddable":true,"href":"https:\/\/hierostrasbourg.com\/index.php\/wp-json\/wp\/v2\/categories?post=587"},{"taxonomy":"post_tag","embeddable":true,"href":"https:\/\/hierostrasbourg.com\/index.php\/wp-json\/wp\/v2\/tags?post=587"}],"curies":[{"name":"wp","href":"https:\/\/api.w.org\/{rel}","templated":true}]}}