{"id":573,"date":"2021-05-23T09:18:48","date_gmt":"2021-05-23T07:18:48","guid":{"rendered":"https:\/\/hierostrasbourg.com\/index.php\/2021\/05\/23\/un-documentaire-sur-les-pedales-deffet-a-se-mettre-sous-le-pied\/"},"modified":"2021-05-23T09:18:48","modified_gmt":"2021-05-23T07:18:48","slug":"un-documentaire-sur-les-pedales-deffet-a-se-mettre-sous-le-pied","status":"publish","type":"post","link":"https:\/\/hierostrasbourg.com\/index.php\/2021\/05\/23\/un-documentaire-sur-les-pedales-deffet-a-se-mettre-sous-le-pied\/","title":{"rendered":"Un documentaire sur les p\u00e9dales d\u2019effet \u00e0 se mettre sous le pied"},"content":{"rendered":"<p><em>Elles sont plac\u00e9es sur le devant de la sc\u00e8ne, mais paradoxalement, demeurent souvent dans l\u2019ombre. Leur taille menue ne les emp\u00eache pas d\u2019avoir non plus une influence \u00e9norme sur les sons dont nous nous abreuvons. Qui sont ces vedettes foul\u00e9es du pied ? Les p\u00e9dales d\u2019effet pour guitare, c\u00e9l\u00e9br\u00e9es et d\u00e9cortiqu\u00e9es dans un nouveau documentaire en ligne.<\/em><\/p>\n<p>Source \/ Lire la suite : <a href=\"https:\/\/www.lapresse.ca\/arts\/musique\/2021-05-22\/un-documentaire-sur-les-pedales-d-effet-a-se-mettre-sous-le-pied.php\">Un documentaire sur les p\u00e9dales d\u2019effet \u00e0 se mettre sous le pied<\/a><\/p>\n<p>L\u2019article <a href=\"https:\/\/popburo.fr\/un-documentaire-sur-les-pedales-deffet-a-se-mettre-sous-le-pied\/\">Un documentaire sur les p\u00e9dales d\u2019effet \u00e0 se mettre sous le pied<\/a> est apparu en premier sur <a href=\"https:\/\/popburo.fr\/\">POP B\u00dcRO<\/a>.<\/p>\n","protected":false},"excerpt":{"rendered":"<p>Elles sont plac\u00e9es sur le devant de la sc\u00e8ne, mais paradoxalement, demeurent souvent dans l\u2019ombre. Leur taille menue ne les emp\u00eache pas d\u2019avoir non plus une influence \u00e9norme sur les sons dont nous nous abreuvons. Qui sont ces vedettes foul\u00e9es du pied ? Les p\u00e9dales d\u2019effet pour guitare, c\u00e9l\u00e9br\u00e9es et d\u00e9cortiqu\u00e9es dans un nouveau documentaire en ligne. Source \/ Lire la suite : Un documentaire sur les p\u00e9dales d\u2019effet \u00e0 se mettre sous le pied L\u2019article Un documentaire sur les [&hellip;]<\/p>\n","protected":false},"author":0,"featured_media":0,"comment_status":"closed","ping_status":"open","sticky":false,"template":"","format":"standard","meta":{"footnotes":""},"categories":[1],"tags":[],"class_list":["post-573","post","type-post","status-publish","format-standard","hentry","category-non-classe"],"yoast_head":"<!-- This site is optimized with the Yoast SEO plugin v27.5 - https:\/\/yoast.com\/product\/yoast-seo-wordpress\/ -->\n<title>Un documentaire sur les p\u00e9dales d\u2019effet \u00e0 se mettre sous le pied - HIERO STRASBOURG<\/title>\n<meta name=\"robots\" content=\"index, follow, max-snippet:-1, max-image-preview:large, max-video-preview:-1\" \/>\n<link rel=\"canonical\" href=\"https:\/\/hierostrasbourg.com\/index.php\/2021\/05\/23\/un-documentaire-sur-les-pedales-deffet-a-se-mettre-sous-le-pied\/\" \/>\n<meta property=\"og:locale\" content=\"fr_FR\" \/>\n<meta property=\"og:type\" content=\"article\" \/>\n<meta property=\"og:title\" content=\"Un documentaire sur les p\u00e9dales d\u2019effet \u00e0 se mettre sous le pied - HIERO STRASBOURG\" \/>\n<meta property=\"og:description\" content=\"Elles sont plac\u00e9es sur le devant de la sc\u00e8ne, mais paradoxalement, demeurent souvent dans l\u2019ombre. Leur taille menue ne les emp\u00eache pas d\u2019avoir non plus une influence \u00e9norme sur les sons dont nous nous abreuvons. Qui sont ces vedettes foul\u00e9es du pied ? Les p\u00e9dales d\u2019effet pour guitare, c\u00e9l\u00e9br\u00e9es et d\u00e9cortiqu\u00e9es dans un nouveau documentaire en ligne. Source \/ Lire la suite : Un documentaire sur les p\u00e9dales d\u2019effet \u00e0 se mettre sous le pied L\u2019article Un documentaire sur les [&hellip;]\" \/>\n<meta property=\"og:url\" content=\"https:\/\/hierostrasbourg.com\/index.php\/2021\/05\/23\/un-documentaire-sur-les-pedales-deffet-a-se-mettre-sous-le-pied\/\" \/>\n<meta property=\"og:site_name\" content=\"HIERO STRASBOURG\" \/>\n<meta property=\"article:publisher\" content=\"https:\/\/www.facebook.com\/fedehierostrasbourg\" \/>\n<meta property=\"article:published_time\" content=\"2021-05-23T07:18:48+00:00\" \/>\n<meta name=\"twitter:card\" content=\"summary_large_image\" \/>\n<meta name=\"twitter:creator\" content=\"@hierostrasbourg\" \/>\n<meta name=\"twitter:site\" content=\"@hierostrasbourg\" \/>\n<meta name=\"twitter:label1\" content=\"Dur\u00e9e de lecture estim\u00e9e\" \/>\n\t<meta name=\"twitter:data1\" content=\"1 minute\" \/>\n<script type=\"application\/ld+json\" class=\"yoast-schema-graph\">{\"@context\":\"https:\\\/\\\/schema.org\",\"@graph\":[{\"@type\":\"Article\",\"@id\":\"https:\\\/\\\/hierostrasbourg.com\\\/index.php\\\/2021\\\/05\\\/23\\\/un-documentaire-sur-les-pedales-deffet-a-se-mettre-sous-le-pied\\\/#article\",\"isPartOf\":{\"@id\":\"https:\\\/\\\/hierostrasbourg.com\\\/index.php\\\/2021\\\/05\\\/23\\\/un-documentaire-sur-les-pedales-deffet-a-se-mettre-sous-le-pied\\\/\"},\"author\":{\"name\":\"\",\"@id\":\"\"},\"headline\":\"Un documentaire sur les p\u00e9dales d\u2019effet \u00e0 se mettre sous le pied\",\"datePublished\":\"2021-05-23T07:18:48+00:00\",\"mainEntityOfPage\":{\"@id\":\"https:\\\/\\\/hierostrasbourg.com\\\/index.php\\\/2021\\\/05\\\/23\\\/un-documentaire-sur-les-pedales-deffet-a-se-mettre-sous-le-pied\\\/\"},\"wordCount\":122,\"publisher\":{\"@id\":\"https:\\\/\\\/hierostrasbourg.com\\\/#organization\"},\"inLanguage\":\"fr-FR\"},{\"@type\":\"WebPage\",\"@id\":\"https:\\\/\\\/hierostrasbourg.com\\\/index.php\\\/2021\\\/05\\\/23\\\/un-documentaire-sur-les-pedales-deffet-a-se-mettre-sous-le-pied\\\/\",\"url\":\"https:\\\/\\\/hierostrasbourg.com\\\/index.php\\\/2021\\\/05\\\/23\\\/un-documentaire-sur-les-pedales-deffet-a-se-mettre-sous-le-pied\\\/\",\"name\":\"Un documentaire sur les p\u00e9dales d\u2019effet \u00e0 se mettre sous le pied - HIERO STRASBOURG\",\"isPartOf\":{\"@id\":\"https:\\\/\\\/hierostrasbourg.com\\\/#website\"},\"datePublished\":\"2021-05-23T07:18:48+00:00\",\"breadcrumb\":{\"@id\":\"https:\\\/\\\/hierostrasbourg.com\\\/index.php\\\/2021\\\/05\\\/23\\\/un-documentaire-sur-les-pedales-deffet-a-se-mettre-sous-le-pied\\\/#breadcrumb\"},\"inLanguage\":\"fr-FR\",\"potentialAction\":[{\"@type\":\"ReadAction\",\"target\":[\"https:\\\/\\\/hierostrasbourg.com\\\/index.php\\\/2021\\\/05\\\/23\\\/un-documentaire-sur-les-pedales-deffet-a-se-mettre-sous-le-pied\\\/\"]}]},{\"@type\":\"BreadcrumbList\",\"@id\":\"https:\\\/\\\/hierostrasbourg.com\\\/index.php\\\/2021\\\/05\\\/23\\\/un-documentaire-sur-les-pedales-deffet-a-se-mettre-sous-le-pied\\\/#breadcrumb\",\"itemListElement\":[{\"@type\":\"ListItem\",\"position\":1,\"name\":\"Accueil\",\"item\":\"https:\\\/\\\/hierostrasbourg.com\\\/\"},{\"@type\":\"ListItem\",\"position\":2,\"name\":\"Un documentaire sur les p\u00e9dales d\u2019effet \u00e0 se mettre sous le pied\"}]},{\"@type\":\"WebSite\",\"@id\":\"https:\\\/\\\/hierostrasbourg.com\\\/#website\",\"url\":\"https:\\\/\\\/hierostrasbourg.com\\\/\",\"name\":\"HIERO STRASBOURG\",\"description\":\"Centre de Ressources Musiques Actuelles\",\"publisher\":{\"@id\":\"https:\\\/\\\/hierostrasbourg.com\\\/#organization\"},\"potentialAction\":[{\"@type\":\"SearchAction\",\"target\":{\"@type\":\"EntryPoint\",\"urlTemplate\":\"https:\\\/\\\/hierostrasbourg.com\\\/?s={search_term_string}\"},\"query-input\":{\"@type\":\"PropertyValueSpecification\",\"valueRequired\":true,\"valueName\":\"search_term_string\"}}],\"inLanguage\":\"fr-FR\"},{\"@type\":\"Organization\",\"@id\":\"https:\\\/\\\/hierostrasbourg.com\\\/#organization\",\"name\":\"F\u00e9d\u00e9ration Hi\u00e9ro Strasbourg\",\"url\":\"https:\\\/\\\/hierostrasbourg.com\\\/\",\"logo\":{\"@type\":\"ImageObject\",\"inLanguage\":\"fr-FR\",\"@id\":\"https:\\\/\\\/hierostrasbourg.com\\\/#\\\/schema\\\/logo\\\/image\\\/\",\"url\":\"https:\\\/\\\/hierostrasbourg.com\\\/wp-content\\\/uploads\\\/2026\\\/04\\\/logo-hiero-strasbourg.jpg\",\"contentUrl\":\"https:\\\/\\\/hierostrasbourg.com\\\/wp-content\\\/uploads\\\/2026\\\/04\\\/logo-hiero-strasbourg.jpg\",\"width\":204,\"height\":192,\"caption\":\"F\u00e9d\u00e9ration Hi\u00e9ro Strasbourg\"},\"image\":{\"@id\":\"https:\\\/\\\/hierostrasbourg.com\\\/#\\\/schema\\\/logo\\\/image\\\/\"},\"sameAs\":[\"https:\\\/\\\/www.facebook.com\\\/fedehierostrasbourg\",\"https:\\\/\\\/x.com\\\/hierostrasbourg\"]}]}<\/script>\n<!-- \/ Yoast SEO plugin. -->","yoast_head_json":{"title":"Un documentaire sur les p\u00e9dales d\u2019effet \u00e0 se mettre sous le pied - HIERO STRASBOURG","robots":{"index":"index","follow":"follow","max-snippet":"max-snippet:-1","max-image-preview":"max-image-preview:large","max-video-preview":"max-video-preview:-1"},"canonical":"https:\/\/hierostrasbourg.com\/index.php\/2021\/05\/23\/un-documentaire-sur-les-pedales-deffet-a-se-mettre-sous-le-pied\/","og_locale":"fr_FR","og_type":"article","og_title":"Un documentaire sur les p\u00e9dales d\u2019effet \u00e0 se mettre sous le pied - HIERO STRASBOURG","og_description":"Elles sont plac\u00e9es sur le devant de la sc\u00e8ne, mais paradoxalement, demeurent souvent dans l\u2019ombre. Leur taille menue ne les emp\u00eache pas d\u2019avoir non plus une influence \u00e9norme sur les sons dont nous nous abreuvons. Qui sont ces vedettes foul\u00e9es du pied ? Les p\u00e9dales d\u2019effet pour guitare, c\u00e9l\u00e9br\u00e9es et d\u00e9cortiqu\u00e9es dans un nouveau documentaire en ligne. Source \/ Lire la suite : Un documentaire sur les p\u00e9dales d\u2019effet \u00e0 se mettre sous le pied L\u2019article Un documentaire sur les [&hellip;]","og_url":"https:\/\/hierostrasbourg.com\/index.php\/2021\/05\/23\/un-documentaire-sur-les-pedales-deffet-a-se-mettre-sous-le-pied\/","og_site_name":"HIERO STRASBOURG","article_publisher":"https:\/\/www.facebook.com\/fedehierostrasbourg","article_published_time":"2021-05-23T07:18:48+00:00","twitter_card":"summary_large_image","twitter_creator":"@hierostrasbourg","twitter_site":"@hierostrasbourg","twitter_misc":{"Dur\u00e9e de lecture estim\u00e9e":"1 minute"},"schema":{"@context":"https:\/\/schema.org","@graph":[{"@type":"Article","@id":"https:\/\/hierostrasbourg.com\/index.php\/2021\/05\/23\/un-documentaire-sur-les-pedales-deffet-a-se-mettre-sous-le-pied\/#article","isPartOf":{"@id":"https:\/\/hierostrasbourg.com\/index.php\/2021\/05\/23\/un-documentaire-sur-les-pedales-deffet-a-se-mettre-sous-le-pied\/"},"author":{"name":"","@id":""},"headline":"Un documentaire sur les p\u00e9dales d\u2019effet \u00e0 se mettre sous le pied","datePublished":"2021-05-23T07:18:48+00:00","mainEntityOfPage":{"@id":"https:\/\/hierostrasbourg.com\/index.php\/2021\/05\/23\/un-documentaire-sur-les-pedales-deffet-a-se-mettre-sous-le-pied\/"},"wordCount":122,"publisher":{"@id":"https:\/\/hierostrasbourg.com\/#organization"},"inLanguage":"fr-FR"},{"@type":"WebPage","@id":"https:\/\/hierostrasbourg.com\/index.php\/2021\/05\/23\/un-documentaire-sur-les-pedales-deffet-a-se-mettre-sous-le-pied\/","url":"https:\/\/hierostrasbourg.com\/index.php\/2021\/05\/23\/un-documentaire-sur-les-pedales-deffet-a-se-mettre-sous-le-pied\/","name":"Un documentaire sur les p\u00e9dales d\u2019effet \u00e0 se mettre sous le pied - HIERO STRASBOURG","isPartOf":{"@id":"https:\/\/hierostrasbourg.com\/#website"},"datePublished":"2021-05-23T07:18:48+00:00","breadcrumb":{"@id":"https:\/\/hierostrasbourg.com\/index.php\/2021\/05\/23\/un-documentaire-sur-les-pedales-deffet-a-se-mettre-sous-le-pied\/#breadcrumb"},"inLanguage":"fr-FR","potentialAction":[{"@type":"ReadAction","target":["https:\/\/hierostrasbourg.com\/index.php\/2021\/05\/23\/un-documentaire-sur-les-pedales-deffet-a-se-mettre-sous-le-pied\/"]}]},{"@type":"BreadcrumbList","@id":"https:\/\/hierostrasbourg.com\/index.php\/2021\/05\/23\/un-documentaire-sur-les-pedales-deffet-a-se-mettre-sous-le-pied\/#breadcrumb","itemListElement":[{"@type":"ListItem","position":1,"name":"Accueil","item":"https:\/\/hierostrasbourg.com\/"},{"@type":"ListItem","position":2,"name":"Un documentaire sur les p\u00e9dales d\u2019effet \u00e0 se mettre sous le pied"}]},{"@type":"WebSite","@id":"https:\/\/hierostrasbourg.com\/#website","url":"https:\/\/hierostrasbourg.com\/","name":"HIERO STRASBOURG","description":"Centre de Ressources Musiques Actuelles","publisher":{"@id":"https:\/\/hierostrasbourg.com\/#organization"},"potentialAction":[{"@type":"SearchAction","target":{"@type":"EntryPoint","urlTemplate":"https:\/\/hierostrasbourg.com\/?s={search_term_string}"},"query-input":{"@type":"PropertyValueSpecification","valueRequired":true,"valueName":"search_term_string"}}],"inLanguage":"fr-FR"},{"@type":"Organization","@id":"https:\/\/hierostrasbourg.com\/#organization","name":"F\u00e9d\u00e9ration Hi\u00e9ro Strasbourg","url":"https:\/\/hierostrasbourg.com\/","logo":{"@type":"ImageObject","inLanguage":"fr-FR","@id":"https:\/\/hierostrasbourg.com\/#\/schema\/logo\/image\/","url":"https:\/\/hierostrasbourg.com\/wp-content\/uploads\/2026\/04\/logo-hiero-strasbourg.jpg","contentUrl":"https:\/\/hierostrasbourg.com\/wp-content\/uploads\/2026\/04\/logo-hiero-strasbourg.jpg","width":204,"height":192,"caption":"F\u00e9d\u00e9ration Hi\u00e9ro Strasbourg"},"image":{"@id":"https:\/\/hierostrasbourg.com\/#\/schema\/logo\/image\/"},"sameAs":["https:\/\/www.facebook.com\/fedehierostrasbourg","https:\/\/x.com\/hierostrasbourg"]}]}},"_links":{"self":[{"href":"https:\/\/hierostrasbourg.com\/index.php\/wp-json\/wp\/v2\/posts\/573","targetHints":{"allow":["GET"]}}],"collection":[{"href":"https:\/\/hierostrasbourg.com\/index.php\/wp-json\/wp\/v2\/posts"}],"about":[{"href":"https:\/\/hierostrasbourg.com\/index.php\/wp-json\/wp\/v2\/types\/post"}],"replies":[{"embeddable":true,"href":"https:\/\/hierostrasbourg.com\/index.php\/wp-json\/wp\/v2\/comments?post=573"}],"version-history":[{"count":0,"href":"https:\/\/hierostrasbourg.com\/index.php\/wp-json\/wp\/v2\/posts\/573\/revisions"}],"wp:attachment":[{"href":"https:\/\/hierostrasbourg.com\/index.php\/wp-json\/wp\/v2\/media?parent=573"}],"wp:term":[{"taxonomy":"category","embeddable":true,"href":"https:\/\/hierostrasbourg.com\/index.php\/wp-json\/wp\/v2\/categories?post=573"},{"taxonomy":"post_tag","embeddable":true,"href":"https:\/\/hierostrasbourg.com\/index.php\/wp-json\/wp\/v2\/tags?post=573"}],"curies":[{"name":"wp","href":"https:\/\/api.w.org\/{rel}","templated":true}]}}