{"id":572,"date":"2021-05-22T13:18:46","date_gmt":"2021-05-22T11:18:46","guid":{"rendered":"https:\/\/hierostrasbourg.com\/index.php\/2021\/05\/22\/pourquoi-les-festivals-nous-manquent-vraiment\/"},"modified":"2021-05-22T13:18:46","modified_gmt":"2021-05-22T11:18:46","slug":"pourquoi-les-festivals-nous-manquent-vraiment","status":"publish","type":"post","link":"https:\/\/hierostrasbourg.com\/index.php\/2021\/05\/22\/pourquoi-les-festivals-nous-manquent-vraiment\/","title":{"rendered":"Pourquoi les festivals nous manquent vraiment"},"content":{"rendered":"<p><em>M\u00eame si l\u2019heure est \u00e0 la r\u00e9ouverture des lieux culturels, nous n\u2019aurons pas tous l\u2019occasion de retrouver notre fameux rendez-vous de l\u2019\u00e9t\u00e9 pour la deuxi\u00e8me ann\u00e9e cons\u00e9cutive une grande majorit\u00e9 des festivals de musiques actuelles \u00e9tant report\u00e9s \u00e0 2022. Avec plus de 7,5 millions de festivaliers en 2019 uniquement sur les gros festivals de musiques actuelles fran\u00e7ais, ces rassemblements festifs sont bien ancr\u00e9s dans l\u2019imaginaire estival, au m\u00eame titre que le Tour de France.<\/em><\/p>\n<p>Source \/ Lire la suite : <a href=\"https:\/\/theconversation.com\/pourquoi-les-festivals-nous-manquent-vraiment-160409\">Pourquoi les festivals nous manquent vraiment<\/a><\/p>\n<p>L\u2019article <a href=\"https:\/\/popburo.fr\/pourquoi-les-festivals-nous-manquent-vraiment\/\">Pourquoi les festivals nous manquent vraiment<\/a> est apparu en premier sur <a href=\"https:\/\/popburo.fr\/\">POP B\u00dcRO<\/a>.<\/p>\n","protected":false},"excerpt":{"rendered":"<p>M\u00eame si l\u2019heure est \u00e0 la r\u00e9ouverture des lieux culturels, nous n\u2019aurons pas tous l\u2019occasion de retrouver notre fameux rendez-vous de l\u2019\u00e9t\u00e9 pour la deuxi\u00e8me ann\u00e9e cons\u00e9cutive une grande majorit\u00e9 des festivals de musiques actuelles \u00e9tant report\u00e9s \u00e0 2022. Avec plus de 7,5 millions de festivaliers en 2019 uniquement sur les gros festivals de musiques actuelles fran\u00e7ais, ces rassemblements festifs sont bien ancr\u00e9s dans l\u2019imaginaire estival, au m\u00eame titre que le Tour de France. Source \/ Lire la suite : [&hellip;]<\/p>\n","protected":false},"author":0,"featured_media":0,"comment_status":"closed","ping_status":"open","sticky":false,"template":"","format":"standard","meta":{"footnotes":""},"categories":[1],"tags":[],"class_list":["post-572","post","type-post","status-publish","format-standard","hentry","category-non-classe"],"yoast_head":"<!-- This site is optimized with the Yoast SEO plugin v27.5 - https:\/\/yoast.com\/product\/yoast-seo-wordpress\/ -->\n<title>Pourquoi les festivals nous manquent vraiment - HIERO STRASBOURG<\/title>\n<meta name=\"robots\" content=\"index, follow, max-snippet:-1, max-image-preview:large, max-video-preview:-1\" \/>\n<link rel=\"canonical\" href=\"https:\/\/hierostrasbourg.com\/index.php\/2021\/05\/22\/pourquoi-les-festivals-nous-manquent-vraiment\/\" \/>\n<meta property=\"og:locale\" content=\"fr_FR\" \/>\n<meta property=\"og:type\" content=\"article\" \/>\n<meta property=\"og:title\" content=\"Pourquoi les festivals nous manquent vraiment - HIERO STRASBOURG\" \/>\n<meta property=\"og:description\" content=\"M\u00eame si l\u2019heure est \u00e0 la r\u00e9ouverture des lieux culturels, nous n\u2019aurons pas tous l\u2019occasion de retrouver notre fameux rendez-vous de l\u2019\u00e9t\u00e9 pour la deuxi\u00e8me ann\u00e9e cons\u00e9cutive une grande majorit\u00e9 des festivals de musiques actuelles \u00e9tant report\u00e9s \u00e0 2022. Avec plus de 7,5 millions de festivaliers en 2019 uniquement sur les gros festivals de musiques actuelles fran\u00e7ais, ces rassemblements festifs sont bien ancr\u00e9s dans l\u2019imaginaire estival, au m\u00eame titre que le Tour de France. Source \/ Lire la suite : [&hellip;]\" \/>\n<meta property=\"og:url\" content=\"https:\/\/hierostrasbourg.com\/index.php\/2021\/05\/22\/pourquoi-les-festivals-nous-manquent-vraiment\/\" \/>\n<meta property=\"og:site_name\" content=\"HIERO STRASBOURG\" \/>\n<meta property=\"article:publisher\" content=\"https:\/\/www.facebook.com\/fedehierostrasbourg\" \/>\n<meta property=\"article:published_time\" content=\"2021-05-22T11:18:46+00:00\" \/>\n<meta name=\"twitter:card\" content=\"summary_large_image\" \/>\n<meta name=\"twitter:creator\" content=\"@hierostrasbourg\" \/>\n<meta name=\"twitter:site\" content=\"@hierostrasbourg\" \/>\n<meta name=\"twitter:label1\" content=\"Dur\u00e9e de lecture estim\u00e9e\" \/>\n\t<meta name=\"twitter:data1\" content=\"1 minute\" \/>\n<script type=\"application\/ld+json\" class=\"yoast-schema-graph\">{\"@context\":\"https:\\\/\\\/schema.org\",\"@graph\":[{\"@type\":\"Article\",\"@id\":\"https:\\\/\\\/hierostrasbourg.com\\\/index.php\\\/2021\\\/05\\\/22\\\/pourquoi-les-festivals-nous-manquent-vraiment\\\/#article\",\"isPartOf\":{\"@id\":\"https:\\\/\\\/hierostrasbourg.com\\\/index.php\\\/2021\\\/05\\\/22\\\/pourquoi-les-festivals-nous-manquent-vraiment\\\/\"},\"author\":{\"name\":\"\",\"@id\":\"\"},\"headline\":\"Pourquoi les festivals nous manquent vraiment\",\"datePublished\":\"2021-05-22T11:18:46+00:00\",\"mainEntityOfPage\":{\"@id\":\"https:\\\/\\\/hierostrasbourg.com\\\/index.php\\\/2021\\\/05\\\/22\\\/pourquoi-les-festivals-nous-manquent-vraiment\\\/\"},\"wordCount\":115,\"publisher\":{\"@id\":\"https:\\\/\\\/hierostrasbourg.com\\\/#organization\"},\"inLanguage\":\"fr-FR\"},{\"@type\":\"WebPage\",\"@id\":\"https:\\\/\\\/hierostrasbourg.com\\\/index.php\\\/2021\\\/05\\\/22\\\/pourquoi-les-festivals-nous-manquent-vraiment\\\/\",\"url\":\"https:\\\/\\\/hierostrasbourg.com\\\/index.php\\\/2021\\\/05\\\/22\\\/pourquoi-les-festivals-nous-manquent-vraiment\\\/\",\"name\":\"Pourquoi les festivals nous manquent vraiment - HIERO STRASBOURG\",\"isPartOf\":{\"@id\":\"https:\\\/\\\/hierostrasbourg.com\\\/#website\"},\"datePublished\":\"2021-05-22T11:18:46+00:00\",\"breadcrumb\":{\"@id\":\"https:\\\/\\\/hierostrasbourg.com\\\/index.php\\\/2021\\\/05\\\/22\\\/pourquoi-les-festivals-nous-manquent-vraiment\\\/#breadcrumb\"},\"inLanguage\":\"fr-FR\",\"potentialAction\":[{\"@type\":\"ReadAction\",\"target\":[\"https:\\\/\\\/hierostrasbourg.com\\\/index.php\\\/2021\\\/05\\\/22\\\/pourquoi-les-festivals-nous-manquent-vraiment\\\/\"]}]},{\"@type\":\"BreadcrumbList\",\"@id\":\"https:\\\/\\\/hierostrasbourg.com\\\/index.php\\\/2021\\\/05\\\/22\\\/pourquoi-les-festivals-nous-manquent-vraiment\\\/#breadcrumb\",\"itemListElement\":[{\"@type\":\"ListItem\",\"position\":1,\"name\":\"Accueil\",\"item\":\"https:\\\/\\\/hierostrasbourg.com\\\/\"},{\"@type\":\"ListItem\",\"position\":2,\"name\":\"Pourquoi les festivals nous manquent vraiment\"}]},{\"@type\":\"WebSite\",\"@id\":\"https:\\\/\\\/hierostrasbourg.com\\\/#website\",\"url\":\"https:\\\/\\\/hierostrasbourg.com\\\/\",\"name\":\"HIERO STRASBOURG\",\"description\":\"Centre de Ressources Musiques Actuelles\",\"publisher\":{\"@id\":\"https:\\\/\\\/hierostrasbourg.com\\\/#organization\"},\"potentialAction\":[{\"@type\":\"SearchAction\",\"target\":{\"@type\":\"EntryPoint\",\"urlTemplate\":\"https:\\\/\\\/hierostrasbourg.com\\\/?s={search_term_string}\"},\"query-input\":{\"@type\":\"PropertyValueSpecification\",\"valueRequired\":true,\"valueName\":\"search_term_string\"}}],\"inLanguage\":\"fr-FR\"},{\"@type\":\"Organization\",\"@id\":\"https:\\\/\\\/hierostrasbourg.com\\\/#organization\",\"name\":\"F\u00e9d\u00e9ration Hi\u00e9ro Strasbourg\",\"url\":\"https:\\\/\\\/hierostrasbourg.com\\\/\",\"logo\":{\"@type\":\"ImageObject\",\"inLanguage\":\"fr-FR\",\"@id\":\"https:\\\/\\\/hierostrasbourg.com\\\/#\\\/schema\\\/logo\\\/image\\\/\",\"url\":\"https:\\\/\\\/hierostrasbourg.com\\\/wp-content\\\/uploads\\\/2026\\\/04\\\/logo-hiero-strasbourg.jpg\",\"contentUrl\":\"https:\\\/\\\/hierostrasbourg.com\\\/wp-content\\\/uploads\\\/2026\\\/04\\\/logo-hiero-strasbourg.jpg\",\"width\":204,\"height\":192,\"caption\":\"F\u00e9d\u00e9ration Hi\u00e9ro Strasbourg\"},\"image\":{\"@id\":\"https:\\\/\\\/hierostrasbourg.com\\\/#\\\/schema\\\/logo\\\/image\\\/\"},\"sameAs\":[\"https:\\\/\\\/www.facebook.com\\\/fedehierostrasbourg\",\"https:\\\/\\\/x.com\\\/hierostrasbourg\"]}]}<\/script>\n<!-- \/ Yoast SEO plugin. -->","yoast_head_json":{"title":"Pourquoi les festivals nous manquent vraiment - HIERO STRASBOURG","robots":{"index":"index","follow":"follow","max-snippet":"max-snippet:-1","max-image-preview":"max-image-preview:large","max-video-preview":"max-video-preview:-1"},"canonical":"https:\/\/hierostrasbourg.com\/index.php\/2021\/05\/22\/pourquoi-les-festivals-nous-manquent-vraiment\/","og_locale":"fr_FR","og_type":"article","og_title":"Pourquoi les festivals nous manquent vraiment - HIERO STRASBOURG","og_description":"M\u00eame si l\u2019heure est \u00e0 la r\u00e9ouverture des lieux culturels, nous n\u2019aurons pas tous l\u2019occasion de retrouver notre fameux rendez-vous de l\u2019\u00e9t\u00e9 pour la deuxi\u00e8me ann\u00e9e cons\u00e9cutive une grande majorit\u00e9 des festivals de musiques actuelles \u00e9tant report\u00e9s \u00e0 2022. Avec plus de 7,5 millions de festivaliers en 2019 uniquement sur les gros festivals de musiques actuelles fran\u00e7ais, ces rassemblements festifs sont bien ancr\u00e9s dans l\u2019imaginaire estival, au m\u00eame titre que le Tour de France. Source \/ Lire la suite : [&hellip;]","og_url":"https:\/\/hierostrasbourg.com\/index.php\/2021\/05\/22\/pourquoi-les-festivals-nous-manquent-vraiment\/","og_site_name":"HIERO STRASBOURG","article_publisher":"https:\/\/www.facebook.com\/fedehierostrasbourg","article_published_time":"2021-05-22T11:18:46+00:00","twitter_card":"summary_large_image","twitter_creator":"@hierostrasbourg","twitter_site":"@hierostrasbourg","twitter_misc":{"Dur\u00e9e de lecture estim\u00e9e":"1 minute"},"schema":{"@context":"https:\/\/schema.org","@graph":[{"@type":"Article","@id":"https:\/\/hierostrasbourg.com\/index.php\/2021\/05\/22\/pourquoi-les-festivals-nous-manquent-vraiment\/#article","isPartOf":{"@id":"https:\/\/hierostrasbourg.com\/index.php\/2021\/05\/22\/pourquoi-les-festivals-nous-manquent-vraiment\/"},"author":{"name":"","@id":""},"headline":"Pourquoi les festivals nous manquent vraiment","datePublished":"2021-05-22T11:18:46+00:00","mainEntityOfPage":{"@id":"https:\/\/hierostrasbourg.com\/index.php\/2021\/05\/22\/pourquoi-les-festivals-nous-manquent-vraiment\/"},"wordCount":115,"publisher":{"@id":"https:\/\/hierostrasbourg.com\/#organization"},"inLanguage":"fr-FR"},{"@type":"WebPage","@id":"https:\/\/hierostrasbourg.com\/index.php\/2021\/05\/22\/pourquoi-les-festivals-nous-manquent-vraiment\/","url":"https:\/\/hierostrasbourg.com\/index.php\/2021\/05\/22\/pourquoi-les-festivals-nous-manquent-vraiment\/","name":"Pourquoi les festivals nous manquent vraiment - HIERO STRASBOURG","isPartOf":{"@id":"https:\/\/hierostrasbourg.com\/#website"},"datePublished":"2021-05-22T11:18:46+00:00","breadcrumb":{"@id":"https:\/\/hierostrasbourg.com\/index.php\/2021\/05\/22\/pourquoi-les-festivals-nous-manquent-vraiment\/#breadcrumb"},"inLanguage":"fr-FR","potentialAction":[{"@type":"ReadAction","target":["https:\/\/hierostrasbourg.com\/index.php\/2021\/05\/22\/pourquoi-les-festivals-nous-manquent-vraiment\/"]}]},{"@type":"BreadcrumbList","@id":"https:\/\/hierostrasbourg.com\/index.php\/2021\/05\/22\/pourquoi-les-festivals-nous-manquent-vraiment\/#breadcrumb","itemListElement":[{"@type":"ListItem","position":1,"name":"Accueil","item":"https:\/\/hierostrasbourg.com\/"},{"@type":"ListItem","position":2,"name":"Pourquoi les festivals nous manquent vraiment"}]},{"@type":"WebSite","@id":"https:\/\/hierostrasbourg.com\/#website","url":"https:\/\/hierostrasbourg.com\/","name":"HIERO STRASBOURG","description":"Centre de Ressources Musiques Actuelles","publisher":{"@id":"https:\/\/hierostrasbourg.com\/#organization"},"potentialAction":[{"@type":"SearchAction","target":{"@type":"EntryPoint","urlTemplate":"https:\/\/hierostrasbourg.com\/?s={search_term_string}"},"query-input":{"@type":"PropertyValueSpecification","valueRequired":true,"valueName":"search_term_string"}}],"inLanguage":"fr-FR"},{"@type":"Organization","@id":"https:\/\/hierostrasbourg.com\/#organization","name":"F\u00e9d\u00e9ration Hi\u00e9ro Strasbourg","url":"https:\/\/hierostrasbourg.com\/","logo":{"@type":"ImageObject","inLanguage":"fr-FR","@id":"https:\/\/hierostrasbourg.com\/#\/schema\/logo\/image\/","url":"https:\/\/hierostrasbourg.com\/wp-content\/uploads\/2026\/04\/logo-hiero-strasbourg.jpg","contentUrl":"https:\/\/hierostrasbourg.com\/wp-content\/uploads\/2026\/04\/logo-hiero-strasbourg.jpg","width":204,"height":192,"caption":"F\u00e9d\u00e9ration Hi\u00e9ro Strasbourg"},"image":{"@id":"https:\/\/hierostrasbourg.com\/#\/schema\/logo\/image\/"},"sameAs":["https:\/\/www.facebook.com\/fedehierostrasbourg","https:\/\/x.com\/hierostrasbourg"]}]}},"_links":{"self":[{"href":"https:\/\/hierostrasbourg.com\/index.php\/wp-json\/wp\/v2\/posts\/572","targetHints":{"allow":["GET"]}}],"collection":[{"href":"https:\/\/hierostrasbourg.com\/index.php\/wp-json\/wp\/v2\/posts"}],"about":[{"href":"https:\/\/hierostrasbourg.com\/index.php\/wp-json\/wp\/v2\/types\/post"}],"replies":[{"embeddable":true,"href":"https:\/\/hierostrasbourg.com\/index.php\/wp-json\/wp\/v2\/comments?post=572"}],"version-history":[{"count":0,"href":"https:\/\/hierostrasbourg.com\/index.php\/wp-json\/wp\/v2\/posts\/572\/revisions"}],"wp:attachment":[{"href":"https:\/\/hierostrasbourg.com\/index.php\/wp-json\/wp\/v2\/media?parent=572"}],"wp:term":[{"taxonomy":"category","embeddable":true,"href":"https:\/\/hierostrasbourg.com\/index.php\/wp-json\/wp\/v2\/categories?post=572"},{"taxonomy":"post_tag","embeddable":true,"href":"https:\/\/hierostrasbourg.com\/index.php\/wp-json\/wp\/v2\/tags?post=572"}],"curies":[{"name":"wp","href":"https:\/\/api.w.org\/{rel}","templated":true}]}}