{"id":569,"date":"2021-05-21T09:19:39","date_gmt":"2021-05-21T07:19:39","guid":{"rendered":"https:\/\/hierostrasbourg.com\/index.php\/2021\/05\/21\/la-decroissance-culturelle-nest-pas-pour-demain\/"},"modified":"2021-05-21T09:19:39","modified_gmt":"2021-05-21T07:19:39","slug":"la-decroissance-culturelle-nest-pas-pour-demain","status":"publish","type":"post","link":"https:\/\/hierostrasbourg.com\/index.php\/2021\/05\/21\/la-decroissance-culturelle-nest-pas-pour-demain\/","title":{"rendered":"\u00ab La d\u00e9croissance culturelle n\u2019est pas pour demain \u00bb"},"content":{"rendered":"<p><em>Le v\u0153u maintes fois exprim\u00e9 il y a un an de produire moins d\u2019\u0153uvres, des \u0153uvres moins ch\u00e8res, plus locales, durables et \u00e9cologiques, colle peu \u00e0 la r\u00e9alit\u00e9 actuelle et particuli\u00e8rement \u00e0 celle de l\u2019industrie des \u00e9crans, analyse, dans sa chronique, Michel Guerrin, r\u00e9dacteur en chef au \u00ab Monde \u00bb.<\/em><\/p>\n<p>Source \/ Lire la suite : <a href=\"https:\/\/www.lemonde.fr\/idees\/article\/2021\/05\/21\/la-decroissance-culturelle-n-est-pas-pour-demain_6080932_3232.html\">\u00ab La d\u00e9croissance culturelle n\u2019est pas pour demain \u00bb<\/a><\/p>\n<p>L\u2019article <a href=\"https:\/\/popburo.fr\/la-decroissance-culturelle-nest-pas-pour-demain\/\">\u00ab La d\u00e9croissance culturelle n\u2019est pas pour demain \u00bb<\/a> est apparu en premier sur <a href=\"https:\/\/popburo.fr\/\">POP B\u00dcRO<\/a>.<\/p>\n","protected":false},"excerpt":{"rendered":"<p>Le v\u0153u maintes fois exprim\u00e9 il y a un an de produire moins d\u2019\u0153uvres, des \u0153uvres moins ch\u00e8res, plus locales, durables et \u00e9cologiques, colle peu \u00e0 la r\u00e9alit\u00e9 actuelle et particuli\u00e8rement \u00e0 celle de l\u2019industrie des \u00e9crans, analyse, dans sa chronique, Michel Guerrin, r\u00e9dacteur en chef au \u00ab Monde \u00bb. Source \/ Lire la suite : \u00ab La d\u00e9croissance culturelle n\u2019est pas pour demain \u00bb L\u2019article \u00ab La d\u00e9croissance culturelle n\u2019est pas pour demain \u00bb est apparu en premier sur [&hellip;]<\/p>\n","protected":false},"author":0,"featured_media":0,"comment_status":"closed","ping_status":"open","sticky":false,"template":"","format":"standard","meta":{"footnotes":""},"categories":[1],"tags":[],"class_list":["post-569","post","type-post","status-publish","format-standard","hentry","category-non-classe"],"yoast_head":"<!-- This site is optimized with the Yoast SEO plugin v27.5 - https:\/\/yoast.com\/product\/yoast-seo-wordpress\/ -->\n<title>\u00ab La d\u00e9croissance culturelle n\u2019est pas pour demain \u00bb - HIERO STRASBOURG<\/title>\n<meta name=\"robots\" content=\"index, follow, max-snippet:-1, max-image-preview:large, max-video-preview:-1\" \/>\n<link rel=\"canonical\" href=\"https:\/\/hierostrasbourg.com\/index.php\/2021\/05\/21\/la-decroissance-culturelle-nest-pas-pour-demain\/\" \/>\n<meta property=\"og:locale\" content=\"fr_FR\" \/>\n<meta property=\"og:type\" content=\"article\" \/>\n<meta property=\"og:title\" content=\"\u00ab La d\u00e9croissance culturelle n\u2019est pas pour demain \u00bb - HIERO STRASBOURG\" \/>\n<meta property=\"og:description\" content=\"Le v\u0153u maintes fois exprim\u00e9 il y a un an de produire moins d\u2019\u0153uvres, des \u0153uvres moins ch\u00e8res, plus locales, durables et \u00e9cologiques, colle peu \u00e0 la r\u00e9alit\u00e9 actuelle et particuli\u00e8rement \u00e0 celle de l\u2019industrie des \u00e9crans, analyse, dans sa chronique, Michel Guerrin, r\u00e9dacteur en chef au \u00ab Monde \u00bb. Source \/ Lire la suite : \u00ab La d\u00e9croissance culturelle n\u2019est pas pour demain \u00bb L\u2019article \u00ab La d\u00e9croissance culturelle n\u2019est pas pour demain \u00bb est apparu en premier sur [&hellip;]\" \/>\n<meta property=\"og:url\" content=\"https:\/\/hierostrasbourg.com\/index.php\/2021\/05\/21\/la-decroissance-culturelle-nest-pas-pour-demain\/\" \/>\n<meta property=\"og:site_name\" content=\"HIERO STRASBOURG\" \/>\n<meta property=\"article:publisher\" content=\"https:\/\/www.facebook.com\/fedehierostrasbourg\" \/>\n<meta property=\"article:published_time\" content=\"2021-05-21T07:19:39+00:00\" \/>\n<meta name=\"twitter:card\" content=\"summary_large_image\" \/>\n<meta name=\"twitter:creator\" content=\"@hierostrasbourg\" \/>\n<meta name=\"twitter:site\" content=\"@hierostrasbourg\" \/>\n<script type=\"application\/ld+json\" class=\"yoast-schema-graph\">{\"@context\":\"https:\\\/\\\/schema.org\",\"@graph\":[{\"@type\":\"Article\",\"@id\":\"https:\\\/\\\/hierostrasbourg.com\\\/index.php\\\/2021\\\/05\\\/21\\\/la-decroissance-culturelle-nest-pas-pour-demain\\\/#article\",\"isPartOf\":{\"@id\":\"https:\\\/\\\/hierostrasbourg.com\\\/index.php\\\/2021\\\/05\\\/21\\\/la-decroissance-culturelle-nest-pas-pour-demain\\\/\"},\"author\":{\"name\":\"\",\"@id\":\"\"},\"headline\":\"\u00ab La d\u00e9croissance culturelle n\u2019est pas pour demain \u00bb\",\"datePublished\":\"2021-05-21T07:19:39+00:00\",\"mainEntityOfPage\":{\"@id\":\"https:\\\/\\\/hierostrasbourg.com\\\/index.php\\\/2021\\\/05\\\/21\\\/la-decroissance-culturelle-nest-pas-pour-demain\\\/\"},\"wordCount\":94,\"publisher\":{\"@id\":\"https:\\\/\\\/hierostrasbourg.com\\\/#organization\"},\"inLanguage\":\"fr-FR\"},{\"@type\":\"WebPage\",\"@id\":\"https:\\\/\\\/hierostrasbourg.com\\\/index.php\\\/2021\\\/05\\\/21\\\/la-decroissance-culturelle-nest-pas-pour-demain\\\/\",\"url\":\"https:\\\/\\\/hierostrasbourg.com\\\/index.php\\\/2021\\\/05\\\/21\\\/la-decroissance-culturelle-nest-pas-pour-demain\\\/\",\"name\":\"\u00ab La d\u00e9croissance culturelle n\u2019est pas pour demain \u00bb - HIERO STRASBOURG\",\"isPartOf\":{\"@id\":\"https:\\\/\\\/hierostrasbourg.com\\\/#website\"},\"datePublished\":\"2021-05-21T07:19:39+00:00\",\"breadcrumb\":{\"@id\":\"https:\\\/\\\/hierostrasbourg.com\\\/index.php\\\/2021\\\/05\\\/21\\\/la-decroissance-culturelle-nest-pas-pour-demain\\\/#breadcrumb\"},\"inLanguage\":\"fr-FR\",\"potentialAction\":[{\"@type\":\"ReadAction\",\"target\":[\"https:\\\/\\\/hierostrasbourg.com\\\/index.php\\\/2021\\\/05\\\/21\\\/la-decroissance-culturelle-nest-pas-pour-demain\\\/\"]}]},{\"@type\":\"BreadcrumbList\",\"@id\":\"https:\\\/\\\/hierostrasbourg.com\\\/index.php\\\/2021\\\/05\\\/21\\\/la-decroissance-culturelle-nest-pas-pour-demain\\\/#breadcrumb\",\"itemListElement\":[{\"@type\":\"ListItem\",\"position\":1,\"name\":\"Accueil\",\"item\":\"https:\\\/\\\/hierostrasbourg.com\\\/\"},{\"@type\":\"ListItem\",\"position\":2,\"name\":\"\u00ab La d\u00e9croissance culturelle n\u2019est pas pour demain \u00bb\"}]},{\"@type\":\"WebSite\",\"@id\":\"https:\\\/\\\/hierostrasbourg.com\\\/#website\",\"url\":\"https:\\\/\\\/hierostrasbourg.com\\\/\",\"name\":\"HIERO STRASBOURG\",\"description\":\"Centre de Ressources Musiques Actuelles\",\"publisher\":{\"@id\":\"https:\\\/\\\/hierostrasbourg.com\\\/#organization\"},\"potentialAction\":[{\"@type\":\"SearchAction\",\"target\":{\"@type\":\"EntryPoint\",\"urlTemplate\":\"https:\\\/\\\/hierostrasbourg.com\\\/?s={search_term_string}\"},\"query-input\":{\"@type\":\"PropertyValueSpecification\",\"valueRequired\":true,\"valueName\":\"search_term_string\"}}],\"inLanguage\":\"fr-FR\"},{\"@type\":\"Organization\",\"@id\":\"https:\\\/\\\/hierostrasbourg.com\\\/#organization\",\"name\":\"F\u00e9d\u00e9ration Hi\u00e9ro Strasbourg\",\"url\":\"https:\\\/\\\/hierostrasbourg.com\\\/\",\"logo\":{\"@type\":\"ImageObject\",\"inLanguage\":\"fr-FR\",\"@id\":\"https:\\\/\\\/hierostrasbourg.com\\\/#\\\/schema\\\/logo\\\/image\\\/\",\"url\":\"https:\\\/\\\/hierostrasbourg.com\\\/wp-content\\\/uploads\\\/2026\\\/04\\\/logo-hiero-strasbourg.jpg\",\"contentUrl\":\"https:\\\/\\\/hierostrasbourg.com\\\/wp-content\\\/uploads\\\/2026\\\/04\\\/logo-hiero-strasbourg.jpg\",\"width\":204,\"height\":192,\"caption\":\"F\u00e9d\u00e9ration Hi\u00e9ro Strasbourg\"},\"image\":{\"@id\":\"https:\\\/\\\/hierostrasbourg.com\\\/#\\\/schema\\\/logo\\\/image\\\/\"},\"sameAs\":[\"https:\\\/\\\/www.facebook.com\\\/fedehierostrasbourg\",\"https:\\\/\\\/x.com\\\/hierostrasbourg\"]}]}<\/script>\n<!-- \/ Yoast SEO plugin. -->","yoast_head_json":{"title":"\u00ab La d\u00e9croissance culturelle n\u2019est pas pour demain \u00bb - HIERO STRASBOURG","robots":{"index":"index","follow":"follow","max-snippet":"max-snippet:-1","max-image-preview":"max-image-preview:large","max-video-preview":"max-video-preview:-1"},"canonical":"https:\/\/hierostrasbourg.com\/index.php\/2021\/05\/21\/la-decroissance-culturelle-nest-pas-pour-demain\/","og_locale":"fr_FR","og_type":"article","og_title":"\u00ab La d\u00e9croissance culturelle n\u2019est pas pour demain \u00bb - HIERO STRASBOURG","og_description":"Le v\u0153u maintes fois exprim\u00e9 il y a un an de produire moins d\u2019\u0153uvres, des \u0153uvres moins ch\u00e8res, plus locales, durables et \u00e9cologiques, colle peu \u00e0 la r\u00e9alit\u00e9 actuelle et particuli\u00e8rement \u00e0 celle de l\u2019industrie des \u00e9crans, analyse, dans sa chronique, Michel Guerrin, r\u00e9dacteur en chef au \u00ab Monde \u00bb. Source \/ Lire la suite : \u00ab La d\u00e9croissance culturelle n\u2019est pas pour demain \u00bb L\u2019article \u00ab La d\u00e9croissance culturelle n\u2019est pas pour demain \u00bb est apparu en premier sur [&hellip;]","og_url":"https:\/\/hierostrasbourg.com\/index.php\/2021\/05\/21\/la-decroissance-culturelle-nest-pas-pour-demain\/","og_site_name":"HIERO STRASBOURG","article_publisher":"https:\/\/www.facebook.com\/fedehierostrasbourg","article_published_time":"2021-05-21T07:19:39+00:00","twitter_card":"summary_large_image","twitter_creator":"@hierostrasbourg","twitter_site":"@hierostrasbourg","schema":{"@context":"https:\/\/schema.org","@graph":[{"@type":"Article","@id":"https:\/\/hierostrasbourg.com\/index.php\/2021\/05\/21\/la-decroissance-culturelle-nest-pas-pour-demain\/#article","isPartOf":{"@id":"https:\/\/hierostrasbourg.com\/index.php\/2021\/05\/21\/la-decroissance-culturelle-nest-pas-pour-demain\/"},"author":{"name":"","@id":""},"headline":"\u00ab La d\u00e9croissance culturelle n\u2019est pas pour demain \u00bb","datePublished":"2021-05-21T07:19:39+00:00","mainEntityOfPage":{"@id":"https:\/\/hierostrasbourg.com\/index.php\/2021\/05\/21\/la-decroissance-culturelle-nest-pas-pour-demain\/"},"wordCount":94,"publisher":{"@id":"https:\/\/hierostrasbourg.com\/#organization"},"inLanguage":"fr-FR"},{"@type":"WebPage","@id":"https:\/\/hierostrasbourg.com\/index.php\/2021\/05\/21\/la-decroissance-culturelle-nest-pas-pour-demain\/","url":"https:\/\/hierostrasbourg.com\/index.php\/2021\/05\/21\/la-decroissance-culturelle-nest-pas-pour-demain\/","name":"\u00ab La d\u00e9croissance culturelle n\u2019est pas pour demain \u00bb - HIERO STRASBOURG","isPartOf":{"@id":"https:\/\/hierostrasbourg.com\/#website"},"datePublished":"2021-05-21T07:19:39+00:00","breadcrumb":{"@id":"https:\/\/hierostrasbourg.com\/index.php\/2021\/05\/21\/la-decroissance-culturelle-nest-pas-pour-demain\/#breadcrumb"},"inLanguage":"fr-FR","potentialAction":[{"@type":"ReadAction","target":["https:\/\/hierostrasbourg.com\/index.php\/2021\/05\/21\/la-decroissance-culturelle-nest-pas-pour-demain\/"]}]},{"@type":"BreadcrumbList","@id":"https:\/\/hierostrasbourg.com\/index.php\/2021\/05\/21\/la-decroissance-culturelle-nest-pas-pour-demain\/#breadcrumb","itemListElement":[{"@type":"ListItem","position":1,"name":"Accueil","item":"https:\/\/hierostrasbourg.com\/"},{"@type":"ListItem","position":2,"name":"\u00ab La d\u00e9croissance culturelle n\u2019est pas pour demain \u00bb"}]},{"@type":"WebSite","@id":"https:\/\/hierostrasbourg.com\/#website","url":"https:\/\/hierostrasbourg.com\/","name":"HIERO STRASBOURG","description":"Centre de Ressources Musiques Actuelles","publisher":{"@id":"https:\/\/hierostrasbourg.com\/#organization"},"potentialAction":[{"@type":"SearchAction","target":{"@type":"EntryPoint","urlTemplate":"https:\/\/hierostrasbourg.com\/?s={search_term_string}"},"query-input":{"@type":"PropertyValueSpecification","valueRequired":true,"valueName":"search_term_string"}}],"inLanguage":"fr-FR"},{"@type":"Organization","@id":"https:\/\/hierostrasbourg.com\/#organization","name":"F\u00e9d\u00e9ration Hi\u00e9ro Strasbourg","url":"https:\/\/hierostrasbourg.com\/","logo":{"@type":"ImageObject","inLanguage":"fr-FR","@id":"https:\/\/hierostrasbourg.com\/#\/schema\/logo\/image\/","url":"https:\/\/hierostrasbourg.com\/wp-content\/uploads\/2026\/04\/logo-hiero-strasbourg.jpg","contentUrl":"https:\/\/hierostrasbourg.com\/wp-content\/uploads\/2026\/04\/logo-hiero-strasbourg.jpg","width":204,"height":192,"caption":"F\u00e9d\u00e9ration Hi\u00e9ro Strasbourg"},"image":{"@id":"https:\/\/hierostrasbourg.com\/#\/schema\/logo\/image\/"},"sameAs":["https:\/\/www.facebook.com\/fedehierostrasbourg","https:\/\/x.com\/hierostrasbourg"]}]}},"_links":{"self":[{"href":"https:\/\/hierostrasbourg.com\/index.php\/wp-json\/wp\/v2\/posts\/569","targetHints":{"allow":["GET"]}}],"collection":[{"href":"https:\/\/hierostrasbourg.com\/index.php\/wp-json\/wp\/v2\/posts"}],"about":[{"href":"https:\/\/hierostrasbourg.com\/index.php\/wp-json\/wp\/v2\/types\/post"}],"replies":[{"embeddable":true,"href":"https:\/\/hierostrasbourg.com\/index.php\/wp-json\/wp\/v2\/comments?post=569"}],"version-history":[{"count":0,"href":"https:\/\/hierostrasbourg.com\/index.php\/wp-json\/wp\/v2\/posts\/569\/revisions"}],"wp:attachment":[{"href":"https:\/\/hierostrasbourg.com\/index.php\/wp-json\/wp\/v2\/media?parent=569"}],"wp:term":[{"taxonomy":"category","embeddable":true,"href":"https:\/\/hierostrasbourg.com\/index.php\/wp-json\/wp\/v2\/categories?post=569"},{"taxonomy":"post_tag","embeddable":true,"href":"https:\/\/hierostrasbourg.com\/index.php\/wp-json\/wp\/v2\/tags?post=569"}],"curies":[{"name":"wp","href":"https:\/\/api.w.org\/{rel}","templated":true}]}}