{"id":567,"date":"2021-05-20T22:19:36","date_gmt":"2021-05-20T20:19:36","guid":{"rendered":"https:\/\/hierostrasbourg.com\/index.php\/2021\/05\/20\/le-pass-culture-generalise-a-tous-les-jeunes-de-18-ans\/"},"modified":"2021-05-20T22:19:36","modified_gmt":"2021-05-20T20:19:36","slug":"le-pass-culture-generalise-a-tous-les-jeunes-de-18-ans","status":"publish","type":"post","link":"https:\/\/hierostrasbourg.com\/index.php\/2021\/05\/20\/le-pass-culture-generalise-a-tous-les-jeunes-de-18-ans\/","title":{"rendered":"Le Pass culture g\u00e9n\u00e9ralis\u00e9 \u00e0 tous les jeunes de 18 ans"},"content":{"rendered":"<p><em>Exp\u00e9riment\u00e9e depuis deux ans dans quatorze d\u00e9partements, l\u2019application permettra aux jeunes de 18 ans de disposer de 300 euros pour acc\u00e9der aux offres culturelles de leur choix. En 2022, le Pass culture sera \u00e9tendu au coll\u00e8ge.<\/em><\/p>\n<p>Source \/ Lire la suite : <a href=\"https:\/\/www.lemonde.fr\/culture\/article\/2021\/05\/20\/le-pass-culture-generalise-a-tous-les-jeunes-de-18-ans_6080923_3246.html\">Le Pass culture g\u00e9n\u00e9ralis\u00e9 \u00e0 tous les jeunes de 18 ans<\/a><\/p>\n<p>L\u2019article <a href=\"https:\/\/popburo.fr\/le-pass-culture-generalise-a-tous-les-jeunes-de-18-ans\/\">Le Pass culture g\u00e9n\u00e9ralis\u00e9 \u00e0 tous les jeunes de 18 ans<\/a> est apparu en premier sur <a href=\"https:\/\/popburo.fr\/\">POP B\u00dcRO<\/a>.<\/p>\n","protected":false},"excerpt":{"rendered":"<p>Exp\u00e9riment\u00e9e depuis deux ans dans quatorze d\u00e9partements, l\u2019application permettra aux jeunes de 18 ans de disposer de 300 euros pour acc\u00e9der aux offres culturelles de leur choix. En 2022, le Pass culture sera \u00e9tendu au coll\u00e8ge. Source \/ Lire la suite : Le Pass culture g\u00e9n\u00e9ralis\u00e9 \u00e0 tous les jeunes de 18 ans L\u2019article Le Pass culture g\u00e9n\u00e9ralis\u00e9 \u00e0 tous les jeunes de 18 ans est apparu en premier sur POP B\u00dcRO.<\/p>\n","protected":false},"author":0,"featured_media":0,"comment_status":"closed","ping_status":"open","sticky":false,"template":"","format":"standard","meta":{"footnotes":""},"categories":[1],"tags":[],"class_list":["post-567","post","type-post","status-publish","format-standard","hentry","category-non-classe"],"yoast_head":"<!-- This site is optimized with the Yoast SEO plugin v27.5 - https:\/\/yoast.com\/product\/yoast-seo-wordpress\/ -->\n<title>Le Pass culture g\u00e9n\u00e9ralis\u00e9 \u00e0 tous les jeunes de 18 ans - HIERO STRASBOURG<\/title>\n<meta name=\"robots\" content=\"index, follow, max-snippet:-1, max-image-preview:large, max-video-preview:-1\" \/>\n<link rel=\"canonical\" href=\"https:\/\/hierostrasbourg.com\/index.php\/2021\/05\/20\/le-pass-culture-generalise-a-tous-les-jeunes-de-18-ans\/\" \/>\n<meta property=\"og:locale\" content=\"fr_FR\" \/>\n<meta property=\"og:type\" content=\"article\" \/>\n<meta property=\"og:title\" content=\"Le Pass culture g\u00e9n\u00e9ralis\u00e9 \u00e0 tous les jeunes de 18 ans - HIERO STRASBOURG\" \/>\n<meta property=\"og:description\" content=\"Exp\u00e9riment\u00e9e depuis deux ans dans quatorze d\u00e9partements, l\u2019application permettra aux jeunes de 18 ans de disposer de 300 euros pour acc\u00e9der aux offres culturelles de leur choix. En 2022, le Pass culture sera \u00e9tendu au coll\u00e8ge. Source \/ Lire la suite : Le Pass culture g\u00e9n\u00e9ralis\u00e9 \u00e0 tous les jeunes de 18 ans L\u2019article Le Pass culture g\u00e9n\u00e9ralis\u00e9 \u00e0 tous les jeunes de 18 ans est apparu en premier sur POP B\u00dcRO.\" \/>\n<meta property=\"og:url\" content=\"https:\/\/hierostrasbourg.com\/index.php\/2021\/05\/20\/le-pass-culture-generalise-a-tous-les-jeunes-de-18-ans\/\" \/>\n<meta property=\"og:site_name\" content=\"HIERO STRASBOURG\" \/>\n<meta property=\"article:publisher\" content=\"https:\/\/www.facebook.com\/fedehierostrasbourg\" \/>\n<meta property=\"article:published_time\" content=\"2021-05-20T20:19:36+00:00\" \/>\n<meta name=\"twitter:card\" content=\"summary_large_image\" \/>\n<meta name=\"twitter:creator\" content=\"@hierostrasbourg\" \/>\n<meta name=\"twitter:site\" content=\"@hierostrasbourg\" \/>\n<script type=\"application\/ld+json\" class=\"yoast-schema-graph\">{\"@context\":\"https:\\\/\\\/schema.org\",\"@graph\":[{\"@type\":\"Article\",\"@id\":\"https:\\\/\\\/hierostrasbourg.com\\\/index.php\\\/2021\\\/05\\\/20\\\/le-pass-culture-generalise-a-tous-les-jeunes-de-18-ans\\\/#article\",\"isPartOf\":{\"@id\":\"https:\\\/\\\/hierostrasbourg.com\\\/index.php\\\/2021\\\/05\\\/20\\\/le-pass-culture-generalise-a-tous-les-jeunes-de-18-ans\\\/\"},\"author\":{\"name\":\"\",\"@id\":\"\"},\"headline\":\"Le Pass culture g\u00e9n\u00e9ralis\u00e9 \u00e0 tous les jeunes de 18 ans\",\"datePublished\":\"2021-05-20T20:19:36+00:00\",\"mainEntityOfPage\":{\"@id\":\"https:\\\/\\\/hierostrasbourg.com\\\/index.php\\\/2021\\\/05\\\/20\\\/le-pass-culture-generalise-a-tous-les-jeunes-de-18-ans\\\/\"},\"wordCount\":86,\"publisher\":{\"@id\":\"https:\\\/\\\/hierostrasbourg.com\\\/#organization\"},\"inLanguage\":\"fr-FR\"},{\"@type\":\"WebPage\",\"@id\":\"https:\\\/\\\/hierostrasbourg.com\\\/index.php\\\/2021\\\/05\\\/20\\\/le-pass-culture-generalise-a-tous-les-jeunes-de-18-ans\\\/\",\"url\":\"https:\\\/\\\/hierostrasbourg.com\\\/index.php\\\/2021\\\/05\\\/20\\\/le-pass-culture-generalise-a-tous-les-jeunes-de-18-ans\\\/\",\"name\":\"Le Pass culture g\u00e9n\u00e9ralis\u00e9 \u00e0 tous les jeunes de 18 ans - HIERO STRASBOURG\",\"isPartOf\":{\"@id\":\"https:\\\/\\\/hierostrasbourg.com\\\/#website\"},\"datePublished\":\"2021-05-20T20:19:36+00:00\",\"breadcrumb\":{\"@id\":\"https:\\\/\\\/hierostrasbourg.com\\\/index.php\\\/2021\\\/05\\\/20\\\/le-pass-culture-generalise-a-tous-les-jeunes-de-18-ans\\\/#breadcrumb\"},\"inLanguage\":\"fr-FR\",\"potentialAction\":[{\"@type\":\"ReadAction\",\"target\":[\"https:\\\/\\\/hierostrasbourg.com\\\/index.php\\\/2021\\\/05\\\/20\\\/le-pass-culture-generalise-a-tous-les-jeunes-de-18-ans\\\/\"]}]},{\"@type\":\"BreadcrumbList\",\"@id\":\"https:\\\/\\\/hierostrasbourg.com\\\/index.php\\\/2021\\\/05\\\/20\\\/le-pass-culture-generalise-a-tous-les-jeunes-de-18-ans\\\/#breadcrumb\",\"itemListElement\":[{\"@type\":\"ListItem\",\"position\":1,\"name\":\"Accueil\",\"item\":\"https:\\\/\\\/hierostrasbourg.com\\\/\"},{\"@type\":\"ListItem\",\"position\":2,\"name\":\"Le Pass culture g\u00e9n\u00e9ralis\u00e9 \u00e0 tous les jeunes de 18 ans\"}]},{\"@type\":\"WebSite\",\"@id\":\"https:\\\/\\\/hierostrasbourg.com\\\/#website\",\"url\":\"https:\\\/\\\/hierostrasbourg.com\\\/\",\"name\":\"HIERO STRASBOURG\",\"description\":\"Centre de Ressources Musiques Actuelles\",\"publisher\":{\"@id\":\"https:\\\/\\\/hierostrasbourg.com\\\/#organization\"},\"potentialAction\":[{\"@type\":\"SearchAction\",\"target\":{\"@type\":\"EntryPoint\",\"urlTemplate\":\"https:\\\/\\\/hierostrasbourg.com\\\/?s={search_term_string}\"},\"query-input\":{\"@type\":\"PropertyValueSpecification\",\"valueRequired\":true,\"valueName\":\"search_term_string\"}}],\"inLanguage\":\"fr-FR\"},{\"@type\":\"Organization\",\"@id\":\"https:\\\/\\\/hierostrasbourg.com\\\/#organization\",\"name\":\"F\u00e9d\u00e9ration Hi\u00e9ro Strasbourg\",\"url\":\"https:\\\/\\\/hierostrasbourg.com\\\/\",\"logo\":{\"@type\":\"ImageObject\",\"inLanguage\":\"fr-FR\",\"@id\":\"https:\\\/\\\/hierostrasbourg.com\\\/#\\\/schema\\\/logo\\\/image\\\/\",\"url\":\"https:\\\/\\\/hierostrasbourg.com\\\/wp-content\\\/uploads\\\/2026\\\/04\\\/logo-hiero-strasbourg.jpg\",\"contentUrl\":\"https:\\\/\\\/hierostrasbourg.com\\\/wp-content\\\/uploads\\\/2026\\\/04\\\/logo-hiero-strasbourg.jpg\",\"width\":204,\"height\":192,\"caption\":\"F\u00e9d\u00e9ration Hi\u00e9ro Strasbourg\"},\"image\":{\"@id\":\"https:\\\/\\\/hierostrasbourg.com\\\/#\\\/schema\\\/logo\\\/image\\\/\"},\"sameAs\":[\"https:\\\/\\\/www.facebook.com\\\/fedehierostrasbourg\",\"https:\\\/\\\/x.com\\\/hierostrasbourg\"]}]}<\/script>\n<!-- \/ Yoast SEO plugin. -->","yoast_head_json":{"title":"Le Pass culture g\u00e9n\u00e9ralis\u00e9 \u00e0 tous les jeunes de 18 ans - HIERO STRASBOURG","robots":{"index":"index","follow":"follow","max-snippet":"max-snippet:-1","max-image-preview":"max-image-preview:large","max-video-preview":"max-video-preview:-1"},"canonical":"https:\/\/hierostrasbourg.com\/index.php\/2021\/05\/20\/le-pass-culture-generalise-a-tous-les-jeunes-de-18-ans\/","og_locale":"fr_FR","og_type":"article","og_title":"Le Pass culture g\u00e9n\u00e9ralis\u00e9 \u00e0 tous les jeunes de 18 ans - HIERO STRASBOURG","og_description":"Exp\u00e9riment\u00e9e depuis deux ans dans quatorze d\u00e9partements, l\u2019application permettra aux jeunes de 18 ans de disposer de 300 euros pour acc\u00e9der aux offres culturelles de leur choix. En 2022, le Pass culture sera \u00e9tendu au coll\u00e8ge. Source \/ Lire la suite : Le Pass culture g\u00e9n\u00e9ralis\u00e9 \u00e0 tous les jeunes de 18 ans L\u2019article Le Pass culture g\u00e9n\u00e9ralis\u00e9 \u00e0 tous les jeunes de 18 ans est apparu en premier sur POP B\u00dcRO.","og_url":"https:\/\/hierostrasbourg.com\/index.php\/2021\/05\/20\/le-pass-culture-generalise-a-tous-les-jeunes-de-18-ans\/","og_site_name":"HIERO STRASBOURG","article_publisher":"https:\/\/www.facebook.com\/fedehierostrasbourg","article_published_time":"2021-05-20T20:19:36+00:00","twitter_card":"summary_large_image","twitter_creator":"@hierostrasbourg","twitter_site":"@hierostrasbourg","schema":{"@context":"https:\/\/schema.org","@graph":[{"@type":"Article","@id":"https:\/\/hierostrasbourg.com\/index.php\/2021\/05\/20\/le-pass-culture-generalise-a-tous-les-jeunes-de-18-ans\/#article","isPartOf":{"@id":"https:\/\/hierostrasbourg.com\/index.php\/2021\/05\/20\/le-pass-culture-generalise-a-tous-les-jeunes-de-18-ans\/"},"author":{"name":"","@id":""},"headline":"Le Pass culture g\u00e9n\u00e9ralis\u00e9 \u00e0 tous les jeunes de 18 ans","datePublished":"2021-05-20T20:19:36+00:00","mainEntityOfPage":{"@id":"https:\/\/hierostrasbourg.com\/index.php\/2021\/05\/20\/le-pass-culture-generalise-a-tous-les-jeunes-de-18-ans\/"},"wordCount":86,"publisher":{"@id":"https:\/\/hierostrasbourg.com\/#organization"},"inLanguage":"fr-FR"},{"@type":"WebPage","@id":"https:\/\/hierostrasbourg.com\/index.php\/2021\/05\/20\/le-pass-culture-generalise-a-tous-les-jeunes-de-18-ans\/","url":"https:\/\/hierostrasbourg.com\/index.php\/2021\/05\/20\/le-pass-culture-generalise-a-tous-les-jeunes-de-18-ans\/","name":"Le Pass culture g\u00e9n\u00e9ralis\u00e9 \u00e0 tous les jeunes de 18 ans - HIERO STRASBOURG","isPartOf":{"@id":"https:\/\/hierostrasbourg.com\/#website"},"datePublished":"2021-05-20T20:19:36+00:00","breadcrumb":{"@id":"https:\/\/hierostrasbourg.com\/index.php\/2021\/05\/20\/le-pass-culture-generalise-a-tous-les-jeunes-de-18-ans\/#breadcrumb"},"inLanguage":"fr-FR","potentialAction":[{"@type":"ReadAction","target":["https:\/\/hierostrasbourg.com\/index.php\/2021\/05\/20\/le-pass-culture-generalise-a-tous-les-jeunes-de-18-ans\/"]}]},{"@type":"BreadcrumbList","@id":"https:\/\/hierostrasbourg.com\/index.php\/2021\/05\/20\/le-pass-culture-generalise-a-tous-les-jeunes-de-18-ans\/#breadcrumb","itemListElement":[{"@type":"ListItem","position":1,"name":"Accueil","item":"https:\/\/hierostrasbourg.com\/"},{"@type":"ListItem","position":2,"name":"Le Pass culture g\u00e9n\u00e9ralis\u00e9 \u00e0 tous les jeunes de 18 ans"}]},{"@type":"WebSite","@id":"https:\/\/hierostrasbourg.com\/#website","url":"https:\/\/hierostrasbourg.com\/","name":"HIERO STRASBOURG","description":"Centre de Ressources Musiques Actuelles","publisher":{"@id":"https:\/\/hierostrasbourg.com\/#organization"},"potentialAction":[{"@type":"SearchAction","target":{"@type":"EntryPoint","urlTemplate":"https:\/\/hierostrasbourg.com\/?s={search_term_string}"},"query-input":{"@type":"PropertyValueSpecification","valueRequired":true,"valueName":"search_term_string"}}],"inLanguage":"fr-FR"},{"@type":"Organization","@id":"https:\/\/hierostrasbourg.com\/#organization","name":"F\u00e9d\u00e9ration Hi\u00e9ro Strasbourg","url":"https:\/\/hierostrasbourg.com\/","logo":{"@type":"ImageObject","inLanguage":"fr-FR","@id":"https:\/\/hierostrasbourg.com\/#\/schema\/logo\/image\/","url":"https:\/\/hierostrasbourg.com\/wp-content\/uploads\/2026\/04\/logo-hiero-strasbourg.jpg","contentUrl":"https:\/\/hierostrasbourg.com\/wp-content\/uploads\/2026\/04\/logo-hiero-strasbourg.jpg","width":204,"height":192,"caption":"F\u00e9d\u00e9ration Hi\u00e9ro Strasbourg"},"image":{"@id":"https:\/\/hierostrasbourg.com\/#\/schema\/logo\/image\/"},"sameAs":["https:\/\/www.facebook.com\/fedehierostrasbourg","https:\/\/x.com\/hierostrasbourg"]}]}},"_links":{"self":[{"href":"https:\/\/hierostrasbourg.com\/index.php\/wp-json\/wp\/v2\/posts\/567","targetHints":{"allow":["GET"]}}],"collection":[{"href":"https:\/\/hierostrasbourg.com\/index.php\/wp-json\/wp\/v2\/posts"}],"about":[{"href":"https:\/\/hierostrasbourg.com\/index.php\/wp-json\/wp\/v2\/types\/post"}],"replies":[{"embeddable":true,"href":"https:\/\/hierostrasbourg.com\/index.php\/wp-json\/wp\/v2\/comments?post=567"}],"version-history":[{"count":0,"href":"https:\/\/hierostrasbourg.com\/index.php\/wp-json\/wp\/v2\/posts\/567\/revisions"}],"wp:attachment":[{"href":"https:\/\/hierostrasbourg.com\/index.php\/wp-json\/wp\/v2\/media?parent=567"}],"wp:term":[{"taxonomy":"category","embeddable":true,"href":"https:\/\/hierostrasbourg.com\/index.php\/wp-json\/wp\/v2\/categories?post=567"},{"taxonomy":"post_tag","embeddable":true,"href":"https:\/\/hierostrasbourg.com\/index.php\/wp-json\/wp\/v2\/tags?post=567"}],"curies":[{"name":"wp","href":"https:\/\/api.w.org\/{rel}","templated":true}]}}