{"id":566,"date":"2021-05-20T21:22:45","date_gmt":"2021-05-20T19:22:45","guid":{"rendered":"https:\/\/hierostrasbourg.com\/index.php\/2021\/05\/20\/festivals-selon-un-chercheur-grenoblois-lexperience-emotionnelle-sera-amoindrie-cet-ete\/"},"modified":"2021-05-20T21:22:45","modified_gmt":"2021-05-20T19:22:45","slug":"festivals-selon-un-chercheur-grenoblois-lexperience-emotionnelle-sera-amoindrie-cet-ete","status":"publish","type":"post","link":"https:\/\/hierostrasbourg.com\/index.php\/2021\/05\/20\/festivals-selon-un-chercheur-grenoblois-lexperience-emotionnelle-sera-amoindrie-cet-ete\/","title":{"rendered":"Festivals : selon un chercheur grenoblois, \u201cl\u2019exp\u00e9rience \u00e9motionnelle sera amoindrie cet \u00e9t\u00e9\u201d"},"content":{"rendered":"<p><em>Les festivals de musique avec du public debout seront \u00e0 nouveau autoris\u00e9s \u00e0 partir du 1er juillet. Mais les nombreuses restrictions sanitaires risquent de priver les festivaliers d\u2019une vraie ambiance de f\u00eate estime Nico Didry, un chercheur grenoblois sp\u00e9cialiste des \u00e9v\u00e9nements r\u00e9cr\u00e9atifs.\u00a0\u00a0<\/em><\/p>\n<p>Source \/ Lire la suite : <a href=\"https:\/\/france3-regions.francetvinfo.fr\/auvergne-rhone-alpes\/isere\/festivals-selon-un-chercheur-grenoblois-l-experience-emotionnelle-sera-amoindrie-cet-ete-2098678.html\">Festivals : selon un chercheur grenoblois, \u201cl\u2019exp\u00e9rience \u00e9motionnelle sera amoindrie cet \u00e9t\u00e9\u201d<\/a><\/p>\n<p>L\u2019article <a href=\"https:\/\/popburo.fr\/festivals-selon-un-chercheur-grenoblois-lexperience-emotionnelle-sera-amoindrie-cet-ete\/\">Festivals : selon un chercheur grenoblois, \u201cl\u2019exp\u00e9rience \u00e9motionnelle sera amoindrie cet \u00e9t\u00e9\u201d<\/a> est apparu en premier sur <a href=\"https:\/\/popburo.fr\/\">POP B\u00dcRO<\/a>.<\/p>\n","protected":false},"excerpt":{"rendered":"<p>Les festivals de musique avec du public debout seront \u00e0 nouveau autoris\u00e9s \u00e0 partir du 1er juillet. Mais les nombreuses restrictions sanitaires risquent de priver les festivaliers d\u2019une vraie ambiance de f\u00eate estime Nico Didry, un chercheur grenoblois sp\u00e9cialiste des \u00e9v\u00e9nements r\u00e9cr\u00e9atifs.\u00a0\u00a0 Source \/ Lire la suite : Festivals : selon un chercheur grenoblois, \u201cl\u2019exp\u00e9rience \u00e9motionnelle sera amoindrie cet \u00e9t\u00e9\u201d L\u2019article Festivals : selon un chercheur grenoblois, \u201cl\u2019exp\u00e9rience \u00e9motionnelle sera amoindrie cet \u00e9t\u00e9\u201d est apparu en premier sur POP B\u00dcRO.<\/p>\n","protected":false},"author":0,"featured_media":0,"comment_status":"closed","ping_status":"open","sticky":false,"template":"","format":"standard","meta":{"footnotes":""},"categories":[1],"tags":[],"class_list":["post-566","post","type-post","status-publish","format-standard","hentry","category-non-classe"],"yoast_head":"<!-- This site is optimized with the Yoast SEO plugin v27.5 - https:\/\/yoast.com\/product\/yoast-seo-wordpress\/ -->\n<title>Festivals : selon un chercheur grenoblois, \u201cl\u2019exp\u00e9rience \u00e9motionnelle sera amoindrie cet \u00e9t\u00e9\u201d - HIERO STRASBOURG<\/title>\n<meta name=\"robots\" content=\"index, follow, max-snippet:-1, max-image-preview:large, max-video-preview:-1\" \/>\n<link rel=\"canonical\" href=\"https:\/\/hierostrasbourg.com\/index.php\/2021\/05\/20\/festivals-selon-un-chercheur-grenoblois-lexperience-emotionnelle-sera-amoindrie-cet-ete\/\" \/>\n<meta property=\"og:locale\" content=\"fr_FR\" \/>\n<meta property=\"og:type\" content=\"article\" \/>\n<meta property=\"og:title\" content=\"Festivals : selon un chercheur grenoblois, \u201cl\u2019exp\u00e9rience \u00e9motionnelle sera amoindrie cet \u00e9t\u00e9\u201d - HIERO STRASBOURG\" \/>\n<meta property=\"og:description\" content=\"Les festivals de musique avec du public debout seront \u00e0 nouveau autoris\u00e9s \u00e0 partir du 1er juillet. Mais les nombreuses restrictions sanitaires risquent de priver les festivaliers d\u2019une vraie ambiance de f\u00eate estime Nico Didry, un chercheur grenoblois sp\u00e9cialiste des \u00e9v\u00e9nements r\u00e9cr\u00e9atifs.\u00a0\u00a0 Source \/ Lire la suite : Festivals : selon un chercheur grenoblois, \u201cl\u2019exp\u00e9rience \u00e9motionnelle sera amoindrie cet \u00e9t\u00e9\u201d L\u2019article Festivals : selon un chercheur grenoblois, \u201cl\u2019exp\u00e9rience \u00e9motionnelle sera amoindrie cet \u00e9t\u00e9\u201d est apparu en premier sur POP B\u00dcRO.\" \/>\n<meta property=\"og:url\" content=\"https:\/\/hierostrasbourg.com\/index.php\/2021\/05\/20\/festivals-selon-un-chercheur-grenoblois-lexperience-emotionnelle-sera-amoindrie-cet-ete\/\" \/>\n<meta property=\"og:site_name\" content=\"HIERO STRASBOURG\" \/>\n<meta property=\"article:publisher\" content=\"https:\/\/www.facebook.com\/fedehierostrasbourg\" \/>\n<meta property=\"article:published_time\" content=\"2021-05-20T19:22:45+00:00\" \/>\n<meta name=\"twitter:card\" content=\"summary_large_image\" \/>\n<meta name=\"twitter:creator\" content=\"@hierostrasbourg\" \/>\n<meta name=\"twitter:site\" content=\"@hierostrasbourg\" \/>\n<script type=\"application\/ld+json\" class=\"yoast-schema-graph\">{\"@context\":\"https:\\\/\\\/schema.org\",\"@graph\":[{\"@type\":\"Article\",\"@id\":\"https:\\\/\\\/hierostrasbourg.com\\\/index.php\\\/2021\\\/05\\\/20\\\/festivals-selon-un-chercheur-grenoblois-lexperience-emotionnelle-sera-amoindrie-cet-ete\\\/#article\",\"isPartOf\":{\"@id\":\"https:\\\/\\\/hierostrasbourg.com\\\/index.php\\\/2021\\\/05\\\/20\\\/festivals-selon-un-chercheur-grenoblois-lexperience-emotionnelle-sera-amoindrie-cet-ete\\\/\"},\"author\":{\"name\":\"\",\"@id\":\"\"},\"headline\":\"Festivals : selon un chercheur grenoblois, \u201cl\u2019exp\u00e9rience \u00e9motionnelle sera amoindrie cet \u00e9t\u00e9\u201d\",\"datePublished\":\"2021-05-20T19:22:45+00:00\",\"mainEntityOfPage\":{\"@id\":\"https:\\\/\\\/hierostrasbourg.com\\\/index.php\\\/2021\\\/05\\\/20\\\/festivals-selon-un-chercheur-grenoblois-lexperience-emotionnelle-sera-amoindrie-cet-ete\\\/\"},\"wordCount\":100,\"publisher\":{\"@id\":\"https:\\\/\\\/hierostrasbourg.com\\\/#organization\"},\"inLanguage\":\"fr-FR\"},{\"@type\":\"WebPage\",\"@id\":\"https:\\\/\\\/hierostrasbourg.com\\\/index.php\\\/2021\\\/05\\\/20\\\/festivals-selon-un-chercheur-grenoblois-lexperience-emotionnelle-sera-amoindrie-cet-ete\\\/\",\"url\":\"https:\\\/\\\/hierostrasbourg.com\\\/index.php\\\/2021\\\/05\\\/20\\\/festivals-selon-un-chercheur-grenoblois-lexperience-emotionnelle-sera-amoindrie-cet-ete\\\/\",\"name\":\"Festivals : selon un chercheur grenoblois, \u201cl\u2019exp\u00e9rience \u00e9motionnelle sera amoindrie cet \u00e9t\u00e9\u201d - HIERO STRASBOURG\",\"isPartOf\":{\"@id\":\"https:\\\/\\\/hierostrasbourg.com\\\/#website\"},\"datePublished\":\"2021-05-20T19:22:45+00:00\",\"breadcrumb\":{\"@id\":\"https:\\\/\\\/hierostrasbourg.com\\\/index.php\\\/2021\\\/05\\\/20\\\/festivals-selon-un-chercheur-grenoblois-lexperience-emotionnelle-sera-amoindrie-cet-ete\\\/#breadcrumb\"},\"inLanguage\":\"fr-FR\",\"potentialAction\":[{\"@type\":\"ReadAction\",\"target\":[\"https:\\\/\\\/hierostrasbourg.com\\\/index.php\\\/2021\\\/05\\\/20\\\/festivals-selon-un-chercheur-grenoblois-lexperience-emotionnelle-sera-amoindrie-cet-ete\\\/\"]}]},{\"@type\":\"BreadcrumbList\",\"@id\":\"https:\\\/\\\/hierostrasbourg.com\\\/index.php\\\/2021\\\/05\\\/20\\\/festivals-selon-un-chercheur-grenoblois-lexperience-emotionnelle-sera-amoindrie-cet-ete\\\/#breadcrumb\",\"itemListElement\":[{\"@type\":\"ListItem\",\"position\":1,\"name\":\"Accueil\",\"item\":\"https:\\\/\\\/hierostrasbourg.com\\\/\"},{\"@type\":\"ListItem\",\"position\":2,\"name\":\"Festivals : selon un chercheur grenoblois, \u201cl\u2019exp\u00e9rience \u00e9motionnelle sera amoindrie cet \u00e9t\u00e9\u201d\"}]},{\"@type\":\"WebSite\",\"@id\":\"https:\\\/\\\/hierostrasbourg.com\\\/#website\",\"url\":\"https:\\\/\\\/hierostrasbourg.com\\\/\",\"name\":\"HIERO STRASBOURG\",\"description\":\"Centre de Ressources Musiques Actuelles\",\"publisher\":{\"@id\":\"https:\\\/\\\/hierostrasbourg.com\\\/#organization\"},\"potentialAction\":[{\"@type\":\"SearchAction\",\"target\":{\"@type\":\"EntryPoint\",\"urlTemplate\":\"https:\\\/\\\/hierostrasbourg.com\\\/?s={search_term_string}\"},\"query-input\":{\"@type\":\"PropertyValueSpecification\",\"valueRequired\":true,\"valueName\":\"search_term_string\"}}],\"inLanguage\":\"fr-FR\"},{\"@type\":\"Organization\",\"@id\":\"https:\\\/\\\/hierostrasbourg.com\\\/#organization\",\"name\":\"F\u00e9d\u00e9ration Hi\u00e9ro Strasbourg\",\"url\":\"https:\\\/\\\/hierostrasbourg.com\\\/\",\"logo\":{\"@type\":\"ImageObject\",\"inLanguage\":\"fr-FR\",\"@id\":\"https:\\\/\\\/hierostrasbourg.com\\\/#\\\/schema\\\/logo\\\/image\\\/\",\"url\":\"https:\\\/\\\/hierostrasbourg.com\\\/wp-content\\\/uploads\\\/2026\\\/04\\\/logo-hiero-strasbourg.jpg\",\"contentUrl\":\"https:\\\/\\\/hierostrasbourg.com\\\/wp-content\\\/uploads\\\/2026\\\/04\\\/logo-hiero-strasbourg.jpg\",\"width\":204,\"height\":192,\"caption\":\"F\u00e9d\u00e9ration Hi\u00e9ro Strasbourg\"},\"image\":{\"@id\":\"https:\\\/\\\/hierostrasbourg.com\\\/#\\\/schema\\\/logo\\\/image\\\/\"},\"sameAs\":[\"https:\\\/\\\/www.facebook.com\\\/fedehierostrasbourg\",\"https:\\\/\\\/x.com\\\/hierostrasbourg\"]}]}<\/script>\n<!-- \/ Yoast SEO plugin. -->","yoast_head_json":{"title":"Festivals : selon un chercheur grenoblois, \u201cl\u2019exp\u00e9rience \u00e9motionnelle sera amoindrie cet \u00e9t\u00e9\u201d - HIERO STRASBOURG","robots":{"index":"index","follow":"follow","max-snippet":"max-snippet:-1","max-image-preview":"max-image-preview:large","max-video-preview":"max-video-preview:-1"},"canonical":"https:\/\/hierostrasbourg.com\/index.php\/2021\/05\/20\/festivals-selon-un-chercheur-grenoblois-lexperience-emotionnelle-sera-amoindrie-cet-ete\/","og_locale":"fr_FR","og_type":"article","og_title":"Festivals : selon un chercheur grenoblois, \u201cl\u2019exp\u00e9rience \u00e9motionnelle sera amoindrie cet \u00e9t\u00e9\u201d - HIERO STRASBOURG","og_description":"Les festivals de musique avec du public debout seront \u00e0 nouveau autoris\u00e9s \u00e0 partir du 1er juillet. Mais les nombreuses restrictions sanitaires risquent de priver les festivaliers d\u2019une vraie ambiance de f\u00eate estime Nico Didry, un chercheur grenoblois sp\u00e9cialiste des \u00e9v\u00e9nements r\u00e9cr\u00e9atifs.\u00a0\u00a0 Source \/ Lire la suite : Festivals : selon un chercheur grenoblois, \u201cl\u2019exp\u00e9rience \u00e9motionnelle sera amoindrie cet \u00e9t\u00e9\u201d L\u2019article Festivals : selon un chercheur grenoblois, \u201cl\u2019exp\u00e9rience \u00e9motionnelle sera amoindrie cet \u00e9t\u00e9\u201d est apparu en premier sur POP B\u00dcRO.","og_url":"https:\/\/hierostrasbourg.com\/index.php\/2021\/05\/20\/festivals-selon-un-chercheur-grenoblois-lexperience-emotionnelle-sera-amoindrie-cet-ete\/","og_site_name":"HIERO STRASBOURG","article_publisher":"https:\/\/www.facebook.com\/fedehierostrasbourg","article_published_time":"2021-05-20T19:22:45+00:00","twitter_card":"summary_large_image","twitter_creator":"@hierostrasbourg","twitter_site":"@hierostrasbourg","schema":{"@context":"https:\/\/schema.org","@graph":[{"@type":"Article","@id":"https:\/\/hierostrasbourg.com\/index.php\/2021\/05\/20\/festivals-selon-un-chercheur-grenoblois-lexperience-emotionnelle-sera-amoindrie-cet-ete\/#article","isPartOf":{"@id":"https:\/\/hierostrasbourg.com\/index.php\/2021\/05\/20\/festivals-selon-un-chercheur-grenoblois-lexperience-emotionnelle-sera-amoindrie-cet-ete\/"},"author":{"name":"","@id":""},"headline":"Festivals : selon un chercheur grenoblois, \u201cl\u2019exp\u00e9rience \u00e9motionnelle sera amoindrie cet \u00e9t\u00e9\u201d","datePublished":"2021-05-20T19:22:45+00:00","mainEntityOfPage":{"@id":"https:\/\/hierostrasbourg.com\/index.php\/2021\/05\/20\/festivals-selon-un-chercheur-grenoblois-lexperience-emotionnelle-sera-amoindrie-cet-ete\/"},"wordCount":100,"publisher":{"@id":"https:\/\/hierostrasbourg.com\/#organization"},"inLanguage":"fr-FR"},{"@type":"WebPage","@id":"https:\/\/hierostrasbourg.com\/index.php\/2021\/05\/20\/festivals-selon-un-chercheur-grenoblois-lexperience-emotionnelle-sera-amoindrie-cet-ete\/","url":"https:\/\/hierostrasbourg.com\/index.php\/2021\/05\/20\/festivals-selon-un-chercheur-grenoblois-lexperience-emotionnelle-sera-amoindrie-cet-ete\/","name":"Festivals : selon un chercheur grenoblois, \u201cl\u2019exp\u00e9rience \u00e9motionnelle sera amoindrie cet \u00e9t\u00e9\u201d - HIERO STRASBOURG","isPartOf":{"@id":"https:\/\/hierostrasbourg.com\/#website"},"datePublished":"2021-05-20T19:22:45+00:00","breadcrumb":{"@id":"https:\/\/hierostrasbourg.com\/index.php\/2021\/05\/20\/festivals-selon-un-chercheur-grenoblois-lexperience-emotionnelle-sera-amoindrie-cet-ete\/#breadcrumb"},"inLanguage":"fr-FR","potentialAction":[{"@type":"ReadAction","target":["https:\/\/hierostrasbourg.com\/index.php\/2021\/05\/20\/festivals-selon-un-chercheur-grenoblois-lexperience-emotionnelle-sera-amoindrie-cet-ete\/"]}]},{"@type":"BreadcrumbList","@id":"https:\/\/hierostrasbourg.com\/index.php\/2021\/05\/20\/festivals-selon-un-chercheur-grenoblois-lexperience-emotionnelle-sera-amoindrie-cet-ete\/#breadcrumb","itemListElement":[{"@type":"ListItem","position":1,"name":"Accueil","item":"https:\/\/hierostrasbourg.com\/"},{"@type":"ListItem","position":2,"name":"Festivals : selon un chercheur grenoblois, \u201cl\u2019exp\u00e9rience \u00e9motionnelle sera amoindrie cet \u00e9t\u00e9\u201d"}]},{"@type":"WebSite","@id":"https:\/\/hierostrasbourg.com\/#website","url":"https:\/\/hierostrasbourg.com\/","name":"HIERO STRASBOURG","description":"Centre de Ressources Musiques Actuelles","publisher":{"@id":"https:\/\/hierostrasbourg.com\/#organization"},"potentialAction":[{"@type":"SearchAction","target":{"@type":"EntryPoint","urlTemplate":"https:\/\/hierostrasbourg.com\/?s={search_term_string}"},"query-input":{"@type":"PropertyValueSpecification","valueRequired":true,"valueName":"search_term_string"}}],"inLanguage":"fr-FR"},{"@type":"Organization","@id":"https:\/\/hierostrasbourg.com\/#organization","name":"F\u00e9d\u00e9ration Hi\u00e9ro Strasbourg","url":"https:\/\/hierostrasbourg.com\/","logo":{"@type":"ImageObject","inLanguage":"fr-FR","@id":"https:\/\/hierostrasbourg.com\/#\/schema\/logo\/image\/","url":"https:\/\/hierostrasbourg.com\/wp-content\/uploads\/2026\/04\/logo-hiero-strasbourg.jpg","contentUrl":"https:\/\/hierostrasbourg.com\/wp-content\/uploads\/2026\/04\/logo-hiero-strasbourg.jpg","width":204,"height":192,"caption":"F\u00e9d\u00e9ration Hi\u00e9ro Strasbourg"},"image":{"@id":"https:\/\/hierostrasbourg.com\/#\/schema\/logo\/image\/"},"sameAs":["https:\/\/www.facebook.com\/fedehierostrasbourg","https:\/\/x.com\/hierostrasbourg"]}]}},"_links":{"self":[{"href":"https:\/\/hierostrasbourg.com\/index.php\/wp-json\/wp\/v2\/posts\/566","targetHints":{"allow":["GET"]}}],"collection":[{"href":"https:\/\/hierostrasbourg.com\/index.php\/wp-json\/wp\/v2\/posts"}],"about":[{"href":"https:\/\/hierostrasbourg.com\/index.php\/wp-json\/wp\/v2\/types\/post"}],"replies":[{"embeddable":true,"href":"https:\/\/hierostrasbourg.com\/index.php\/wp-json\/wp\/v2\/comments?post=566"}],"version-history":[{"count":0,"href":"https:\/\/hierostrasbourg.com\/index.php\/wp-json\/wp\/v2\/posts\/566\/revisions"}],"wp:attachment":[{"href":"https:\/\/hierostrasbourg.com\/index.php\/wp-json\/wp\/v2\/media?parent=566"}],"wp:term":[{"taxonomy":"category","embeddable":true,"href":"https:\/\/hierostrasbourg.com\/index.php\/wp-json\/wp\/v2\/categories?post=566"},{"taxonomy":"post_tag","embeddable":true,"href":"https:\/\/hierostrasbourg.com\/index.php\/wp-json\/wp\/v2\/tags?post=566"}],"curies":[{"name":"wp","href":"https:\/\/api.w.org\/{rel}","templated":true}]}}