{"id":563,"date":"2021-05-19T23:34:46","date_gmt":"2021-05-19T21:34:46","guid":{"rendered":"https:\/\/popburo.fr\/?p=4908"},"modified":"2021-05-19T23:34:46","modified_gmt":"2021-05-19T21:34:46","slug":"le-service-universitaire-de-laction-culturelle-de-luniversite-de-strasbourg-recrute-un-regisseur-general-dune-salle-de-spectacle-f-h","status":"publish","type":"post","link":"https:\/\/hierostrasbourg.com\/index.php\/2021\/05\/19\/le-service-universitaire-de-laction-culturelle-de-luniversite-de-strasbourg-recrute-un-regisseur-general-dune-salle-de-spectacle-f-h\/","title":{"rendered":"LE SERVICE UNIVERSITAIRE DE L\u2019ACTION CULTURELLE DE L\u2019UNIVERSIT\u00c9 DE STRASBOURG recrute un r\u00e9gisseur g\u00e9n\u00e9ral d\u2019une salle de spectacle [F\/H]"},"content":{"rendered":"<h2 style=\"text-align: justify;\">Descriptif du poste<\/h2>\n<div style=\"text-align: justify;\">L\u2019Universit\u00e9 de Strasbourg et le CROUS de Strasbourg ont d\u00e9cid\u00e9 de mettre \u00e0 profit les investissements r\u00e9alis\u00e9s dans le cadre du plan campus pour financer la transformation du gymnase Paul Collomp en salle de spectacles d\u2019environ 200 places assises avec des gradins fixes, une sc\u00e8ne, des loges, les installations techniques basiques n\u00e9cessaires (machinerie sc\u00e9nique, \u00e9clairage, sonorisation, vid\u00e9o, passerelles, etc.) destin\u00e9e \u00e0 accueillir des spectacles vivants : th\u00e9\u00e2tre, danse, mais aussi cin\u00e9ma, concerts, manifestations organis\u00e9es \u00e0 l\u2019initiative du CROUS ou de l\u2019Unistra.<br \/>\nL\u2019ouverture de cette salle est pr\u00e9vue \u00e0 l\u2019automne 2021 et l\u2019objectif est d\u2019en faire un lieu de partage de la culture et de cr\u00e9ation d\u2019\u00e9v\u00e9nements. La salle serait utilis\u00e9e par des associations d\u2019\u00e9tudiant\u2022e\u2022s, voire des composantes, pour des spectacles quelle que soit leur forme (concert, th\u00e9\u00e2tre, danse etc..) et la programmation serait \u00e9galement ouverte \u00e0 des partenaires associatifs ou institutionnels.Le\u00b7la r\u00e9gisseur\u00b7se g\u00e9n\u00e9ral\u00b7e pr\u00e9pare, organise et coordonne l&#8217;exploitation technique des spectacles, \u00e9v\u00e9nements et manifestations de la structure. Il\u00b7elle participe \u00e0 leur r\u00e9alisation et supervise la mise en \u0153uvre des moyens humains et des dispositifs techniques n\u00e9cessaires \u00e0 la conduite d\u2019un spectacle ou de tout autre \u00e9v\u00e9nement culturel. Il.elle garantit le respect des mesures de s\u00e9curit\u00e9 en vigueur.<\/div>\n<h2 style=\"text-align: justify;\">Missions principales<\/h2>\n<ul style=\"text-align: justify;\">\n<li>Organise l&#8217;ensemble des moyens techniques, logistiques et la s\u00e9curit\u00e9, n\u00e9cessaires \u00e0 la r\u00e9alisation et l&#8217;exploitation des spectacles, \u00e9v\u00e9nements et manifestations, dans le cadre des projets artistiques et culturels de la structure ;<\/li>\n<li>D\u00e9finit les besoins en personnels techniques et constitue les \u00e9quipes, dans la limite des moyens qui lui sont allou\u00e9s<\/li>\n<li>Met en s\u00e9curit\u00e9 le plateau ;<\/li>\n<li>Encadre les personnels plac\u00e9s sous sa responsabilit\u00e9 ;<\/li>\n<li>S\u2019assure des bonnes conditions d&#8217;accueil et de travail des \u00e9quipes artistiques et techniques ;<\/li>\n<li>V\u00e9rifie les conditions d&#8217;accueil, de confort et d&#8217;accessibilit\u00e9 du public ;<\/li>\n<li>Suit les budgets allou\u00e9s et les d\u00e9penses techniques aff\u00e9rents aux spectacles, \u00e9v\u00e9nements et manifestations ;<\/li>\n<li>Contr\u00f4le l&#8217;entretien et la maintenance du mat\u00e9riel sc\u00e9nique et des espaces des manifestations ;<\/li>\n<li>Assure une veille sur l&#8217;\u00e9volution technologique de l&#8217;\u00e9quipement et du mat\u00e9riel sc\u00e9nique ;<\/li>\n<li>S\u2019assure de la mise en \u0153uvre des r\u00e8gles d&#8217;hygi\u00e8nes, de s\u00e9curit\u00e9, de s\u00fbret\u00e9 et de pr\u00e9vention des risques s&#8217;appliquant aux professionnels et aux publics.<\/li>\n<\/ul>\n<h2 style=\"text-align: justify;\">Missions secondaires<\/h2>\n<ul style=\"text-align: justify;\">\n<li>Encadre et initie les \u00e9tudiant.e.s aux techniques de sc\u00e8ne ;<\/li>\n<li>Participe aux missions SSIAP lors de l\u2019accueil du public ;<\/li>\n<li>Met en \u0153uvre la r\u00e9glementation ERP et veille \u00e0 son application.<\/li>\n<\/ul>\n<h2 style=\"text-align: justify;\">Profil recherch\u00e9<\/h2>\n<ul style=\"text-align: justify;\">\n<li>Le\u00b7la r\u00e9gisseur\u00b7se g\u00e9n\u00e9ral\u00b7e doit justifier d\u2019une certaine exp\u00e9rience (trois\/cinq ans) en tant que r\u00e9gisseur.se son, lumi\u00e8re ou plateau, avant d\u2019acc\u00e9der \u00e0 ce poste.<\/li>\n<li>Bonne connaissance du vocabulaire technique de la r\u00e9gie<\/li>\n<li>Connaissance de base du mat\u00e9riel utilis\u00e9 par les diff\u00e9rentes r\u00e9gies<\/li>\n<li>R\u00e8gles de travail en hauteur<\/li>\n<li>Connaissance de l\u2019environnement social et juridique : embauche, droit du travail, r\u00e9glementation incendie, etc.<\/li>\n<li>Bonne connaissance de l\u2019anglais technique<\/li>\n<li>Notions juridiques en hygi\u00e8ne et s\u00e9curit\u00e9<\/li>\n<li>Habilitation \u00e9lectrique<\/li>\n<li>R\u00e8gles d\u2019hygi\u00e8ne et de s\u00e9curit\u00e9 dans les ERP<\/li>\n<li>Typologie des risques<\/li>\n<li>Plan d\u2019\u00e9vacuation d\u2019un lieu<\/li>\n<li>Gestes de premier secours<\/li>\n<li>Intervention technique d\u2019urgence<\/li>\n<li>Lecture et r\u00e9alisation de plans<\/li>\n<li>Logiciels et mat\u00e9riels informatiques sp\u00e9cialis\u00e9s<\/li>\n<li>Notions de m\u00e9canique et de physique<\/li>\n<li>Ma\u00eetrise du fonctionnement du secteur du spectacle dans toute sa diversit\u00e9<\/li>\n<li>Connaissance du r\u00e9seau des Crous, des milieux universitaire, institutionnel et culture<\/li>\n<li>Mode de travail transversal, travail collaboratif<\/li>\n<li>Connaissances des pratiques culturelles des \u00e9tudiant.e.s<\/li>\n<li>Connaissance de la r\u00e9glementation en mati\u00e8re de s\u00e9curit\u00e9 des \u00e9tablissements destin\u00e9s \u00e0 recevoir du public.<\/li>\n<li>Capacit\u00e9s \u00e0 manager une \u00e9quipe<\/li>\n<li>Rythme de travail souple<\/li>\n<li>Capacit\u00e9 \u00e0 transmettre\/former<\/li>\n<li>Ponctualit\u00e9, r\u00e9activit\u00e9 et disponibilit\u00e9<\/li>\n<li>Esprit d\u2019\u00e9quipe<\/li>\n<li>Esprit de d\u00e9cision et de synth\u00e8se<\/li>\n<li>Rigueur et sens de l\u2019organisation<\/li>\n<li>Anticipation et sens des responsabilit\u00e9s<\/li>\n<li>Bonne r\u00e9sistance au stress<\/li>\n<li>Sens de l\u2019\u00e9coute<\/li>\n<li>Qualit\u00e9s relationnelles<\/li>\n<\/ul>\n<h2 style=\"text-align: justify;\">Information sur le poste<\/h2>\n<ul style=\"text-align: justify;\">\n<li>CDD \u2013 12 mois, renouvelable \/ 1 mois de p\u00e9riode d\u2019essai<\/li>\n<li>Temps complet (37,30h)<\/li>\n<li>Non cadre \u2013 R\u00e9mun\u00e9ration mensuelle brute de 2283\u20ac (1800 \u20ac net) Prise de poste souhait\u00e9e : 01\/09\/21<\/li>\n<li>Poste bas\u00e9 \u00e0 la salle de spectacle situ\u00e9e \u00e0 la Cit\u00e9 universitaire Paul Appell, 8 rue de Palerme, 67000 Strasbourg.<\/li>\n<\/ul>\n<p style=\"text-align: justify;\">Merci d\u2019adresser votre CV et lettre de motivation sous la r\u00e9f\u00e9rence REGIEGENSUAC2021, de pr\u00e9f\u00e9rence par courriel \u00e0 bstrauss@unistra.fr, au nom de M. Bernard Strauss, directeur-adjoint du Service universitaire de l\u2019action culturelle (Suac), Universit\u00e9 de Strasbourg (tel : 03 68 85 66 43)<\/p>\n<p>R\u00e9f. : REGIEGENSUAC2021<br \/>\nLocalisation : Strasbourg<br \/>\nEntreprise : Universit\u00e9 de Strasbourg \/ Service universitaire de l\u2019action culturelle (Suac)<br \/>\nSecteur : R\u00e9gie g\u00e9n\u00e9rale spectacle vivant<br \/>\nContrat : Contrat \u00e0 Dur\u00e9e D\u00e9termin\u00e9e (CDD) de 12 mois, renouvelable D\u00e9but de contrat : 01\/09\/2021<br \/>\nFin de contrat : 31\/08\/2022<br \/>\nQuotit\u00e9 de travail : Temps plein (37,30h)<br \/>\nDur\u00e9e de l\u2019appel d&#8217;offre : 19\/05\/21 au 18\/06\/21<\/p>\n<p>L\u2019article <a rel=\"nofollow\" href=\"https:\/\/popburo.fr\/le-service-universitaire-de-l-action-culturelle-de-luniversite-de-strasbourg-recrute-un-regisseur-general-dune-salle-de-spectacle-f-h\/\">LE SERVICE UNIVERSITAIRE DE L&#8217;ACTION CULTURELLE DE L&#8217;UNIVERSIT\u00c9 DE STRASBOURG recrute un r\u00e9gisseur g\u00e9n\u00e9ral d&#8217;une salle de spectacle [F\/H]<\/a> est apparu en premier sur <a rel=\"nofollow\" href=\"https:\/\/popburo.fr\">POP B\u00dcRO<\/a>.<\/p>\n","protected":false},"excerpt":{"rendered":"<p>Descriptif du poste L\u2019Universit\u00e9 de Strasbourg et le CROUS de Strasbourg ont d\u00e9cid\u00e9 de mettre \u00e0 profit les investissements r\u00e9alis\u00e9s dans le cadre du plan campus pour financer la transformation du gymnase Paul Collomp en salle de spectacles d\u2019environ 200 places assises avec des gradins fixes, une sc\u00e8ne, des loges, les installations techniques basiques n\u00e9cessaires (machinerie sc\u00e9nique, \u00e9clairage, sonorisation, vid\u00e9o, passerelles, etc.) destin\u00e9e \u00e0 accueillir des spectacles vivants : th\u00e9\u00e2tre, danse, mais aussi cin\u00e9ma, concerts, manifestations organis\u00e9es \u00e0 l\u2019initiative du [&hellip;]<\/p>\n","protected":false},"author":2,"featured_media":0,"comment_status":"open","ping_status":"closed","sticky":false,"template":"","format":"standard","meta":{"footnotes":""},"categories":[1],"tags":[24,25],"class_list":["post-563","post","type-post","status-publish","format-standard","hentry","category-non-classe","tag-offres-demplois-et-de-stages-en-alsace","tag-offres-emplois-et-stages"],"yoast_head":"<!-- This site is optimized with the Yoast SEO plugin v27.5 - https:\/\/yoast.com\/product\/yoast-seo-wordpress\/ -->\n<title>LE SERVICE UNIVERSITAIRE DE L\u2019ACTION CULTURELLE DE L\u2019UNIVERSIT\u00c9 DE STRASBOURG recrute un r\u00e9gisseur g\u00e9n\u00e9ral d\u2019une salle de spectacle [F\/H] - HIERO STRASBOURG<\/title>\n<meta name=\"robots\" content=\"index, follow, max-snippet:-1, max-image-preview:large, max-video-preview:-1\" \/>\n<link rel=\"canonical\" href=\"https:\/\/hierostrasbourg.com\/index.php\/2021\/05\/19\/le-service-universitaire-de-laction-culturelle-de-luniversite-de-strasbourg-recrute-un-regisseur-general-dune-salle-de-spectacle-f-h\/\" \/>\n<meta property=\"og:locale\" content=\"fr_FR\" \/>\n<meta property=\"og:type\" content=\"article\" \/>\n<meta property=\"og:title\" content=\"LE SERVICE UNIVERSITAIRE DE L\u2019ACTION CULTURELLE DE L\u2019UNIVERSIT\u00c9 DE STRASBOURG recrute un r\u00e9gisseur g\u00e9n\u00e9ral d\u2019une salle de spectacle [F\/H] - HIERO STRASBOURG\" \/>\n<meta property=\"og:description\" content=\"Descriptif du poste L\u2019Universit\u00e9 de Strasbourg et le CROUS de Strasbourg ont d\u00e9cid\u00e9 de mettre \u00e0 profit les investissements r\u00e9alis\u00e9s dans le cadre du plan campus pour financer la transformation du gymnase Paul Collomp en salle de spectacles d\u2019environ 200 places assises avec des gradins fixes, une sc\u00e8ne, des loges, les installations techniques basiques n\u00e9cessaires (machinerie sc\u00e9nique, \u00e9clairage, sonorisation, vid\u00e9o, passerelles, etc.) destin\u00e9e \u00e0 accueillir des spectacles vivants : th\u00e9\u00e2tre, danse, mais aussi cin\u00e9ma, concerts, manifestations organis\u00e9es \u00e0 l\u2019initiative du [&hellip;]\" \/>\n<meta property=\"og:url\" content=\"https:\/\/hierostrasbourg.com\/index.php\/2021\/05\/19\/le-service-universitaire-de-laction-culturelle-de-luniversite-de-strasbourg-recrute-un-regisseur-general-dune-salle-de-spectacle-f-h\/\" \/>\n<meta property=\"og:site_name\" content=\"HIERO STRASBOURG\" \/>\n<meta property=\"article:publisher\" content=\"https:\/\/www.facebook.com\/fedehierostrasbourg\" \/>\n<meta property=\"article:published_time\" content=\"2021-05-19T21:34:46+00:00\" \/>\n<meta property=\"og:image\" content=\"https:\/\/i0.wp.com\/hierostrasbourg.com\/wp-content\/uploads\/2021\/05\/le-service-universitaire-de-laction-culturelle-de-luniversite-de-strasbourg-recrute-un-regisseur-general-dune-salle-de-spectacle-f-h.jpg?fit=150%2C150&ssl=1\" \/>\n\t<meta property=\"og:image:width\" content=\"150\" \/>\n\t<meta property=\"og:image:height\" content=\"150\" \/>\n\t<meta property=\"og:image:type\" content=\"image\/jpeg\" \/>\n<meta name=\"author\" content=\"hiero\" \/>\n<meta name=\"twitter:card\" content=\"summary_large_image\" \/>\n<meta name=\"twitter:creator\" content=\"@hierostrasbourg\" \/>\n<meta name=\"twitter:site\" content=\"@hierostrasbourg\" \/>\n<meta name=\"twitter:label1\" content=\"\u00c9crit par\" \/>\n\t<meta name=\"twitter:data1\" content=\"hiero\" \/>\n\t<meta name=\"twitter:label2\" content=\"Dur\u00e9e de lecture estim\u00e9e\" \/>\n\t<meta name=\"twitter:data2\" content=\"4 minutes\" \/>\n<script type=\"application\/ld+json\" class=\"yoast-schema-graph\">{\"@context\":\"https:\\\/\\\/schema.org\",\"@graph\":[{\"@type\":\"Article\",\"@id\":\"https:\\\/\\\/hierostrasbourg.com\\\/index.php\\\/2021\\\/05\\\/19\\\/le-service-universitaire-de-laction-culturelle-de-luniversite-de-strasbourg-recrute-un-regisseur-general-dune-salle-de-spectacle-f-h\\\/#article\",\"isPartOf\":{\"@id\":\"https:\\\/\\\/hierostrasbourg.com\\\/index.php\\\/2021\\\/05\\\/19\\\/le-service-universitaire-de-laction-culturelle-de-luniversite-de-strasbourg-recrute-un-regisseur-general-dune-salle-de-spectacle-f-h\\\/\"},\"author\":{\"name\":\"hiero\",\"@id\":\"https:\\\/\\\/hierostrasbourg.com\\\/#\\\/schema\\\/person\\\/e35213117dac7d429e5d464590776304\"},\"headline\":\"LE SERVICE UNIVERSITAIRE DE L\u2019ACTION CULTURELLE DE L\u2019UNIVERSIT\u00c9 DE STRASBOURG recrute un r\u00e9gisseur g\u00e9n\u00e9ral d\u2019une salle de spectacle [F\\\/H]\",\"datePublished\":\"2021-05-19T21:34:46+00:00\",\"mainEntityOfPage\":{\"@id\":\"https:\\\/\\\/hierostrasbourg.com\\\/index.php\\\/2021\\\/05\\\/19\\\/le-service-universitaire-de-laction-culturelle-de-luniversite-de-strasbourg-recrute-un-regisseur-general-dune-salle-de-spectacle-f-h\\\/\"},\"wordCount\":917,\"commentCount\":0,\"publisher\":{\"@id\":\"https:\\\/\\\/hierostrasbourg.com\\\/#organization\"},\"keywords\":[\"Offres d'emplois et de stages en Alsace\",\"OFFRES EMPLOIS ET STAGES\"],\"inLanguage\":\"fr-FR\",\"potentialAction\":[{\"@type\":\"CommentAction\",\"name\":\"Comment\",\"target\":[\"https:\\\/\\\/hierostrasbourg.com\\\/index.php\\\/2021\\\/05\\\/19\\\/le-service-universitaire-de-laction-culturelle-de-luniversite-de-strasbourg-recrute-un-regisseur-general-dune-salle-de-spectacle-f-h\\\/#respond\"]}]},{\"@type\":\"WebPage\",\"@id\":\"https:\\\/\\\/hierostrasbourg.com\\\/index.php\\\/2021\\\/05\\\/19\\\/le-service-universitaire-de-laction-culturelle-de-luniversite-de-strasbourg-recrute-un-regisseur-general-dune-salle-de-spectacle-f-h\\\/\",\"url\":\"https:\\\/\\\/hierostrasbourg.com\\\/index.php\\\/2021\\\/05\\\/19\\\/le-service-universitaire-de-laction-culturelle-de-luniversite-de-strasbourg-recrute-un-regisseur-general-dune-salle-de-spectacle-f-h\\\/\",\"name\":\"LE SERVICE UNIVERSITAIRE DE L\u2019ACTION CULTURELLE DE L\u2019UNIVERSIT\u00c9 DE STRASBOURG recrute un r\u00e9gisseur g\u00e9n\u00e9ral d\u2019une salle de spectacle [F\\\/H] - HIERO STRASBOURG\",\"isPartOf\":{\"@id\":\"https:\\\/\\\/hierostrasbourg.com\\\/#website\"},\"datePublished\":\"2021-05-19T21:34:46+00:00\",\"breadcrumb\":{\"@id\":\"https:\\\/\\\/hierostrasbourg.com\\\/index.php\\\/2021\\\/05\\\/19\\\/le-service-universitaire-de-laction-culturelle-de-luniversite-de-strasbourg-recrute-un-regisseur-general-dune-salle-de-spectacle-f-h\\\/#breadcrumb\"},\"inLanguage\":\"fr-FR\",\"potentialAction\":[{\"@type\":\"ReadAction\",\"target\":[\"https:\\\/\\\/hierostrasbourg.com\\\/index.php\\\/2021\\\/05\\\/19\\\/le-service-universitaire-de-laction-culturelle-de-luniversite-de-strasbourg-recrute-un-regisseur-general-dune-salle-de-spectacle-f-h\\\/\"]}]},{\"@type\":\"BreadcrumbList\",\"@id\":\"https:\\\/\\\/hierostrasbourg.com\\\/index.php\\\/2021\\\/05\\\/19\\\/le-service-universitaire-de-laction-culturelle-de-luniversite-de-strasbourg-recrute-un-regisseur-general-dune-salle-de-spectacle-f-h\\\/#breadcrumb\",\"itemListElement\":[{\"@type\":\"ListItem\",\"position\":1,\"name\":\"Accueil\",\"item\":\"https:\\\/\\\/hierostrasbourg.com\\\/\"},{\"@type\":\"ListItem\",\"position\":2,\"name\":\"LE SERVICE UNIVERSITAIRE DE L\u2019ACTION CULTURELLE DE L\u2019UNIVERSIT\u00c9 DE STRASBOURG recrute un r\u00e9gisseur g\u00e9n\u00e9ral d\u2019une salle de spectacle [F\\\/H]\"}]},{\"@type\":\"WebSite\",\"@id\":\"https:\\\/\\\/hierostrasbourg.com\\\/#website\",\"url\":\"https:\\\/\\\/hierostrasbourg.com\\\/\",\"name\":\"HIERO STRASBOURG\",\"description\":\"Centre de Ressources Musiques Actuelles\",\"publisher\":{\"@id\":\"https:\\\/\\\/hierostrasbourg.com\\\/#organization\"},\"potentialAction\":[{\"@type\":\"SearchAction\",\"target\":{\"@type\":\"EntryPoint\",\"urlTemplate\":\"https:\\\/\\\/hierostrasbourg.com\\\/?s={search_term_string}\"},\"query-input\":{\"@type\":\"PropertyValueSpecification\",\"valueRequired\":true,\"valueName\":\"search_term_string\"}}],\"inLanguage\":\"fr-FR\"},{\"@type\":\"Organization\",\"@id\":\"https:\\\/\\\/hierostrasbourg.com\\\/#organization\",\"name\":\"F\u00e9d\u00e9ration Hi\u00e9ro Strasbourg\",\"url\":\"https:\\\/\\\/hierostrasbourg.com\\\/\",\"logo\":{\"@type\":\"ImageObject\",\"inLanguage\":\"fr-FR\",\"@id\":\"https:\\\/\\\/hierostrasbourg.com\\\/#\\\/schema\\\/logo\\\/image\\\/\",\"url\":\"https:\\\/\\\/hierostrasbourg.com\\\/wp-content\\\/uploads\\\/2026\\\/04\\\/logo-hiero-strasbourg.jpg\",\"contentUrl\":\"https:\\\/\\\/hierostrasbourg.com\\\/wp-content\\\/uploads\\\/2026\\\/04\\\/logo-hiero-strasbourg.jpg\",\"width\":204,\"height\":192,\"caption\":\"F\u00e9d\u00e9ration Hi\u00e9ro Strasbourg\"},\"image\":{\"@id\":\"https:\\\/\\\/hierostrasbourg.com\\\/#\\\/schema\\\/logo\\\/image\\\/\"},\"sameAs\":[\"https:\\\/\\\/www.facebook.com\\\/fedehierostrasbourg\",\"https:\\\/\\\/x.com\\\/hierostrasbourg\"]},{\"@type\":\"Person\",\"@id\":\"https:\\\/\\\/hierostrasbourg.com\\\/#\\\/schema\\\/person\\\/e35213117dac7d429e5d464590776304\",\"name\":\"hiero\",\"image\":{\"@type\":\"ImageObject\",\"inLanguage\":\"fr-FR\",\"@id\":\"https:\\\/\\\/hierostrasbourg.com\\\/wp-content\\\/litespeed\\\/avatar\\\/a6d7daff26f8de998574d7d8b3fe7c57.jpg?ver=1777120857\",\"url\":\"https:\\\/\\\/hierostrasbourg.com\\\/wp-content\\\/litespeed\\\/avatar\\\/a6d7daff26f8de998574d7d8b3fe7c57.jpg?ver=1777120857\",\"contentUrl\":\"https:\\\/\\\/hierostrasbourg.com\\\/wp-content\\\/litespeed\\\/avatar\\\/a6d7daff26f8de998574d7d8b3fe7c57.jpg?ver=1777120857\",\"caption\":\"hiero\"},\"url\":\"https:\\\/\\\/hierostrasbourg.com\\\/index.php\\\/author\\\/hiero\\\/\"}]}<\/script>\n<!-- \/ Yoast SEO plugin. -->","yoast_head_json":{"title":"LE SERVICE UNIVERSITAIRE DE L\u2019ACTION CULTURELLE DE L\u2019UNIVERSIT\u00c9 DE STRASBOURG recrute un r\u00e9gisseur g\u00e9n\u00e9ral d\u2019une salle de spectacle [F\/H] - HIERO STRASBOURG","robots":{"index":"index","follow":"follow","max-snippet":"max-snippet:-1","max-image-preview":"max-image-preview:large","max-video-preview":"max-video-preview:-1"},"canonical":"https:\/\/hierostrasbourg.com\/index.php\/2021\/05\/19\/le-service-universitaire-de-laction-culturelle-de-luniversite-de-strasbourg-recrute-un-regisseur-general-dune-salle-de-spectacle-f-h\/","og_locale":"fr_FR","og_type":"article","og_title":"LE SERVICE UNIVERSITAIRE DE L\u2019ACTION CULTURELLE DE L\u2019UNIVERSIT\u00c9 DE STRASBOURG recrute un r\u00e9gisseur g\u00e9n\u00e9ral d\u2019une salle de spectacle [F\/H] - HIERO STRASBOURG","og_description":"Descriptif du poste L\u2019Universit\u00e9 de Strasbourg et le CROUS de Strasbourg ont d\u00e9cid\u00e9 de mettre \u00e0 profit les investissements r\u00e9alis\u00e9s dans le cadre du plan campus pour financer la transformation du gymnase Paul Collomp en salle de spectacles d\u2019environ 200 places assises avec des gradins fixes, une sc\u00e8ne, des loges, les installations techniques basiques n\u00e9cessaires (machinerie sc\u00e9nique, \u00e9clairage, sonorisation, vid\u00e9o, passerelles, etc.) destin\u00e9e \u00e0 accueillir des spectacles vivants : th\u00e9\u00e2tre, danse, mais aussi cin\u00e9ma, concerts, manifestations organis\u00e9es \u00e0 l\u2019initiative du [&hellip;]","og_url":"https:\/\/hierostrasbourg.com\/index.php\/2021\/05\/19\/le-service-universitaire-de-laction-culturelle-de-luniversite-de-strasbourg-recrute-un-regisseur-general-dune-salle-de-spectacle-f-h\/","og_site_name":"HIERO STRASBOURG","article_publisher":"https:\/\/www.facebook.com\/fedehierostrasbourg","article_published_time":"2021-05-19T21:34:46+00:00","og_image":[{"width":150,"height":150,"url":"https:\/\/i0.wp.com\/hierostrasbourg.com\/wp-content\/uploads\/2021\/05\/le-service-universitaire-de-laction-culturelle-de-luniversite-de-strasbourg-recrute-un-regisseur-general-dune-salle-de-spectacle-f-h.jpg?fit=150%2C150&ssl=1","type":"image\/jpeg"}],"author":"hiero","twitter_card":"summary_large_image","twitter_creator":"@hierostrasbourg","twitter_site":"@hierostrasbourg","twitter_misc":{"\u00c9crit par":"hiero","Dur\u00e9e de lecture estim\u00e9e":"4 minutes"},"schema":{"@context":"https:\/\/schema.org","@graph":[{"@type":"Article","@id":"https:\/\/hierostrasbourg.com\/index.php\/2021\/05\/19\/le-service-universitaire-de-laction-culturelle-de-luniversite-de-strasbourg-recrute-un-regisseur-general-dune-salle-de-spectacle-f-h\/#article","isPartOf":{"@id":"https:\/\/hierostrasbourg.com\/index.php\/2021\/05\/19\/le-service-universitaire-de-laction-culturelle-de-luniversite-de-strasbourg-recrute-un-regisseur-general-dune-salle-de-spectacle-f-h\/"},"author":{"name":"hiero","@id":"https:\/\/hierostrasbourg.com\/#\/schema\/person\/e35213117dac7d429e5d464590776304"},"headline":"LE SERVICE UNIVERSITAIRE DE L\u2019ACTION CULTURELLE DE L\u2019UNIVERSIT\u00c9 DE STRASBOURG recrute un r\u00e9gisseur g\u00e9n\u00e9ral d\u2019une salle de spectacle [F\/H]","datePublished":"2021-05-19T21:34:46+00:00","mainEntityOfPage":{"@id":"https:\/\/hierostrasbourg.com\/index.php\/2021\/05\/19\/le-service-universitaire-de-laction-culturelle-de-luniversite-de-strasbourg-recrute-un-regisseur-general-dune-salle-de-spectacle-f-h\/"},"wordCount":917,"commentCount":0,"publisher":{"@id":"https:\/\/hierostrasbourg.com\/#organization"},"keywords":["Offres d'emplois et de stages en Alsace","OFFRES EMPLOIS ET STAGES"],"inLanguage":"fr-FR","potentialAction":[{"@type":"CommentAction","name":"Comment","target":["https:\/\/hierostrasbourg.com\/index.php\/2021\/05\/19\/le-service-universitaire-de-laction-culturelle-de-luniversite-de-strasbourg-recrute-un-regisseur-general-dune-salle-de-spectacle-f-h\/#respond"]}]},{"@type":"WebPage","@id":"https:\/\/hierostrasbourg.com\/index.php\/2021\/05\/19\/le-service-universitaire-de-laction-culturelle-de-luniversite-de-strasbourg-recrute-un-regisseur-general-dune-salle-de-spectacle-f-h\/","url":"https:\/\/hierostrasbourg.com\/index.php\/2021\/05\/19\/le-service-universitaire-de-laction-culturelle-de-luniversite-de-strasbourg-recrute-un-regisseur-general-dune-salle-de-spectacle-f-h\/","name":"LE SERVICE UNIVERSITAIRE DE L\u2019ACTION CULTURELLE DE L\u2019UNIVERSIT\u00c9 DE STRASBOURG recrute un r\u00e9gisseur g\u00e9n\u00e9ral d\u2019une salle de spectacle [F\/H] - HIERO STRASBOURG","isPartOf":{"@id":"https:\/\/hierostrasbourg.com\/#website"},"datePublished":"2021-05-19T21:34:46+00:00","breadcrumb":{"@id":"https:\/\/hierostrasbourg.com\/index.php\/2021\/05\/19\/le-service-universitaire-de-laction-culturelle-de-luniversite-de-strasbourg-recrute-un-regisseur-general-dune-salle-de-spectacle-f-h\/#breadcrumb"},"inLanguage":"fr-FR","potentialAction":[{"@type":"ReadAction","target":["https:\/\/hierostrasbourg.com\/index.php\/2021\/05\/19\/le-service-universitaire-de-laction-culturelle-de-luniversite-de-strasbourg-recrute-un-regisseur-general-dune-salle-de-spectacle-f-h\/"]}]},{"@type":"BreadcrumbList","@id":"https:\/\/hierostrasbourg.com\/index.php\/2021\/05\/19\/le-service-universitaire-de-laction-culturelle-de-luniversite-de-strasbourg-recrute-un-regisseur-general-dune-salle-de-spectacle-f-h\/#breadcrumb","itemListElement":[{"@type":"ListItem","position":1,"name":"Accueil","item":"https:\/\/hierostrasbourg.com\/"},{"@type":"ListItem","position":2,"name":"LE SERVICE UNIVERSITAIRE DE L\u2019ACTION CULTURELLE DE L\u2019UNIVERSIT\u00c9 DE STRASBOURG recrute un r\u00e9gisseur g\u00e9n\u00e9ral d\u2019une salle de spectacle [F\/H]"}]},{"@type":"WebSite","@id":"https:\/\/hierostrasbourg.com\/#website","url":"https:\/\/hierostrasbourg.com\/","name":"HIERO STRASBOURG","description":"Centre de Ressources Musiques Actuelles","publisher":{"@id":"https:\/\/hierostrasbourg.com\/#organization"},"potentialAction":[{"@type":"SearchAction","target":{"@type":"EntryPoint","urlTemplate":"https:\/\/hierostrasbourg.com\/?s={search_term_string}"},"query-input":{"@type":"PropertyValueSpecification","valueRequired":true,"valueName":"search_term_string"}}],"inLanguage":"fr-FR"},{"@type":"Organization","@id":"https:\/\/hierostrasbourg.com\/#organization","name":"F\u00e9d\u00e9ration Hi\u00e9ro Strasbourg","url":"https:\/\/hierostrasbourg.com\/","logo":{"@type":"ImageObject","inLanguage":"fr-FR","@id":"https:\/\/hierostrasbourg.com\/#\/schema\/logo\/image\/","url":"https:\/\/hierostrasbourg.com\/wp-content\/uploads\/2026\/04\/logo-hiero-strasbourg.jpg","contentUrl":"https:\/\/hierostrasbourg.com\/wp-content\/uploads\/2026\/04\/logo-hiero-strasbourg.jpg","width":204,"height":192,"caption":"F\u00e9d\u00e9ration Hi\u00e9ro Strasbourg"},"image":{"@id":"https:\/\/hierostrasbourg.com\/#\/schema\/logo\/image\/"},"sameAs":["https:\/\/www.facebook.com\/fedehierostrasbourg","https:\/\/x.com\/hierostrasbourg"]},{"@type":"Person","@id":"https:\/\/hierostrasbourg.com\/#\/schema\/person\/e35213117dac7d429e5d464590776304","name":"hiero","image":{"@type":"ImageObject","inLanguage":"fr-FR","@id":"https:\/\/hierostrasbourg.com\/wp-content\/litespeed\/avatar\/a6d7daff26f8de998574d7d8b3fe7c57.jpg?ver=1777120857","url":"https:\/\/hierostrasbourg.com\/wp-content\/litespeed\/avatar\/a6d7daff26f8de998574d7d8b3fe7c57.jpg?ver=1777120857","contentUrl":"https:\/\/hierostrasbourg.com\/wp-content\/litespeed\/avatar\/a6d7daff26f8de998574d7d8b3fe7c57.jpg?ver=1777120857","caption":"hiero"},"url":"https:\/\/hierostrasbourg.com\/index.php\/author\/hiero\/"}]}},"_links":{"self":[{"href":"https:\/\/hierostrasbourg.com\/index.php\/wp-json\/wp\/v2\/posts\/563","targetHints":{"allow":["GET"]}}],"collection":[{"href":"https:\/\/hierostrasbourg.com\/index.php\/wp-json\/wp\/v2\/posts"}],"about":[{"href":"https:\/\/hierostrasbourg.com\/index.php\/wp-json\/wp\/v2\/types\/post"}],"author":[{"embeddable":true,"href":"https:\/\/hierostrasbourg.com\/index.php\/wp-json\/wp\/v2\/users\/2"}],"replies":[{"embeddable":true,"href":"https:\/\/hierostrasbourg.com\/index.php\/wp-json\/wp\/v2\/comments?post=563"}],"version-history":[{"count":0,"href":"https:\/\/hierostrasbourg.com\/index.php\/wp-json\/wp\/v2\/posts\/563\/revisions"}],"wp:attachment":[{"href":"https:\/\/hierostrasbourg.com\/index.php\/wp-json\/wp\/v2\/media?parent=563"}],"wp:term":[{"taxonomy":"category","embeddable":true,"href":"https:\/\/hierostrasbourg.com\/index.php\/wp-json\/wp\/v2\/categories?post=563"},{"taxonomy":"post_tag","embeddable":true,"href":"https:\/\/hierostrasbourg.com\/index.php\/wp-json\/wp\/v2\/tags?post=563"}],"curies":[{"name":"wp","href":"https:\/\/api.w.org\/{rel}","templated":true}]}}