{"id":559,"date":"2021-05-20T00:20:16","date_gmt":"2021-05-19T22:20:16","guid":{"rendered":"https:\/\/hierostrasbourg.com\/index.php\/2021\/05\/20\/le-service-universitaire-de-laction-culturelle-de-luniversite-de-strasbourg-recrute-un-charge-de-communication-accueil-et-billetterie-dune-salle-de-spectacle-f-h\/"},"modified":"2021-05-20T00:20:16","modified_gmt":"2021-05-19T22:20:16","slug":"le-service-universitaire-de-laction-culturelle-de-luniversite-de-strasbourg-recrute-un-charge-de-communication-accueil-et-billetterie-dune-salle-de-spectacle-f-h","status":"publish","type":"post","link":"https:\/\/hierostrasbourg.com\/index.php\/2021\/05\/20\/le-service-universitaire-de-laction-culturelle-de-luniversite-de-strasbourg-recrute-un-charge-de-communication-accueil-et-billetterie-dune-salle-de-spectacle-f-h\/","title":{"rendered":"LE SERVICE UNIVERSITAIRE DE L\u2019ACTION CULTURELLE DE L\u2019UNIVERSIT\u00c9 DE STRASBOURG recrute un charg\u00e9 de communication, accueil et billetterie d\u2019une salle de spectacle [F\/H]"},"content":{"rendered":"<h2>Descriptif du poste<\/h2>\n<p>L\u2019Universit\u00e9 de Strasbourg et le CROUS de Strasbourg ont d\u00e9cid\u00e9 de mettre \u00e0 profit les investissements r\u00e9alis\u00e9s dans le cadre du plan campus pour financer la transformation du gymnase Paul Collomp en salle de spectacles d\u2019environ 200 places assises avec des gradins fixes, une sc\u00e8ne, des loges, les installations techniques basiques n\u00e9cessaires (machinerie sc\u00e9nique, \u00e9clairage, sonorisation, vid\u00e9o, passerelles, etc.) destin\u00e9e \u00e0 accueillir des spectacles vivants : th\u00e9\u00e2tre, danse, mais aussi cin\u00e9ma, concerts, manifestations organis\u00e9es \u00e0 l\u2019initiative du CROUS ou de l\u2019Unistra.<br \/>\nL\u2019ouverture de cette salle est pr\u00e9vue \u00e0 l\u2019automne 2021 et l\u2019objectif est d\u2019en faire un lieu de partage de la culture et de cr\u00e9ation d\u2019\u00e9v\u00e9nements. La salle serait utilis\u00e9e par des associations d\u2019\u00e9tudiant\u2022e\u2022s, voire des composantes, pour des spectacles quelle que soit leur forme (concert, th\u00e9\u00e2tre, danse etc..) et la programmation serait \u00e9galement ouverte \u00e0 des partenaires associatifs ou institutionnels.<\/p>\n<p>La.Le Charg\u00e9-e de communication, d\u2019accueil et de la billetterie est plac\u00e9.e sous l\u2019autorit\u00e9 hi\u00e9rarchique du directeur du Service universitaire de l\u2019action culturelle (Suac) de l\u2019Universit\u00e9 de Strasbourg, sous la coordination du responsable de la salle et en lien avec les responsables communication du Crous et du Suac.<\/p>\n<h2>Missions principales :<\/h2>\n<h3>Communication<\/h3>\n<p>Assurer le suivi du plan de communication de la saison universitaire de la salle de spectacles et en g\u00e9rer le budget,<br \/>\nParticiper \u00e0 la conception des supports de communication web et print dans le respect de la charte graphique \u00e9tablie<br \/>\nOrganiser la diffusion des supports,<br \/>\nAssurer la mise \u00e0 jour du site internet de la salle,<br \/>\nAnimer les r\u00e9seaux sociaux de la salle,<br \/>\nAssurer et animer les relations avec les m\u00e9dias r\u00e9gionaux et sp\u00e9cialis\u00e9s,<br \/>\nPrendre part avec la.le responsable de la salle \u00e0 la r\u00e9flexion sur la recherche de nouveaux publics,<br \/>\nAccompagner la r\u00e9flexion sur le d\u00e9veloppement des outils de communication de la salle,<br \/>\nAssurer la visibilit\u00e9 et la promotion de la salle de spectacles.<\/p>\n<h3>Missions secondaires<\/h3>\n<h3>Accueil<\/h3>\n<p>Assurer l\u2019accueil physique et t\u00e9l\u00e9phonique des interlocuteurs internes (personnels) et externes (usagers),<br \/>\nAccueillir, informer et orienter les \u00e9quipes artistiques et techniques.<\/p>\n<p>Billetterie<\/p>\n<p>G\u00e9rer les r\u00e9servations et la vente des billets en pr\u00e9sentiel et en ligne,<br \/>\n\u00catre mandataire suppl\u00e9ant du r\u00e9gisseur des recettes.<\/p>\n<h2>Profil recherch\u00e9<\/h2>\n<h3>Communication<\/h3>\n<p>Connaissance des logiciels de P.A.O<br \/>\nConnaissance de la cha\u00eene graphique<br \/>\nConnaissance des outils num\u00e9riques et des technologies multim\u00e9dia de l\u2019information et de la<br \/>\ncommunication<br \/>\nMa\u00eetrise des r\u00e9seaux sociaux<br \/>\nConnaissance du spectacle vivant et de son environnement<\/p>\n<h3>Accueil et billetterie<\/h3>\n<p>Techniques d\u2019accueil, de tenue de caisse et de billetterie<br \/>\nTechnique de la r\u00e9solution de conflits<br \/>\nConnaissance de l\u2019outil informatique (Word, Excel, Internet)<br \/>\nUtilisation et param\u00e9trage d\u2019un logiciel de billetterie<\/p>\n<h2>Comp\u00e9tences op\u00e9rationnelles<\/h2>\n<h3>Communication<\/h3>\n<p>Savoir r\u00e9diger les documents de communication web et print<br \/>\nConcevoir et r\u00e9aliser des actions de communication<br \/>\nSavoir n\u00e9gocier et g\u00e9rer un budget<br \/>\nConnaissances des pratiques culturelles et num\u00e9riques des \u00e9tudiant.es Accueil et billetterie :<br \/>\nAssimiler une programmation artistique et savoir la restituer<br \/>\nIdentifier les probl\u00e8mes et proposer des solutions adapt\u00e9es<br \/>\nPrendre des initiatives et \u00eatre r\u00e9actif dans la gestion des accueils<br \/>\nPartager l\u2019information<br \/>\n\u00c9laborer des statistiques et des tableaux de bord<\/p>\n<h3>Comp\u00e9tences comportementales<\/h3>\n<p>Go\u00fbt pour la communication<br \/>\nGo\u00fbt pour le travail en \u00e9quipe<br \/>\nCapacit\u00e9 d\u2019adaptation<br \/>\nDisponibilit\u00e9, flexibilit\u00e9<br \/>\nForce de propositions<br \/>\nRigueur<br \/>\nSens de l\u2019\u00e9coute<br \/>\nQualit\u00e9s relationnelles aigues<br \/>\nCr\u00e9ativit\u00e9<br \/>\nSensibilit\u00e9 artistique<br \/>\n\u00c9changes avec les autres services (Crous\/ Universit\u00e9)<br \/>\nRelations avec l\u2019ensemble des partenaires culturels du Crous et de l\u2019Universit\u00e9<\/p>\n<h2>Information sur le poste :<\/h2>\n<p>CDD \u2013 12 mois, renouvelable \/ 1 mois de p\u00e9riode d\u2019essai<br \/>\nTemps complet (37,30h)<br \/>\nNon cadre \u2013 R\u00e9mun\u00e9ration mensuelle brute de 1776\u20ac (1400 \u20ac net) Prise de poste souhait\u00e9e : 01\/10\/21<br \/>\nPoste bas\u00e9 \u00e0 la salle de spectacle situ\u00e9e \u00e0 la Cit\u00e9 universitaire Paul Appell, 8 rue de Palerme, 67000<br \/>\nStrasbourg.<\/p>\n<p>Merci d\u2019adresser votre CV et lettre de motivation sous la r\u00e9f\u00e9rence COMMSPCSUAC2021, de pr\u00e9f\u00e9rence par courriel \u00e0 bstrauss@unistra.fr, au nom de M. Bernard Strauss, directeur-adjoint du Service universitaire de l\u2019action culturelle (Suac), Universit\u00e9 de Strasbourg (tel : 03 68 85 66 43)<\/p>\n<p>R\u00e9f. : COMMSPCSUAC2021<br \/>\nLocalisation : Strasbourg<br \/>\nEntreprise : Universit\u00e9 de Strasbourg \/ Service universitaire de l\u2019action culturelle (Suac)<br \/>\nSecteur : Communication secteur culturel<br \/>\nContrat : Contrat \u00e0 Dur\u00e9e D\u00e9termin\u00e9e (CDD) de 12 mois, renouvelable D\u00e9but de contrat : 01\/10\/2021<br \/>\nFin de contrat : 30\/09\/2022<br \/>\nQuotit\u00e9 de travail : Temps plein (37,30h)<br \/>\nDur\u00e9e de l\u2019appel d\u2019offre : 19\/05\/21 au 18\/06\/21<\/p>\n<p>L\u2019article <a href=\"https:\/\/popburo.fr\/le-service-universitaire-de-laction-culturelle-de-luniversite-de-strasbourg-recrute-un-charge-de-communication-accueil-et-billetterie-dune-salle-de-spectacle-f-h\/\">LE SERVICE UNIVERSITAIRE DE L\u2019ACTION CULTURELLE DE L\u2019UNIVERSIT\u00c9 DE STRASBOURG recrute un charg\u00e9 de communication, accueil et billetterie d\u2019une salle de spectacle [F\/H]<\/a> est apparu en premier sur <a href=\"https:\/\/popburo.fr\/\">POP B\u00dcRO<\/a>.<\/p>\n","protected":false},"excerpt":{"rendered":"<p>Descriptif du poste L\u2019Universit\u00e9 de Strasbourg et le CROUS de Strasbourg ont d\u00e9cid\u00e9 de mettre \u00e0 profit les investissements r\u00e9alis\u00e9s dans le cadre du plan campus pour financer la transformation du gymnase Paul Collomp en salle de spectacles d\u2019environ 200 places assises avec des gradins fixes, une sc\u00e8ne, des loges, les installations techniques basiques n\u00e9cessaires (machinerie sc\u00e9nique, \u00e9clairage, sonorisation, vid\u00e9o, passerelles, etc.) destin\u00e9e \u00e0 accueillir des spectacles vivants : th\u00e9\u00e2tre, danse, mais aussi cin\u00e9ma, concerts, manifestations organis\u00e9es \u00e0 l\u2019initiative du [&hellip;]<\/p>\n","protected":false},"author":0,"featured_media":0,"comment_status":"closed","ping_status":"open","sticky":false,"template":"","format":"standard","meta":{"footnotes":""},"categories":[1],"tags":[],"class_list":["post-559","post","type-post","status-publish","format-standard","hentry","category-non-classe"],"yoast_head":"<!-- This site is optimized with the Yoast SEO plugin v27.5 - https:\/\/yoast.com\/product\/yoast-seo-wordpress\/ -->\n<title>LE SERVICE UNIVERSITAIRE DE L\u2019ACTION CULTURELLE DE L\u2019UNIVERSIT\u00c9 DE STRASBOURG recrute un charg\u00e9 de communication, accueil et billetterie d\u2019une salle de spectacle [F\/H] - HIERO STRASBOURG<\/title>\n<meta name=\"robots\" content=\"index, follow, max-snippet:-1, max-image-preview:large, max-video-preview:-1\" \/>\n<link rel=\"canonical\" href=\"https:\/\/hierostrasbourg.com\/index.php\/2021\/05\/20\/le-service-universitaire-de-laction-culturelle-de-luniversite-de-strasbourg-recrute-un-charge-de-communication-accueil-et-billetterie-dune-salle-de-spectacle-f-h\/\" \/>\n<meta property=\"og:locale\" content=\"fr_FR\" \/>\n<meta property=\"og:type\" content=\"article\" \/>\n<meta property=\"og:title\" content=\"LE SERVICE UNIVERSITAIRE DE L\u2019ACTION CULTURELLE DE L\u2019UNIVERSIT\u00c9 DE STRASBOURG recrute un charg\u00e9 de communication, accueil et billetterie d\u2019une salle de spectacle [F\/H] - HIERO STRASBOURG\" \/>\n<meta property=\"og:description\" content=\"Descriptif du poste L\u2019Universit\u00e9 de Strasbourg et le CROUS de Strasbourg ont d\u00e9cid\u00e9 de mettre \u00e0 profit les investissements r\u00e9alis\u00e9s dans le cadre du plan campus pour financer la transformation du gymnase Paul Collomp en salle de spectacles d\u2019environ 200 places assises avec des gradins fixes, une sc\u00e8ne, des loges, les installations techniques basiques n\u00e9cessaires (machinerie sc\u00e9nique, \u00e9clairage, sonorisation, vid\u00e9o, passerelles, etc.) destin\u00e9e \u00e0 accueillir des spectacles vivants : th\u00e9\u00e2tre, danse, mais aussi cin\u00e9ma, concerts, manifestations organis\u00e9es \u00e0 l\u2019initiative du [&hellip;]\" \/>\n<meta property=\"og:url\" content=\"https:\/\/hierostrasbourg.com\/index.php\/2021\/05\/20\/le-service-universitaire-de-laction-culturelle-de-luniversite-de-strasbourg-recrute-un-charge-de-communication-accueil-et-billetterie-dune-salle-de-spectacle-f-h\/\" \/>\n<meta property=\"og:site_name\" content=\"HIERO STRASBOURG\" \/>\n<meta property=\"article:publisher\" content=\"https:\/\/www.facebook.com\/fedehierostrasbourg\" \/>\n<meta property=\"article:published_time\" content=\"2021-05-19T22:20:16+00:00\" \/>\n<meta name=\"twitter:card\" content=\"summary_large_image\" \/>\n<meta name=\"twitter:creator\" content=\"@hierostrasbourg\" \/>\n<meta name=\"twitter:site\" content=\"@hierostrasbourg\" \/>\n<meta name=\"twitter:label1\" content=\"Dur\u00e9e de lecture estim\u00e9e\" \/>\n\t<meta name=\"twitter:data1\" content=\"4 minutes\" \/>\n<script type=\"application\/ld+json\" class=\"yoast-schema-graph\">{\"@context\":\"https:\\\/\\\/schema.org\",\"@graph\":[{\"@type\":\"Article\",\"@id\":\"https:\\\/\\\/hierostrasbourg.com\\\/index.php\\\/2021\\\/05\\\/20\\\/le-service-universitaire-de-laction-culturelle-de-luniversite-de-strasbourg-recrute-un-charge-de-communication-accueil-et-billetterie-dune-salle-de-spectacle-f-h\\\/#article\",\"isPartOf\":{\"@id\":\"https:\\\/\\\/hierostrasbourg.com\\\/index.php\\\/2021\\\/05\\\/20\\\/le-service-universitaire-de-laction-culturelle-de-luniversite-de-strasbourg-recrute-un-charge-de-communication-accueil-et-billetterie-dune-salle-de-spectacle-f-h\\\/\"},\"author\":{\"name\":\"\",\"@id\":\"\"},\"headline\":\"LE SERVICE UNIVERSITAIRE DE L\u2019ACTION CULTURELLE DE L\u2019UNIVERSIT\u00c9 DE STRASBOURG recrute un charg\u00e9 de communication, accueil et billetterie d\u2019une salle de spectacle [F\\\/H]\",\"datePublished\":\"2021-05-19T22:20:16+00:00\",\"mainEntityOfPage\":{\"@id\":\"https:\\\/\\\/hierostrasbourg.com\\\/index.php\\\/2021\\\/05\\\/20\\\/le-service-universitaire-de-laction-culturelle-de-luniversite-de-strasbourg-recrute-un-charge-de-communication-accueil-et-billetterie-dune-salle-de-spectacle-f-h\\\/\"},\"wordCount\":828,\"publisher\":{\"@id\":\"https:\\\/\\\/hierostrasbourg.com\\\/#organization\"},\"inLanguage\":\"fr-FR\"},{\"@type\":\"WebPage\",\"@id\":\"https:\\\/\\\/hierostrasbourg.com\\\/index.php\\\/2021\\\/05\\\/20\\\/le-service-universitaire-de-laction-culturelle-de-luniversite-de-strasbourg-recrute-un-charge-de-communication-accueil-et-billetterie-dune-salle-de-spectacle-f-h\\\/\",\"url\":\"https:\\\/\\\/hierostrasbourg.com\\\/index.php\\\/2021\\\/05\\\/20\\\/le-service-universitaire-de-laction-culturelle-de-luniversite-de-strasbourg-recrute-un-charge-de-communication-accueil-et-billetterie-dune-salle-de-spectacle-f-h\\\/\",\"name\":\"LE SERVICE UNIVERSITAIRE DE L\u2019ACTION CULTURELLE DE L\u2019UNIVERSIT\u00c9 DE STRASBOURG recrute un charg\u00e9 de communication, accueil et billetterie d\u2019une salle de spectacle [F\\\/H] - HIERO STRASBOURG\",\"isPartOf\":{\"@id\":\"https:\\\/\\\/hierostrasbourg.com\\\/#website\"},\"datePublished\":\"2021-05-19T22:20:16+00:00\",\"breadcrumb\":{\"@id\":\"https:\\\/\\\/hierostrasbourg.com\\\/index.php\\\/2021\\\/05\\\/20\\\/le-service-universitaire-de-laction-culturelle-de-luniversite-de-strasbourg-recrute-un-charge-de-communication-accueil-et-billetterie-dune-salle-de-spectacle-f-h\\\/#breadcrumb\"},\"inLanguage\":\"fr-FR\",\"potentialAction\":[{\"@type\":\"ReadAction\",\"target\":[\"https:\\\/\\\/hierostrasbourg.com\\\/index.php\\\/2021\\\/05\\\/20\\\/le-service-universitaire-de-laction-culturelle-de-luniversite-de-strasbourg-recrute-un-charge-de-communication-accueil-et-billetterie-dune-salle-de-spectacle-f-h\\\/\"]}]},{\"@type\":\"BreadcrumbList\",\"@id\":\"https:\\\/\\\/hierostrasbourg.com\\\/index.php\\\/2021\\\/05\\\/20\\\/le-service-universitaire-de-laction-culturelle-de-luniversite-de-strasbourg-recrute-un-charge-de-communication-accueil-et-billetterie-dune-salle-de-spectacle-f-h\\\/#breadcrumb\",\"itemListElement\":[{\"@type\":\"ListItem\",\"position\":1,\"name\":\"Accueil\",\"item\":\"https:\\\/\\\/hierostrasbourg.com\\\/\"},{\"@type\":\"ListItem\",\"position\":2,\"name\":\"LE SERVICE UNIVERSITAIRE DE L\u2019ACTION CULTURELLE DE L\u2019UNIVERSIT\u00c9 DE STRASBOURG recrute un charg\u00e9 de communication, accueil et billetterie d\u2019une salle de spectacle [F\\\/H]\"}]},{\"@type\":\"WebSite\",\"@id\":\"https:\\\/\\\/hierostrasbourg.com\\\/#website\",\"url\":\"https:\\\/\\\/hierostrasbourg.com\\\/\",\"name\":\"HIERO STRASBOURG\",\"description\":\"Centre de Ressources Musiques Actuelles\",\"publisher\":{\"@id\":\"https:\\\/\\\/hierostrasbourg.com\\\/#organization\"},\"potentialAction\":[{\"@type\":\"SearchAction\",\"target\":{\"@type\":\"EntryPoint\",\"urlTemplate\":\"https:\\\/\\\/hierostrasbourg.com\\\/?s={search_term_string}\"},\"query-input\":{\"@type\":\"PropertyValueSpecification\",\"valueRequired\":true,\"valueName\":\"search_term_string\"}}],\"inLanguage\":\"fr-FR\"},{\"@type\":\"Organization\",\"@id\":\"https:\\\/\\\/hierostrasbourg.com\\\/#organization\",\"name\":\"F\u00e9d\u00e9ration Hi\u00e9ro Strasbourg\",\"url\":\"https:\\\/\\\/hierostrasbourg.com\\\/\",\"logo\":{\"@type\":\"ImageObject\",\"inLanguage\":\"fr-FR\",\"@id\":\"https:\\\/\\\/hierostrasbourg.com\\\/#\\\/schema\\\/logo\\\/image\\\/\",\"url\":\"https:\\\/\\\/hierostrasbourg.com\\\/wp-content\\\/uploads\\\/2026\\\/04\\\/logo-hiero-strasbourg.jpg\",\"contentUrl\":\"https:\\\/\\\/hierostrasbourg.com\\\/wp-content\\\/uploads\\\/2026\\\/04\\\/logo-hiero-strasbourg.jpg\",\"width\":204,\"height\":192,\"caption\":\"F\u00e9d\u00e9ration Hi\u00e9ro Strasbourg\"},\"image\":{\"@id\":\"https:\\\/\\\/hierostrasbourg.com\\\/#\\\/schema\\\/logo\\\/image\\\/\"},\"sameAs\":[\"https:\\\/\\\/www.facebook.com\\\/fedehierostrasbourg\",\"https:\\\/\\\/x.com\\\/hierostrasbourg\"]}]}<\/script>\n<!-- \/ Yoast SEO plugin. -->","yoast_head_json":{"title":"LE SERVICE UNIVERSITAIRE DE L\u2019ACTION CULTURELLE DE L\u2019UNIVERSIT\u00c9 DE STRASBOURG recrute un charg\u00e9 de communication, accueil et billetterie d\u2019une salle de spectacle [F\/H] - HIERO STRASBOURG","robots":{"index":"index","follow":"follow","max-snippet":"max-snippet:-1","max-image-preview":"max-image-preview:large","max-video-preview":"max-video-preview:-1"},"canonical":"https:\/\/hierostrasbourg.com\/index.php\/2021\/05\/20\/le-service-universitaire-de-laction-culturelle-de-luniversite-de-strasbourg-recrute-un-charge-de-communication-accueil-et-billetterie-dune-salle-de-spectacle-f-h\/","og_locale":"fr_FR","og_type":"article","og_title":"LE SERVICE UNIVERSITAIRE DE L\u2019ACTION CULTURELLE DE L\u2019UNIVERSIT\u00c9 DE STRASBOURG recrute un charg\u00e9 de communication, accueil et billetterie d\u2019une salle de spectacle [F\/H] - HIERO STRASBOURG","og_description":"Descriptif du poste L\u2019Universit\u00e9 de Strasbourg et le CROUS de Strasbourg ont d\u00e9cid\u00e9 de mettre \u00e0 profit les investissements r\u00e9alis\u00e9s dans le cadre du plan campus pour financer la transformation du gymnase Paul Collomp en salle de spectacles d\u2019environ 200 places assises avec des gradins fixes, une sc\u00e8ne, des loges, les installations techniques basiques n\u00e9cessaires (machinerie sc\u00e9nique, \u00e9clairage, sonorisation, vid\u00e9o, passerelles, etc.) destin\u00e9e \u00e0 accueillir des spectacles vivants : th\u00e9\u00e2tre, danse, mais aussi cin\u00e9ma, concerts, manifestations organis\u00e9es \u00e0 l\u2019initiative du [&hellip;]","og_url":"https:\/\/hierostrasbourg.com\/index.php\/2021\/05\/20\/le-service-universitaire-de-laction-culturelle-de-luniversite-de-strasbourg-recrute-un-charge-de-communication-accueil-et-billetterie-dune-salle-de-spectacle-f-h\/","og_site_name":"HIERO STRASBOURG","article_publisher":"https:\/\/www.facebook.com\/fedehierostrasbourg","article_published_time":"2021-05-19T22:20:16+00:00","twitter_card":"summary_large_image","twitter_creator":"@hierostrasbourg","twitter_site":"@hierostrasbourg","twitter_misc":{"Dur\u00e9e de lecture estim\u00e9e":"4 minutes"},"schema":{"@context":"https:\/\/schema.org","@graph":[{"@type":"Article","@id":"https:\/\/hierostrasbourg.com\/index.php\/2021\/05\/20\/le-service-universitaire-de-laction-culturelle-de-luniversite-de-strasbourg-recrute-un-charge-de-communication-accueil-et-billetterie-dune-salle-de-spectacle-f-h\/#article","isPartOf":{"@id":"https:\/\/hierostrasbourg.com\/index.php\/2021\/05\/20\/le-service-universitaire-de-laction-culturelle-de-luniversite-de-strasbourg-recrute-un-charge-de-communication-accueil-et-billetterie-dune-salle-de-spectacle-f-h\/"},"author":{"name":"","@id":""},"headline":"LE SERVICE UNIVERSITAIRE DE L\u2019ACTION CULTURELLE DE L\u2019UNIVERSIT\u00c9 DE STRASBOURG recrute un charg\u00e9 de communication, accueil et billetterie d\u2019une salle de spectacle [F\/H]","datePublished":"2021-05-19T22:20:16+00:00","mainEntityOfPage":{"@id":"https:\/\/hierostrasbourg.com\/index.php\/2021\/05\/20\/le-service-universitaire-de-laction-culturelle-de-luniversite-de-strasbourg-recrute-un-charge-de-communication-accueil-et-billetterie-dune-salle-de-spectacle-f-h\/"},"wordCount":828,"publisher":{"@id":"https:\/\/hierostrasbourg.com\/#organization"},"inLanguage":"fr-FR"},{"@type":"WebPage","@id":"https:\/\/hierostrasbourg.com\/index.php\/2021\/05\/20\/le-service-universitaire-de-laction-culturelle-de-luniversite-de-strasbourg-recrute-un-charge-de-communication-accueil-et-billetterie-dune-salle-de-spectacle-f-h\/","url":"https:\/\/hierostrasbourg.com\/index.php\/2021\/05\/20\/le-service-universitaire-de-laction-culturelle-de-luniversite-de-strasbourg-recrute-un-charge-de-communication-accueil-et-billetterie-dune-salle-de-spectacle-f-h\/","name":"LE SERVICE UNIVERSITAIRE DE L\u2019ACTION CULTURELLE DE L\u2019UNIVERSIT\u00c9 DE STRASBOURG recrute un charg\u00e9 de communication, accueil et billetterie d\u2019une salle de spectacle [F\/H] - HIERO STRASBOURG","isPartOf":{"@id":"https:\/\/hierostrasbourg.com\/#website"},"datePublished":"2021-05-19T22:20:16+00:00","breadcrumb":{"@id":"https:\/\/hierostrasbourg.com\/index.php\/2021\/05\/20\/le-service-universitaire-de-laction-culturelle-de-luniversite-de-strasbourg-recrute-un-charge-de-communication-accueil-et-billetterie-dune-salle-de-spectacle-f-h\/#breadcrumb"},"inLanguage":"fr-FR","potentialAction":[{"@type":"ReadAction","target":["https:\/\/hierostrasbourg.com\/index.php\/2021\/05\/20\/le-service-universitaire-de-laction-culturelle-de-luniversite-de-strasbourg-recrute-un-charge-de-communication-accueil-et-billetterie-dune-salle-de-spectacle-f-h\/"]}]},{"@type":"BreadcrumbList","@id":"https:\/\/hierostrasbourg.com\/index.php\/2021\/05\/20\/le-service-universitaire-de-laction-culturelle-de-luniversite-de-strasbourg-recrute-un-charge-de-communication-accueil-et-billetterie-dune-salle-de-spectacle-f-h\/#breadcrumb","itemListElement":[{"@type":"ListItem","position":1,"name":"Accueil","item":"https:\/\/hierostrasbourg.com\/"},{"@type":"ListItem","position":2,"name":"LE SERVICE UNIVERSITAIRE DE L\u2019ACTION CULTURELLE DE L\u2019UNIVERSIT\u00c9 DE STRASBOURG recrute un charg\u00e9 de communication, accueil et billetterie d\u2019une salle de spectacle [F\/H]"}]},{"@type":"WebSite","@id":"https:\/\/hierostrasbourg.com\/#website","url":"https:\/\/hierostrasbourg.com\/","name":"HIERO STRASBOURG","description":"Centre de Ressources Musiques Actuelles","publisher":{"@id":"https:\/\/hierostrasbourg.com\/#organization"},"potentialAction":[{"@type":"SearchAction","target":{"@type":"EntryPoint","urlTemplate":"https:\/\/hierostrasbourg.com\/?s={search_term_string}"},"query-input":{"@type":"PropertyValueSpecification","valueRequired":true,"valueName":"search_term_string"}}],"inLanguage":"fr-FR"},{"@type":"Organization","@id":"https:\/\/hierostrasbourg.com\/#organization","name":"F\u00e9d\u00e9ration Hi\u00e9ro Strasbourg","url":"https:\/\/hierostrasbourg.com\/","logo":{"@type":"ImageObject","inLanguage":"fr-FR","@id":"https:\/\/hierostrasbourg.com\/#\/schema\/logo\/image\/","url":"https:\/\/hierostrasbourg.com\/wp-content\/uploads\/2026\/04\/logo-hiero-strasbourg.jpg","contentUrl":"https:\/\/hierostrasbourg.com\/wp-content\/uploads\/2026\/04\/logo-hiero-strasbourg.jpg","width":204,"height":192,"caption":"F\u00e9d\u00e9ration Hi\u00e9ro Strasbourg"},"image":{"@id":"https:\/\/hierostrasbourg.com\/#\/schema\/logo\/image\/"},"sameAs":["https:\/\/www.facebook.com\/fedehierostrasbourg","https:\/\/x.com\/hierostrasbourg"]}]}},"_links":{"self":[{"href":"https:\/\/hierostrasbourg.com\/index.php\/wp-json\/wp\/v2\/posts\/559","targetHints":{"allow":["GET"]}}],"collection":[{"href":"https:\/\/hierostrasbourg.com\/index.php\/wp-json\/wp\/v2\/posts"}],"about":[{"href":"https:\/\/hierostrasbourg.com\/index.php\/wp-json\/wp\/v2\/types\/post"}],"replies":[{"embeddable":true,"href":"https:\/\/hierostrasbourg.com\/index.php\/wp-json\/wp\/v2\/comments?post=559"}],"version-history":[{"count":0,"href":"https:\/\/hierostrasbourg.com\/index.php\/wp-json\/wp\/v2\/posts\/559\/revisions"}],"wp:attachment":[{"href":"https:\/\/hierostrasbourg.com\/index.php\/wp-json\/wp\/v2\/media?parent=559"}],"wp:term":[{"taxonomy":"category","embeddable":true,"href":"https:\/\/hierostrasbourg.com\/index.php\/wp-json\/wp\/v2\/categories?post=559"},{"taxonomy":"post_tag","embeddable":true,"href":"https:\/\/hierostrasbourg.com\/index.php\/wp-json\/wp\/v2\/tags?post=559"}],"curies":[{"name":"wp","href":"https:\/\/api.w.org\/{rel}","templated":true}]}}