{"id":5443,"date":"2023-03-01T17:44:30","date_gmt":"2023-03-01T16:44:30","guid":{"rendered":"https:\/\/hierostrasbourg.com\/index.php\/2023\/03\/01\/le-tns-recrute-un-directeur-technique-adjoint-f-h-2\/"},"modified":"2023-03-01T17:44:30","modified_gmt":"2023-03-01T16:44:30","slug":"le-tns-recrute-un-directeur-technique-adjoint-f-h-2","status":"publish","type":"post","link":"https:\/\/hierostrasbourg.com\/index.php\/2023\/03\/01\/le-tns-recrute-un-directeur-technique-adjoint-f-h-2\/","title":{"rendered":"Le TNS recrute un directeur  technique adjoint [F\/H]"},"content":{"rendered":"<p>Lieu unique de cr\u00e9ation et de formation dans le paysage th\u00e9\u00e2tral fran\u00e7ais, le Th\u00e9\u00e2tre National de Strasbourg (TNS) est le seul th\u00e9\u00e2tre national implant\u00e9 en r\u00e9gion. \u00c9tablissement public industriel et commercial plac\u00e9 sous la tutelle du minist\u00e8re de la Culture, il comprend pr\u00e8s de cent salari\u00e9s permanents et accueille chaque mois de nombreux artistes et technicien.nes intermittent.es.<br \/>\nEn outre, le TNS abrite en son sein une \u00c9cole sup\u00e9rieure d\u2019art dramatique interdisciplinaire qui accueille en permanence deux promotions r\u00e9unissant une cinquantaine d\u2019\u00e9l\u00e8ves dans le cadre d\u2019un parcours de formation de trois ans, ainsi que des ateliers de construction de d\u00e9cors et de costumes, des salles de spectacles et de r\u00e9p\u00e9titions.<br \/>\nLe TNS et son Ecole sont dirig\u00e9s, depuis 2014, par Stanislas Nordey.<br \/>\nLe TNS occupe quatre espaces de repr\u00e9sentation et dispose d\u2019un atelier de construction de d\u00e9cors. (www.tns.fr).<\/p>\n<h2>Missions<\/h2>\n<p>La direction technique est constitu\u00e9e d\u2019une \u00e9quipe d\u2019une quarantaine de postes permanents r\u00e9partie entre les diff\u00e9rents services techniques (r\u00e9gie g\u00e9n\u00e9rale, plateau, lumi\u00e8re, son, vid\u00e9o, habillement, ateliers de construction et s\u00e9curit\u00e9 b\u00e2timent), auxquels s\u2019ajoutent des intermittents.<\/p>\n<p>Plac\u00e9\u00b7e sous l\u2019autorit\u00e9 du directeur technique, membre du comit\u00e9 de direction, la\u00b7le salari\u00e9\u00b7e assure les missions suivantes :<\/p>\n<p>En relation \u00e9troite avec le directeur technique, qu\u2019elle\u00b7il peut \u00eatre amen\u00e9.e \u00e0 repr\u00e9senter, elle\u00b7il partage les comp\u00e9tences et les responsabilit\u00e9s en mati\u00e8re :<\/p>\n<p>de gestion des \u00e9quipements et des b\u00e2timents ;<br \/>\nd\u2019encadrement et d\u2019accompagnement des personnels techniques ;<br \/>\nde respect des r\u00e9glementations en vigueur.<\/p>\n<p>Elle\u00b7Il est plus particuli\u00e8rement en d\u00e9l\u00e9gation, en liaison avec les chefs de service concern\u00e9\u00b7es :<\/p>\n<p>de la gestion technique des b\u00e2timents et des \u00e9quipements, et du suivi des travaux d\u2019entretien et d\u2019am\u00e9lioration ;<br \/>\nde la pr\u00e9paration et du suivi des budgets d\u00e9l\u00e9gu\u00e9s ; elle\u00b7il participe \u00e0 cet \u00e9gard \u00e0 la d\u00e9finition des besoins d\u2019investissement aff\u00e9rents aux services techniques ;<br \/>\ndu respect des proc\u00e9dures d\u2019achats de fournitures et de commandes de prestations des services techniques ; elle\u00b7il contribue \u00e0 cet \u00e9gard \u00e0 la r\u00e9daction des CCTP et aux proc\u00e9dures administratives li\u00e9es \u00e0 la maitrise d\u2019ouvrage ;<br \/>\nde la bonne coordination technique de l\u2019ensemble des activit\u00e9s du TNS et de son \u00c9cole : manifestations publiques diverses, communication et logistique ;<br \/>\nde l\u2019\u00e9laboration des plans de formation des \u00e9quipes techniques ;<br \/>\ndu pilotage de la r\u00e9flexion collective et la mise en \u0153uvre de la politique de d\u00e9veloppement durable de l\u2019\u00e9tablissement ;<br \/>\nde la gestion des enjeux b\u00e2timentaires et \u00e9nerg\u00e9tiques, dont l\u2019\u00e9laboration et le renseignement d\u2019outils de pilotage et de suivi impos\u00e9s par l\u2019\u00c9tat (sch\u00e9ma pluriannuel de strat\u00e9gie immobili\u00e8re, OPERAT et r\u00e9f\u00e9rentiel technique de la direction de l\u2019immobilier de l\u2019\u00c9tat (RT)) ;<br \/>\ndu suivi des plans b\u00e2timentaires et sc\u00e9niques ;<br \/>\nde la gestion du r\u00e9pertoire technique ;<br \/>\nde l\u2019orientation et du conseil aux \u00e9l\u00e8ves qui le sollicitent dans ses domaines de comp\u00e9tences.<\/p>\n<h2>Profil recherch\u00e9<\/h2>\n<p>Formation sup\u00e9rieure en direction technique ;<br \/>\nBonne connaissance des r\u00e9glementations concernant la s\u00e9curit\u00e9 des travailleurs et des ERP ;<br \/>\nConnaissances appropri\u00e9es en machinerie, \u00e9clairages, son, vid\u00e9o et construction de d\u00e9cors ;<br \/>\nMa\u00eetrise des logiciels Autocad, TIS ou autre SIRH, WinM9 ou autre syst\u00e8me d\u2019information financi\u00e8re et de bureautique ;<br \/>\nAisance dans la gestion des outils num\u00e9riques ;<br \/>\nComp\u00e9tences manag\u00e9riales d\u00e9velopp\u00e9es ;<br \/>\nAisance r\u00e9dactionnelle et orale. Bonne pratique de la langue anglaise (plus particuli\u00e8rement technique) ;<br \/>\nRigueur, m\u00e9thode, sens de l\u2019organisation, adaptabilit\u00e9 ;<br \/>\nForce de proposition. Capacit\u00e9s d\u2019\u00e9coute et de conseil. Esprit de n\u00e9gociation et de synth\u00e8se ;<br \/>\nAptitude \u00e0 la transmission des savoirs.<\/p>\n<h2>\u00a0Exp\u00e9rience recherch\u00e9e<\/h2>\n<p>Solide exp\u00e9rience dans un poste similaire ou de direction technique<\/p>\n<p>Date de prise de fonction : 1er septembre 2023<br \/>\nDate limite de candidature : 03\/04\/2023<br \/>\nR\u00e9mun\u00e9ration selon grille du TNS<\/p>\n<h4>Informations compl\u00e9mentaires \/ renseignements<\/h4>\n<p>Treizi\u00e8me mois suivant conditions pr\u00e9vues par la convention du TNS, 6 semaines de cong\u00e9s pay\u00e9s, 6 jours f\u00e9ri\u00e9s suppl\u00e9mentaires selon droit local et convention du TNS, ticket-restaurants et mutuelle.<\/p>\n<p>Dans le cadre de sa strat\u00e9gie de Responsabilit\u00e9 Sociale des Organisations (RSO), le TNS s\u2019engage \u00e0 promouvoir l\u2019\u00e9galit\u00e9 professionnelle et la pr\u00e9vention des discriminations dans ses activit\u00e9s de recrutement. Une cellule d\u2019\u00e9coute, d\u2019alerte et de traitement est mise \u00e0 la disposition des candidat\u00b7e\u00b7s qui estimeraient avoir fait l\u2019objet d\u2019une rupture d\u2019\u00e9galit\u00e9 de traitement. Les candidatures seront examin\u00e9es coll\u00e9gialement. Les personnes pr\u00e9s\u00e9lectionn\u00e9es seront invit\u00e9es \u00e0 un ou plusieurs entretiens courant avril.<\/p>\n<p>Th\u00e9\u00e2tre National de Strasbourg \u2013 Service des Ressources Humaines \u00ab Candidature directeur technique adjoint- directrice technique adjointe \u00bb \u2013 1 avenue de la Marseillaise BP 40184 -67005 Strasbourg Cedex,\u201d en mentionnant en objet \u00ab Candidature directeur technique adjoint- directrice technique adjointe \u00bb<\/p>\n<p>rh2@tns.fr<\/p>\n<p><a href=\"http:\/\/www.tns.fr\/\">www.tns.fr<\/a><\/p>\n<p>L\u2019article <a href=\"https:\/\/musiquesactuelles.alsace\/le-tns-recrute-un-directeur-technique-adjoint-f-h\/\">Le TNS recrute un directeur  technique adjoint [F\/H]<\/a> est apparu en premier sur <a href=\"https:\/\/musiquesactuelles.alsace\/\">Musiques Actuelles en Alsace<\/a>.<\/p>\n<p>L\u2019article <a href=\"https:\/\/popburo.fr\/le-tns-recrute-un-directeur-technique-adjoint-f-h-2\/\">Le TNS recrute un directeur  technique adjoint [F\/H]<\/a> est apparu en premier sur <a href=\"https:\/\/popburo.fr\/\">POP B\u00dcRO<\/a>.<\/p>\n","protected":false},"excerpt":{"rendered":"<p>Lieu unique de cr\u00e9ation et de formation dans le paysage th\u00e9\u00e2tral fran\u00e7ais, le Th\u00e9\u00e2tre National de Strasbourg (TNS) est le seul th\u00e9\u00e2tre national implant\u00e9 en r\u00e9gion. \u00c9tablissement public industriel et commercial plac\u00e9 sous la tutelle du minist\u00e8re de la Culture, il comprend pr\u00e8s de cent salari\u00e9s permanents et accueille chaque mois de nombreux artistes et technicien.nes intermittent.es. En outre, le TNS abrite en son sein une \u00c9cole sup\u00e9rieure d\u2019art dramatique interdisciplinaire qui accueille en permanence deux promotions r\u00e9unissant une cinquantaine [&hellip;]<\/p>\n","protected":false},"author":0,"featured_media":0,"comment_status":"closed","ping_status":"open","sticky":false,"template":"","format":"standard","meta":{"footnotes":""},"categories":[1],"tags":[],"class_list":["post-5443","post","type-post","status-publish","format-standard","hentry","category-non-classe"],"yoast_head":"<!-- This site is optimized with the Yoast SEO plugin v27.4 - https:\/\/yoast.com\/product\/yoast-seo-wordpress\/ -->\n<title>Le TNS recrute un directeur technique adjoint [F\/H] - HIERO STRASBOURG<\/title>\n<meta name=\"robots\" content=\"index, follow, max-snippet:-1, max-image-preview:large, max-video-preview:-1\" \/>\n<link rel=\"canonical\" href=\"https:\/\/hierostrasbourg.com\/index.php\/2023\/03\/01\/le-tns-recrute-un-directeur-technique-adjoint-f-h-2\/\" \/>\n<meta property=\"og:locale\" content=\"fr_FR\" \/>\n<meta property=\"og:type\" content=\"article\" \/>\n<meta property=\"og:title\" content=\"Le TNS recrute un directeur technique adjoint [F\/H] - HIERO STRASBOURG\" \/>\n<meta property=\"og:description\" content=\"Lieu unique de cr\u00e9ation et de formation dans le paysage th\u00e9\u00e2tral fran\u00e7ais, le Th\u00e9\u00e2tre National de Strasbourg (TNS) est le seul th\u00e9\u00e2tre national implant\u00e9 en r\u00e9gion. \u00c9tablissement public industriel et commercial plac\u00e9 sous la tutelle du minist\u00e8re de la Culture, il comprend pr\u00e8s de cent salari\u00e9s permanents et accueille chaque mois de nombreux artistes et technicien.nes intermittent.es. En outre, le TNS abrite en son sein une \u00c9cole sup\u00e9rieure d\u2019art dramatique interdisciplinaire qui accueille en permanence deux promotions r\u00e9unissant une cinquantaine [&hellip;]\" \/>\n<meta property=\"og:url\" content=\"https:\/\/hierostrasbourg.com\/index.php\/2023\/03\/01\/le-tns-recrute-un-directeur-technique-adjoint-f-h-2\/\" \/>\n<meta property=\"og:site_name\" content=\"HIERO STRASBOURG\" \/>\n<meta property=\"article:publisher\" content=\"https:\/\/www.facebook.com\/fedehierostrasbourg\" \/>\n<meta property=\"article:published_time\" content=\"2023-03-01T16:44:30+00:00\" \/>\n<meta name=\"twitter:card\" content=\"summary_large_image\" \/>\n<meta name=\"twitter:creator\" content=\"@hierostrasbourg\" \/>\n<meta name=\"twitter:site\" content=\"@hierostrasbourg\" \/>\n<meta name=\"twitter:label1\" content=\"Dur\u00e9e de lecture estim\u00e9e\" \/>\n\t<meta name=\"twitter:data1\" content=\"4 minutes\" \/>\n<script type=\"application\/ld+json\" class=\"yoast-schema-graph\">{\"@context\":\"https:\\\/\\\/schema.org\",\"@graph\":[{\"@type\":\"Article\",\"@id\":\"https:\\\/\\\/hierostrasbourg.com\\\/index.php\\\/2023\\\/03\\\/01\\\/le-tns-recrute-un-directeur-technique-adjoint-f-h-2\\\/#article\",\"isPartOf\":{\"@id\":\"https:\\\/\\\/hierostrasbourg.com\\\/index.php\\\/2023\\\/03\\\/01\\\/le-tns-recrute-un-directeur-technique-adjoint-f-h-2\\\/\"},\"author\":{\"name\":\"\",\"@id\":\"\"},\"headline\":\"Le TNS recrute un directeur technique adjoint [F\\\/H]\",\"datePublished\":\"2023-03-01T16:44:30+00:00\",\"mainEntityOfPage\":{\"@id\":\"https:\\\/\\\/hierostrasbourg.com\\\/index.php\\\/2023\\\/03\\\/01\\\/le-tns-recrute-un-directeur-technique-adjoint-f-h-2\\\/\"},\"wordCount\":896,\"publisher\":{\"@id\":\"https:\\\/\\\/hierostrasbourg.com\\\/#organization\"},\"inLanguage\":\"fr-FR\"},{\"@type\":\"WebPage\",\"@id\":\"https:\\\/\\\/hierostrasbourg.com\\\/index.php\\\/2023\\\/03\\\/01\\\/le-tns-recrute-un-directeur-technique-adjoint-f-h-2\\\/\",\"url\":\"https:\\\/\\\/hierostrasbourg.com\\\/index.php\\\/2023\\\/03\\\/01\\\/le-tns-recrute-un-directeur-technique-adjoint-f-h-2\\\/\",\"name\":\"Le TNS recrute un directeur technique adjoint [F\\\/H] - HIERO STRASBOURG\",\"isPartOf\":{\"@id\":\"https:\\\/\\\/hierostrasbourg.com\\\/#website\"},\"datePublished\":\"2023-03-01T16:44:30+00:00\",\"breadcrumb\":{\"@id\":\"https:\\\/\\\/hierostrasbourg.com\\\/index.php\\\/2023\\\/03\\\/01\\\/le-tns-recrute-un-directeur-technique-adjoint-f-h-2\\\/#breadcrumb\"},\"inLanguage\":\"fr-FR\",\"potentialAction\":[{\"@type\":\"ReadAction\",\"target\":[\"https:\\\/\\\/hierostrasbourg.com\\\/index.php\\\/2023\\\/03\\\/01\\\/le-tns-recrute-un-directeur-technique-adjoint-f-h-2\\\/\"]}]},{\"@type\":\"BreadcrumbList\",\"@id\":\"https:\\\/\\\/hierostrasbourg.com\\\/index.php\\\/2023\\\/03\\\/01\\\/le-tns-recrute-un-directeur-technique-adjoint-f-h-2\\\/#breadcrumb\",\"itemListElement\":[{\"@type\":\"ListItem\",\"position\":1,\"name\":\"Accueil\",\"item\":\"https:\\\/\\\/hierostrasbourg.com\\\/\"},{\"@type\":\"ListItem\",\"position\":2,\"name\":\"Le TNS recrute un directeur technique adjoint [F\\\/H]\"}]},{\"@type\":\"WebSite\",\"@id\":\"https:\\\/\\\/hierostrasbourg.com\\\/#website\",\"url\":\"https:\\\/\\\/hierostrasbourg.com\\\/\",\"name\":\"HIERO STRASBOURG\",\"description\":\"Centre de Ressources Musiques Actuelles\",\"publisher\":{\"@id\":\"https:\\\/\\\/hierostrasbourg.com\\\/#organization\"},\"potentialAction\":[{\"@type\":\"SearchAction\",\"target\":{\"@type\":\"EntryPoint\",\"urlTemplate\":\"https:\\\/\\\/hierostrasbourg.com\\\/?s={search_term_string}\"},\"query-input\":{\"@type\":\"PropertyValueSpecification\",\"valueRequired\":true,\"valueName\":\"search_term_string\"}}],\"inLanguage\":\"fr-FR\"},{\"@type\":\"Organization\",\"@id\":\"https:\\\/\\\/hierostrasbourg.com\\\/#organization\",\"name\":\"F\u00e9d\u00e9ration Hi\u00e9ro Strasbourg\",\"url\":\"https:\\\/\\\/hierostrasbourg.com\\\/\",\"logo\":{\"@type\":\"ImageObject\",\"inLanguage\":\"fr-FR\",\"@id\":\"https:\\\/\\\/hierostrasbourg.com\\\/#\\\/schema\\\/logo\\\/image\\\/\",\"url\":\"https:\\\/\\\/hierostrasbourg.com\\\/wp-content\\\/uploads\\\/2026\\\/04\\\/logo-hiero-strasbourg.jpg\",\"contentUrl\":\"https:\\\/\\\/hierostrasbourg.com\\\/wp-content\\\/uploads\\\/2026\\\/04\\\/logo-hiero-strasbourg.jpg\",\"width\":204,\"height\":192,\"caption\":\"F\u00e9d\u00e9ration Hi\u00e9ro Strasbourg\"},\"image\":{\"@id\":\"https:\\\/\\\/hierostrasbourg.com\\\/#\\\/schema\\\/logo\\\/image\\\/\"},\"sameAs\":[\"https:\\\/\\\/www.facebook.com\\\/fedehierostrasbourg\",\"https:\\\/\\\/x.com\\\/hierostrasbourg\"]}]}<\/script>\n<!-- \/ Yoast SEO plugin. -->","yoast_head_json":{"title":"Le TNS recrute un directeur technique adjoint [F\/H] - HIERO STRASBOURG","robots":{"index":"index","follow":"follow","max-snippet":"max-snippet:-1","max-image-preview":"max-image-preview:large","max-video-preview":"max-video-preview:-1"},"canonical":"https:\/\/hierostrasbourg.com\/index.php\/2023\/03\/01\/le-tns-recrute-un-directeur-technique-adjoint-f-h-2\/","og_locale":"fr_FR","og_type":"article","og_title":"Le TNS recrute un directeur technique adjoint [F\/H] - HIERO STRASBOURG","og_description":"Lieu unique de cr\u00e9ation et de formation dans le paysage th\u00e9\u00e2tral fran\u00e7ais, le Th\u00e9\u00e2tre National de Strasbourg (TNS) est le seul th\u00e9\u00e2tre national implant\u00e9 en r\u00e9gion. \u00c9tablissement public industriel et commercial plac\u00e9 sous la tutelle du minist\u00e8re de la Culture, il comprend pr\u00e8s de cent salari\u00e9s permanents et accueille chaque mois de nombreux artistes et technicien.nes intermittent.es. En outre, le TNS abrite en son sein une \u00c9cole sup\u00e9rieure d\u2019art dramatique interdisciplinaire qui accueille en permanence deux promotions r\u00e9unissant une cinquantaine [&hellip;]","og_url":"https:\/\/hierostrasbourg.com\/index.php\/2023\/03\/01\/le-tns-recrute-un-directeur-technique-adjoint-f-h-2\/","og_site_name":"HIERO STRASBOURG","article_publisher":"https:\/\/www.facebook.com\/fedehierostrasbourg","article_published_time":"2023-03-01T16:44:30+00:00","twitter_card":"summary_large_image","twitter_creator":"@hierostrasbourg","twitter_site":"@hierostrasbourg","twitter_misc":{"Dur\u00e9e de lecture estim\u00e9e":"4 minutes"},"schema":{"@context":"https:\/\/schema.org","@graph":[{"@type":"Article","@id":"https:\/\/hierostrasbourg.com\/index.php\/2023\/03\/01\/le-tns-recrute-un-directeur-technique-adjoint-f-h-2\/#article","isPartOf":{"@id":"https:\/\/hierostrasbourg.com\/index.php\/2023\/03\/01\/le-tns-recrute-un-directeur-technique-adjoint-f-h-2\/"},"author":{"name":"","@id":""},"headline":"Le TNS recrute un directeur technique adjoint [F\/H]","datePublished":"2023-03-01T16:44:30+00:00","mainEntityOfPage":{"@id":"https:\/\/hierostrasbourg.com\/index.php\/2023\/03\/01\/le-tns-recrute-un-directeur-technique-adjoint-f-h-2\/"},"wordCount":896,"publisher":{"@id":"https:\/\/hierostrasbourg.com\/#organization"},"inLanguage":"fr-FR"},{"@type":"WebPage","@id":"https:\/\/hierostrasbourg.com\/index.php\/2023\/03\/01\/le-tns-recrute-un-directeur-technique-adjoint-f-h-2\/","url":"https:\/\/hierostrasbourg.com\/index.php\/2023\/03\/01\/le-tns-recrute-un-directeur-technique-adjoint-f-h-2\/","name":"Le TNS recrute un directeur technique adjoint [F\/H] - HIERO STRASBOURG","isPartOf":{"@id":"https:\/\/hierostrasbourg.com\/#website"},"datePublished":"2023-03-01T16:44:30+00:00","breadcrumb":{"@id":"https:\/\/hierostrasbourg.com\/index.php\/2023\/03\/01\/le-tns-recrute-un-directeur-technique-adjoint-f-h-2\/#breadcrumb"},"inLanguage":"fr-FR","potentialAction":[{"@type":"ReadAction","target":["https:\/\/hierostrasbourg.com\/index.php\/2023\/03\/01\/le-tns-recrute-un-directeur-technique-adjoint-f-h-2\/"]}]},{"@type":"BreadcrumbList","@id":"https:\/\/hierostrasbourg.com\/index.php\/2023\/03\/01\/le-tns-recrute-un-directeur-technique-adjoint-f-h-2\/#breadcrumb","itemListElement":[{"@type":"ListItem","position":1,"name":"Accueil","item":"https:\/\/hierostrasbourg.com\/"},{"@type":"ListItem","position":2,"name":"Le TNS recrute un directeur technique adjoint [F\/H]"}]},{"@type":"WebSite","@id":"https:\/\/hierostrasbourg.com\/#website","url":"https:\/\/hierostrasbourg.com\/","name":"HIERO STRASBOURG","description":"Centre de Ressources Musiques Actuelles","publisher":{"@id":"https:\/\/hierostrasbourg.com\/#organization"},"potentialAction":[{"@type":"SearchAction","target":{"@type":"EntryPoint","urlTemplate":"https:\/\/hierostrasbourg.com\/?s={search_term_string}"},"query-input":{"@type":"PropertyValueSpecification","valueRequired":true,"valueName":"search_term_string"}}],"inLanguage":"fr-FR"},{"@type":"Organization","@id":"https:\/\/hierostrasbourg.com\/#organization","name":"F\u00e9d\u00e9ration Hi\u00e9ro Strasbourg","url":"https:\/\/hierostrasbourg.com\/","logo":{"@type":"ImageObject","inLanguage":"fr-FR","@id":"https:\/\/hierostrasbourg.com\/#\/schema\/logo\/image\/","url":"https:\/\/hierostrasbourg.com\/wp-content\/uploads\/2026\/04\/logo-hiero-strasbourg.jpg","contentUrl":"https:\/\/hierostrasbourg.com\/wp-content\/uploads\/2026\/04\/logo-hiero-strasbourg.jpg","width":204,"height":192,"caption":"F\u00e9d\u00e9ration Hi\u00e9ro Strasbourg"},"image":{"@id":"https:\/\/hierostrasbourg.com\/#\/schema\/logo\/image\/"},"sameAs":["https:\/\/www.facebook.com\/fedehierostrasbourg","https:\/\/x.com\/hierostrasbourg"]}]}},"_links":{"self":[{"href":"https:\/\/hierostrasbourg.com\/index.php\/wp-json\/wp\/v2\/posts\/5443","targetHints":{"allow":["GET"]}}],"collection":[{"href":"https:\/\/hierostrasbourg.com\/index.php\/wp-json\/wp\/v2\/posts"}],"about":[{"href":"https:\/\/hierostrasbourg.com\/index.php\/wp-json\/wp\/v2\/types\/post"}],"replies":[{"embeddable":true,"href":"https:\/\/hierostrasbourg.com\/index.php\/wp-json\/wp\/v2\/comments?post=5443"}],"version-history":[{"count":0,"href":"https:\/\/hierostrasbourg.com\/index.php\/wp-json\/wp\/v2\/posts\/5443\/revisions"}],"wp:attachment":[{"href":"https:\/\/hierostrasbourg.com\/index.php\/wp-json\/wp\/v2\/media?parent=5443"}],"wp:term":[{"taxonomy":"category","embeddable":true,"href":"https:\/\/hierostrasbourg.com\/index.php\/wp-json\/wp\/v2\/categories?post=5443"},{"taxonomy":"post_tag","embeddable":true,"href":"https:\/\/hierostrasbourg.com\/index.php\/wp-json\/wp\/v2\/tags?post=5443"}],"curies":[{"name":"wp","href":"https:\/\/api.w.org\/{rel}","templated":true}]}}