{"id":5440,"date":"2023-03-01T00:42:48","date_gmt":"2023-02-28T23:42:48","guid":{"rendered":"https:\/\/hierostrasbourg.com\/index.php\/2023\/03\/01\/la-ministre-de-la-culture-lance-un-nouvel-appel-a-projets-alternatives-vertes\/"},"modified":"2023-03-01T00:42:48","modified_gmt":"2023-02-28T23:42:48","slug":"la-ministre-de-la-culture-lance-un-nouvel-appel-a-projets-alternatives-vertes","status":"publish","type":"post","link":"https:\/\/hierostrasbourg.com\/index.php\/2023\/03\/01\/la-ministre-de-la-culture-lance-un-nouvel-appel-a-projets-alternatives-vertes\/","title":{"rendered":"La ministre de la Culture lance un nouvel appel \u00e0 projets \u00abAlternatives vertes\u00bb"},"content":{"rendered":"<p><em>En visite chez Fortiche, un studio d\u2019animation situ\u00e9 dans le 13e arrondissement de Paris, Rima Abdul-Malak a annonc\u00e9 \u00abla saison 2 d\u2019Alternatives vertes\u00bb, un appel \u00e0 projet lanc\u00e9 le 1er mars.<\/em><\/p>\n<p>Source \/ Lire la suite : <a href=\"https:\/\/www.lefigaro.fr\/culture\/la-ministre-de-la-culture-lance-un-nouvel-appel-a-projets-alternatives-vertes-20230228\">La ministre de la Culture lance un nouvel appel \u00e0 projets \u00abAlternatives vertes\u00bb<\/a><\/p>\n<p>L\u2019article <a href=\"https:\/\/musiquesactuelles.alsace\/la-ministre-de-la-culture-lance-un-nouvel-appel-a-projets-alternatives-vertes\/\">La ministre de la Culture lance un nouvel appel \u00e0 projets \u00abAlternatives vertes\u00bb<\/a> est apparu en premier sur <a href=\"https:\/\/musiquesactuelles.alsace\/\">Musiques Actuelles en Alsace<\/a>.<\/p>\n<p>L\u2019article <a href=\"https:\/\/popburo.fr\/la-ministre-de-la-culture-lance-un-nouvel-appel-a-projets-alternatives-vertes\/\">La ministre de la Culture lance un nouvel appel \u00e0 projets \u00abAlternatives vertes\u00bb<\/a> est apparu en premier sur <a href=\"https:\/\/popburo.fr\/\">POP B\u00dcRO<\/a>.<\/p>\n","protected":false},"excerpt":{"rendered":"<p>En visite chez Fortiche, un studio d\u2019animation situ\u00e9 dans le 13e arrondissement de Paris, Rima Abdul-Malak a annonc\u00e9 \u00abla saison 2 d\u2019Alternatives vertes\u00bb, un appel \u00e0 projet lanc\u00e9 le 1er mars. Source \/ Lire la suite : La ministre de la Culture lance un nouvel appel \u00e0 projets \u00abAlternatives vertes\u00bb L\u2019article La ministre de la Culture lance un nouvel appel \u00e0 projets \u00abAlternatives vertes\u00bb est apparu en premier sur Musiques Actuelles en Alsace. L\u2019article La ministre de la Culture lance [&hellip;]<\/p>\n","protected":false},"author":0,"featured_media":0,"comment_status":"closed","ping_status":"open","sticky":false,"template":"","format":"standard","meta":{"footnotes":""},"categories":[1],"tags":[],"class_list":["post-5440","post","type-post","status-publish","format-standard","hentry","category-non-classe"],"yoast_head":"<!-- This site is optimized with the Yoast SEO plugin v27.4 - https:\/\/yoast.com\/product\/yoast-seo-wordpress\/ -->\n<title>La ministre de la Culture lance un nouvel appel \u00e0 projets \u00abAlternatives vertes\u00bb - HIERO STRASBOURG<\/title>\n<meta name=\"robots\" content=\"index, follow, max-snippet:-1, max-image-preview:large, max-video-preview:-1\" \/>\n<link rel=\"canonical\" href=\"https:\/\/hierostrasbourg.com\/index.php\/2023\/03\/01\/la-ministre-de-la-culture-lance-un-nouvel-appel-a-projets-alternatives-vertes\/\" \/>\n<meta property=\"og:locale\" content=\"fr_FR\" \/>\n<meta property=\"og:type\" content=\"article\" \/>\n<meta property=\"og:title\" content=\"La ministre de la Culture lance un nouvel appel \u00e0 projets \u00abAlternatives vertes\u00bb - HIERO STRASBOURG\" \/>\n<meta property=\"og:description\" content=\"En visite chez Fortiche, un studio d\u2019animation situ\u00e9 dans le 13e arrondissement de Paris, Rima Abdul-Malak a annonc\u00e9 \u00abla saison 2 d\u2019Alternatives vertes\u00bb, un appel \u00e0 projet lanc\u00e9 le 1er mars. Source \/ Lire la suite : La ministre de la Culture lance un nouvel appel \u00e0 projets \u00abAlternatives vertes\u00bb L\u2019article La ministre de la Culture lance un nouvel appel \u00e0 projets \u00abAlternatives vertes\u00bb est apparu en premier sur Musiques Actuelles en Alsace. L\u2019article La ministre de la Culture lance [&hellip;]\" \/>\n<meta property=\"og:url\" content=\"https:\/\/hierostrasbourg.com\/index.php\/2023\/03\/01\/la-ministre-de-la-culture-lance-un-nouvel-appel-a-projets-alternatives-vertes\/\" \/>\n<meta property=\"og:site_name\" content=\"HIERO STRASBOURG\" \/>\n<meta property=\"article:publisher\" content=\"https:\/\/www.facebook.com\/fedehierostrasbourg\" \/>\n<meta property=\"article:published_time\" content=\"2023-02-28T23:42:48+00:00\" \/>\n<meta name=\"twitter:card\" content=\"summary_large_image\" \/>\n<meta name=\"twitter:creator\" content=\"@hierostrasbourg\" \/>\n<meta name=\"twitter:site\" content=\"@hierostrasbourg\" \/>\n<script type=\"application\/ld+json\" class=\"yoast-schema-graph\">{\"@context\":\"https:\\\/\\\/schema.org\",\"@graph\":[{\"@type\":\"Article\",\"@id\":\"https:\\\/\\\/hierostrasbourg.com\\\/index.php\\\/2023\\\/03\\\/01\\\/la-ministre-de-la-culture-lance-un-nouvel-appel-a-projets-alternatives-vertes\\\/#article\",\"isPartOf\":{\"@id\":\"https:\\\/\\\/hierostrasbourg.com\\\/index.php\\\/2023\\\/03\\\/01\\\/la-ministre-de-la-culture-lance-un-nouvel-appel-a-projets-alternatives-vertes\\\/\"},\"author\":{\"name\":\"\",\"@id\":\"\"},\"headline\":\"La ministre de la Culture lance un nouvel appel \u00e0 projets \u00abAlternatives vertes\u00bb\",\"datePublished\":\"2023-02-28T23:42:48+00:00\",\"mainEntityOfPage\":{\"@id\":\"https:\\\/\\\/hierostrasbourg.com\\\/index.php\\\/2023\\\/03\\\/01\\\/la-ministre-de-la-culture-lance-un-nouvel-appel-a-projets-alternatives-vertes\\\/\"},\"wordCount\":104,\"publisher\":{\"@id\":\"https:\\\/\\\/hierostrasbourg.com\\\/#organization\"},\"inLanguage\":\"fr-FR\"},{\"@type\":\"WebPage\",\"@id\":\"https:\\\/\\\/hierostrasbourg.com\\\/index.php\\\/2023\\\/03\\\/01\\\/la-ministre-de-la-culture-lance-un-nouvel-appel-a-projets-alternatives-vertes\\\/\",\"url\":\"https:\\\/\\\/hierostrasbourg.com\\\/index.php\\\/2023\\\/03\\\/01\\\/la-ministre-de-la-culture-lance-un-nouvel-appel-a-projets-alternatives-vertes\\\/\",\"name\":\"La ministre de la Culture lance un nouvel appel \u00e0 projets \u00abAlternatives vertes\u00bb - HIERO STRASBOURG\",\"isPartOf\":{\"@id\":\"https:\\\/\\\/hierostrasbourg.com\\\/#website\"},\"datePublished\":\"2023-02-28T23:42:48+00:00\",\"breadcrumb\":{\"@id\":\"https:\\\/\\\/hierostrasbourg.com\\\/index.php\\\/2023\\\/03\\\/01\\\/la-ministre-de-la-culture-lance-un-nouvel-appel-a-projets-alternatives-vertes\\\/#breadcrumb\"},\"inLanguage\":\"fr-FR\",\"potentialAction\":[{\"@type\":\"ReadAction\",\"target\":[\"https:\\\/\\\/hierostrasbourg.com\\\/index.php\\\/2023\\\/03\\\/01\\\/la-ministre-de-la-culture-lance-un-nouvel-appel-a-projets-alternatives-vertes\\\/\"]}]},{\"@type\":\"BreadcrumbList\",\"@id\":\"https:\\\/\\\/hierostrasbourg.com\\\/index.php\\\/2023\\\/03\\\/01\\\/la-ministre-de-la-culture-lance-un-nouvel-appel-a-projets-alternatives-vertes\\\/#breadcrumb\",\"itemListElement\":[{\"@type\":\"ListItem\",\"position\":1,\"name\":\"Accueil\",\"item\":\"https:\\\/\\\/hierostrasbourg.com\\\/\"},{\"@type\":\"ListItem\",\"position\":2,\"name\":\"La ministre de la Culture lance un nouvel appel \u00e0 projets \u00abAlternatives vertes\u00bb\"}]},{\"@type\":\"WebSite\",\"@id\":\"https:\\\/\\\/hierostrasbourg.com\\\/#website\",\"url\":\"https:\\\/\\\/hierostrasbourg.com\\\/\",\"name\":\"HIERO STRASBOURG\",\"description\":\"Centre de Ressources Musiques Actuelles\",\"publisher\":{\"@id\":\"https:\\\/\\\/hierostrasbourg.com\\\/#organization\"},\"potentialAction\":[{\"@type\":\"SearchAction\",\"target\":{\"@type\":\"EntryPoint\",\"urlTemplate\":\"https:\\\/\\\/hierostrasbourg.com\\\/?s={search_term_string}\"},\"query-input\":{\"@type\":\"PropertyValueSpecification\",\"valueRequired\":true,\"valueName\":\"search_term_string\"}}],\"inLanguage\":\"fr-FR\"},{\"@type\":\"Organization\",\"@id\":\"https:\\\/\\\/hierostrasbourg.com\\\/#organization\",\"name\":\"F\u00e9d\u00e9ration Hi\u00e9ro Strasbourg\",\"url\":\"https:\\\/\\\/hierostrasbourg.com\\\/\",\"logo\":{\"@type\":\"ImageObject\",\"inLanguage\":\"fr-FR\",\"@id\":\"https:\\\/\\\/hierostrasbourg.com\\\/#\\\/schema\\\/logo\\\/image\\\/\",\"url\":\"https:\\\/\\\/hierostrasbourg.com\\\/wp-content\\\/uploads\\\/2026\\\/04\\\/logo-hiero-strasbourg.jpg\",\"contentUrl\":\"https:\\\/\\\/hierostrasbourg.com\\\/wp-content\\\/uploads\\\/2026\\\/04\\\/logo-hiero-strasbourg.jpg\",\"width\":204,\"height\":192,\"caption\":\"F\u00e9d\u00e9ration Hi\u00e9ro Strasbourg\"},\"image\":{\"@id\":\"https:\\\/\\\/hierostrasbourg.com\\\/#\\\/schema\\\/logo\\\/image\\\/\"},\"sameAs\":[\"https:\\\/\\\/www.facebook.com\\\/fedehierostrasbourg\",\"https:\\\/\\\/x.com\\\/hierostrasbourg\"]}]}<\/script>\n<!-- \/ Yoast SEO plugin. -->","yoast_head_json":{"title":"La ministre de la Culture lance un nouvel appel \u00e0 projets \u00abAlternatives vertes\u00bb - HIERO STRASBOURG","robots":{"index":"index","follow":"follow","max-snippet":"max-snippet:-1","max-image-preview":"max-image-preview:large","max-video-preview":"max-video-preview:-1"},"canonical":"https:\/\/hierostrasbourg.com\/index.php\/2023\/03\/01\/la-ministre-de-la-culture-lance-un-nouvel-appel-a-projets-alternatives-vertes\/","og_locale":"fr_FR","og_type":"article","og_title":"La ministre de la Culture lance un nouvel appel \u00e0 projets \u00abAlternatives vertes\u00bb - HIERO STRASBOURG","og_description":"En visite chez Fortiche, un studio d\u2019animation situ\u00e9 dans le 13e arrondissement de Paris, Rima Abdul-Malak a annonc\u00e9 \u00abla saison 2 d\u2019Alternatives vertes\u00bb, un appel \u00e0 projet lanc\u00e9 le 1er mars. Source \/ Lire la suite : La ministre de la Culture lance un nouvel appel \u00e0 projets \u00abAlternatives vertes\u00bb L\u2019article La ministre de la Culture lance un nouvel appel \u00e0 projets \u00abAlternatives vertes\u00bb est apparu en premier sur Musiques Actuelles en Alsace. L\u2019article La ministre de la Culture lance [&hellip;]","og_url":"https:\/\/hierostrasbourg.com\/index.php\/2023\/03\/01\/la-ministre-de-la-culture-lance-un-nouvel-appel-a-projets-alternatives-vertes\/","og_site_name":"HIERO STRASBOURG","article_publisher":"https:\/\/www.facebook.com\/fedehierostrasbourg","article_published_time":"2023-02-28T23:42:48+00:00","twitter_card":"summary_large_image","twitter_creator":"@hierostrasbourg","twitter_site":"@hierostrasbourg","schema":{"@context":"https:\/\/schema.org","@graph":[{"@type":"Article","@id":"https:\/\/hierostrasbourg.com\/index.php\/2023\/03\/01\/la-ministre-de-la-culture-lance-un-nouvel-appel-a-projets-alternatives-vertes\/#article","isPartOf":{"@id":"https:\/\/hierostrasbourg.com\/index.php\/2023\/03\/01\/la-ministre-de-la-culture-lance-un-nouvel-appel-a-projets-alternatives-vertes\/"},"author":{"name":"","@id":""},"headline":"La ministre de la Culture lance un nouvel appel \u00e0 projets \u00abAlternatives vertes\u00bb","datePublished":"2023-02-28T23:42:48+00:00","mainEntityOfPage":{"@id":"https:\/\/hierostrasbourg.com\/index.php\/2023\/03\/01\/la-ministre-de-la-culture-lance-un-nouvel-appel-a-projets-alternatives-vertes\/"},"wordCount":104,"publisher":{"@id":"https:\/\/hierostrasbourg.com\/#organization"},"inLanguage":"fr-FR"},{"@type":"WebPage","@id":"https:\/\/hierostrasbourg.com\/index.php\/2023\/03\/01\/la-ministre-de-la-culture-lance-un-nouvel-appel-a-projets-alternatives-vertes\/","url":"https:\/\/hierostrasbourg.com\/index.php\/2023\/03\/01\/la-ministre-de-la-culture-lance-un-nouvel-appel-a-projets-alternatives-vertes\/","name":"La ministre de la Culture lance un nouvel appel \u00e0 projets \u00abAlternatives vertes\u00bb - HIERO STRASBOURG","isPartOf":{"@id":"https:\/\/hierostrasbourg.com\/#website"},"datePublished":"2023-02-28T23:42:48+00:00","breadcrumb":{"@id":"https:\/\/hierostrasbourg.com\/index.php\/2023\/03\/01\/la-ministre-de-la-culture-lance-un-nouvel-appel-a-projets-alternatives-vertes\/#breadcrumb"},"inLanguage":"fr-FR","potentialAction":[{"@type":"ReadAction","target":["https:\/\/hierostrasbourg.com\/index.php\/2023\/03\/01\/la-ministre-de-la-culture-lance-un-nouvel-appel-a-projets-alternatives-vertes\/"]}]},{"@type":"BreadcrumbList","@id":"https:\/\/hierostrasbourg.com\/index.php\/2023\/03\/01\/la-ministre-de-la-culture-lance-un-nouvel-appel-a-projets-alternatives-vertes\/#breadcrumb","itemListElement":[{"@type":"ListItem","position":1,"name":"Accueil","item":"https:\/\/hierostrasbourg.com\/"},{"@type":"ListItem","position":2,"name":"La ministre de la Culture lance un nouvel appel \u00e0 projets \u00abAlternatives vertes\u00bb"}]},{"@type":"WebSite","@id":"https:\/\/hierostrasbourg.com\/#website","url":"https:\/\/hierostrasbourg.com\/","name":"HIERO STRASBOURG","description":"Centre de Ressources Musiques Actuelles","publisher":{"@id":"https:\/\/hierostrasbourg.com\/#organization"},"potentialAction":[{"@type":"SearchAction","target":{"@type":"EntryPoint","urlTemplate":"https:\/\/hierostrasbourg.com\/?s={search_term_string}"},"query-input":{"@type":"PropertyValueSpecification","valueRequired":true,"valueName":"search_term_string"}}],"inLanguage":"fr-FR"},{"@type":"Organization","@id":"https:\/\/hierostrasbourg.com\/#organization","name":"F\u00e9d\u00e9ration Hi\u00e9ro Strasbourg","url":"https:\/\/hierostrasbourg.com\/","logo":{"@type":"ImageObject","inLanguage":"fr-FR","@id":"https:\/\/hierostrasbourg.com\/#\/schema\/logo\/image\/","url":"https:\/\/hierostrasbourg.com\/wp-content\/uploads\/2026\/04\/logo-hiero-strasbourg.jpg","contentUrl":"https:\/\/hierostrasbourg.com\/wp-content\/uploads\/2026\/04\/logo-hiero-strasbourg.jpg","width":204,"height":192,"caption":"F\u00e9d\u00e9ration Hi\u00e9ro Strasbourg"},"image":{"@id":"https:\/\/hierostrasbourg.com\/#\/schema\/logo\/image\/"},"sameAs":["https:\/\/www.facebook.com\/fedehierostrasbourg","https:\/\/x.com\/hierostrasbourg"]}]}},"_links":{"self":[{"href":"https:\/\/hierostrasbourg.com\/index.php\/wp-json\/wp\/v2\/posts\/5440","targetHints":{"allow":["GET"]}}],"collection":[{"href":"https:\/\/hierostrasbourg.com\/index.php\/wp-json\/wp\/v2\/posts"}],"about":[{"href":"https:\/\/hierostrasbourg.com\/index.php\/wp-json\/wp\/v2\/types\/post"}],"replies":[{"embeddable":true,"href":"https:\/\/hierostrasbourg.com\/index.php\/wp-json\/wp\/v2\/comments?post=5440"}],"version-history":[{"count":0,"href":"https:\/\/hierostrasbourg.com\/index.php\/wp-json\/wp\/v2\/posts\/5440\/revisions"}],"wp:attachment":[{"href":"https:\/\/hierostrasbourg.com\/index.php\/wp-json\/wp\/v2\/media?parent=5440"}],"wp:term":[{"taxonomy":"category","embeddable":true,"href":"https:\/\/hierostrasbourg.com\/index.php\/wp-json\/wp\/v2\/categories?post=5440"},{"taxonomy":"post_tag","embeddable":true,"href":"https:\/\/hierostrasbourg.com\/index.php\/wp-json\/wp\/v2\/tags?post=5440"}],"curies":[{"name":"wp","href":"https:\/\/api.w.org\/{rel}","templated":true}]}}