{"id":5430,"date":"2023-02-28T13:40:34","date_gmt":"2023-02-28T12:40:34","guid":{"rendered":"https:\/\/hierostrasbourg.com\/index.php\/2023\/02\/28\/l-opera-national-du-rhin-recrute-un-charge-de-communication-print-f-h\/"},"modified":"2023-02-28T13:40:34","modified_gmt":"2023-02-28T12:40:34","slug":"l-opera-national-du-rhin-recrute-un-charge-de-communication-print-f-h","status":"publish","type":"post","link":"https:\/\/hierostrasbourg.com\/index.php\/2023\/02\/28\/l-opera-national-du-rhin-recrute-un-charge-de-communication-print-f-h\/","title":{"rendered":"L OP\u00c9RA NATIONAL DU RHIN recrute un charg\u00e9 de communication print [F\/H]"},"content":{"rendered":"<p>L\u2019Op\u00e9ra national du Rhin, n\u00e9 de la volont\u00e9 des villes de Strasbourg, Mulhouse et Colmar, fait partie des six op\u00e9ras distingu\u00e9s par le label Op\u00e9ra national en r\u00e9gion, et de Centre Chor\u00e9graphique national.<br \/>\nInscrit dans un r\u00e9seau national et international de collaborations artistiques et culturelles, il constitue un p\u00f4le de d\u00e9veloppement lyrique et chor\u00e9graphique, avec des unit\u00e9s de cr\u00e9ation et diffusion r\u00e9parties dans les trois villes, et accueille pr\u00e8s de 120.000 spectateurs par an.<br \/>\nDirecteur g\u00e9n\u00e9ral : Alain Perroux<\/p>\n<h2>MISSION GENERALE<\/h2>\n<p>Participe \u00e0 la mise en \u0153uvre du plan de communication de l\u2019Op\u00e9ra national du Rhin et est plus particuli\u00e8rement charg\u00e9-e des outils de communication print et de la publicit\u00e9 de l\u2019OnR, en lien avec le Secr\u00e9taire g\u00e9n\u00e9ral.<\/p>\n<h2>RATTACHEMENTS HIERARCHIQUES<\/h2>\n<p>Est plac\u00e9 (e) sous l\u2019autorit\u00e9 du secr\u00e9taire g\u00e9n\u00e9ral<\/p>\n<h2>ACTIVITES PRINCIPALES :<\/h2>\n<p><strong>Conception et r\u00e9alisation des outils de communication print<\/strong><\/p>\n<p>Mise en page des brochures de saison (tout public, jeune public et abonnement)<br \/>\nMise en page de la brochure du festival Arsmondo<br \/>\nMise en page du magazine de l\u2019OnR<br \/>\nMise en page des programmes de salle de l\u2019OnR (Op\u00e9ra, r\u00e9citals, heures lyriques et autres \u00e9v\u00e8nements ponctuels)<br \/>\nMise en page des affiches et tracts des spectacles de l\u2019OnR<br \/>\nSecr\u00e9tariat de r\u00e9daction en lien avec le dramaturge de l\u2019OnR<br \/>\nSoutien \u00e0 la mise en page des dossiers de presse et p\u00e9dagogique<br \/>\nGarant de l\u2019uniformit\u00e9 de la charte graphique sur l\u2019ensemble des documents de communication de l\u2019OnR<br \/>\nCharg\u00e9 des recherches iconographiques<\/p>\n<p><strong>Gestion des impressions<\/strong><\/p>\n<p>Etablit les march\u00e9s publics imprimeurs en lien avec le Secr\u00e9taire g\u00e9n\u00e9ral et la DAF<br \/>\nEtablit les bons de commande<br \/>\nCharg\u00e9 du suivi du budget pr\u00e9visionnel et du retroplanning<br \/>\nCharg\u00e9 du suivi des impressions, de la qualit\u00e9 finale et du respect des d\u00e9lais<\/p>\n<p><strong>Gestion de la diffusion<\/strong><\/p>\n<p>Etablit les march\u00e9s publics diffuseurs en lien avec le Secr\u00e9taire g\u00e9n\u00e9ral et la DAF<br \/>\nEtablit les bons de commande<br \/>\nCharg\u00e9 du suivi du budget pr\u00e9visionnel et du retroplanning<br \/>\nCharg\u00e9 du routage des magazines et des brochures de saison<\/p>\n<p><strong>Publicit\u00e9 :<\/strong><\/p>\n<p>D\u00e9finition et suivi du plan publicitaire de la saison<br \/>\nCharg\u00e9 du suivi du budget pr\u00e9visionnel et du retroplanning<br \/>\nConception graphique des insertions publicitaires et campagnes web<br \/>\nEtablit les bons de commande<\/p>\n<p><strong>Partenariats m\u00e9dias<\/strong><\/p>\n<p>En relation avec les attach\u00e9s de presse de l\u2019Op\u00e9ra et du Ballet, et la directrice du m\u00e9c\u00e9nat et des partenariats, propose et n\u00e9gocie les partenariats m\u00e9dias<br \/>\nOrganisation et suivi des jeux radios et TV<\/p>\n<p><strong>Archivage<\/strong><\/p>\n<p>Charg\u00e9 de la mise en place de la politique d\u2019archivage de l\u2019OnR<\/p>\n<p><strong>Ev\u00e8nementiel<\/strong><\/p>\n<p>Peut \u00eatre amen\u00e9 \u00e0 participer \u00e0 l\u2019accueil et aux relations publics lors des spectacles de l\u2019OnR et aux \u00e9v\u00e8nements auxquels participe l\u2019OnR<\/p>\n<p>Toutes ces t\u00e2ches sont effectu\u00e9es au sein et en relation avec l\u2019\u00e9quipe du Secr\u00e9tariat g\u00e9n\u00e9ral de l\u2019Op\u00e9ra national du Rhin.<\/p>\n<h2>COMPETENCES ET QUALITES REQUISES<\/h2>\n<p><strong>Formation <\/strong><\/p>\n<p>Sup\u00e9rieure (Bac +3 minimum) en communication\/marketing, design graphique<\/p>\n<p><strong>Comp\u00e9tences<\/strong><\/p>\n<p>Bonne connaissance de l\u2019art lyrique, du spectacle vivant<br \/>\nExcellente aisance r\u00e9dactionnelle<br \/>\nParfaite connaissance de la cha\u00eene graphique ainsi que des r\u00e8gles typographiques<br \/>\nPratique de l\u2019outil informatique, et plus particuli\u00e8rement des logiciels In design, Photoshop et Illustrator indispensable<br \/>\nConnaissance d\u2019une langue \u00e9trang\u00e8re (anglais, allemand)<br \/>\nExp\u00e9rience demand\u00e9e dans des fonctions analogues<\/p>\n<p><strong>Qualit\u00e9s <\/strong><\/p>\n<p>Dynamique, sachant faire preuve d\u2019initiatives et d\u2019un excellent sens du contact et de la n\u00e9gociation<br \/>\nTr\u00e8s bonne capacit\u00e9 d\u2019analyse et de synth\u00e8se, rigueur et sens de l\u2019organisation<br \/>\nEsprit d\u2019\u00e9quipe<\/p>\n<p>Le poste suppose des horaires irr\u00e9guliers qui induisent flexibilit\u00e9 et souplesse dans le temps de travail li\u00e9s \u00e0 l\u2019activit\u00e9<br \/>\nPoste permanent \u00e0 temps complet.<\/p>\n<p>Date limite de candidature : 24\/03\/2023<br \/>\nMerci de faire parvenir votre candidature (lettre de motivation et curriculum vitae) pour le 24 Mars 2023<\/p>\n<p>A Monsieur le Directeur G\u00e9n\u00e9ral de l\u2019Op\u00e9ra National du Rhin<br \/>\nDirection des Ressources humaines<br \/>\n19, Place Broglie \u2013 67008 Strasbourg Cedex<br \/>\nEmail : rh@onr.fr<\/p>\n<p>L\u2019article <a href=\"https:\/\/popburo.fr\/l-opera-national-du-rhin-recrute-un-charge-de-communication-print-f-h\/\">L OP\u00c9RA NATIONAL DU RHIN recrute un charg\u00e9 de communication print [F\/H]<\/a> est apparu en premier sur <a href=\"https:\/\/popburo.fr\/\">POP B\u00dcRO<\/a>.<\/p>\n","protected":false},"excerpt":{"rendered":"<p>L\u2019Op\u00e9ra national du Rhin, n\u00e9 de la volont\u00e9 des villes de Strasbourg, Mulhouse et Colmar, fait partie des six op\u00e9ras distingu\u00e9s par le label Op\u00e9ra national en r\u00e9gion, et de Centre Chor\u00e9graphique national. Inscrit dans un r\u00e9seau national et international de collaborations artistiques et culturelles, il constitue un p\u00f4le de d\u00e9veloppement lyrique et chor\u00e9graphique, avec des unit\u00e9s de cr\u00e9ation et diffusion r\u00e9parties dans les trois villes, et accueille pr\u00e8s de 120.000 spectateurs par an. Directeur g\u00e9n\u00e9ral : Alain Perroux MISSION [&hellip;]<\/p>\n","protected":false},"author":0,"featured_media":0,"comment_status":"closed","ping_status":"open","sticky":false,"template":"","format":"standard","meta":{"footnotes":""},"categories":[1],"tags":[],"class_list":["post-5430","post","type-post","status-publish","format-standard","hentry","category-non-classe"],"yoast_head":"<!-- This site is optimized with the Yoast SEO plugin v27.4 - https:\/\/yoast.com\/product\/yoast-seo-wordpress\/ -->\n<title>L OP\u00c9RA NATIONAL DU RHIN recrute un charg\u00e9 de communication print [F\/H] - HIERO STRASBOURG<\/title>\n<meta name=\"robots\" content=\"index, follow, max-snippet:-1, max-image-preview:large, max-video-preview:-1\" \/>\n<link rel=\"canonical\" href=\"https:\/\/hierostrasbourg.com\/index.php\/2023\/02\/28\/l-opera-national-du-rhin-recrute-un-charge-de-communication-print-f-h\/\" \/>\n<meta property=\"og:locale\" content=\"fr_FR\" \/>\n<meta property=\"og:type\" content=\"article\" \/>\n<meta property=\"og:title\" content=\"L OP\u00c9RA NATIONAL DU RHIN recrute un charg\u00e9 de communication print [F\/H] - HIERO STRASBOURG\" \/>\n<meta property=\"og:description\" content=\"L\u2019Op\u00e9ra national du Rhin, n\u00e9 de la volont\u00e9 des villes de Strasbourg, Mulhouse et Colmar, fait partie des six op\u00e9ras distingu\u00e9s par le label Op\u00e9ra national en r\u00e9gion, et de Centre Chor\u00e9graphique national. Inscrit dans un r\u00e9seau national et international de collaborations artistiques et culturelles, il constitue un p\u00f4le de d\u00e9veloppement lyrique et chor\u00e9graphique, avec des unit\u00e9s de cr\u00e9ation et diffusion r\u00e9parties dans les trois villes, et accueille pr\u00e8s de 120.000 spectateurs par an. Directeur g\u00e9n\u00e9ral : Alain Perroux MISSION [&hellip;]\" \/>\n<meta property=\"og:url\" content=\"https:\/\/hierostrasbourg.com\/index.php\/2023\/02\/28\/l-opera-national-du-rhin-recrute-un-charge-de-communication-print-f-h\/\" \/>\n<meta property=\"og:site_name\" content=\"HIERO STRASBOURG\" \/>\n<meta property=\"article:publisher\" content=\"https:\/\/www.facebook.com\/fedehierostrasbourg\" \/>\n<meta property=\"article:published_time\" content=\"2023-02-28T12:40:34+00:00\" \/>\n<meta name=\"twitter:card\" content=\"summary_large_image\" \/>\n<meta name=\"twitter:creator\" content=\"@hierostrasbourg\" \/>\n<meta name=\"twitter:site\" content=\"@hierostrasbourg\" \/>\n<meta name=\"twitter:label1\" content=\"Dur\u00e9e de lecture estim\u00e9e\" \/>\n\t<meta name=\"twitter:data1\" content=\"4 minutes\" \/>\n<script type=\"application\/ld+json\" class=\"yoast-schema-graph\">{\"@context\":\"https:\\\/\\\/schema.org\",\"@graph\":[{\"@type\":\"Article\",\"@id\":\"https:\\\/\\\/hierostrasbourg.com\\\/index.php\\\/2023\\\/02\\\/28\\\/l-opera-national-du-rhin-recrute-un-charge-de-communication-print-f-h\\\/#article\",\"isPartOf\":{\"@id\":\"https:\\\/\\\/hierostrasbourg.com\\\/index.php\\\/2023\\\/02\\\/28\\\/l-opera-national-du-rhin-recrute-un-charge-de-communication-print-f-h\\\/\"},\"author\":{\"name\":\"\",\"@id\":\"\"},\"headline\":\"L OP\u00c9RA NATIONAL DU RHIN recrute un charg\u00e9 de communication print [F\\\/H]\",\"datePublished\":\"2023-02-28T12:40:34+00:00\",\"mainEntityOfPage\":{\"@id\":\"https:\\\/\\\/hierostrasbourg.com\\\/index.php\\\/2023\\\/02\\\/28\\\/l-opera-national-du-rhin-recrute-un-charge-de-communication-print-f-h\\\/\"},\"wordCount\":742,\"publisher\":{\"@id\":\"https:\\\/\\\/hierostrasbourg.com\\\/#organization\"},\"inLanguage\":\"fr-FR\"},{\"@type\":\"WebPage\",\"@id\":\"https:\\\/\\\/hierostrasbourg.com\\\/index.php\\\/2023\\\/02\\\/28\\\/l-opera-national-du-rhin-recrute-un-charge-de-communication-print-f-h\\\/\",\"url\":\"https:\\\/\\\/hierostrasbourg.com\\\/index.php\\\/2023\\\/02\\\/28\\\/l-opera-national-du-rhin-recrute-un-charge-de-communication-print-f-h\\\/\",\"name\":\"L OP\u00c9RA NATIONAL DU RHIN recrute un charg\u00e9 de communication print [F\\\/H] - HIERO STRASBOURG\",\"isPartOf\":{\"@id\":\"https:\\\/\\\/hierostrasbourg.com\\\/#website\"},\"datePublished\":\"2023-02-28T12:40:34+00:00\",\"breadcrumb\":{\"@id\":\"https:\\\/\\\/hierostrasbourg.com\\\/index.php\\\/2023\\\/02\\\/28\\\/l-opera-national-du-rhin-recrute-un-charge-de-communication-print-f-h\\\/#breadcrumb\"},\"inLanguage\":\"fr-FR\",\"potentialAction\":[{\"@type\":\"ReadAction\",\"target\":[\"https:\\\/\\\/hierostrasbourg.com\\\/index.php\\\/2023\\\/02\\\/28\\\/l-opera-national-du-rhin-recrute-un-charge-de-communication-print-f-h\\\/\"]}]},{\"@type\":\"BreadcrumbList\",\"@id\":\"https:\\\/\\\/hierostrasbourg.com\\\/index.php\\\/2023\\\/02\\\/28\\\/l-opera-national-du-rhin-recrute-un-charge-de-communication-print-f-h\\\/#breadcrumb\",\"itemListElement\":[{\"@type\":\"ListItem\",\"position\":1,\"name\":\"Accueil\",\"item\":\"https:\\\/\\\/hierostrasbourg.com\\\/\"},{\"@type\":\"ListItem\",\"position\":2,\"name\":\"L OP\u00c9RA NATIONAL DU RHIN recrute un charg\u00e9 de communication print [F\\\/H]\"}]},{\"@type\":\"WebSite\",\"@id\":\"https:\\\/\\\/hierostrasbourg.com\\\/#website\",\"url\":\"https:\\\/\\\/hierostrasbourg.com\\\/\",\"name\":\"HIERO STRASBOURG\",\"description\":\"Centre de Ressources Musiques Actuelles\",\"publisher\":{\"@id\":\"https:\\\/\\\/hierostrasbourg.com\\\/#organization\"},\"potentialAction\":[{\"@type\":\"SearchAction\",\"target\":{\"@type\":\"EntryPoint\",\"urlTemplate\":\"https:\\\/\\\/hierostrasbourg.com\\\/?s={search_term_string}\"},\"query-input\":{\"@type\":\"PropertyValueSpecification\",\"valueRequired\":true,\"valueName\":\"search_term_string\"}}],\"inLanguage\":\"fr-FR\"},{\"@type\":\"Organization\",\"@id\":\"https:\\\/\\\/hierostrasbourg.com\\\/#organization\",\"name\":\"F\u00e9d\u00e9ration Hi\u00e9ro Strasbourg\",\"url\":\"https:\\\/\\\/hierostrasbourg.com\\\/\",\"logo\":{\"@type\":\"ImageObject\",\"inLanguage\":\"fr-FR\",\"@id\":\"https:\\\/\\\/hierostrasbourg.com\\\/#\\\/schema\\\/logo\\\/image\\\/\",\"url\":\"https:\\\/\\\/hierostrasbourg.com\\\/wp-content\\\/uploads\\\/2026\\\/04\\\/logo-hiero-strasbourg.jpg\",\"contentUrl\":\"https:\\\/\\\/hierostrasbourg.com\\\/wp-content\\\/uploads\\\/2026\\\/04\\\/logo-hiero-strasbourg.jpg\",\"width\":204,\"height\":192,\"caption\":\"F\u00e9d\u00e9ration Hi\u00e9ro Strasbourg\"},\"image\":{\"@id\":\"https:\\\/\\\/hierostrasbourg.com\\\/#\\\/schema\\\/logo\\\/image\\\/\"},\"sameAs\":[\"https:\\\/\\\/www.facebook.com\\\/fedehierostrasbourg\",\"https:\\\/\\\/x.com\\\/hierostrasbourg\"]}]}<\/script>\n<!-- \/ Yoast SEO plugin. -->","yoast_head_json":{"title":"L OP\u00c9RA NATIONAL DU RHIN recrute un charg\u00e9 de communication print [F\/H] - HIERO STRASBOURG","robots":{"index":"index","follow":"follow","max-snippet":"max-snippet:-1","max-image-preview":"max-image-preview:large","max-video-preview":"max-video-preview:-1"},"canonical":"https:\/\/hierostrasbourg.com\/index.php\/2023\/02\/28\/l-opera-national-du-rhin-recrute-un-charge-de-communication-print-f-h\/","og_locale":"fr_FR","og_type":"article","og_title":"L OP\u00c9RA NATIONAL DU RHIN recrute un charg\u00e9 de communication print [F\/H] - HIERO STRASBOURG","og_description":"L\u2019Op\u00e9ra national du Rhin, n\u00e9 de la volont\u00e9 des villes de Strasbourg, Mulhouse et Colmar, fait partie des six op\u00e9ras distingu\u00e9s par le label Op\u00e9ra national en r\u00e9gion, et de Centre Chor\u00e9graphique national. Inscrit dans un r\u00e9seau national et international de collaborations artistiques et culturelles, il constitue un p\u00f4le de d\u00e9veloppement lyrique et chor\u00e9graphique, avec des unit\u00e9s de cr\u00e9ation et diffusion r\u00e9parties dans les trois villes, et accueille pr\u00e8s de 120.000 spectateurs par an. Directeur g\u00e9n\u00e9ral : Alain Perroux MISSION [&hellip;]","og_url":"https:\/\/hierostrasbourg.com\/index.php\/2023\/02\/28\/l-opera-national-du-rhin-recrute-un-charge-de-communication-print-f-h\/","og_site_name":"HIERO STRASBOURG","article_publisher":"https:\/\/www.facebook.com\/fedehierostrasbourg","article_published_time":"2023-02-28T12:40:34+00:00","twitter_card":"summary_large_image","twitter_creator":"@hierostrasbourg","twitter_site":"@hierostrasbourg","twitter_misc":{"Dur\u00e9e de lecture estim\u00e9e":"4 minutes"},"schema":{"@context":"https:\/\/schema.org","@graph":[{"@type":"Article","@id":"https:\/\/hierostrasbourg.com\/index.php\/2023\/02\/28\/l-opera-national-du-rhin-recrute-un-charge-de-communication-print-f-h\/#article","isPartOf":{"@id":"https:\/\/hierostrasbourg.com\/index.php\/2023\/02\/28\/l-opera-national-du-rhin-recrute-un-charge-de-communication-print-f-h\/"},"author":{"name":"","@id":""},"headline":"L OP\u00c9RA NATIONAL DU RHIN recrute un charg\u00e9 de communication print [F\/H]","datePublished":"2023-02-28T12:40:34+00:00","mainEntityOfPage":{"@id":"https:\/\/hierostrasbourg.com\/index.php\/2023\/02\/28\/l-opera-national-du-rhin-recrute-un-charge-de-communication-print-f-h\/"},"wordCount":742,"publisher":{"@id":"https:\/\/hierostrasbourg.com\/#organization"},"inLanguage":"fr-FR"},{"@type":"WebPage","@id":"https:\/\/hierostrasbourg.com\/index.php\/2023\/02\/28\/l-opera-national-du-rhin-recrute-un-charge-de-communication-print-f-h\/","url":"https:\/\/hierostrasbourg.com\/index.php\/2023\/02\/28\/l-opera-national-du-rhin-recrute-un-charge-de-communication-print-f-h\/","name":"L OP\u00c9RA NATIONAL DU RHIN recrute un charg\u00e9 de communication print [F\/H] - HIERO STRASBOURG","isPartOf":{"@id":"https:\/\/hierostrasbourg.com\/#website"},"datePublished":"2023-02-28T12:40:34+00:00","breadcrumb":{"@id":"https:\/\/hierostrasbourg.com\/index.php\/2023\/02\/28\/l-opera-national-du-rhin-recrute-un-charge-de-communication-print-f-h\/#breadcrumb"},"inLanguage":"fr-FR","potentialAction":[{"@type":"ReadAction","target":["https:\/\/hierostrasbourg.com\/index.php\/2023\/02\/28\/l-opera-national-du-rhin-recrute-un-charge-de-communication-print-f-h\/"]}]},{"@type":"BreadcrumbList","@id":"https:\/\/hierostrasbourg.com\/index.php\/2023\/02\/28\/l-opera-national-du-rhin-recrute-un-charge-de-communication-print-f-h\/#breadcrumb","itemListElement":[{"@type":"ListItem","position":1,"name":"Accueil","item":"https:\/\/hierostrasbourg.com\/"},{"@type":"ListItem","position":2,"name":"L OP\u00c9RA NATIONAL DU RHIN recrute un charg\u00e9 de communication print [F\/H]"}]},{"@type":"WebSite","@id":"https:\/\/hierostrasbourg.com\/#website","url":"https:\/\/hierostrasbourg.com\/","name":"HIERO STRASBOURG","description":"Centre de Ressources Musiques Actuelles","publisher":{"@id":"https:\/\/hierostrasbourg.com\/#organization"},"potentialAction":[{"@type":"SearchAction","target":{"@type":"EntryPoint","urlTemplate":"https:\/\/hierostrasbourg.com\/?s={search_term_string}"},"query-input":{"@type":"PropertyValueSpecification","valueRequired":true,"valueName":"search_term_string"}}],"inLanguage":"fr-FR"},{"@type":"Organization","@id":"https:\/\/hierostrasbourg.com\/#organization","name":"F\u00e9d\u00e9ration Hi\u00e9ro Strasbourg","url":"https:\/\/hierostrasbourg.com\/","logo":{"@type":"ImageObject","inLanguage":"fr-FR","@id":"https:\/\/hierostrasbourg.com\/#\/schema\/logo\/image\/","url":"https:\/\/hierostrasbourg.com\/wp-content\/uploads\/2026\/04\/logo-hiero-strasbourg.jpg","contentUrl":"https:\/\/hierostrasbourg.com\/wp-content\/uploads\/2026\/04\/logo-hiero-strasbourg.jpg","width":204,"height":192,"caption":"F\u00e9d\u00e9ration Hi\u00e9ro Strasbourg"},"image":{"@id":"https:\/\/hierostrasbourg.com\/#\/schema\/logo\/image\/"},"sameAs":["https:\/\/www.facebook.com\/fedehierostrasbourg","https:\/\/x.com\/hierostrasbourg"]}]}},"_links":{"self":[{"href":"https:\/\/hierostrasbourg.com\/index.php\/wp-json\/wp\/v2\/posts\/5430","targetHints":{"allow":["GET"]}}],"collection":[{"href":"https:\/\/hierostrasbourg.com\/index.php\/wp-json\/wp\/v2\/posts"}],"about":[{"href":"https:\/\/hierostrasbourg.com\/index.php\/wp-json\/wp\/v2\/types\/post"}],"replies":[{"embeddable":true,"href":"https:\/\/hierostrasbourg.com\/index.php\/wp-json\/wp\/v2\/comments?post=5430"}],"version-history":[{"count":0,"href":"https:\/\/hierostrasbourg.com\/index.php\/wp-json\/wp\/v2\/posts\/5430\/revisions"}],"wp:attachment":[{"href":"https:\/\/hierostrasbourg.com\/index.php\/wp-json\/wp\/v2\/media?parent=5430"}],"wp:term":[{"taxonomy":"category","embeddable":true,"href":"https:\/\/hierostrasbourg.com\/index.php\/wp-json\/wp\/v2\/categories?post=5430"},{"taxonomy":"post_tag","embeddable":true,"href":"https:\/\/hierostrasbourg.com\/index.php\/wp-json\/wp\/v2\/tags?post=5430"}],"curies":[{"name":"wp","href":"https:\/\/api.w.org\/{rel}","templated":true}]}}