{"id":5417,"date":"2023-02-24T17:40:24","date_gmt":"2023-02-24T16:40:24","guid":{"rendered":"https:\/\/hierostrasbourg.com\/index.php\/2023\/02\/24\/pour-les-intermittents-du-spectacle-la-reforme-des-retraites-cest-la-double-peine\/"},"modified":"2023-02-24T17:40:24","modified_gmt":"2023-02-24T16:40:24","slug":"pour-les-intermittents-du-spectacle-la-reforme-des-retraites-cest-la-double-peine","status":"publish","type":"post","link":"https:\/\/hierostrasbourg.com\/index.php\/2023\/02\/24\/pour-les-intermittents-du-spectacle-la-reforme-des-retraites-cest-la-double-peine\/","title":{"rendered":"Pour les intermittents du spectacle, la reforme des retraites, c&rsquo;est \u00ab\u00a0la double peine\u00a0\u00bb"},"content":{"rendered":"<p><em>Philippe et Martine ont plus de 61 ans. Ils ne peuvent toujours pas partir \u00e0 la retraite. Ils sont intermittents du spectacle \u00e0 Nantes. La r\u00e9forme, c\u2019est la double peine selon eux.<\/em><\/p>\n<p>Source \/ Lire la suite : <a href=\"https:\/\/actu.fr\/pays-de-la-loire\/nantes_44109\/pour-les-intermittents-du-spectacle-la-reforme-des-retraites-c-est-la-double-peine_57213774.html\">Pour les intermittents du spectacle, la reforme des retraites, c\u2019est \u201cla double peine\u201d<\/a><\/p>\n<p>L\u2019article <a href=\"https:\/\/musiquesactuelles.alsace\/pour-les-intermittents-du-spectacle-la-reforme-des-retraites-c039est-quotla-double-peinequot\/\">Pour les intermittents du spectacle, la reforme des retraites, c\u2019est &amp;quot;la double peine&amp;quot;<\/a> est apparu en premier sur <a href=\"https:\/\/musiquesactuelles.alsace\/\">Musiques Actuelles en Alsace<\/a>.<\/p>\n<p>L\u2019article <a href=\"https:\/\/popburo.fr\/pour-les-intermittents-du-spectacle-la-reforme-des-retraites-cest-la-double-peine\/\">Pour les intermittents du spectacle, la reforme des retraites, c&rsquo;est \u00ab\u00a0la double peine\u00a0\u00bb<\/a> est apparu en premier sur <a href=\"https:\/\/popburo.fr\/\">POP B\u00dcRO<\/a>.<\/p>\n","protected":false},"excerpt":{"rendered":"<p>Philippe et Martine ont plus de 61 ans. Ils ne peuvent toujours pas partir \u00e0 la retraite. Ils sont intermittents du spectacle \u00e0 Nantes. La r\u00e9forme, c\u2019est la double peine selon eux. Source \/ Lire la suite : Pour les intermittents du spectacle, la reforme des retraites, c\u2019est \u201cla double peine\u201d L\u2019article Pour les intermittents du spectacle, la reforme des retraites, c\u2019est &amp;quot;la double peine&amp;quot; est apparu en premier sur Musiques Actuelles en Alsace. L\u2019article Pour les intermittents du spectacle, [&hellip;]<\/p>\n","protected":false},"author":0,"featured_media":0,"comment_status":"closed","ping_status":"open","sticky":false,"template":"","format":"standard","meta":{"footnotes":""},"categories":[1],"tags":[],"class_list":["post-5417","post","type-post","status-publish","format-standard","hentry","category-non-classe"],"yoast_head":"<!-- This site is optimized with the Yoast SEO plugin v27.4 - https:\/\/yoast.com\/product\/yoast-seo-wordpress\/ -->\n<title>Pour les intermittents du spectacle, la reforme des retraites, c&#039;est &quot;la double peine&quot; - HIERO STRASBOURG<\/title>\n<meta name=\"robots\" content=\"index, follow, max-snippet:-1, max-image-preview:large, max-video-preview:-1\" \/>\n<link rel=\"canonical\" href=\"https:\/\/hierostrasbourg.com\/index.php\/2023\/02\/24\/pour-les-intermittents-du-spectacle-la-reforme-des-retraites-cest-la-double-peine\/\" \/>\n<meta property=\"og:locale\" content=\"fr_FR\" \/>\n<meta property=\"og:type\" content=\"article\" \/>\n<meta property=\"og:title\" content=\"Pour les intermittents du spectacle, la reforme des retraites, c&#039;est &quot;la double peine&quot; - HIERO STRASBOURG\" \/>\n<meta property=\"og:description\" content=\"Philippe et Martine ont plus de 61 ans. Ils ne peuvent toujours pas partir \u00e0 la retraite. Ils sont intermittents du spectacle \u00e0 Nantes. La r\u00e9forme, c\u2019est la double peine selon eux. Source \/ Lire la suite : Pour les intermittents du spectacle, la reforme des retraites, c\u2019est \u201cla double peine\u201d L\u2019article Pour les intermittents du spectacle, la reforme des retraites, c\u2019est &amp;quot;la double peine&amp;quot; est apparu en premier sur Musiques Actuelles en Alsace. L\u2019article Pour les intermittents du spectacle, [&hellip;]\" \/>\n<meta property=\"og:url\" content=\"https:\/\/hierostrasbourg.com\/index.php\/2023\/02\/24\/pour-les-intermittents-du-spectacle-la-reforme-des-retraites-cest-la-double-peine\/\" \/>\n<meta property=\"og:site_name\" content=\"HIERO STRASBOURG\" \/>\n<meta property=\"article:publisher\" content=\"https:\/\/www.facebook.com\/fedehierostrasbourg\" \/>\n<meta property=\"article:published_time\" content=\"2023-02-24T16:40:24+00:00\" \/>\n<meta name=\"twitter:card\" content=\"summary_large_image\" \/>\n<meta name=\"twitter:creator\" content=\"@hierostrasbourg\" \/>\n<meta name=\"twitter:site\" content=\"@hierostrasbourg\" \/>\n<meta name=\"twitter:label1\" content=\"Dur\u00e9e de lecture estim\u00e9e\" \/>\n\t<meta name=\"twitter:data1\" content=\"1 minute\" \/>\n<script type=\"application\/ld+json\" class=\"yoast-schema-graph\">{\"@context\":\"https:\\\/\\\/schema.org\",\"@graph\":[{\"@type\":\"Article\",\"@id\":\"https:\\\/\\\/hierostrasbourg.com\\\/index.php\\\/2023\\\/02\\\/24\\\/pour-les-intermittents-du-spectacle-la-reforme-des-retraites-cest-la-double-peine\\\/#article\",\"isPartOf\":{\"@id\":\"https:\\\/\\\/hierostrasbourg.com\\\/index.php\\\/2023\\\/02\\\/24\\\/pour-les-intermittents-du-spectacle-la-reforme-des-retraites-cest-la-double-peine\\\/\"},\"author\":{\"name\":\"\",\"@id\":\"\"},\"headline\":\"Pour les intermittents du spectacle, la reforme des retraites, c&rsquo;est \u00ab\u00a0la double peine\u00a0\u00bb\",\"datePublished\":\"2023-02-24T16:40:24+00:00\",\"mainEntityOfPage\":{\"@id\":\"https:\\\/\\\/hierostrasbourg.com\\\/index.php\\\/2023\\\/02\\\/24\\\/pour-les-intermittents-du-spectacle-la-reforme-des-retraites-cest-la-double-peine\\\/\"},\"wordCount\":116,\"publisher\":{\"@id\":\"https:\\\/\\\/hierostrasbourg.com\\\/#organization\"},\"inLanguage\":\"fr-FR\"},{\"@type\":\"WebPage\",\"@id\":\"https:\\\/\\\/hierostrasbourg.com\\\/index.php\\\/2023\\\/02\\\/24\\\/pour-les-intermittents-du-spectacle-la-reforme-des-retraites-cest-la-double-peine\\\/\",\"url\":\"https:\\\/\\\/hierostrasbourg.com\\\/index.php\\\/2023\\\/02\\\/24\\\/pour-les-intermittents-du-spectacle-la-reforme-des-retraites-cest-la-double-peine\\\/\",\"name\":\"Pour les intermittents du spectacle, la reforme des retraites, c'est \\\"la double peine\\\" - HIERO STRASBOURG\",\"isPartOf\":{\"@id\":\"https:\\\/\\\/hierostrasbourg.com\\\/#website\"},\"datePublished\":\"2023-02-24T16:40:24+00:00\",\"breadcrumb\":{\"@id\":\"https:\\\/\\\/hierostrasbourg.com\\\/index.php\\\/2023\\\/02\\\/24\\\/pour-les-intermittents-du-spectacle-la-reforme-des-retraites-cest-la-double-peine\\\/#breadcrumb\"},\"inLanguage\":\"fr-FR\",\"potentialAction\":[{\"@type\":\"ReadAction\",\"target\":[\"https:\\\/\\\/hierostrasbourg.com\\\/index.php\\\/2023\\\/02\\\/24\\\/pour-les-intermittents-du-spectacle-la-reforme-des-retraites-cest-la-double-peine\\\/\"]}]},{\"@type\":\"BreadcrumbList\",\"@id\":\"https:\\\/\\\/hierostrasbourg.com\\\/index.php\\\/2023\\\/02\\\/24\\\/pour-les-intermittents-du-spectacle-la-reforme-des-retraites-cest-la-double-peine\\\/#breadcrumb\",\"itemListElement\":[{\"@type\":\"ListItem\",\"position\":1,\"name\":\"Accueil\",\"item\":\"https:\\\/\\\/hierostrasbourg.com\\\/\"},{\"@type\":\"ListItem\",\"position\":2,\"name\":\"Pour les intermittents du spectacle, la reforme des retraites, c&#8217;est &#8220;la double peine&#8221;\"}]},{\"@type\":\"WebSite\",\"@id\":\"https:\\\/\\\/hierostrasbourg.com\\\/#website\",\"url\":\"https:\\\/\\\/hierostrasbourg.com\\\/\",\"name\":\"HIERO STRASBOURG\",\"description\":\"Centre de Ressources Musiques Actuelles\",\"publisher\":{\"@id\":\"https:\\\/\\\/hierostrasbourg.com\\\/#organization\"},\"potentialAction\":[{\"@type\":\"SearchAction\",\"target\":{\"@type\":\"EntryPoint\",\"urlTemplate\":\"https:\\\/\\\/hierostrasbourg.com\\\/?s={search_term_string}\"},\"query-input\":{\"@type\":\"PropertyValueSpecification\",\"valueRequired\":true,\"valueName\":\"search_term_string\"}}],\"inLanguage\":\"fr-FR\"},{\"@type\":\"Organization\",\"@id\":\"https:\\\/\\\/hierostrasbourg.com\\\/#organization\",\"name\":\"F\u00e9d\u00e9ration Hi\u00e9ro Strasbourg\",\"url\":\"https:\\\/\\\/hierostrasbourg.com\\\/\",\"logo\":{\"@type\":\"ImageObject\",\"inLanguage\":\"fr-FR\",\"@id\":\"https:\\\/\\\/hierostrasbourg.com\\\/#\\\/schema\\\/logo\\\/image\\\/\",\"url\":\"https:\\\/\\\/hierostrasbourg.com\\\/wp-content\\\/uploads\\\/2026\\\/04\\\/logo-hiero-strasbourg.jpg\",\"contentUrl\":\"https:\\\/\\\/hierostrasbourg.com\\\/wp-content\\\/uploads\\\/2026\\\/04\\\/logo-hiero-strasbourg.jpg\",\"width\":204,\"height\":192,\"caption\":\"F\u00e9d\u00e9ration Hi\u00e9ro Strasbourg\"},\"image\":{\"@id\":\"https:\\\/\\\/hierostrasbourg.com\\\/#\\\/schema\\\/logo\\\/image\\\/\"},\"sameAs\":[\"https:\\\/\\\/www.facebook.com\\\/fedehierostrasbourg\",\"https:\\\/\\\/x.com\\\/hierostrasbourg\"]}]}<\/script>\n<!-- \/ Yoast SEO plugin. -->","yoast_head_json":{"title":"Pour les intermittents du spectacle, la reforme des retraites, c'est \"la double peine\" - HIERO STRASBOURG","robots":{"index":"index","follow":"follow","max-snippet":"max-snippet:-1","max-image-preview":"max-image-preview:large","max-video-preview":"max-video-preview:-1"},"canonical":"https:\/\/hierostrasbourg.com\/index.php\/2023\/02\/24\/pour-les-intermittents-du-spectacle-la-reforme-des-retraites-cest-la-double-peine\/","og_locale":"fr_FR","og_type":"article","og_title":"Pour les intermittents du spectacle, la reforme des retraites, c'est \"la double peine\" - HIERO STRASBOURG","og_description":"Philippe et Martine ont plus de 61 ans. Ils ne peuvent toujours pas partir \u00e0 la retraite. Ils sont intermittents du spectacle \u00e0 Nantes. La r\u00e9forme, c\u2019est la double peine selon eux. Source \/ Lire la suite : Pour les intermittents du spectacle, la reforme des retraites, c\u2019est \u201cla double peine\u201d L\u2019article Pour les intermittents du spectacle, la reforme des retraites, c\u2019est &amp;quot;la double peine&amp;quot; est apparu en premier sur Musiques Actuelles en Alsace. L\u2019article Pour les intermittents du spectacle, [&hellip;]","og_url":"https:\/\/hierostrasbourg.com\/index.php\/2023\/02\/24\/pour-les-intermittents-du-spectacle-la-reforme-des-retraites-cest-la-double-peine\/","og_site_name":"HIERO STRASBOURG","article_publisher":"https:\/\/www.facebook.com\/fedehierostrasbourg","article_published_time":"2023-02-24T16:40:24+00:00","twitter_card":"summary_large_image","twitter_creator":"@hierostrasbourg","twitter_site":"@hierostrasbourg","twitter_misc":{"Dur\u00e9e de lecture estim\u00e9e":"1 minute"},"schema":{"@context":"https:\/\/schema.org","@graph":[{"@type":"Article","@id":"https:\/\/hierostrasbourg.com\/index.php\/2023\/02\/24\/pour-les-intermittents-du-spectacle-la-reforme-des-retraites-cest-la-double-peine\/#article","isPartOf":{"@id":"https:\/\/hierostrasbourg.com\/index.php\/2023\/02\/24\/pour-les-intermittents-du-spectacle-la-reforme-des-retraites-cest-la-double-peine\/"},"author":{"name":"","@id":""},"headline":"Pour les intermittents du spectacle, la reforme des retraites, c&rsquo;est \u00ab\u00a0la double peine\u00a0\u00bb","datePublished":"2023-02-24T16:40:24+00:00","mainEntityOfPage":{"@id":"https:\/\/hierostrasbourg.com\/index.php\/2023\/02\/24\/pour-les-intermittents-du-spectacle-la-reforme-des-retraites-cest-la-double-peine\/"},"wordCount":116,"publisher":{"@id":"https:\/\/hierostrasbourg.com\/#organization"},"inLanguage":"fr-FR"},{"@type":"WebPage","@id":"https:\/\/hierostrasbourg.com\/index.php\/2023\/02\/24\/pour-les-intermittents-du-spectacle-la-reforme-des-retraites-cest-la-double-peine\/","url":"https:\/\/hierostrasbourg.com\/index.php\/2023\/02\/24\/pour-les-intermittents-du-spectacle-la-reforme-des-retraites-cest-la-double-peine\/","name":"Pour les intermittents du spectacle, la reforme des retraites, c'est \"la double peine\" - HIERO STRASBOURG","isPartOf":{"@id":"https:\/\/hierostrasbourg.com\/#website"},"datePublished":"2023-02-24T16:40:24+00:00","breadcrumb":{"@id":"https:\/\/hierostrasbourg.com\/index.php\/2023\/02\/24\/pour-les-intermittents-du-spectacle-la-reforme-des-retraites-cest-la-double-peine\/#breadcrumb"},"inLanguage":"fr-FR","potentialAction":[{"@type":"ReadAction","target":["https:\/\/hierostrasbourg.com\/index.php\/2023\/02\/24\/pour-les-intermittents-du-spectacle-la-reforme-des-retraites-cest-la-double-peine\/"]}]},{"@type":"BreadcrumbList","@id":"https:\/\/hierostrasbourg.com\/index.php\/2023\/02\/24\/pour-les-intermittents-du-spectacle-la-reforme-des-retraites-cest-la-double-peine\/#breadcrumb","itemListElement":[{"@type":"ListItem","position":1,"name":"Accueil","item":"https:\/\/hierostrasbourg.com\/"},{"@type":"ListItem","position":2,"name":"Pour les intermittents du spectacle, la reforme des retraites, c&#8217;est &#8220;la double peine&#8221;"}]},{"@type":"WebSite","@id":"https:\/\/hierostrasbourg.com\/#website","url":"https:\/\/hierostrasbourg.com\/","name":"HIERO STRASBOURG","description":"Centre de Ressources Musiques Actuelles","publisher":{"@id":"https:\/\/hierostrasbourg.com\/#organization"},"potentialAction":[{"@type":"SearchAction","target":{"@type":"EntryPoint","urlTemplate":"https:\/\/hierostrasbourg.com\/?s={search_term_string}"},"query-input":{"@type":"PropertyValueSpecification","valueRequired":true,"valueName":"search_term_string"}}],"inLanguage":"fr-FR"},{"@type":"Organization","@id":"https:\/\/hierostrasbourg.com\/#organization","name":"F\u00e9d\u00e9ration Hi\u00e9ro Strasbourg","url":"https:\/\/hierostrasbourg.com\/","logo":{"@type":"ImageObject","inLanguage":"fr-FR","@id":"https:\/\/hierostrasbourg.com\/#\/schema\/logo\/image\/","url":"https:\/\/hierostrasbourg.com\/wp-content\/uploads\/2026\/04\/logo-hiero-strasbourg.jpg","contentUrl":"https:\/\/hierostrasbourg.com\/wp-content\/uploads\/2026\/04\/logo-hiero-strasbourg.jpg","width":204,"height":192,"caption":"F\u00e9d\u00e9ration Hi\u00e9ro Strasbourg"},"image":{"@id":"https:\/\/hierostrasbourg.com\/#\/schema\/logo\/image\/"},"sameAs":["https:\/\/www.facebook.com\/fedehierostrasbourg","https:\/\/x.com\/hierostrasbourg"]}]}},"_links":{"self":[{"href":"https:\/\/hierostrasbourg.com\/index.php\/wp-json\/wp\/v2\/posts\/5417","targetHints":{"allow":["GET"]}}],"collection":[{"href":"https:\/\/hierostrasbourg.com\/index.php\/wp-json\/wp\/v2\/posts"}],"about":[{"href":"https:\/\/hierostrasbourg.com\/index.php\/wp-json\/wp\/v2\/types\/post"}],"replies":[{"embeddable":true,"href":"https:\/\/hierostrasbourg.com\/index.php\/wp-json\/wp\/v2\/comments?post=5417"}],"version-history":[{"count":0,"href":"https:\/\/hierostrasbourg.com\/index.php\/wp-json\/wp\/v2\/posts\/5417\/revisions"}],"wp:attachment":[{"href":"https:\/\/hierostrasbourg.com\/index.php\/wp-json\/wp\/v2\/media?parent=5417"}],"wp:term":[{"taxonomy":"category","embeddable":true,"href":"https:\/\/hierostrasbourg.com\/index.php\/wp-json\/wp\/v2\/categories?post=5417"},{"taxonomy":"post_tag","embeddable":true,"href":"https:\/\/hierostrasbourg.com\/index.php\/wp-json\/wp\/v2\/tags?post=5417"}],"curies":[{"name":"wp","href":"https:\/\/api.w.org\/{rel}","templated":true}]}}