{"id":5407,"date":"2023-02-24T08:41:06","date_gmt":"2023-02-24T07:41:06","guid":{"rendered":"https:\/\/hierostrasbourg.com\/index.php\/2023\/02\/24\/lirreductible-originalite-collective-des-lieux-intermediaires-et-independants\/"},"modified":"2023-02-24T08:41:06","modified_gmt":"2023-02-24T07:41:06","slug":"lirreductible-originalite-collective-des-lieux-intermediaires-et-independants","status":"publish","type":"post","link":"https:\/\/hierostrasbourg.com\/index.php\/2023\/02\/24\/lirreductible-originalite-collective-des-lieux-intermediaires-et-independants\/","title":{"rendered":"L\u2019irr\u00e9ductible originalit\u00e9 collective des lieux interm\u00e9diaires et ind\u00e9pendants"},"content":{"rendered":"<p><em>Les lieux interm\u00e9diaires et ind\u00e9pendants constituent de v\u00e9ritables espaces-projets artistiques o\u00f9 l\u2019ouverture \u00e0 l\u2019autre, la convivialit\u00e9 et la coop\u00e9ration sont revendiqu\u00e9es comme valeurs. S\u2019ils se sont confront\u00e9s ces derni\u00e8res ann\u00e9es \u00e0 la mont\u00e9e en puissance des tiers-lieux, en quoi s\u2019en d\u00e9marquent-ils ? Comment \u0153uvrent-ils aux transitions soci\u00e9tales ? Quel r\u00f4le jouent-ils dans la dynamique des projets culturels de territoire ?<\/em><\/p>\n<p>Source \/ Lire la suite : <a href=\"https:\/\/www.observatoire-culture.net\/irreductible-originalite-collective-lieux-intermediaires-independants\/\">L\u2019irr\u00e9ductible originalit\u00e9 collective des lieux interm\u00e9diaires et ind\u00e9pendants<\/a><\/p>\n<p>L\u2019article <a href=\"https:\/\/musiquesactuelles.alsace\/lirreductible-originalite-collective-des-lieux-intermediaires-et-independants\/\">L\u2019irr\u00e9ductible originalit\u00e9 collective des lieux interm\u00e9diaires et ind\u00e9pendants<\/a> est apparu en premier sur <a href=\"https:\/\/musiquesactuelles.alsace\/\">Musiques Actuelles en Alsace<\/a>.<\/p>\n<p>L\u2019article <a href=\"https:\/\/popburo.fr\/lirreductible-originalite-collective-des-lieux-intermediaires-et-independants\/\">L\u2019irr\u00e9ductible originalit\u00e9 collective des lieux interm\u00e9diaires et ind\u00e9pendants<\/a> est apparu en premier sur <a href=\"https:\/\/popburo.fr\/\">POP B\u00dcRO<\/a>.<\/p>\n","protected":false},"excerpt":{"rendered":"<p>Les lieux interm\u00e9diaires et ind\u00e9pendants constituent de v\u00e9ritables espaces-projets artistiques o\u00f9 l\u2019ouverture \u00e0 l\u2019autre, la convivialit\u00e9 et la coop\u00e9ration sont revendiqu\u00e9es comme valeurs. S\u2019ils se sont confront\u00e9s ces derni\u00e8res ann\u00e9es \u00e0 la mont\u00e9e en puissance des tiers-lieux, en quoi s\u2019en d\u00e9marquent-ils ? Comment \u0153uvrent-ils aux transitions soci\u00e9tales ? Quel r\u00f4le jouent-ils dans la dynamique des projets culturels de territoire ? Source \/ Lire la suite : L\u2019irr\u00e9ductible originalit\u00e9 collective des lieux interm\u00e9diaires et ind\u00e9pendants L\u2019article L\u2019irr\u00e9ductible originalit\u00e9 collective des lieux [&hellip;]<\/p>\n","protected":false},"author":0,"featured_media":0,"comment_status":"closed","ping_status":"open","sticky":false,"template":"","format":"standard","meta":{"footnotes":""},"categories":[1],"tags":[],"class_list":["post-5407","post","type-post","status-publish","format-standard","hentry","category-non-classe"],"yoast_head":"<!-- This site is optimized with the Yoast SEO plugin v27.4 - https:\/\/yoast.com\/product\/yoast-seo-wordpress\/ -->\n<title>L\u2019irr\u00e9ductible originalit\u00e9 collective des lieux interm\u00e9diaires et ind\u00e9pendants - HIERO STRASBOURG<\/title>\n<meta name=\"robots\" content=\"index, follow, max-snippet:-1, max-image-preview:large, max-video-preview:-1\" \/>\n<link rel=\"canonical\" href=\"https:\/\/hierostrasbourg.com\/index.php\/2023\/02\/24\/lirreductible-originalite-collective-des-lieux-intermediaires-et-independants\/\" \/>\n<meta property=\"og:locale\" content=\"fr_FR\" \/>\n<meta property=\"og:type\" content=\"article\" \/>\n<meta property=\"og:title\" content=\"L\u2019irr\u00e9ductible originalit\u00e9 collective des lieux interm\u00e9diaires et ind\u00e9pendants - HIERO STRASBOURG\" \/>\n<meta property=\"og:description\" content=\"Les lieux interm\u00e9diaires et ind\u00e9pendants constituent de v\u00e9ritables espaces-projets artistiques o\u00f9 l\u2019ouverture \u00e0 l\u2019autre, la convivialit\u00e9 et la coop\u00e9ration sont revendiqu\u00e9es comme valeurs. S\u2019ils se sont confront\u00e9s ces derni\u00e8res ann\u00e9es \u00e0 la mont\u00e9e en puissance des tiers-lieux, en quoi s\u2019en d\u00e9marquent-ils ? Comment \u0153uvrent-ils aux transitions soci\u00e9tales ? Quel r\u00f4le jouent-ils dans la dynamique des projets culturels de territoire ? Source \/ Lire la suite : L\u2019irr\u00e9ductible originalit\u00e9 collective des lieux interm\u00e9diaires et ind\u00e9pendants L\u2019article L\u2019irr\u00e9ductible originalit\u00e9 collective des lieux [&hellip;]\" \/>\n<meta property=\"og:url\" content=\"https:\/\/hierostrasbourg.com\/index.php\/2023\/02\/24\/lirreductible-originalite-collective-des-lieux-intermediaires-et-independants\/\" \/>\n<meta property=\"og:site_name\" content=\"HIERO STRASBOURG\" \/>\n<meta property=\"article:publisher\" content=\"https:\/\/www.facebook.com\/fedehierostrasbourg\" \/>\n<meta property=\"article:published_time\" content=\"2023-02-24T07:41:06+00:00\" \/>\n<meta name=\"twitter:card\" content=\"summary_large_image\" \/>\n<meta name=\"twitter:creator\" content=\"@hierostrasbourg\" \/>\n<meta name=\"twitter:site\" content=\"@hierostrasbourg\" \/>\n<meta name=\"twitter:label1\" content=\"Dur\u00e9e de lecture estim\u00e9e\" \/>\n\t<meta name=\"twitter:data1\" content=\"1 minute\" \/>\n<script type=\"application\/ld+json\" class=\"yoast-schema-graph\">{\"@context\":\"https:\\\/\\\/schema.org\",\"@graph\":[{\"@type\":\"Article\",\"@id\":\"https:\\\/\\\/hierostrasbourg.com\\\/index.php\\\/2023\\\/02\\\/24\\\/lirreductible-originalite-collective-des-lieux-intermediaires-et-independants\\\/#article\",\"isPartOf\":{\"@id\":\"https:\\\/\\\/hierostrasbourg.com\\\/index.php\\\/2023\\\/02\\\/24\\\/lirreductible-originalite-collective-des-lieux-intermediaires-et-independants\\\/\"},\"author\":{\"name\":\"\",\"@id\":\"\"},\"headline\":\"L\u2019irr\u00e9ductible originalit\u00e9 collective des lieux interm\u00e9diaires et ind\u00e9pendants\",\"datePublished\":\"2023-02-24T07:41:06+00:00\",\"mainEntityOfPage\":{\"@id\":\"https:\\\/\\\/hierostrasbourg.com\\\/index.php\\\/2023\\\/02\\\/24\\\/lirreductible-originalite-collective-des-lieux-intermediaires-et-independants\\\/\"},\"wordCount\":144,\"publisher\":{\"@id\":\"https:\\\/\\\/hierostrasbourg.com\\\/#organization\"},\"inLanguage\":\"fr-FR\"},{\"@type\":\"WebPage\",\"@id\":\"https:\\\/\\\/hierostrasbourg.com\\\/index.php\\\/2023\\\/02\\\/24\\\/lirreductible-originalite-collective-des-lieux-intermediaires-et-independants\\\/\",\"url\":\"https:\\\/\\\/hierostrasbourg.com\\\/index.php\\\/2023\\\/02\\\/24\\\/lirreductible-originalite-collective-des-lieux-intermediaires-et-independants\\\/\",\"name\":\"L\u2019irr\u00e9ductible originalit\u00e9 collective des lieux interm\u00e9diaires et ind\u00e9pendants - HIERO STRASBOURG\",\"isPartOf\":{\"@id\":\"https:\\\/\\\/hierostrasbourg.com\\\/#website\"},\"datePublished\":\"2023-02-24T07:41:06+00:00\",\"breadcrumb\":{\"@id\":\"https:\\\/\\\/hierostrasbourg.com\\\/index.php\\\/2023\\\/02\\\/24\\\/lirreductible-originalite-collective-des-lieux-intermediaires-et-independants\\\/#breadcrumb\"},\"inLanguage\":\"fr-FR\",\"potentialAction\":[{\"@type\":\"ReadAction\",\"target\":[\"https:\\\/\\\/hierostrasbourg.com\\\/index.php\\\/2023\\\/02\\\/24\\\/lirreductible-originalite-collective-des-lieux-intermediaires-et-independants\\\/\"]}]},{\"@type\":\"BreadcrumbList\",\"@id\":\"https:\\\/\\\/hierostrasbourg.com\\\/index.php\\\/2023\\\/02\\\/24\\\/lirreductible-originalite-collective-des-lieux-intermediaires-et-independants\\\/#breadcrumb\",\"itemListElement\":[{\"@type\":\"ListItem\",\"position\":1,\"name\":\"Accueil\",\"item\":\"https:\\\/\\\/hierostrasbourg.com\\\/\"},{\"@type\":\"ListItem\",\"position\":2,\"name\":\"L\u2019irr\u00e9ductible originalit\u00e9 collective des lieux interm\u00e9diaires et ind\u00e9pendants\"}]},{\"@type\":\"WebSite\",\"@id\":\"https:\\\/\\\/hierostrasbourg.com\\\/#website\",\"url\":\"https:\\\/\\\/hierostrasbourg.com\\\/\",\"name\":\"HIERO STRASBOURG\",\"description\":\"Centre de Ressources Musiques Actuelles\",\"publisher\":{\"@id\":\"https:\\\/\\\/hierostrasbourg.com\\\/#organization\"},\"potentialAction\":[{\"@type\":\"SearchAction\",\"target\":{\"@type\":\"EntryPoint\",\"urlTemplate\":\"https:\\\/\\\/hierostrasbourg.com\\\/?s={search_term_string}\"},\"query-input\":{\"@type\":\"PropertyValueSpecification\",\"valueRequired\":true,\"valueName\":\"search_term_string\"}}],\"inLanguage\":\"fr-FR\"},{\"@type\":\"Organization\",\"@id\":\"https:\\\/\\\/hierostrasbourg.com\\\/#organization\",\"name\":\"F\u00e9d\u00e9ration Hi\u00e9ro Strasbourg\",\"url\":\"https:\\\/\\\/hierostrasbourg.com\\\/\",\"logo\":{\"@type\":\"ImageObject\",\"inLanguage\":\"fr-FR\",\"@id\":\"https:\\\/\\\/hierostrasbourg.com\\\/#\\\/schema\\\/logo\\\/image\\\/\",\"url\":\"https:\\\/\\\/hierostrasbourg.com\\\/wp-content\\\/uploads\\\/2026\\\/04\\\/logo-hiero-strasbourg.jpg\",\"contentUrl\":\"https:\\\/\\\/hierostrasbourg.com\\\/wp-content\\\/uploads\\\/2026\\\/04\\\/logo-hiero-strasbourg.jpg\",\"width\":204,\"height\":192,\"caption\":\"F\u00e9d\u00e9ration Hi\u00e9ro Strasbourg\"},\"image\":{\"@id\":\"https:\\\/\\\/hierostrasbourg.com\\\/#\\\/schema\\\/logo\\\/image\\\/\"},\"sameAs\":[\"https:\\\/\\\/www.facebook.com\\\/fedehierostrasbourg\",\"https:\\\/\\\/x.com\\\/hierostrasbourg\"]}]}<\/script>\n<!-- \/ Yoast SEO plugin. -->","yoast_head_json":{"title":"L\u2019irr\u00e9ductible originalit\u00e9 collective des lieux interm\u00e9diaires et ind\u00e9pendants - HIERO STRASBOURG","robots":{"index":"index","follow":"follow","max-snippet":"max-snippet:-1","max-image-preview":"max-image-preview:large","max-video-preview":"max-video-preview:-1"},"canonical":"https:\/\/hierostrasbourg.com\/index.php\/2023\/02\/24\/lirreductible-originalite-collective-des-lieux-intermediaires-et-independants\/","og_locale":"fr_FR","og_type":"article","og_title":"L\u2019irr\u00e9ductible originalit\u00e9 collective des lieux interm\u00e9diaires et ind\u00e9pendants - HIERO STRASBOURG","og_description":"Les lieux interm\u00e9diaires et ind\u00e9pendants constituent de v\u00e9ritables espaces-projets artistiques o\u00f9 l\u2019ouverture \u00e0 l\u2019autre, la convivialit\u00e9 et la coop\u00e9ration sont revendiqu\u00e9es comme valeurs. S\u2019ils se sont confront\u00e9s ces derni\u00e8res ann\u00e9es \u00e0 la mont\u00e9e en puissance des tiers-lieux, en quoi s\u2019en d\u00e9marquent-ils ? Comment \u0153uvrent-ils aux transitions soci\u00e9tales ? Quel r\u00f4le jouent-ils dans la dynamique des projets culturels de territoire ? Source \/ Lire la suite : L\u2019irr\u00e9ductible originalit\u00e9 collective des lieux interm\u00e9diaires et ind\u00e9pendants L\u2019article L\u2019irr\u00e9ductible originalit\u00e9 collective des lieux [&hellip;]","og_url":"https:\/\/hierostrasbourg.com\/index.php\/2023\/02\/24\/lirreductible-originalite-collective-des-lieux-intermediaires-et-independants\/","og_site_name":"HIERO STRASBOURG","article_publisher":"https:\/\/www.facebook.com\/fedehierostrasbourg","article_published_time":"2023-02-24T07:41:06+00:00","twitter_card":"summary_large_image","twitter_creator":"@hierostrasbourg","twitter_site":"@hierostrasbourg","twitter_misc":{"Dur\u00e9e de lecture estim\u00e9e":"1 minute"},"schema":{"@context":"https:\/\/schema.org","@graph":[{"@type":"Article","@id":"https:\/\/hierostrasbourg.com\/index.php\/2023\/02\/24\/lirreductible-originalite-collective-des-lieux-intermediaires-et-independants\/#article","isPartOf":{"@id":"https:\/\/hierostrasbourg.com\/index.php\/2023\/02\/24\/lirreductible-originalite-collective-des-lieux-intermediaires-et-independants\/"},"author":{"name":"","@id":""},"headline":"L\u2019irr\u00e9ductible originalit\u00e9 collective des lieux interm\u00e9diaires et ind\u00e9pendants","datePublished":"2023-02-24T07:41:06+00:00","mainEntityOfPage":{"@id":"https:\/\/hierostrasbourg.com\/index.php\/2023\/02\/24\/lirreductible-originalite-collective-des-lieux-intermediaires-et-independants\/"},"wordCount":144,"publisher":{"@id":"https:\/\/hierostrasbourg.com\/#organization"},"inLanguage":"fr-FR"},{"@type":"WebPage","@id":"https:\/\/hierostrasbourg.com\/index.php\/2023\/02\/24\/lirreductible-originalite-collective-des-lieux-intermediaires-et-independants\/","url":"https:\/\/hierostrasbourg.com\/index.php\/2023\/02\/24\/lirreductible-originalite-collective-des-lieux-intermediaires-et-independants\/","name":"L\u2019irr\u00e9ductible originalit\u00e9 collective des lieux interm\u00e9diaires et ind\u00e9pendants - HIERO STRASBOURG","isPartOf":{"@id":"https:\/\/hierostrasbourg.com\/#website"},"datePublished":"2023-02-24T07:41:06+00:00","breadcrumb":{"@id":"https:\/\/hierostrasbourg.com\/index.php\/2023\/02\/24\/lirreductible-originalite-collective-des-lieux-intermediaires-et-independants\/#breadcrumb"},"inLanguage":"fr-FR","potentialAction":[{"@type":"ReadAction","target":["https:\/\/hierostrasbourg.com\/index.php\/2023\/02\/24\/lirreductible-originalite-collective-des-lieux-intermediaires-et-independants\/"]}]},{"@type":"BreadcrumbList","@id":"https:\/\/hierostrasbourg.com\/index.php\/2023\/02\/24\/lirreductible-originalite-collective-des-lieux-intermediaires-et-independants\/#breadcrumb","itemListElement":[{"@type":"ListItem","position":1,"name":"Accueil","item":"https:\/\/hierostrasbourg.com\/"},{"@type":"ListItem","position":2,"name":"L\u2019irr\u00e9ductible originalit\u00e9 collective des lieux interm\u00e9diaires et ind\u00e9pendants"}]},{"@type":"WebSite","@id":"https:\/\/hierostrasbourg.com\/#website","url":"https:\/\/hierostrasbourg.com\/","name":"HIERO STRASBOURG","description":"Centre de Ressources Musiques Actuelles","publisher":{"@id":"https:\/\/hierostrasbourg.com\/#organization"},"potentialAction":[{"@type":"SearchAction","target":{"@type":"EntryPoint","urlTemplate":"https:\/\/hierostrasbourg.com\/?s={search_term_string}"},"query-input":{"@type":"PropertyValueSpecification","valueRequired":true,"valueName":"search_term_string"}}],"inLanguage":"fr-FR"},{"@type":"Organization","@id":"https:\/\/hierostrasbourg.com\/#organization","name":"F\u00e9d\u00e9ration Hi\u00e9ro Strasbourg","url":"https:\/\/hierostrasbourg.com\/","logo":{"@type":"ImageObject","inLanguage":"fr-FR","@id":"https:\/\/hierostrasbourg.com\/#\/schema\/logo\/image\/","url":"https:\/\/hierostrasbourg.com\/wp-content\/uploads\/2026\/04\/logo-hiero-strasbourg.jpg","contentUrl":"https:\/\/hierostrasbourg.com\/wp-content\/uploads\/2026\/04\/logo-hiero-strasbourg.jpg","width":204,"height":192,"caption":"F\u00e9d\u00e9ration Hi\u00e9ro Strasbourg"},"image":{"@id":"https:\/\/hierostrasbourg.com\/#\/schema\/logo\/image\/"},"sameAs":["https:\/\/www.facebook.com\/fedehierostrasbourg","https:\/\/x.com\/hierostrasbourg"]}]}},"_links":{"self":[{"href":"https:\/\/hierostrasbourg.com\/index.php\/wp-json\/wp\/v2\/posts\/5407","targetHints":{"allow":["GET"]}}],"collection":[{"href":"https:\/\/hierostrasbourg.com\/index.php\/wp-json\/wp\/v2\/posts"}],"about":[{"href":"https:\/\/hierostrasbourg.com\/index.php\/wp-json\/wp\/v2\/types\/post"}],"replies":[{"embeddable":true,"href":"https:\/\/hierostrasbourg.com\/index.php\/wp-json\/wp\/v2\/comments?post=5407"}],"version-history":[{"count":0,"href":"https:\/\/hierostrasbourg.com\/index.php\/wp-json\/wp\/v2\/posts\/5407\/revisions"}],"wp:attachment":[{"href":"https:\/\/hierostrasbourg.com\/index.php\/wp-json\/wp\/v2\/media?parent=5407"}],"wp:term":[{"taxonomy":"category","embeddable":true,"href":"https:\/\/hierostrasbourg.com\/index.php\/wp-json\/wp\/v2\/categories?post=5407"},{"taxonomy":"post_tag","embeddable":true,"href":"https:\/\/hierostrasbourg.com\/index.php\/wp-json\/wp\/v2\/tags?post=5407"}],"curies":[{"name":"wp","href":"https:\/\/api.w.org\/{rel}","templated":true}]}}