{"id":5404,"date":"2023-02-23T17:40:28","date_gmt":"2023-02-23T16:40:28","guid":{"rendered":"https:\/\/hierostrasbourg.com\/index.php\/2023\/02\/23\/la-coupole-saint-louis-propose-un-stage-attache-a-la-communication-f-h\/"},"modified":"2023-02-23T17:40:28","modified_gmt":"2023-02-23T16:40:28","slug":"la-coupole-saint-louis-propose-un-stage-attache-a-la-communication-f-h","status":"publish","type":"post","link":"https:\/\/hierostrasbourg.com\/index.php\/2023\/02\/23\/la-coupole-saint-louis-propose-un-stage-attache-a-la-communication-f-h\/","title":{"rendered":"LA COUPOLE [Saint Louis] propose un stage attach\u00e9  \u00e0 la communication [F\/H]"},"content":{"rendered":"<p>Le th\u00e9\u00e2tre La Coupole dispose d\u2019une salle de th\u00e9\u00e2tre de 500 places et d\u2019une salle annexe modulable pour la diffusion de spectacles. Situ\u00e9 sur le territoire unique des Trois Fronti\u00e8res, \u00e0 proximit\u00e9 imm\u00e9diate de la Suisse et de l\u2019Allemagne, il accueille chaque saison une programmation pluridisciplinaire avec trentaine de spectacles de th\u00e9\u00e2tre, musique, cirque, danse et humour. Il est partenaire de r\u00e9seaux et festivals locaux : Momix, Compli\u2019Cit\u00e9, Sc\u00e8nes d\u2019Automne en Alsace, Vagamondes ou encore Theaterfestival Basel. Le th\u00e9\u00e2tre soutient \u00e9galement la cr\u00e9ation contemporaine avec une attention port\u00e9e aux compagnies r\u00e9gionales, et d\u00e9veloppe des actions culturelles \u00e0 destination des habitants en lien avec les autres acteurs culturels du territoire<\/p>\n<h2>Missions<\/h2>\n<p>Le stage intervient en pleine p\u00e9riode de pr\u00e9paration de la pr\u00e9sentation de saison et de cr\u00e9ation des supports de communication 2023-2024. Il sera \u00e9galement rythm\u00e9 par l\u2019accueil d\u2019une r\u00e9sidence de territoire.<br \/>\nLe ou la stagiaire effectuera ses missions sous l\u2019autorit\u00e9 de la directrice artistique du th\u00e9\u00e2tre et sous la tutelle de la charg\u00e9e de communication. Il ou elle travaillera dans un bureau partag\u00e9 avec la charg\u00e9e de communication et la charg\u00e9e de relations avec les publics.<\/p>\n<h4>Missions de communication<\/h4>\n<p>Participation \u00e0 l\u2019animation des r\u00e9seaux sociaux du th\u00e9\u00e2tre<br \/>\nCollecte de contenus pour le programme imprim\u00e9 du th\u00e9\u00e2tre<br \/>\nRelecture et correction des documents de communication<br \/>\nMise au format et recadrage des photos de spectacles pour les diff\u00e9rents supports de communication<br \/>\nInt\u00e9gration des \u00e9l\u00e9ments de la programmation 23-24 dans le back-office du site Internet<br \/>\nCoupe et montage des fichiers vid\u00e9o des compagnies pour la pr\u00e9sentation de saison<\/p>\n<h2>Profil recherch\u00e9<\/h2>\n<p>BAC +2 \/ BAC +3<br \/>\nMa\u00eetrise du fran\u00e7ais irr\u00e9prochable (relecture de documents)<br \/>\nAisance sur l\u2019outil informatique (mail, serveur partag\u00e9, r\u00e9seaux sociaux, pack Office)<br \/>\nUne connaissance du pack Adobe (Indesign, Photoshop, Premiere pro) est un plus<br \/>\nTr\u00e8s bon sens de l\u2019organisation et du travail d\u2019\u00e9quipe<br \/>\nInt\u00e9r\u00eat pour la culture en g\u00e9n\u00e9ral et le spectacle vivant en particulier<\/p>\n<h2>Exp\u00e9rience recherch\u00e9e<\/h2>\n<p>Des exp\u00e9riences pr\u00e9alables en tant que b\u00e9n\u00e9vole ou stagiaire pour d\u2019autres structures culturelles sont appr\u00e9ci\u00e9es<\/p>\n<p>Date de prise de fonction : 17 avril 2023<br \/>\nDate limite de candidature : 12\/03\/2023<br \/>\nR\u00e9mun\u00e9ration envisag\u00e9e : 200 \u20ac mensuels<\/p>\n<p>Stage du lundi 17 avril au jeudi 16 juin 2023<br \/>\nHoraires 9h30-17h30<\/p>\n<p>Entretiens les 22 et 23 mars 2023 en journ\u00e9e<\/p>\n<p>\nTh\u00e9\u00e2tre La Coupole<br \/>\n2 Crois\u00e9e des Lys<br \/>\n68300 Saint-Louis<\/p>\n<p>Envoi des candidatures par mail : diane.martin@theatrelacoupole.fr<\/p>\n<p><a href=\"https:\/\/www.lacoupole.fr\/\">www.lacoupole.fr<\/a><\/p>\n<p>L\u2019article <a href=\"https:\/\/popburo.fr\/la-coupole-saint-louis-propose-un-stage-attache-a-la-communication-f-h\/\">LA COUPOLE [Saint Louis] propose un stage attach\u00e9  \u00e0 la communication [F\/H]<\/a> est apparu en premier sur <a href=\"https:\/\/popburo.fr\/\">POP B\u00dcRO<\/a>.<\/p>\n","protected":false},"excerpt":{"rendered":"<p>Le th\u00e9\u00e2tre La Coupole dispose d\u2019une salle de th\u00e9\u00e2tre de 500 places et d\u2019une salle annexe modulable pour la diffusion de spectacles. Situ\u00e9 sur le territoire unique des Trois Fronti\u00e8res, \u00e0 proximit\u00e9 imm\u00e9diate de la Suisse et de l\u2019Allemagne, il accueille chaque saison une programmation pluridisciplinaire avec trentaine de spectacles de th\u00e9\u00e2tre, musique, cirque, danse et humour. Il est partenaire de r\u00e9seaux et festivals locaux : Momix, Compli\u2019Cit\u00e9, Sc\u00e8nes d\u2019Automne en Alsace, Vagamondes ou encore Theaterfestival Basel. Le th\u00e9\u00e2tre soutient [&hellip;]<\/p>\n","protected":false},"author":0,"featured_media":0,"comment_status":"closed","ping_status":"open","sticky":false,"template":"","format":"standard","meta":{"footnotes":""},"categories":[1],"tags":[],"class_list":["post-5404","post","type-post","status-publish","format-standard","hentry","category-non-classe"],"yoast_head":"<!-- This site is optimized with the Yoast SEO plugin v27.4 - https:\/\/yoast.com\/product\/yoast-seo-wordpress\/ -->\n<title>LA COUPOLE [Saint Louis] propose un stage attach\u00e9 \u00e0 la communication [F\/H] - HIERO STRASBOURG<\/title>\n<meta name=\"robots\" content=\"index, follow, max-snippet:-1, max-image-preview:large, max-video-preview:-1\" \/>\n<link rel=\"canonical\" href=\"https:\/\/hierostrasbourg.com\/index.php\/2023\/02\/23\/la-coupole-saint-louis-propose-un-stage-attache-a-la-communication-f-h\/\" \/>\n<meta property=\"og:locale\" content=\"fr_FR\" \/>\n<meta property=\"og:type\" content=\"article\" \/>\n<meta property=\"og:title\" content=\"LA COUPOLE [Saint Louis] propose un stage attach\u00e9 \u00e0 la communication [F\/H] - HIERO STRASBOURG\" \/>\n<meta property=\"og:description\" content=\"Le th\u00e9\u00e2tre La Coupole dispose d\u2019une salle de th\u00e9\u00e2tre de 500 places et d\u2019une salle annexe modulable pour la diffusion de spectacles. Situ\u00e9 sur le territoire unique des Trois Fronti\u00e8res, \u00e0 proximit\u00e9 imm\u00e9diate de la Suisse et de l\u2019Allemagne, il accueille chaque saison une programmation pluridisciplinaire avec trentaine de spectacles de th\u00e9\u00e2tre, musique, cirque, danse et humour. Il est partenaire de r\u00e9seaux et festivals locaux : Momix, Compli\u2019Cit\u00e9, Sc\u00e8nes d\u2019Automne en Alsace, Vagamondes ou encore Theaterfestival Basel. Le th\u00e9\u00e2tre soutient [&hellip;]\" \/>\n<meta property=\"og:url\" content=\"https:\/\/hierostrasbourg.com\/index.php\/2023\/02\/23\/la-coupole-saint-louis-propose-un-stage-attache-a-la-communication-f-h\/\" \/>\n<meta property=\"og:site_name\" content=\"HIERO STRASBOURG\" \/>\n<meta property=\"article:publisher\" content=\"https:\/\/www.facebook.com\/fedehierostrasbourg\" \/>\n<meta property=\"article:published_time\" content=\"2023-02-23T16:40:28+00:00\" \/>\n<meta name=\"twitter:card\" content=\"summary_large_image\" \/>\n<meta name=\"twitter:creator\" content=\"@hierostrasbourg\" \/>\n<meta name=\"twitter:site\" content=\"@hierostrasbourg\" \/>\n<meta name=\"twitter:label1\" content=\"Dur\u00e9e de lecture estim\u00e9e\" \/>\n\t<meta name=\"twitter:data1\" content=\"2 minutes\" \/>\n<script type=\"application\/ld+json\" class=\"yoast-schema-graph\">{\"@context\":\"https:\\\/\\\/schema.org\",\"@graph\":[{\"@type\":\"Article\",\"@id\":\"https:\\\/\\\/hierostrasbourg.com\\\/index.php\\\/2023\\\/02\\\/23\\\/la-coupole-saint-louis-propose-un-stage-attache-a-la-communication-f-h\\\/#article\",\"isPartOf\":{\"@id\":\"https:\\\/\\\/hierostrasbourg.com\\\/index.php\\\/2023\\\/02\\\/23\\\/la-coupole-saint-louis-propose-un-stage-attache-a-la-communication-f-h\\\/\"},\"author\":{\"name\":\"\",\"@id\":\"\"},\"headline\":\"LA COUPOLE [Saint Louis] propose un stage attach\u00e9 \u00e0 la communication [F\\\/H]\",\"datePublished\":\"2023-02-23T16:40:28+00:00\",\"mainEntityOfPage\":{\"@id\":\"https:\\\/\\\/hierostrasbourg.com\\\/index.php\\\/2023\\\/02\\\/23\\\/la-coupole-saint-louis-propose-un-stage-attache-a-la-communication-f-h\\\/\"},\"wordCount\":469,\"publisher\":{\"@id\":\"https:\\\/\\\/hierostrasbourg.com\\\/#organization\"},\"inLanguage\":\"fr-FR\"},{\"@type\":\"WebPage\",\"@id\":\"https:\\\/\\\/hierostrasbourg.com\\\/index.php\\\/2023\\\/02\\\/23\\\/la-coupole-saint-louis-propose-un-stage-attache-a-la-communication-f-h\\\/\",\"url\":\"https:\\\/\\\/hierostrasbourg.com\\\/index.php\\\/2023\\\/02\\\/23\\\/la-coupole-saint-louis-propose-un-stage-attache-a-la-communication-f-h\\\/\",\"name\":\"LA COUPOLE [Saint Louis] propose un stage attach\u00e9 \u00e0 la communication [F\\\/H] - HIERO STRASBOURG\",\"isPartOf\":{\"@id\":\"https:\\\/\\\/hierostrasbourg.com\\\/#website\"},\"datePublished\":\"2023-02-23T16:40:28+00:00\",\"breadcrumb\":{\"@id\":\"https:\\\/\\\/hierostrasbourg.com\\\/index.php\\\/2023\\\/02\\\/23\\\/la-coupole-saint-louis-propose-un-stage-attache-a-la-communication-f-h\\\/#breadcrumb\"},\"inLanguage\":\"fr-FR\",\"potentialAction\":[{\"@type\":\"ReadAction\",\"target\":[\"https:\\\/\\\/hierostrasbourg.com\\\/index.php\\\/2023\\\/02\\\/23\\\/la-coupole-saint-louis-propose-un-stage-attache-a-la-communication-f-h\\\/\"]}]},{\"@type\":\"BreadcrumbList\",\"@id\":\"https:\\\/\\\/hierostrasbourg.com\\\/index.php\\\/2023\\\/02\\\/23\\\/la-coupole-saint-louis-propose-un-stage-attache-a-la-communication-f-h\\\/#breadcrumb\",\"itemListElement\":[{\"@type\":\"ListItem\",\"position\":1,\"name\":\"Accueil\",\"item\":\"https:\\\/\\\/hierostrasbourg.com\\\/\"},{\"@type\":\"ListItem\",\"position\":2,\"name\":\"LA COUPOLE [Saint Louis] propose un stage attach\u00e9 \u00e0 la communication [F\\\/H]\"}]},{\"@type\":\"WebSite\",\"@id\":\"https:\\\/\\\/hierostrasbourg.com\\\/#website\",\"url\":\"https:\\\/\\\/hierostrasbourg.com\\\/\",\"name\":\"HIERO STRASBOURG\",\"description\":\"Centre de Ressources Musiques Actuelles\",\"publisher\":{\"@id\":\"https:\\\/\\\/hierostrasbourg.com\\\/#organization\"},\"potentialAction\":[{\"@type\":\"SearchAction\",\"target\":{\"@type\":\"EntryPoint\",\"urlTemplate\":\"https:\\\/\\\/hierostrasbourg.com\\\/?s={search_term_string}\"},\"query-input\":{\"@type\":\"PropertyValueSpecification\",\"valueRequired\":true,\"valueName\":\"search_term_string\"}}],\"inLanguage\":\"fr-FR\"},{\"@type\":\"Organization\",\"@id\":\"https:\\\/\\\/hierostrasbourg.com\\\/#organization\",\"name\":\"F\u00e9d\u00e9ration Hi\u00e9ro Strasbourg\",\"url\":\"https:\\\/\\\/hierostrasbourg.com\\\/\",\"logo\":{\"@type\":\"ImageObject\",\"inLanguage\":\"fr-FR\",\"@id\":\"https:\\\/\\\/hierostrasbourg.com\\\/#\\\/schema\\\/logo\\\/image\\\/\",\"url\":\"https:\\\/\\\/hierostrasbourg.com\\\/wp-content\\\/uploads\\\/2026\\\/04\\\/logo-hiero-strasbourg.jpg\",\"contentUrl\":\"https:\\\/\\\/hierostrasbourg.com\\\/wp-content\\\/uploads\\\/2026\\\/04\\\/logo-hiero-strasbourg.jpg\",\"width\":204,\"height\":192,\"caption\":\"F\u00e9d\u00e9ration Hi\u00e9ro Strasbourg\"},\"image\":{\"@id\":\"https:\\\/\\\/hierostrasbourg.com\\\/#\\\/schema\\\/logo\\\/image\\\/\"},\"sameAs\":[\"https:\\\/\\\/www.facebook.com\\\/fedehierostrasbourg\",\"https:\\\/\\\/x.com\\\/hierostrasbourg\"]}]}<\/script>\n<!-- \/ Yoast SEO plugin. -->","yoast_head_json":{"title":"LA COUPOLE [Saint Louis] propose un stage attach\u00e9 \u00e0 la communication [F\/H] - HIERO STRASBOURG","robots":{"index":"index","follow":"follow","max-snippet":"max-snippet:-1","max-image-preview":"max-image-preview:large","max-video-preview":"max-video-preview:-1"},"canonical":"https:\/\/hierostrasbourg.com\/index.php\/2023\/02\/23\/la-coupole-saint-louis-propose-un-stage-attache-a-la-communication-f-h\/","og_locale":"fr_FR","og_type":"article","og_title":"LA COUPOLE [Saint Louis] propose un stage attach\u00e9 \u00e0 la communication [F\/H] - HIERO STRASBOURG","og_description":"Le th\u00e9\u00e2tre La Coupole dispose d\u2019une salle de th\u00e9\u00e2tre de 500 places et d\u2019une salle annexe modulable pour la diffusion de spectacles. Situ\u00e9 sur le territoire unique des Trois Fronti\u00e8res, \u00e0 proximit\u00e9 imm\u00e9diate de la Suisse et de l\u2019Allemagne, il accueille chaque saison une programmation pluridisciplinaire avec trentaine de spectacles de th\u00e9\u00e2tre, musique, cirque, danse et humour. Il est partenaire de r\u00e9seaux et festivals locaux : Momix, Compli\u2019Cit\u00e9, Sc\u00e8nes d\u2019Automne en Alsace, Vagamondes ou encore Theaterfestival Basel. Le th\u00e9\u00e2tre soutient [&hellip;]","og_url":"https:\/\/hierostrasbourg.com\/index.php\/2023\/02\/23\/la-coupole-saint-louis-propose-un-stage-attache-a-la-communication-f-h\/","og_site_name":"HIERO STRASBOURG","article_publisher":"https:\/\/www.facebook.com\/fedehierostrasbourg","article_published_time":"2023-02-23T16:40:28+00:00","twitter_card":"summary_large_image","twitter_creator":"@hierostrasbourg","twitter_site":"@hierostrasbourg","twitter_misc":{"Dur\u00e9e de lecture estim\u00e9e":"2 minutes"},"schema":{"@context":"https:\/\/schema.org","@graph":[{"@type":"Article","@id":"https:\/\/hierostrasbourg.com\/index.php\/2023\/02\/23\/la-coupole-saint-louis-propose-un-stage-attache-a-la-communication-f-h\/#article","isPartOf":{"@id":"https:\/\/hierostrasbourg.com\/index.php\/2023\/02\/23\/la-coupole-saint-louis-propose-un-stage-attache-a-la-communication-f-h\/"},"author":{"name":"","@id":""},"headline":"LA COUPOLE [Saint Louis] propose un stage attach\u00e9 \u00e0 la communication [F\/H]","datePublished":"2023-02-23T16:40:28+00:00","mainEntityOfPage":{"@id":"https:\/\/hierostrasbourg.com\/index.php\/2023\/02\/23\/la-coupole-saint-louis-propose-un-stage-attache-a-la-communication-f-h\/"},"wordCount":469,"publisher":{"@id":"https:\/\/hierostrasbourg.com\/#organization"},"inLanguage":"fr-FR"},{"@type":"WebPage","@id":"https:\/\/hierostrasbourg.com\/index.php\/2023\/02\/23\/la-coupole-saint-louis-propose-un-stage-attache-a-la-communication-f-h\/","url":"https:\/\/hierostrasbourg.com\/index.php\/2023\/02\/23\/la-coupole-saint-louis-propose-un-stage-attache-a-la-communication-f-h\/","name":"LA COUPOLE [Saint Louis] propose un stage attach\u00e9 \u00e0 la communication [F\/H] - HIERO STRASBOURG","isPartOf":{"@id":"https:\/\/hierostrasbourg.com\/#website"},"datePublished":"2023-02-23T16:40:28+00:00","breadcrumb":{"@id":"https:\/\/hierostrasbourg.com\/index.php\/2023\/02\/23\/la-coupole-saint-louis-propose-un-stage-attache-a-la-communication-f-h\/#breadcrumb"},"inLanguage":"fr-FR","potentialAction":[{"@type":"ReadAction","target":["https:\/\/hierostrasbourg.com\/index.php\/2023\/02\/23\/la-coupole-saint-louis-propose-un-stage-attache-a-la-communication-f-h\/"]}]},{"@type":"BreadcrumbList","@id":"https:\/\/hierostrasbourg.com\/index.php\/2023\/02\/23\/la-coupole-saint-louis-propose-un-stage-attache-a-la-communication-f-h\/#breadcrumb","itemListElement":[{"@type":"ListItem","position":1,"name":"Accueil","item":"https:\/\/hierostrasbourg.com\/"},{"@type":"ListItem","position":2,"name":"LA COUPOLE [Saint Louis] propose un stage attach\u00e9 \u00e0 la communication [F\/H]"}]},{"@type":"WebSite","@id":"https:\/\/hierostrasbourg.com\/#website","url":"https:\/\/hierostrasbourg.com\/","name":"HIERO STRASBOURG","description":"Centre de Ressources Musiques Actuelles","publisher":{"@id":"https:\/\/hierostrasbourg.com\/#organization"},"potentialAction":[{"@type":"SearchAction","target":{"@type":"EntryPoint","urlTemplate":"https:\/\/hierostrasbourg.com\/?s={search_term_string}"},"query-input":{"@type":"PropertyValueSpecification","valueRequired":true,"valueName":"search_term_string"}}],"inLanguage":"fr-FR"},{"@type":"Organization","@id":"https:\/\/hierostrasbourg.com\/#organization","name":"F\u00e9d\u00e9ration Hi\u00e9ro Strasbourg","url":"https:\/\/hierostrasbourg.com\/","logo":{"@type":"ImageObject","inLanguage":"fr-FR","@id":"https:\/\/hierostrasbourg.com\/#\/schema\/logo\/image\/","url":"https:\/\/hierostrasbourg.com\/wp-content\/uploads\/2026\/04\/logo-hiero-strasbourg.jpg","contentUrl":"https:\/\/hierostrasbourg.com\/wp-content\/uploads\/2026\/04\/logo-hiero-strasbourg.jpg","width":204,"height":192,"caption":"F\u00e9d\u00e9ration Hi\u00e9ro Strasbourg"},"image":{"@id":"https:\/\/hierostrasbourg.com\/#\/schema\/logo\/image\/"},"sameAs":["https:\/\/www.facebook.com\/fedehierostrasbourg","https:\/\/x.com\/hierostrasbourg"]}]}},"_links":{"self":[{"href":"https:\/\/hierostrasbourg.com\/index.php\/wp-json\/wp\/v2\/posts\/5404","targetHints":{"allow":["GET"]}}],"collection":[{"href":"https:\/\/hierostrasbourg.com\/index.php\/wp-json\/wp\/v2\/posts"}],"about":[{"href":"https:\/\/hierostrasbourg.com\/index.php\/wp-json\/wp\/v2\/types\/post"}],"replies":[{"embeddable":true,"href":"https:\/\/hierostrasbourg.com\/index.php\/wp-json\/wp\/v2\/comments?post=5404"}],"version-history":[{"count":0,"href":"https:\/\/hierostrasbourg.com\/index.php\/wp-json\/wp\/v2\/posts\/5404\/revisions"}],"wp:attachment":[{"href":"https:\/\/hierostrasbourg.com\/index.php\/wp-json\/wp\/v2\/media?parent=5404"}],"wp:term":[{"taxonomy":"category","embeddable":true,"href":"https:\/\/hierostrasbourg.com\/index.php\/wp-json\/wp\/v2\/categories?post=5404"},{"taxonomy":"post_tag","embeddable":true,"href":"https:\/\/hierostrasbourg.com\/index.php\/wp-json\/wp\/v2\/tags?post=5404"}],"curies":[{"name":"wp","href":"https:\/\/api.w.org\/{rel}","templated":true}]}}