{"id":5402,"date":"2023-02-23T15:41:41","date_gmt":"2023-02-23T14:41:41","guid":{"rendered":"https:\/\/hierostrasbourg.com\/index.php\/2023\/02\/23\/ete-culturel-2023-dans-le-grand-est-appel-a-manifestation-dinteret-jeunes-estivants\/"},"modified":"2023-02-23T15:41:41","modified_gmt":"2023-02-23T14:41:41","slug":"ete-culturel-2023-dans-le-grand-est-appel-a-manifestation-dinteret-jeunes-estivants","status":"publish","type":"post","link":"https:\/\/hierostrasbourg.com\/index.php\/2023\/02\/23\/ete-culturel-2023-dans-le-grand-est-appel-a-manifestation-dinteret-jeunes-estivants\/","title":{"rendered":"Et\u00e9 culturel 2023 dans le Grand Est : appel \u00e0 manifestation d&rsquo;int\u00e9r\u00eat \u00ab\u00a0Jeunes ESTivants\u00a0\u00bb"},"content":{"rendered":"<p>DRAC Grand Est : l\u2019appel \u00e0 manifestation d\u2019int\u00e9r\u00eat de r\u00e9sidences de jeunes artistes sur le territoire du Grand Est \u201cJeunes ESTivants\u201d, organis\u00e9 dans le cadre de l\u2019\u00c9t\u00e9 culturel 2023, est ouvert, jusqu\u2019au 31 mars 2023. Il s\u2019adresse aux jeunes artistes et aux lieux d\u2019accueil (associations, collectivit\u00e9s\u2026).<\/p>\n<p>Dans le cadre de l\u2019\u00c9t\u00e9 culturel 2023 du minist\u00e8re de la Culture, la DRAC Grand Est renouvelle son soutien \u00e0 la jeune cr\u00e9ation artistique et reconduit le dispositif \u00ab Jeunes ESTivants \u00bb.<br \/>\nCoordonn\u00e9 par l\u2019association Sc\u00e8nes et Territoires, cet AMI soutient la mise en place et le d\u00e9veloppement de r\u00e9sidences individuelles ou collectives de jeunes artistes sur le territoire r\u00e9gional.<\/p>\n<h2>Les objectifs de \u201cJeunes ESTivants\u201d<\/h2>\n<p>Soutenir l\u2019\u00e9mergence et la jeune cr\u00e9ation artistique ;<br \/>\nFavoriser la rencontre entre jeunes artistes et habitant\u00b7e\u00b7s des territoires ;<br \/>\nPermettre la pr\u00e9sence d\u2019artistes sur les territoires ;<br \/>\nContribuer \u00e0 la dynamique culturelle des territoires prioritaires du Grand Est,notamment dans le cadre de l\u2019Olympiade culturelle, priorit\u00e9 minist\u00e9rielle 2023 et 2024<\/p>\n<h2>Dur\u00e9e des r\u00e9sidences<\/h2>\n<p>Les r\u00e9sidences se d\u00e9rouleront sur une dur\u00e9e de 3 \u00e0 7 semaines, entre le 19 juin et le 1er\u00a0octobre 2023.<br \/>\nLa r\u00e9sidence peut \u00eatre fractionn\u00e9e en plusieurs temps de pr\u00e9sence distincts.<\/p>\n<p>Si les actions peuvent d\u00e9marrer d\u00e8s le mois de juin et\/ou s\u2019\u00e9tendre jusqu\u2019\u00e0 la fin du mois de septembre, il est imp\u00e9ratif que la majorit\u00e9 des projets se d\u00e9roulent en juillet et ao\u00fbt 2023.<\/p>\n<h2>Crit\u00e8res de s\u00e9lection<\/h2>\n<p>Les r\u00e9sidences seront s\u00e9lectionn\u00e9es sur la pertinence de leur inscription dans leur territoire d\u2019accueil (cr\u00e9ation partag\u00e9e avec les habitants, propositions de m\u00e9diation culturelle, temps de rencontre avec le public, etc.).<\/p>\n<p>Le comit\u00e9 de s\u00e9lection portera une attention particuli\u00e8re aux projets de r\u00e9sidence :<\/p>\n<p>Associant les habitants dans la d\u00e9marche de cr\u00e9ation artistique ;<br \/>\nSe d\u00e9roulant dans les zones de revitalisation rurales (ZRR) ;<br \/>\nAccueillis par des collectivit\u00e9s ou structures culturelles non-conventionn\u00e9es avec la DRAC ;<br \/>\nValorisant des lieux patrimoniaux ;<br \/>\nFavorisant le rapprochement entre sport et culture, dans le cadre des Olympiades Culturelles \u2013 Paris 2024.<\/p>\n<h2>Appel \u00e0 manifestation d\u2019int\u00e9r\u00eat \u2013 Artistes<\/h2>\n<h4>\u00c9ligibilit\u00e9<\/h4>\n<p>Ce dispositif s\u2019adresse aux artistes et aux \u00e9quipes artistiques dipl\u00f4m\u00e9s de l\u2019enseignement sup\u00e9rieur culture depuis 5 ans maximum ou engag\u00e9s dans une carri\u00e8re artistique professionnelle av\u00e9r\u00e9e depuis moins de 5 ans.<br \/>\nLe dispositif est ouvert \u00e0 toutes les disciplines artistiques des arts visuels et des arts vivants.<\/p>\n<p>Les journalistes dipl\u00f4m\u00e9s depuis moins de 5 ans ou engag\u00e9s dans une carri\u00e8re professionnelle av\u00e9r\u00e9e depuis moins de 5 ans peuvent candidater dans les m\u00eames conditions.<\/p>\n<p>Seuls les artistes, les \u00e9quipes artistiques ou les journalistes justifiant d\u2019une structuration juridique au moment de leur inscription et\/ou ayant recours \u00e0 une personne morale pour soutenir leur activit\u00e9 pourront candidater.<\/p>\n<p>Les artistes ou les \u00e9quipes artistiques ne peuvent pas participer \u00e0 plus de deux \u00e9ditions du dispositif.<\/p>\n<h2>Appel \u00e0 manifestation d\u2019int\u00e9r\u00eat \u2013 Lieux d\u2019accueil<\/h2>\n<h4>\u00c9ligibilit\u00e9<\/h4>\n<p>Les organismes pouvant accueillir un projet de r\u00e9sidence peuvent \u00eatre des :<\/p>\n<p>Collectivit\u00e9s territoriales ;<br \/>\nTiers-lieux ;<br \/>\nAteliers de Fabrique Artistique (AFA) ;<br \/>\nMicro-Folies ;<br \/>\nLieux patrimoniaux ;<br \/>\nAssociations d\u2019\u00e9ducation populaire ;<br \/>\nLieux du tourisme social et solidaire ;<br \/>\nLieux relevant du secteur sanitaire et social ;<br \/>\nStructures culturelles non-conventionn\u00e9es.<\/p>\n<p>La DRAC et Sc\u00e8nes &amp; Territoires se proposent de mettre en lien les structures d\u2019accueil avec les \u00e9quipes artistiques retenues dans le dispositif. Ce rep\u00e9rage des projets artistiques fait l\u2019objet d\u2019un \u00ab AMI artistes \u00bb simultan\u00e9 \u00e0 celui-ci.<\/p>\n<p>Les organismes d\u2019accueil peuvent candidater avec ou sans artiste\/\u00e9quipe artistique pressentie.<\/p>\n<p><a class=\"maxbutton-1 maxbutton maxbutton-postulez\" href=\"https:\/\/www.culture.gouv.fr\/Demarches-en-ligne\/Par-type-de-demarche\/Appels-a-projets-candidatures\/Ete-culturel\"><span class=\"mb-text\">POSTULER<\/span><\/a><\/p>\n<p>L\u2019article <a href=\"https:\/\/musiquesactuelles.alsace\/ete-culturel-2023-dans-le-grand-est-appel-a-manifestation-d039interet-quotjeunes-estivantsquot\/\">Et\u00e9 culturel 2023 dans le Grand Est : appel \u00e0 manifestation d\u2019int\u00e9r\u00eat &amp;quot;Jeunes ESTivants&amp;quot;<\/a> est apparu en premier sur <a href=\"https:\/\/musiquesactuelles.alsace\/\">Musiques Actuelles en Alsace<\/a>.<\/p>\n<p>L\u2019article <a href=\"https:\/\/popburo.fr\/ete-culturel-2023-dans-le-grand-est-appel-a-manifestation-dinteret-jeunes-estivants\/\">Et\u00e9 culturel 2023 dans le Grand Est : appel \u00e0 manifestation d&rsquo;int\u00e9r\u00eat \u00ab\u00a0Jeunes ESTivants\u00a0\u00bb<\/a> est apparu en premier sur <a href=\"https:\/\/popburo.fr\/\">POP B\u00dcRO<\/a>.<\/p>\n","protected":false},"excerpt":{"rendered":"<p>DRAC Grand Est : l\u2019appel \u00e0 manifestation d\u2019int\u00e9r\u00eat de r\u00e9sidences de jeunes artistes sur le territoire du Grand Est \u201cJeunes ESTivants\u201d, organis\u00e9 dans le cadre de l\u2019\u00c9t\u00e9 culturel 2023, est ouvert, jusqu\u2019au 31 mars 2023. Il s\u2019adresse aux jeunes artistes et aux lieux d\u2019accueil (associations, collectivit\u00e9s\u2026). Dans le cadre de l\u2019\u00c9t\u00e9 culturel 2023 du minist\u00e8re de la Culture, la DRAC Grand Est renouvelle son soutien \u00e0 la jeune cr\u00e9ation artistique et reconduit le dispositif \u00ab Jeunes ESTivants \u00bb. Coordonn\u00e9 par [&hellip;]<\/p>\n","protected":false},"author":0,"featured_media":0,"comment_status":"closed","ping_status":"open","sticky":false,"template":"","format":"standard","meta":{"footnotes":""},"categories":[1],"tags":[],"class_list":["post-5402","post","type-post","status-publish","format-standard","hentry","category-non-classe"],"yoast_head":"<!-- This site is optimized with the Yoast SEO plugin v27.4 - https:\/\/yoast.com\/product\/yoast-seo-wordpress\/ -->\n<title>Et\u00e9 culturel 2023 dans le Grand Est : appel \u00e0 manifestation d&#039;int\u00e9r\u00eat &quot;Jeunes ESTivants&quot; - HIERO STRASBOURG<\/title>\n<meta name=\"robots\" content=\"index, follow, max-snippet:-1, max-image-preview:large, max-video-preview:-1\" \/>\n<link rel=\"canonical\" href=\"https:\/\/hierostrasbourg.com\/index.php\/2023\/02\/23\/ete-culturel-2023-dans-le-grand-est-appel-a-manifestation-dinteret-jeunes-estivants\/\" \/>\n<meta property=\"og:locale\" content=\"fr_FR\" \/>\n<meta property=\"og:type\" content=\"article\" \/>\n<meta property=\"og:title\" content=\"Et\u00e9 culturel 2023 dans le Grand Est : appel \u00e0 manifestation d&#039;int\u00e9r\u00eat &quot;Jeunes ESTivants&quot; - HIERO STRASBOURG\" \/>\n<meta property=\"og:description\" content=\"DRAC Grand Est : l\u2019appel \u00e0 manifestation d\u2019int\u00e9r\u00eat de r\u00e9sidences de jeunes artistes sur le territoire du Grand Est \u201cJeunes ESTivants\u201d, organis\u00e9 dans le cadre de l\u2019\u00c9t\u00e9 culturel 2023, est ouvert, jusqu\u2019au 31 mars 2023. Il s\u2019adresse aux jeunes artistes et aux lieux d\u2019accueil (associations, collectivit\u00e9s\u2026). Dans le cadre de l\u2019\u00c9t\u00e9 culturel 2023 du minist\u00e8re de la Culture, la DRAC Grand Est renouvelle son soutien \u00e0 la jeune cr\u00e9ation artistique et reconduit le dispositif \u00ab Jeunes ESTivants \u00bb. Coordonn\u00e9 par [&hellip;]\" \/>\n<meta property=\"og:url\" content=\"https:\/\/hierostrasbourg.com\/index.php\/2023\/02\/23\/ete-culturel-2023-dans-le-grand-est-appel-a-manifestation-dinteret-jeunes-estivants\/\" \/>\n<meta property=\"og:site_name\" content=\"HIERO STRASBOURG\" \/>\n<meta property=\"article:publisher\" content=\"https:\/\/www.facebook.com\/fedehierostrasbourg\" \/>\n<meta property=\"article:published_time\" content=\"2023-02-23T14:41:41+00:00\" \/>\n<meta name=\"twitter:card\" content=\"summary_large_image\" \/>\n<meta name=\"twitter:creator\" content=\"@hierostrasbourg\" \/>\n<meta name=\"twitter:site\" content=\"@hierostrasbourg\" \/>\n<meta name=\"twitter:label1\" content=\"Dur\u00e9e de lecture estim\u00e9e\" \/>\n\t<meta name=\"twitter:data1\" content=\"3 minutes\" \/>\n<script type=\"application\/ld+json\" class=\"yoast-schema-graph\">{\"@context\":\"https:\\\/\\\/schema.org\",\"@graph\":[{\"@type\":\"Article\",\"@id\":\"https:\\\/\\\/hierostrasbourg.com\\\/index.php\\\/2023\\\/02\\\/23\\\/ete-culturel-2023-dans-le-grand-est-appel-a-manifestation-dinteret-jeunes-estivants\\\/#article\",\"isPartOf\":{\"@id\":\"https:\\\/\\\/hierostrasbourg.com\\\/index.php\\\/2023\\\/02\\\/23\\\/ete-culturel-2023-dans-le-grand-est-appel-a-manifestation-dinteret-jeunes-estivants\\\/\"},\"author\":{\"name\":\"\",\"@id\":\"\"},\"headline\":\"Et\u00e9 culturel 2023 dans le Grand Est : appel \u00e0 manifestation d&rsquo;int\u00e9r\u00eat \u00ab\u00a0Jeunes ESTivants\u00a0\u00bb\",\"datePublished\":\"2023-02-23T14:41:41+00:00\",\"mainEntityOfPage\":{\"@id\":\"https:\\\/\\\/hierostrasbourg.com\\\/index.php\\\/2023\\\/02\\\/23\\\/ete-culturel-2023-dans-le-grand-est-appel-a-manifestation-dinteret-jeunes-estivants\\\/\"},\"wordCount\":675,\"publisher\":{\"@id\":\"https:\\\/\\\/hierostrasbourg.com\\\/#organization\"},\"inLanguage\":\"fr-FR\"},{\"@type\":\"WebPage\",\"@id\":\"https:\\\/\\\/hierostrasbourg.com\\\/index.php\\\/2023\\\/02\\\/23\\\/ete-culturel-2023-dans-le-grand-est-appel-a-manifestation-dinteret-jeunes-estivants\\\/\",\"url\":\"https:\\\/\\\/hierostrasbourg.com\\\/index.php\\\/2023\\\/02\\\/23\\\/ete-culturel-2023-dans-le-grand-est-appel-a-manifestation-dinteret-jeunes-estivants\\\/\",\"name\":\"Et\u00e9 culturel 2023 dans le Grand Est : appel \u00e0 manifestation d'int\u00e9r\u00eat \\\"Jeunes ESTivants\\\" - HIERO STRASBOURG\",\"isPartOf\":{\"@id\":\"https:\\\/\\\/hierostrasbourg.com\\\/#website\"},\"datePublished\":\"2023-02-23T14:41:41+00:00\",\"breadcrumb\":{\"@id\":\"https:\\\/\\\/hierostrasbourg.com\\\/index.php\\\/2023\\\/02\\\/23\\\/ete-culturel-2023-dans-le-grand-est-appel-a-manifestation-dinteret-jeunes-estivants\\\/#breadcrumb\"},\"inLanguage\":\"fr-FR\",\"potentialAction\":[{\"@type\":\"ReadAction\",\"target\":[\"https:\\\/\\\/hierostrasbourg.com\\\/index.php\\\/2023\\\/02\\\/23\\\/ete-culturel-2023-dans-le-grand-est-appel-a-manifestation-dinteret-jeunes-estivants\\\/\"]}]},{\"@type\":\"BreadcrumbList\",\"@id\":\"https:\\\/\\\/hierostrasbourg.com\\\/index.php\\\/2023\\\/02\\\/23\\\/ete-culturel-2023-dans-le-grand-est-appel-a-manifestation-dinteret-jeunes-estivants\\\/#breadcrumb\",\"itemListElement\":[{\"@type\":\"ListItem\",\"position\":1,\"name\":\"Accueil\",\"item\":\"https:\\\/\\\/hierostrasbourg.com\\\/\"},{\"@type\":\"ListItem\",\"position\":2,\"name\":\"Et\u00e9 culturel 2023 dans le Grand Est : appel \u00e0 manifestation d&#8217;int\u00e9r\u00eat &#8220;Jeunes ESTivants&#8221;\"}]},{\"@type\":\"WebSite\",\"@id\":\"https:\\\/\\\/hierostrasbourg.com\\\/#website\",\"url\":\"https:\\\/\\\/hierostrasbourg.com\\\/\",\"name\":\"HIERO STRASBOURG\",\"description\":\"Centre de Ressources Musiques Actuelles\",\"publisher\":{\"@id\":\"https:\\\/\\\/hierostrasbourg.com\\\/#organization\"},\"potentialAction\":[{\"@type\":\"SearchAction\",\"target\":{\"@type\":\"EntryPoint\",\"urlTemplate\":\"https:\\\/\\\/hierostrasbourg.com\\\/?s={search_term_string}\"},\"query-input\":{\"@type\":\"PropertyValueSpecification\",\"valueRequired\":true,\"valueName\":\"search_term_string\"}}],\"inLanguage\":\"fr-FR\"},{\"@type\":\"Organization\",\"@id\":\"https:\\\/\\\/hierostrasbourg.com\\\/#organization\",\"name\":\"F\u00e9d\u00e9ration Hi\u00e9ro Strasbourg\",\"url\":\"https:\\\/\\\/hierostrasbourg.com\\\/\",\"logo\":{\"@type\":\"ImageObject\",\"inLanguage\":\"fr-FR\",\"@id\":\"https:\\\/\\\/hierostrasbourg.com\\\/#\\\/schema\\\/logo\\\/image\\\/\",\"url\":\"https:\\\/\\\/hierostrasbourg.com\\\/wp-content\\\/uploads\\\/2026\\\/04\\\/logo-hiero-strasbourg.jpg\",\"contentUrl\":\"https:\\\/\\\/hierostrasbourg.com\\\/wp-content\\\/uploads\\\/2026\\\/04\\\/logo-hiero-strasbourg.jpg\",\"width\":204,\"height\":192,\"caption\":\"F\u00e9d\u00e9ration Hi\u00e9ro Strasbourg\"},\"image\":{\"@id\":\"https:\\\/\\\/hierostrasbourg.com\\\/#\\\/schema\\\/logo\\\/image\\\/\"},\"sameAs\":[\"https:\\\/\\\/www.facebook.com\\\/fedehierostrasbourg\",\"https:\\\/\\\/x.com\\\/hierostrasbourg\"]}]}<\/script>\n<!-- \/ Yoast SEO plugin. -->","yoast_head_json":{"title":"Et\u00e9 culturel 2023 dans le Grand Est : appel \u00e0 manifestation d'int\u00e9r\u00eat \"Jeunes ESTivants\" - HIERO STRASBOURG","robots":{"index":"index","follow":"follow","max-snippet":"max-snippet:-1","max-image-preview":"max-image-preview:large","max-video-preview":"max-video-preview:-1"},"canonical":"https:\/\/hierostrasbourg.com\/index.php\/2023\/02\/23\/ete-culturel-2023-dans-le-grand-est-appel-a-manifestation-dinteret-jeunes-estivants\/","og_locale":"fr_FR","og_type":"article","og_title":"Et\u00e9 culturel 2023 dans le Grand Est : appel \u00e0 manifestation d'int\u00e9r\u00eat \"Jeunes ESTivants\" - HIERO STRASBOURG","og_description":"DRAC Grand Est : l\u2019appel \u00e0 manifestation d\u2019int\u00e9r\u00eat de r\u00e9sidences de jeunes artistes sur le territoire du Grand Est \u201cJeunes ESTivants\u201d, organis\u00e9 dans le cadre de l\u2019\u00c9t\u00e9 culturel 2023, est ouvert, jusqu\u2019au 31 mars 2023. Il s\u2019adresse aux jeunes artistes et aux lieux d\u2019accueil (associations, collectivit\u00e9s\u2026). Dans le cadre de l\u2019\u00c9t\u00e9 culturel 2023 du minist\u00e8re de la Culture, la DRAC Grand Est renouvelle son soutien \u00e0 la jeune cr\u00e9ation artistique et reconduit le dispositif \u00ab Jeunes ESTivants \u00bb. Coordonn\u00e9 par [&hellip;]","og_url":"https:\/\/hierostrasbourg.com\/index.php\/2023\/02\/23\/ete-culturel-2023-dans-le-grand-est-appel-a-manifestation-dinteret-jeunes-estivants\/","og_site_name":"HIERO STRASBOURG","article_publisher":"https:\/\/www.facebook.com\/fedehierostrasbourg","article_published_time":"2023-02-23T14:41:41+00:00","twitter_card":"summary_large_image","twitter_creator":"@hierostrasbourg","twitter_site":"@hierostrasbourg","twitter_misc":{"Dur\u00e9e de lecture estim\u00e9e":"3 minutes"},"schema":{"@context":"https:\/\/schema.org","@graph":[{"@type":"Article","@id":"https:\/\/hierostrasbourg.com\/index.php\/2023\/02\/23\/ete-culturel-2023-dans-le-grand-est-appel-a-manifestation-dinteret-jeunes-estivants\/#article","isPartOf":{"@id":"https:\/\/hierostrasbourg.com\/index.php\/2023\/02\/23\/ete-culturel-2023-dans-le-grand-est-appel-a-manifestation-dinteret-jeunes-estivants\/"},"author":{"name":"","@id":""},"headline":"Et\u00e9 culturel 2023 dans le Grand Est : appel \u00e0 manifestation d&rsquo;int\u00e9r\u00eat \u00ab\u00a0Jeunes ESTivants\u00a0\u00bb","datePublished":"2023-02-23T14:41:41+00:00","mainEntityOfPage":{"@id":"https:\/\/hierostrasbourg.com\/index.php\/2023\/02\/23\/ete-culturel-2023-dans-le-grand-est-appel-a-manifestation-dinteret-jeunes-estivants\/"},"wordCount":675,"publisher":{"@id":"https:\/\/hierostrasbourg.com\/#organization"},"inLanguage":"fr-FR"},{"@type":"WebPage","@id":"https:\/\/hierostrasbourg.com\/index.php\/2023\/02\/23\/ete-culturel-2023-dans-le-grand-est-appel-a-manifestation-dinteret-jeunes-estivants\/","url":"https:\/\/hierostrasbourg.com\/index.php\/2023\/02\/23\/ete-culturel-2023-dans-le-grand-est-appel-a-manifestation-dinteret-jeunes-estivants\/","name":"Et\u00e9 culturel 2023 dans le Grand Est : appel \u00e0 manifestation d'int\u00e9r\u00eat \"Jeunes ESTivants\" - HIERO STRASBOURG","isPartOf":{"@id":"https:\/\/hierostrasbourg.com\/#website"},"datePublished":"2023-02-23T14:41:41+00:00","breadcrumb":{"@id":"https:\/\/hierostrasbourg.com\/index.php\/2023\/02\/23\/ete-culturel-2023-dans-le-grand-est-appel-a-manifestation-dinteret-jeunes-estivants\/#breadcrumb"},"inLanguage":"fr-FR","potentialAction":[{"@type":"ReadAction","target":["https:\/\/hierostrasbourg.com\/index.php\/2023\/02\/23\/ete-culturel-2023-dans-le-grand-est-appel-a-manifestation-dinteret-jeunes-estivants\/"]}]},{"@type":"BreadcrumbList","@id":"https:\/\/hierostrasbourg.com\/index.php\/2023\/02\/23\/ete-culturel-2023-dans-le-grand-est-appel-a-manifestation-dinteret-jeunes-estivants\/#breadcrumb","itemListElement":[{"@type":"ListItem","position":1,"name":"Accueil","item":"https:\/\/hierostrasbourg.com\/"},{"@type":"ListItem","position":2,"name":"Et\u00e9 culturel 2023 dans le Grand Est : appel \u00e0 manifestation d&#8217;int\u00e9r\u00eat &#8220;Jeunes ESTivants&#8221;"}]},{"@type":"WebSite","@id":"https:\/\/hierostrasbourg.com\/#website","url":"https:\/\/hierostrasbourg.com\/","name":"HIERO STRASBOURG","description":"Centre de Ressources Musiques Actuelles","publisher":{"@id":"https:\/\/hierostrasbourg.com\/#organization"},"potentialAction":[{"@type":"SearchAction","target":{"@type":"EntryPoint","urlTemplate":"https:\/\/hierostrasbourg.com\/?s={search_term_string}"},"query-input":{"@type":"PropertyValueSpecification","valueRequired":true,"valueName":"search_term_string"}}],"inLanguage":"fr-FR"},{"@type":"Organization","@id":"https:\/\/hierostrasbourg.com\/#organization","name":"F\u00e9d\u00e9ration Hi\u00e9ro Strasbourg","url":"https:\/\/hierostrasbourg.com\/","logo":{"@type":"ImageObject","inLanguage":"fr-FR","@id":"https:\/\/hierostrasbourg.com\/#\/schema\/logo\/image\/","url":"https:\/\/hierostrasbourg.com\/wp-content\/uploads\/2026\/04\/logo-hiero-strasbourg.jpg","contentUrl":"https:\/\/hierostrasbourg.com\/wp-content\/uploads\/2026\/04\/logo-hiero-strasbourg.jpg","width":204,"height":192,"caption":"F\u00e9d\u00e9ration Hi\u00e9ro Strasbourg"},"image":{"@id":"https:\/\/hierostrasbourg.com\/#\/schema\/logo\/image\/"},"sameAs":["https:\/\/www.facebook.com\/fedehierostrasbourg","https:\/\/x.com\/hierostrasbourg"]}]}},"_links":{"self":[{"href":"https:\/\/hierostrasbourg.com\/index.php\/wp-json\/wp\/v2\/posts\/5402","targetHints":{"allow":["GET"]}}],"collection":[{"href":"https:\/\/hierostrasbourg.com\/index.php\/wp-json\/wp\/v2\/posts"}],"about":[{"href":"https:\/\/hierostrasbourg.com\/index.php\/wp-json\/wp\/v2\/types\/post"}],"replies":[{"embeddable":true,"href":"https:\/\/hierostrasbourg.com\/index.php\/wp-json\/wp\/v2\/comments?post=5402"}],"version-history":[{"count":0,"href":"https:\/\/hierostrasbourg.com\/index.php\/wp-json\/wp\/v2\/posts\/5402\/revisions"}],"wp:attachment":[{"href":"https:\/\/hierostrasbourg.com\/index.php\/wp-json\/wp\/v2\/media?parent=5402"}],"wp:term":[{"taxonomy":"category","embeddable":true,"href":"https:\/\/hierostrasbourg.com\/index.php\/wp-json\/wp\/v2\/categories?post=5402"},{"taxonomy":"post_tag","embeddable":true,"href":"https:\/\/hierostrasbourg.com\/index.php\/wp-json\/wp\/v2\/tags?post=5402"}],"curies":[{"name":"wp","href":"https:\/\/api.w.org\/{rel}","templated":true}]}}