{"id":5400,"date":"2023-02-23T14:40:29","date_gmt":"2023-02-23T13:40:29","guid":{"rendered":"https:\/\/hierostrasbourg.com\/index.php\/2023\/02\/23\/pole-sud-propose-un-stage-en-communication-2\/"},"modified":"2023-02-23T14:40:29","modified_gmt":"2023-02-23T13:40:29","slug":"pole-sud-propose-un-stage-en-communication-2","status":"publish","type":"post","link":"https:\/\/hierostrasbourg.com\/index.php\/2023\/02\/23\/pole-sud-propose-un-stage-en-communication-2\/","title":{"rendered":"POLE SUD propose un stage en communication"},"content":{"rendered":"<p>Install\u00e9 dans les quartiers sud de Strasbourg, POLE-SUD est un Centre de D\u00e9veloppement Chor\u00e9graphique National. Son programme conjugue \u00e0 la fois cr\u00e9ation, diffusion, r\u00e9sidences, centre de ressources mais aussi m\u00e9diation culturelle. Disposant de 2 salles de spectacle de 320 et 100 places, deux studios consacr\u00e9s \u00e0 l\u2019accueil d\u2019artistes en r\u00e9sidence et \u00e0 la formation, la structure s\u2019int\u00e9resse \u00e0 tous les courants actuels de la danse. Sa programmation annuelle fait la part belle \u00e0 l\u2019\u00e9mergence, la diversit\u00e9 des genres et des g\u00e9n\u00e9rations. Festivals, focus et danse dans l\u2019espace public compl\u00e8tent le dispositif. Un espace dynamique et ouvert sur la ville et ses habitants.<\/p>\n<h2>Missions<\/h2>\n<p>En \u00e9troite collaboration avec le service communication, il\/elle participera aux missions suivantes :<\/p>\n<h4>Num\u00e9rique<\/h4>\n<p>Alimentation et mise \u00e0 jour du site internet, des r\u00e9seaux sociaux, agendas en ligne<br \/>\nEnvoi de newsletters, d\u2019invitations, de feuilles de salle num\u00e9riques<\/p>\n<h4>Photo \/ Vid\u00e9o<\/h4>\n<p>Prise de vue photos<br \/>\nR\u00e9alisation et montage de vid\u00e9os<\/p>\n<h4>Presse<\/h4>\n<p>Veille (r\u00e9seaux sociaux, journaux papiers et num\u00e9riques, blogs, etc\u2026)<br \/>\nEnvoi des revues de presse aux compagnies invit\u00e9es, des communiqu\u00e9s et dossiers \u00e0 la presse<br \/>\nMise \u00e0 jour du fichier presse<\/p>\n<h4>\u00c9ditions papier<\/h4>\n<p>R\u00e9alisation de diff\u00e9rents documents de communication<br \/>\nRelectures des documents de communication<br \/>\nDemande de documentations aupr\u00e8s des compagnies invit\u00e9es<\/p>\n<h4>Vie du th\u00e9\u00e2tre<\/h4>\n<p>Participation aux r\u00e9unions d\u2019\u00e9quipe<br \/>\nAccueil du public en soir\u00e9e et contr\u00f4le des billets<br \/>\nDistribution de flyer<\/p>\n<h2>Profil recherch\u00e9<\/h2>\n<p>Bac + 3 minimum<br \/>\nMa\u00eetrise des logiciels informatiques (Pack office, Suite Adobe, Campaign Monitor ou \u00e9quivalent, Final Cut Pro ou \u00e9quivalent)<br \/>\nRigoureux(se), sens de l\u2019organisation, dynamique, aisance r\u00e9dactionnelle et relationnelle<br \/>\nPolyvalent(e), curieux(se) et ma\u00eetrise du travail en \u00e9quipe<br \/>\nConnaissance du milieu du spectacle vivant souhait\u00e9e<br \/>\nMa\u00eetrise de l\u2019anglais souhait\u00e9<br \/>\nPermis B souhait\u00e9<\/p>\n<p>Date de prise de fonction : 3 avril 2023<br \/>\nDate limite de candidature : 17 mars 2023<br \/>\nStage du\u00a0lundi 03 avril au vendredi 21 juillet 2023<br \/>\nIndemnit\u00e9s de stage l\u00e9gales<\/p>\n<p>POLE SUD<br \/>\n1 rue de Bourgogne 67100 Strasbourg<br \/>\nSite web de l\u2019entreprise\/de l\u2019organisme<br \/><a href=\"http:\/\/www.pole-sud.fr\/\">www.pole-sud.fr<\/a><\/p>\n<p>L\u2019article <a href=\"https:\/\/musiquesactuelles.alsace\/pole-sud-propose-un-stage-en-communication\/\">POLE SUD propose un stage en communication<\/a> est apparu en premier sur <a href=\"https:\/\/musiquesactuelles.alsace\/\">Musiques Actuelles en Alsace<\/a>.<\/p>\n<p>L\u2019article <a href=\"https:\/\/popburo.fr\/pole-sud-propose-un-stage-en-communication-2\/\">POLE SUD propose un stage en communication<\/a> est apparu en premier sur <a href=\"https:\/\/popburo.fr\/\">POP B\u00dcRO<\/a>.<\/p>\n","protected":false},"excerpt":{"rendered":"<p>Install\u00e9 dans les quartiers sud de Strasbourg, POLE-SUD est un Centre de D\u00e9veloppement Chor\u00e9graphique National. Son programme conjugue \u00e0 la fois cr\u00e9ation, diffusion, r\u00e9sidences, centre de ressources mais aussi m\u00e9diation culturelle. Disposant de 2 salles de spectacle de 320 et 100 places, deux studios consacr\u00e9s \u00e0 l\u2019accueil d\u2019artistes en r\u00e9sidence et \u00e0 la formation, la structure s\u2019int\u00e9resse \u00e0 tous les courants actuels de la danse. Sa programmation annuelle fait la part belle \u00e0 l\u2019\u00e9mergence, la diversit\u00e9 des genres et des [&hellip;]<\/p>\n","protected":false},"author":0,"featured_media":0,"comment_status":"closed","ping_status":"open","sticky":false,"template":"","format":"standard","meta":{"footnotes":""},"categories":[1],"tags":[],"class_list":["post-5400","post","type-post","status-publish","format-standard","hentry","category-non-classe"],"yoast_head":"<!-- This site is optimized with the Yoast SEO plugin v27.4 - https:\/\/yoast.com\/product\/yoast-seo-wordpress\/ -->\n<title>POLE SUD propose un stage en communication - HIERO STRASBOURG<\/title>\n<meta name=\"robots\" content=\"index, follow, max-snippet:-1, max-image-preview:large, max-video-preview:-1\" \/>\n<link rel=\"canonical\" href=\"https:\/\/hierostrasbourg.com\/index.php\/2023\/02\/23\/pole-sud-propose-un-stage-en-communication-2\/\" \/>\n<meta property=\"og:locale\" content=\"fr_FR\" \/>\n<meta property=\"og:type\" content=\"article\" \/>\n<meta property=\"og:title\" content=\"POLE SUD propose un stage en communication - HIERO STRASBOURG\" \/>\n<meta property=\"og:description\" content=\"Install\u00e9 dans les quartiers sud de Strasbourg, POLE-SUD est un Centre de D\u00e9veloppement Chor\u00e9graphique National. Son programme conjugue \u00e0 la fois cr\u00e9ation, diffusion, r\u00e9sidences, centre de ressources mais aussi m\u00e9diation culturelle. Disposant de 2 salles de spectacle de 320 et 100 places, deux studios consacr\u00e9s \u00e0 l\u2019accueil d\u2019artistes en r\u00e9sidence et \u00e0 la formation, la structure s\u2019int\u00e9resse \u00e0 tous les courants actuels de la danse. Sa programmation annuelle fait la part belle \u00e0 l\u2019\u00e9mergence, la diversit\u00e9 des genres et des [&hellip;]\" \/>\n<meta property=\"og:url\" content=\"https:\/\/hierostrasbourg.com\/index.php\/2023\/02\/23\/pole-sud-propose-un-stage-en-communication-2\/\" \/>\n<meta property=\"og:site_name\" content=\"HIERO STRASBOURG\" \/>\n<meta property=\"article:publisher\" content=\"https:\/\/www.facebook.com\/fedehierostrasbourg\" \/>\n<meta property=\"article:published_time\" content=\"2023-02-23T13:40:29+00:00\" \/>\n<meta name=\"twitter:card\" content=\"summary_large_image\" \/>\n<meta name=\"twitter:creator\" content=\"@hierostrasbourg\" \/>\n<meta name=\"twitter:site\" content=\"@hierostrasbourg\" \/>\n<meta name=\"twitter:label1\" content=\"Dur\u00e9e de lecture estim\u00e9e\" \/>\n\t<meta name=\"twitter:data1\" content=\"2 minutes\" \/>\n<script type=\"application\/ld+json\" class=\"yoast-schema-graph\">{\"@context\":\"https:\\\/\\\/schema.org\",\"@graph\":[{\"@type\":\"Article\",\"@id\":\"https:\\\/\\\/hierostrasbourg.com\\\/index.php\\\/2023\\\/02\\\/23\\\/pole-sud-propose-un-stage-en-communication-2\\\/#article\",\"isPartOf\":{\"@id\":\"https:\\\/\\\/hierostrasbourg.com\\\/index.php\\\/2023\\\/02\\\/23\\\/pole-sud-propose-un-stage-en-communication-2\\\/\"},\"author\":{\"name\":\"\",\"@id\":\"\"},\"headline\":\"POLE SUD propose un stage en communication\",\"datePublished\":\"2023-02-23T13:40:29+00:00\",\"mainEntityOfPage\":{\"@id\":\"https:\\\/\\\/hierostrasbourg.com\\\/index.php\\\/2023\\\/02\\\/23\\\/pole-sud-propose-un-stage-en-communication-2\\\/\"},\"wordCount\":391,\"publisher\":{\"@id\":\"https:\\\/\\\/hierostrasbourg.com\\\/#organization\"},\"inLanguage\":\"fr-FR\"},{\"@type\":\"WebPage\",\"@id\":\"https:\\\/\\\/hierostrasbourg.com\\\/index.php\\\/2023\\\/02\\\/23\\\/pole-sud-propose-un-stage-en-communication-2\\\/\",\"url\":\"https:\\\/\\\/hierostrasbourg.com\\\/index.php\\\/2023\\\/02\\\/23\\\/pole-sud-propose-un-stage-en-communication-2\\\/\",\"name\":\"POLE SUD propose un stage en communication - HIERO STRASBOURG\",\"isPartOf\":{\"@id\":\"https:\\\/\\\/hierostrasbourg.com\\\/#website\"},\"datePublished\":\"2023-02-23T13:40:29+00:00\",\"breadcrumb\":{\"@id\":\"https:\\\/\\\/hierostrasbourg.com\\\/index.php\\\/2023\\\/02\\\/23\\\/pole-sud-propose-un-stage-en-communication-2\\\/#breadcrumb\"},\"inLanguage\":\"fr-FR\",\"potentialAction\":[{\"@type\":\"ReadAction\",\"target\":[\"https:\\\/\\\/hierostrasbourg.com\\\/index.php\\\/2023\\\/02\\\/23\\\/pole-sud-propose-un-stage-en-communication-2\\\/\"]}]},{\"@type\":\"BreadcrumbList\",\"@id\":\"https:\\\/\\\/hierostrasbourg.com\\\/index.php\\\/2023\\\/02\\\/23\\\/pole-sud-propose-un-stage-en-communication-2\\\/#breadcrumb\",\"itemListElement\":[{\"@type\":\"ListItem\",\"position\":1,\"name\":\"Accueil\",\"item\":\"https:\\\/\\\/hierostrasbourg.com\\\/\"},{\"@type\":\"ListItem\",\"position\":2,\"name\":\"POLE SUD propose un stage en communication\"}]},{\"@type\":\"WebSite\",\"@id\":\"https:\\\/\\\/hierostrasbourg.com\\\/#website\",\"url\":\"https:\\\/\\\/hierostrasbourg.com\\\/\",\"name\":\"HIERO STRASBOURG\",\"description\":\"Centre de Ressources Musiques Actuelles\",\"publisher\":{\"@id\":\"https:\\\/\\\/hierostrasbourg.com\\\/#organization\"},\"potentialAction\":[{\"@type\":\"SearchAction\",\"target\":{\"@type\":\"EntryPoint\",\"urlTemplate\":\"https:\\\/\\\/hierostrasbourg.com\\\/?s={search_term_string}\"},\"query-input\":{\"@type\":\"PropertyValueSpecification\",\"valueRequired\":true,\"valueName\":\"search_term_string\"}}],\"inLanguage\":\"fr-FR\"},{\"@type\":\"Organization\",\"@id\":\"https:\\\/\\\/hierostrasbourg.com\\\/#organization\",\"name\":\"F\u00e9d\u00e9ration Hi\u00e9ro Strasbourg\",\"url\":\"https:\\\/\\\/hierostrasbourg.com\\\/\",\"logo\":{\"@type\":\"ImageObject\",\"inLanguage\":\"fr-FR\",\"@id\":\"https:\\\/\\\/hierostrasbourg.com\\\/#\\\/schema\\\/logo\\\/image\\\/\",\"url\":\"https:\\\/\\\/hierostrasbourg.com\\\/wp-content\\\/uploads\\\/2026\\\/04\\\/logo-hiero-strasbourg.jpg\",\"contentUrl\":\"https:\\\/\\\/hierostrasbourg.com\\\/wp-content\\\/uploads\\\/2026\\\/04\\\/logo-hiero-strasbourg.jpg\",\"width\":204,\"height\":192,\"caption\":\"F\u00e9d\u00e9ration Hi\u00e9ro Strasbourg\"},\"image\":{\"@id\":\"https:\\\/\\\/hierostrasbourg.com\\\/#\\\/schema\\\/logo\\\/image\\\/\"},\"sameAs\":[\"https:\\\/\\\/www.facebook.com\\\/fedehierostrasbourg\",\"https:\\\/\\\/x.com\\\/hierostrasbourg\"]}]}<\/script>\n<!-- \/ Yoast SEO plugin. -->","yoast_head_json":{"title":"POLE SUD propose un stage en communication - HIERO STRASBOURG","robots":{"index":"index","follow":"follow","max-snippet":"max-snippet:-1","max-image-preview":"max-image-preview:large","max-video-preview":"max-video-preview:-1"},"canonical":"https:\/\/hierostrasbourg.com\/index.php\/2023\/02\/23\/pole-sud-propose-un-stage-en-communication-2\/","og_locale":"fr_FR","og_type":"article","og_title":"POLE SUD propose un stage en communication - HIERO STRASBOURG","og_description":"Install\u00e9 dans les quartiers sud de Strasbourg, POLE-SUD est un Centre de D\u00e9veloppement Chor\u00e9graphique National. Son programme conjugue \u00e0 la fois cr\u00e9ation, diffusion, r\u00e9sidences, centre de ressources mais aussi m\u00e9diation culturelle. Disposant de 2 salles de spectacle de 320 et 100 places, deux studios consacr\u00e9s \u00e0 l\u2019accueil d\u2019artistes en r\u00e9sidence et \u00e0 la formation, la structure s\u2019int\u00e9resse \u00e0 tous les courants actuels de la danse. Sa programmation annuelle fait la part belle \u00e0 l\u2019\u00e9mergence, la diversit\u00e9 des genres et des [&hellip;]","og_url":"https:\/\/hierostrasbourg.com\/index.php\/2023\/02\/23\/pole-sud-propose-un-stage-en-communication-2\/","og_site_name":"HIERO STRASBOURG","article_publisher":"https:\/\/www.facebook.com\/fedehierostrasbourg","article_published_time":"2023-02-23T13:40:29+00:00","twitter_card":"summary_large_image","twitter_creator":"@hierostrasbourg","twitter_site":"@hierostrasbourg","twitter_misc":{"Dur\u00e9e de lecture estim\u00e9e":"2 minutes"},"schema":{"@context":"https:\/\/schema.org","@graph":[{"@type":"Article","@id":"https:\/\/hierostrasbourg.com\/index.php\/2023\/02\/23\/pole-sud-propose-un-stage-en-communication-2\/#article","isPartOf":{"@id":"https:\/\/hierostrasbourg.com\/index.php\/2023\/02\/23\/pole-sud-propose-un-stage-en-communication-2\/"},"author":{"name":"","@id":""},"headline":"POLE SUD propose un stage en communication","datePublished":"2023-02-23T13:40:29+00:00","mainEntityOfPage":{"@id":"https:\/\/hierostrasbourg.com\/index.php\/2023\/02\/23\/pole-sud-propose-un-stage-en-communication-2\/"},"wordCount":391,"publisher":{"@id":"https:\/\/hierostrasbourg.com\/#organization"},"inLanguage":"fr-FR"},{"@type":"WebPage","@id":"https:\/\/hierostrasbourg.com\/index.php\/2023\/02\/23\/pole-sud-propose-un-stage-en-communication-2\/","url":"https:\/\/hierostrasbourg.com\/index.php\/2023\/02\/23\/pole-sud-propose-un-stage-en-communication-2\/","name":"POLE SUD propose un stage en communication - HIERO STRASBOURG","isPartOf":{"@id":"https:\/\/hierostrasbourg.com\/#website"},"datePublished":"2023-02-23T13:40:29+00:00","breadcrumb":{"@id":"https:\/\/hierostrasbourg.com\/index.php\/2023\/02\/23\/pole-sud-propose-un-stage-en-communication-2\/#breadcrumb"},"inLanguage":"fr-FR","potentialAction":[{"@type":"ReadAction","target":["https:\/\/hierostrasbourg.com\/index.php\/2023\/02\/23\/pole-sud-propose-un-stage-en-communication-2\/"]}]},{"@type":"BreadcrumbList","@id":"https:\/\/hierostrasbourg.com\/index.php\/2023\/02\/23\/pole-sud-propose-un-stage-en-communication-2\/#breadcrumb","itemListElement":[{"@type":"ListItem","position":1,"name":"Accueil","item":"https:\/\/hierostrasbourg.com\/"},{"@type":"ListItem","position":2,"name":"POLE SUD propose un stage en communication"}]},{"@type":"WebSite","@id":"https:\/\/hierostrasbourg.com\/#website","url":"https:\/\/hierostrasbourg.com\/","name":"HIERO STRASBOURG","description":"Centre de Ressources Musiques Actuelles","publisher":{"@id":"https:\/\/hierostrasbourg.com\/#organization"},"potentialAction":[{"@type":"SearchAction","target":{"@type":"EntryPoint","urlTemplate":"https:\/\/hierostrasbourg.com\/?s={search_term_string}"},"query-input":{"@type":"PropertyValueSpecification","valueRequired":true,"valueName":"search_term_string"}}],"inLanguage":"fr-FR"},{"@type":"Organization","@id":"https:\/\/hierostrasbourg.com\/#organization","name":"F\u00e9d\u00e9ration Hi\u00e9ro Strasbourg","url":"https:\/\/hierostrasbourg.com\/","logo":{"@type":"ImageObject","inLanguage":"fr-FR","@id":"https:\/\/hierostrasbourg.com\/#\/schema\/logo\/image\/","url":"https:\/\/hierostrasbourg.com\/wp-content\/uploads\/2026\/04\/logo-hiero-strasbourg.jpg","contentUrl":"https:\/\/hierostrasbourg.com\/wp-content\/uploads\/2026\/04\/logo-hiero-strasbourg.jpg","width":204,"height":192,"caption":"F\u00e9d\u00e9ration Hi\u00e9ro Strasbourg"},"image":{"@id":"https:\/\/hierostrasbourg.com\/#\/schema\/logo\/image\/"},"sameAs":["https:\/\/www.facebook.com\/fedehierostrasbourg","https:\/\/x.com\/hierostrasbourg"]}]}},"_links":{"self":[{"href":"https:\/\/hierostrasbourg.com\/index.php\/wp-json\/wp\/v2\/posts\/5400","targetHints":{"allow":["GET"]}}],"collection":[{"href":"https:\/\/hierostrasbourg.com\/index.php\/wp-json\/wp\/v2\/posts"}],"about":[{"href":"https:\/\/hierostrasbourg.com\/index.php\/wp-json\/wp\/v2\/types\/post"}],"replies":[{"embeddable":true,"href":"https:\/\/hierostrasbourg.com\/index.php\/wp-json\/wp\/v2\/comments?post=5400"}],"version-history":[{"count":0,"href":"https:\/\/hierostrasbourg.com\/index.php\/wp-json\/wp\/v2\/posts\/5400\/revisions"}],"wp:attachment":[{"href":"https:\/\/hierostrasbourg.com\/index.php\/wp-json\/wp\/v2\/media?parent=5400"}],"wp:term":[{"taxonomy":"category","embeddable":true,"href":"https:\/\/hierostrasbourg.com\/index.php\/wp-json\/wp\/v2\/categories?post=5400"},{"taxonomy":"post_tag","embeddable":true,"href":"https:\/\/hierostrasbourg.com\/index.php\/wp-json\/wp\/v2\/tags?post=5400"}],"curies":[{"name":"wp","href":"https:\/\/api.w.org\/{rel}","templated":true}]}}