{"id":5394,"date":"2023-02-22T11:41:05","date_gmt":"2023-02-22T10:41:05","guid":{"rendered":"https:\/\/hierostrasbourg.com\/index.php\/2023\/02\/22\/le-preo-oberhausbergen-propose-un-stage-en-communication-relations-publiques-et-accueil-4\/"},"modified":"2023-02-22T11:41:05","modified_gmt":"2023-02-22T10:41:05","slug":"le-preo-oberhausbergen-propose-un-stage-en-communication-relations-publiques-et-accueil-4","status":"publish","type":"post","link":"https:\/\/hierostrasbourg.com\/index.php\/2023\/02\/22\/le-preo-oberhausbergen-propose-un-stage-en-communication-relations-publiques-et-accueil-4\/","title":{"rendered":"LE PR\u00c9O [Oberhausbergen] propose un stage en communication, relations publiques et accueil"},"content":{"rendered":"<p>La commune d\u2019Oberhausbergen, fait partie de l\u2019Eurom\u00e9tropole de Strasbourg et compte environ 5400 habitants. Le Pr\u00e9O Sc\u00e8ne est \u00e0 la rencontre de l\u2019urbain et du rural, une salle de spectacle orient\u00e9e vers la pluridisciplinarit\u00e9 artistique (musique, humour, th\u00e9\u00e2tre, classique du r\u00e9pertoire, jeune public, danse, etc.). Pr\u00e8s de 60 lev\u00e9es de rideau par saison (tout public et scolaire), l\u2019accueil de compagnie en r\u00e9sidence, la pratique artistique ainsi que la mise en place d\u2019un projet artistique de territoire sont au c\u0153ur de nos actions.<br \/>\nDepuis 13 ans, la salle d\u00e9cloisonne les genres et les \u00e2ges pour en faire un lieu propice \u00e0 la convivialit\u00e9, \u00e0 la<br \/>\nd\u00e9couverte et \u00e0 la rencontre.<\/p>\n<h2>Missions<\/h2>\n<p>Au Pr\u00e9O Sc\u00e8ne, \u00e0 Oberhausbergen, en lien et sous la responsabilit\u00e9 de la charg\u00e9e de communication, de la<br \/>\ndirectrice adjointe et de la directrice, le ou la stagiaire communication, relations publiques et accueil sera<br \/>\nmissionn\u00e9(e) sur<\/p>\n<h4>COMMUNICATION \u2013 RELATIONS PUBLIQUES<\/h4>\n<p><strong>Brochure et d\u00e9pliant de saison 2023\/2024<\/strong><\/p>\n<p>collecte et mise en page des informations (texte, distribution, visuels, dossiers p\u00e9dagogiques\u2026) et<br \/>\ninsertion des informations sur les pages int\u00e9rieures de la brochure de saison 23\/24<br \/>\ncr\u00e9ation d\u2019un d\u00e9pliant de saison<br \/>\nretouche photo<\/p>\n<p><strong>Communication g\u00e9n\u00e9rale<\/strong><\/p>\n<p>fiches p\u00e9dagogiques<br \/>\nflyers, affiches, encarts presse<br \/>\nr\u00e9seaux sociaux : Facebook, Instagram, YouTube<br \/>\nmise \u00e0 jour r\u00e9guli\u00e8re du site Internet du Pr\u00e9O Sc\u00e8ne<br \/>\nmise \u00e0 jour des sites et agenda culturels<br \/>\naffichage<\/p>\n<p><strong>Organisation et relations publiques<\/strong><\/p>\n<p>newsletter mensuelle<br \/>\ncommuniqu\u00e9s de presse<br \/>\nrevue de presse papier<br \/>\ncr\u00e9ation des outils n\u00e9cessaires \u00e0 l\u2019ouverture de saison 23\/24 (vid\u00e9o, diaporama, dossiers, etc.)<\/p>\n<p><strong>Accueil<\/strong><\/p>\n<p>\u2022 accueil t\u00e9l\u00e9phonique, physique (spectateurs, artistes, scolaires\u2026)<br \/>\n\u2022 gestion et organisation des pr\u00e9sentoirs de brochures et de l\u2019affichage\/signal\u00e9tique dans le hall du Pr\u00e9O<br \/>\nSc\u00e8ne et \u00e0 l\u2019ext\u00e9rieur de la structure<\/p>\n<h2>Profil recherch\u00e9<\/h2>\n<p>master 1 ou 2 en communication, \u00c9cole de communication (ISCOM, ECS, etc.), licence professionnelle<br \/>\nActivit\u00e9s et Techniques de Communication, master Arts de la sc\u00e8ne \u2013 parcours conception de projets<br \/>\nartistiques et culturels \u2013 spectacle vivant et autres cursus\/profil qui pourraient correspondre \u00e0 notre<br \/>\noffre de stage<br \/>\nsensibilit\u00e9 au secteur culturel, int\u00e9r\u00eat particulier pour la communication et le spectacle vivant<br \/>\nfaire preuve de bonne volont\u00e9 et de curiosit\u00e9, d\u2019autonomie, de rigueur, de polyvalence,<br \/>\nd\u2019organisation, de cr\u00e9ativit\u00e9, de dynamisme et avoir l\u2019esprit d\u2019initiative et d\u2019\u00e9quipe<br \/>\nma\u00eetriser parfaitement Internet (r\u00e9seaux sociaux notamment), notion sous WordPress et les outils de bureautiques (PACK OFFICE),<br \/>\nma\u00eetriser les logiciels de PAO, ADOBE CREATIVE SUITE (notamment INDESIGN et PHOTOSHOP)<br \/>\naisance relationnelle, bonne expression \u00e9crite et orale<br \/>\nune exp\u00e9rience dans le domaine culturel ou\/et de la communication seraient des atouts<br \/>\nsuppl\u00e9mentaires<\/p>\n<h2>Informations compl\u00e9mentaires<\/h2>\n<p>Stage \u00e0 temps plein (35h\/semaine)<br \/>\nPermis B<br \/>\nPr\u00e9voir des disponibilit\u00e9s en soir\u00e9e durant la p\u00e9riode de stage<br \/>\nDur\u00e9e du stage : Mardi 4 avril au samedi 2 septembre 2023 inclus<br \/>\nLa disponibilit\u00e9 jusqu\u2019au 2 septembre inclus est indispensable<br \/>\nDate limite de candidature : Vendredi 10 mars 2023 inclus<br \/>\nStage conventionn\u00e9 gratifi\u00e9 + possibilit\u00e9 de tickets restaurants + prise en charge \u00e0 50% du titre de transport<\/p>\n<p>Envoyer CV et lettre de motivation par email : infos@le-preo.fr ou par courrier<\/p>\n<p>Le Pr\u00e9O Sc\u00e8ne<br \/>\nA l\u2019attention de Catherine Munch<br \/>\n5, rue du G\u00e9n\u00e9ral de Gaulle<br \/>\n67205 Oberhausbergen<\/p>\n<p><a href=\"http:\/\/www.le-preo.fr\/\">www.le-preo.fr<\/a><\/p>\n<p>L\u2019article <a href=\"https:\/\/popburo.fr\/le-preo-oberhausbergen-propose-un-stage-en-communication-relations-publiques-et-accueil-3\/\">LE PR\u00c9O [Oberhausbergen] propose un stage en communication, relations publiques et accueil<\/a> est apparu en premier sur <a href=\"https:\/\/popburo.fr\/\">POP B\u00dcRO<\/a>.<\/p>\n","protected":false},"excerpt":{"rendered":"<p>La commune d\u2019Oberhausbergen, fait partie de l\u2019Eurom\u00e9tropole de Strasbourg et compte environ 5400 habitants. Le Pr\u00e9O Sc\u00e8ne est \u00e0 la rencontre de l\u2019urbain et du rural, une salle de spectacle orient\u00e9e vers la pluridisciplinarit\u00e9 artistique (musique, humour, th\u00e9\u00e2tre, classique du r\u00e9pertoire, jeune public, danse, etc.). Pr\u00e8s de 60 lev\u00e9es de rideau par saison (tout public et scolaire), l\u2019accueil de compagnie en r\u00e9sidence, la pratique artistique ainsi que la mise en place d\u2019un projet artistique de territoire sont au c\u0153ur de [&hellip;]<\/p>\n","protected":false},"author":0,"featured_media":0,"comment_status":"closed","ping_status":"open","sticky":false,"template":"","format":"standard","meta":{"footnotes":""},"categories":[1],"tags":[],"class_list":["post-5394","post","type-post","status-publish","format-standard","hentry","category-non-classe"],"yoast_head":"<!-- This site is optimized with the Yoast SEO plugin v27.4 - https:\/\/yoast.com\/product\/yoast-seo-wordpress\/ -->\n<title>LE PR\u00c9O [Oberhausbergen] propose un stage en communication, relations publiques et accueil - HIERO STRASBOURG<\/title>\n<meta name=\"robots\" content=\"index, follow, max-snippet:-1, max-image-preview:large, max-video-preview:-1\" \/>\n<link rel=\"canonical\" href=\"https:\/\/hierostrasbourg.com\/index.php\/2023\/02\/22\/le-preo-oberhausbergen-propose-un-stage-en-communication-relations-publiques-et-accueil-4\/\" \/>\n<meta property=\"og:locale\" content=\"fr_FR\" \/>\n<meta property=\"og:type\" content=\"article\" \/>\n<meta property=\"og:title\" content=\"LE PR\u00c9O [Oberhausbergen] propose un stage en communication, relations publiques et accueil - HIERO STRASBOURG\" \/>\n<meta property=\"og:description\" content=\"La commune d\u2019Oberhausbergen, fait partie de l\u2019Eurom\u00e9tropole de Strasbourg et compte environ 5400 habitants. Le Pr\u00e9O Sc\u00e8ne est \u00e0 la rencontre de l\u2019urbain et du rural, une salle de spectacle orient\u00e9e vers la pluridisciplinarit\u00e9 artistique (musique, humour, th\u00e9\u00e2tre, classique du r\u00e9pertoire, jeune public, danse, etc.). Pr\u00e8s de 60 lev\u00e9es de rideau par saison (tout public et scolaire), l\u2019accueil de compagnie en r\u00e9sidence, la pratique artistique ainsi que la mise en place d\u2019un projet artistique de territoire sont au c\u0153ur de [&hellip;]\" \/>\n<meta property=\"og:url\" content=\"https:\/\/hierostrasbourg.com\/index.php\/2023\/02\/22\/le-preo-oberhausbergen-propose-un-stage-en-communication-relations-publiques-et-accueil-4\/\" \/>\n<meta property=\"og:site_name\" content=\"HIERO STRASBOURG\" \/>\n<meta property=\"article:publisher\" content=\"https:\/\/www.facebook.com\/fedehierostrasbourg\" \/>\n<meta property=\"article:published_time\" content=\"2023-02-22T10:41:05+00:00\" \/>\n<meta name=\"twitter:card\" content=\"summary_large_image\" \/>\n<meta name=\"twitter:creator\" content=\"@hierostrasbourg\" \/>\n<meta name=\"twitter:site\" content=\"@hierostrasbourg\" \/>\n<meta name=\"twitter:label1\" content=\"Dur\u00e9e de lecture estim\u00e9e\" \/>\n\t<meta name=\"twitter:data1\" content=\"3 minutes\" \/>\n<script type=\"application\/ld+json\" class=\"yoast-schema-graph\">{\"@context\":\"https:\\\/\\\/schema.org\",\"@graph\":[{\"@type\":\"Article\",\"@id\":\"https:\\\/\\\/hierostrasbourg.com\\\/index.php\\\/2023\\\/02\\\/22\\\/le-preo-oberhausbergen-propose-un-stage-en-communication-relations-publiques-et-accueil-4\\\/#article\",\"isPartOf\":{\"@id\":\"https:\\\/\\\/hierostrasbourg.com\\\/index.php\\\/2023\\\/02\\\/22\\\/le-preo-oberhausbergen-propose-un-stage-en-communication-relations-publiques-et-accueil-4\\\/\"},\"author\":{\"name\":\"\",\"@id\":\"\"},\"headline\":\"LE PR\u00c9O [Oberhausbergen] propose un stage en communication, relations publiques et accueil\",\"datePublished\":\"2023-02-22T10:41:05+00:00\",\"mainEntityOfPage\":{\"@id\":\"https:\\\/\\\/hierostrasbourg.com\\\/index.php\\\/2023\\\/02\\\/22\\\/le-preo-oberhausbergen-propose-un-stage-en-communication-relations-publiques-et-accueil-4\\\/\"},\"wordCount\":591,\"publisher\":{\"@id\":\"https:\\\/\\\/hierostrasbourg.com\\\/#organization\"},\"inLanguage\":\"fr-FR\"},{\"@type\":\"WebPage\",\"@id\":\"https:\\\/\\\/hierostrasbourg.com\\\/index.php\\\/2023\\\/02\\\/22\\\/le-preo-oberhausbergen-propose-un-stage-en-communication-relations-publiques-et-accueil-4\\\/\",\"url\":\"https:\\\/\\\/hierostrasbourg.com\\\/index.php\\\/2023\\\/02\\\/22\\\/le-preo-oberhausbergen-propose-un-stage-en-communication-relations-publiques-et-accueil-4\\\/\",\"name\":\"LE PR\u00c9O [Oberhausbergen] propose un stage en communication, relations publiques et accueil - HIERO STRASBOURG\",\"isPartOf\":{\"@id\":\"https:\\\/\\\/hierostrasbourg.com\\\/#website\"},\"datePublished\":\"2023-02-22T10:41:05+00:00\",\"breadcrumb\":{\"@id\":\"https:\\\/\\\/hierostrasbourg.com\\\/index.php\\\/2023\\\/02\\\/22\\\/le-preo-oberhausbergen-propose-un-stage-en-communication-relations-publiques-et-accueil-4\\\/#breadcrumb\"},\"inLanguage\":\"fr-FR\",\"potentialAction\":[{\"@type\":\"ReadAction\",\"target\":[\"https:\\\/\\\/hierostrasbourg.com\\\/index.php\\\/2023\\\/02\\\/22\\\/le-preo-oberhausbergen-propose-un-stage-en-communication-relations-publiques-et-accueil-4\\\/\"]}]},{\"@type\":\"BreadcrumbList\",\"@id\":\"https:\\\/\\\/hierostrasbourg.com\\\/index.php\\\/2023\\\/02\\\/22\\\/le-preo-oberhausbergen-propose-un-stage-en-communication-relations-publiques-et-accueil-4\\\/#breadcrumb\",\"itemListElement\":[{\"@type\":\"ListItem\",\"position\":1,\"name\":\"Accueil\",\"item\":\"https:\\\/\\\/hierostrasbourg.com\\\/\"},{\"@type\":\"ListItem\",\"position\":2,\"name\":\"LE PR\u00c9O [Oberhausbergen] propose un stage en communication, relations publiques et accueil\"}]},{\"@type\":\"WebSite\",\"@id\":\"https:\\\/\\\/hierostrasbourg.com\\\/#website\",\"url\":\"https:\\\/\\\/hierostrasbourg.com\\\/\",\"name\":\"HIERO STRASBOURG\",\"description\":\"Centre de Ressources Musiques Actuelles\",\"publisher\":{\"@id\":\"https:\\\/\\\/hierostrasbourg.com\\\/#organization\"},\"potentialAction\":[{\"@type\":\"SearchAction\",\"target\":{\"@type\":\"EntryPoint\",\"urlTemplate\":\"https:\\\/\\\/hierostrasbourg.com\\\/?s={search_term_string}\"},\"query-input\":{\"@type\":\"PropertyValueSpecification\",\"valueRequired\":true,\"valueName\":\"search_term_string\"}}],\"inLanguage\":\"fr-FR\"},{\"@type\":\"Organization\",\"@id\":\"https:\\\/\\\/hierostrasbourg.com\\\/#organization\",\"name\":\"F\u00e9d\u00e9ration Hi\u00e9ro Strasbourg\",\"url\":\"https:\\\/\\\/hierostrasbourg.com\\\/\",\"logo\":{\"@type\":\"ImageObject\",\"inLanguage\":\"fr-FR\",\"@id\":\"https:\\\/\\\/hierostrasbourg.com\\\/#\\\/schema\\\/logo\\\/image\\\/\",\"url\":\"https:\\\/\\\/hierostrasbourg.com\\\/wp-content\\\/uploads\\\/2026\\\/04\\\/logo-hiero-strasbourg.jpg\",\"contentUrl\":\"https:\\\/\\\/hierostrasbourg.com\\\/wp-content\\\/uploads\\\/2026\\\/04\\\/logo-hiero-strasbourg.jpg\",\"width\":204,\"height\":192,\"caption\":\"F\u00e9d\u00e9ration Hi\u00e9ro Strasbourg\"},\"image\":{\"@id\":\"https:\\\/\\\/hierostrasbourg.com\\\/#\\\/schema\\\/logo\\\/image\\\/\"},\"sameAs\":[\"https:\\\/\\\/www.facebook.com\\\/fedehierostrasbourg\",\"https:\\\/\\\/x.com\\\/hierostrasbourg\"]}]}<\/script>\n<!-- \/ Yoast SEO plugin. -->","yoast_head_json":{"title":"LE PR\u00c9O [Oberhausbergen] propose un stage en communication, relations publiques et accueil - HIERO STRASBOURG","robots":{"index":"index","follow":"follow","max-snippet":"max-snippet:-1","max-image-preview":"max-image-preview:large","max-video-preview":"max-video-preview:-1"},"canonical":"https:\/\/hierostrasbourg.com\/index.php\/2023\/02\/22\/le-preo-oberhausbergen-propose-un-stage-en-communication-relations-publiques-et-accueil-4\/","og_locale":"fr_FR","og_type":"article","og_title":"LE PR\u00c9O [Oberhausbergen] propose un stage en communication, relations publiques et accueil - HIERO STRASBOURG","og_description":"La commune d\u2019Oberhausbergen, fait partie de l\u2019Eurom\u00e9tropole de Strasbourg et compte environ 5400 habitants. Le Pr\u00e9O Sc\u00e8ne est \u00e0 la rencontre de l\u2019urbain et du rural, une salle de spectacle orient\u00e9e vers la pluridisciplinarit\u00e9 artistique (musique, humour, th\u00e9\u00e2tre, classique du r\u00e9pertoire, jeune public, danse, etc.). Pr\u00e8s de 60 lev\u00e9es de rideau par saison (tout public et scolaire), l\u2019accueil de compagnie en r\u00e9sidence, la pratique artistique ainsi que la mise en place d\u2019un projet artistique de territoire sont au c\u0153ur de [&hellip;]","og_url":"https:\/\/hierostrasbourg.com\/index.php\/2023\/02\/22\/le-preo-oberhausbergen-propose-un-stage-en-communication-relations-publiques-et-accueil-4\/","og_site_name":"HIERO STRASBOURG","article_publisher":"https:\/\/www.facebook.com\/fedehierostrasbourg","article_published_time":"2023-02-22T10:41:05+00:00","twitter_card":"summary_large_image","twitter_creator":"@hierostrasbourg","twitter_site":"@hierostrasbourg","twitter_misc":{"Dur\u00e9e de lecture estim\u00e9e":"3 minutes"},"schema":{"@context":"https:\/\/schema.org","@graph":[{"@type":"Article","@id":"https:\/\/hierostrasbourg.com\/index.php\/2023\/02\/22\/le-preo-oberhausbergen-propose-un-stage-en-communication-relations-publiques-et-accueil-4\/#article","isPartOf":{"@id":"https:\/\/hierostrasbourg.com\/index.php\/2023\/02\/22\/le-preo-oberhausbergen-propose-un-stage-en-communication-relations-publiques-et-accueil-4\/"},"author":{"name":"","@id":""},"headline":"LE PR\u00c9O [Oberhausbergen] propose un stage en communication, relations publiques et accueil","datePublished":"2023-02-22T10:41:05+00:00","mainEntityOfPage":{"@id":"https:\/\/hierostrasbourg.com\/index.php\/2023\/02\/22\/le-preo-oberhausbergen-propose-un-stage-en-communication-relations-publiques-et-accueil-4\/"},"wordCount":591,"publisher":{"@id":"https:\/\/hierostrasbourg.com\/#organization"},"inLanguage":"fr-FR"},{"@type":"WebPage","@id":"https:\/\/hierostrasbourg.com\/index.php\/2023\/02\/22\/le-preo-oberhausbergen-propose-un-stage-en-communication-relations-publiques-et-accueil-4\/","url":"https:\/\/hierostrasbourg.com\/index.php\/2023\/02\/22\/le-preo-oberhausbergen-propose-un-stage-en-communication-relations-publiques-et-accueil-4\/","name":"LE PR\u00c9O [Oberhausbergen] propose un stage en communication, relations publiques et accueil - HIERO STRASBOURG","isPartOf":{"@id":"https:\/\/hierostrasbourg.com\/#website"},"datePublished":"2023-02-22T10:41:05+00:00","breadcrumb":{"@id":"https:\/\/hierostrasbourg.com\/index.php\/2023\/02\/22\/le-preo-oberhausbergen-propose-un-stage-en-communication-relations-publiques-et-accueil-4\/#breadcrumb"},"inLanguage":"fr-FR","potentialAction":[{"@type":"ReadAction","target":["https:\/\/hierostrasbourg.com\/index.php\/2023\/02\/22\/le-preo-oberhausbergen-propose-un-stage-en-communication-relations-publiques-et-accueil-4\/"]}]},{"@type":"BreadcrumbList","@id":"https:\/\/hierostrasbourg.com\/index.php\/2023\/02\/22\/le-preo-oberhausbergen-propose-un-stage-en-communication-relations-publiques-et-accueil-4\/#breadcrumb","itemListElement":[{"@type":"ListItem","position":1,"name":"Accueil","item":"https:\/\/hierostrasbourg.com\/"},{"@type":"ListItem","position":2,"name":"LE PR\u00c9O [Oberhausbergen] propose un stage en communication, relations publiques et accueil"}]},{"@type":"WebSite","@id":"https:\/\/hierostrasbourg.com\/#website","url":"https:\/\/hierostrasbourg.com\/","name":"HIERO STRASBOURG","description":"Centre de Ressources Musiques Actuelles","publisher":{"@id":"https:\/\/hierostrasbourg.com\/#organization"},"potentialAction":[{"@type":"SearchAction","target":{"@type":"EntryPoint","urlTemplate":"https:\/\/hierostrasbourg.com\/?s={search_term_string}"},"query-input":{"@type":"PropertyValueSpecification","valueRequired":true,"valueName":"search_term_string"}}],"inLanguage":"fr-FR"},{"@type":"Organization","@id":"https:\/\/hierostrasbourg.com\/#organization","name":"F\u00e9d\u00e9ration Hi\u00e9ro Strasbourg","url":"https:\/\/hierostrasbourg.com\/","logo":{"@type":"ImageObject","inLanguage":"fr-FR","@id":"https:\/\/hierostrasbourg.com\/#\/schema\/logo\/image\/","url":"https:\/\/hierostrasbourg.com\/wp-content\/uploads\/2026\/04\/logo-hiero-strasbourg.jpg","contentUrl":"https:\/\/hierostrasbourg.com\/wp-content\/uploads\/2026\/04\/logo-hiero-strasbourg.jpg","width":204,"height":192,"caption":"F\u00e9d\u00e9ration Hi\u00e9ro Strasbourg"},"image":{"@id":"https:\/\/hierostrasbourg.com\/#\/schema\/logo\/image\/"},"sameAs":["https:\/\/www.facebook.com\/fedehierostrasbourg","https:\/\/x.com\/hierostrasbourg"]}]}},"_links":{"self":[{"href":"https:\/\/hierostrasbourg.com\/index.php\/wp-json\/wp\/v2\/posts\/5394","targetHints":{"allow":["GET"]}}],"collection":[{"href":"https:\/\/hierostrasbourg.com\/index.php\/wp-json\/wp\/v2\/posts"}],"about":[{"href":"https:\/\/hierostrasbourg.com\/index.php\/wp-json\/wp\/v2\/types\/post"}],"replies":[{"embeddable":true,"href":"https:\/\/hierostrasbourg.com\/index.php\/wp-json\/wp\/v2\/comments?post=5394"}],"version-history":[{"count":0,"href":"https:\/\/hierostrasbourg.com\/index.php\/wp-json\/wp\/v2\/posts\/5394\/revisions"}],"wp:attachment":[{"href":"https:\/\/hierostrasbourg.com\/index.php\/wp-json\/wp\/v2\/media?parent=5394"}],"wp:term":[{"taxonomy":"category","embeddable":true,"href":"https:\/\/hierostrasbourg.com\/index.php\/wp-json\/wp\/v2\/categories?post=5394"},{"taxonomy":"post_tag","embeddable":true,"href":"https:\/\/hierostrasbourg.com\/index.php\/wp-json\/wp\/v2\/tags?post=5394"}],"curies":[{"name":"wp","href":"https:\/\/api.w.org\/{rel}","templated":true}]}}