{"id":5392,"date":"2023-02-22T11:41:05","date_gmt":"2023-02-22T10:41:05","guid":{"rendered":"https:\/\/hierostrasbourg.com\/index.php\/2023\/02\/22\/la-compagnie-toutes-nos-histoires-recrute-un-charge-de-production-f-h\/"},"modified":"2023-02-22T11:41:05","modified_gmt":"2023-02-22T10:41:05","slug":"la-compagnie-toutes-nos-histoires-recrute-un-charge-de-production-f-h","status":"publish","type":"post","link":"https:\/\/hierostrasbourg.com\/index.php\/2023\/02\/22\/la-compagnie-toutes-nos-histoires-recrute-un-charge-de-production-f-h\/","title":{"rendered":"La COMPAGNIE TOUTES NOS HISTOIRES recrute un charg\u00e9 de production [F\/H]"},"content":{"rendered":"<p>La compagnie \u00ab\u00a0Toutes nos histoires\u00a0\u00bb implant\u00e9e\u00a0en r\u00e9gion Grand-Est, \u00e0 Strasbourg, a vu le jour en mars 2017 pour permettre \u00e0 Mounia Raoui (com\u00e9dienne, auteure et porteuse de projets) de f\u00e9d\u00e9rer des \u00e9nergies, de provoquer des rencontres artistiques et professionnelles, de d\u00e9velopper des projets et d\u2019asseoir une recherche, en complicit\u00e9 avec des musiciens comme Areski Belkacem ou G\u00e9rard Tempia.<\/p>\n<p>La compagnie recherche une personne pour l\u2019administration et la production de ses activit\u00e9s.<\/p>\n<p>Cette personne, en lien avec la responsable artistique, aura pour missions :<\/p>\n<h2>Missions<\/h2>\n<h4>Administration<\/h4>\n<p>l\u2019\u00e9tablissement et le suivi des budgets g\u00e9n\u00e9raux de la compagnie<br \/>\nle suivi comptable des d\u00e9penses et des recettes en lien avec le cabinet comptable<br \/>\nl\u2019\u00e9tablissement du bilan et compte de r\u00e9sultat annuel (la compagnie est assujettie \u00e0 la TVA) en lien avec le cabinet comptable et l\u2019experte comptable<br \/>\nle suivi des contrats de travail et des r\u00e9mun\u00e9rations en lien avec le cabinet comptable en charge des d\u00e9clarations sociales<br \/>\nl\u2019\u00e9tablissement et suivi des dossiers de demandes de conventionnement (DRAC et Ville)<br \/>\nla coordination g\u00e9n\u00e9rale des activit\u00e9s de la compagnie en lien avec la responsable artistique<br \/>\nl\u2019animation de la vie associative de la compagnie\u00a0: envoi des convocations \u00e0 l\u2019AG, r\u00e9daction des PV de l\u2019AG et du rapport d\u2019activit\u00e9<br \/>\nla r\u00e9daction et l\u2019envoi des devis et des factures<\/p>\n<h4>Production<\/h4>\n<p>l\u2019\u00e9tablissement et le suivi des budgets de cr\u00e9ations<br \/>\nla r\u00e9daction et la n\u00e9gociation des diff\u00e9rents contrats de cessions, coproductions et conventions de r\u00e9sidences<br \/>\nl\u2019\u00e9tablissement et suivi des dossiers de demande de subvention au projet<br \/>\nle suivi des plannings et tourn\u00e9es (\u00e9tablissement des feuilles de route, organisation des d\u00e9placements, h\u00e9bergements, frais\u2026)<\/p>\n<h4>Diffusion (en bin\u00f4me avec la responsable artistique)<\/h4>\n<p>la promotion et diffusion des spectacles (fiches spectacle, dossiers, mailing, relances t\u00e9l\u00e9phoniques \u2026)<br \/>\nle d\u00e9veloppement et recherche de nouveaux contacts (r\u00e9seau th\u00e9\u00e2tre, musique, festivals, international\u2026), mise \u00e0 jour de la base de donn\u00e9es et consolidation du r\u00e9seau<\/p>\n<h4>Communication<\/h4>\n<p>l\u2019\u00e9laboration des outils de communication : dossier de presse, revue de presse, newsletter, site Internet<br \/>\nl\u2019animation des r\u00e9seaux sociaux (Facebook et Instagram)<br \/>\nla communication avec les lieux de tourn\u00e9e (envois et suivi des \u00e9l\u00e9ments de communication des spectacles pour les plaquettes, v\u00e9rification des documents \u00e9dit\u00e9s par les partenaires\u2026)<\/p>\n<h2>Profil et qualit\u00e9s requises<\/h2>\n<p>Comp\u00e9tences comptables et juridiques (droit du travail, droits d\u2019auteur et droits voisins) sp\u00e9cifiques au secteur du spectacle vivant indispensables. Connaissance de la convention collective CCNEAC<br \/>\nExp\u00e9rience indispensable de 2 ans minimum sur des missions similaires<br \/>\nConnaissance du milieu culturel et des r\u00e9seaux du spectacle vivant (th\u00e9\u00e2tre et musique)<br \/>\nCapacit\u00e9s r\u00e9dactionnelles et qualit\u00e9s relationnelles<br \/>\nRigueur, sens de l\u2019organisation, r\u00e9activit\u00e9, autonomie<br \/>\nMa\u00eetrise indispensable des logiciels excel et word<\/p>\n<p>Prise de poste d\u00e9but avril 2023.<br \/>\nCDDU en moyenne 4 jours par mois selon l\u2019activit\u00e9.<br \/>\nLa compagnie est bas\u00e9e \u00e0 Strasbourg.<br \/>\nT\u00e9l\u00e9travail possible, pr\u00e9voir des d\u00e9placements r\u00e9guliers en Grand Est.<br \/>\nR\u00e9mun\u00e9ration selon exp\u00e9rience et profil.<\/p>\n<p>Candidature, CV et lettre de motivation, \u00e0 envoyer par mail \u00e0 Ibrahim Djaura, pr\u00e9sident, \u00e0 l\u2019adresse mail suivante\u00a0: cienoshistoires@gmail.com<\/p>\n<p>L\u2019article <a href=\"https:\/\/musiquesactuelles.alsace\/la-compagnie-toutes-nos-histoires-recrute-un-charge-de-production-f-h\/\">La COMPAGNIE TOUTES NOS HISTOIRES recrute un charg\u00e9 de production [F\/H]<\/a> est apparu en premier sur <a href=\"https:\/\/musiquesactuelles.alsace\/\">Musiques Actuelles en Alsace<\/a>.<\/p>\n<p>L\u2019article <a href=\"https:\/\/popburo.fr\/la-compagnie-toutes-nos-histoires-recrute-un-charge-de-production-f-h\/\">La COMPAGNIE TOUTES NOS HISTOIRES recrute un charg\u00e9 de production [F\/H]<\/a> est apparu en premier sur <a href=\"https:\/\/popburo.fr\/\">POP B\u00dcRO<\/a>.<\/p>\n","protected":false},"excerpt":{"rendered":"<p>La compagnie \u00ab\u00a0Toutes nos histoires\u00a0\u00bb implant\u00e9e\u00a0en r\u00e9gion Grand-Est, \u00e0 Strasbourg, a vu le jour en mars 2017 pour permettre \u00e0 Mounia Raoui (com\u00e9dienne, auteure et porteuse de projets) de f\u00e9d\u00e9rer des \u00e9nergies, de provoquer des rencontres artistiques et professionnelles, de d\u00e9velopper des projets et d\u2019asseoir une recherche, en complicit\u00e9 avec des musiciens comme Areski Belkacem ou G\u00e9rard Tempia. La compagnie recherche une personne pour l\u2019administration et la production de ses activit\u00e9s. Cette personne, en lien avec la responsable artistique, aura [&hellip;]<\/p>\n","protected":false},"author":0,"featured_media":0,"comment_status":"closed","ping_status":"open","sticky":false,"template":"","format":"standard","meta":{"footnotes":""},"categories":[1],"tags":[],"class_list":["post-5392","post","type-post","status-publish","format-standard","hentry","category-non-classe"],"yoast_head":"<!-- This site is optimized with the Yoast SEO plugin v27.4 - https:\/\/yoast.com\/product\/yoast-seo-wordpress\/ -->\n<title>La COMPAGNIE TOUTES NOS HISTOIRES recrute un charg\u00e9 de production [F\/H] - HIERO STRASBOURG<\/title>\n<meta name=\"robots\" content=\"index, follow, max-snippet:-1, max-image-preview:large, max-video-preview:-1\" \/>\n<link rel=\"canonical\" href=\"https:\/\/hierostrasbourg.com\/index.php\/2023\/02\/22\/la-compagnie-toutes-nos-histoires-recrute-un-charge-de-production-f-h\/\" \/>\n<meta property=\"og:locale\" content=\"fr_FR\" \/>\n<meta property=\"og:type\" content=\"article\" \/>\n<meta property=\"og:title\" content=\"La COMPAGNIE TOUTES NOS HISTOIRES recrute un charg\u00e9 de production [F\/H] - HIERO STRASBOURG\" \/>\n<meta property=\"og:description\" content=\"La compagnie \u00ab\u00a0Toutes nos histoires\u00a0\u00bb implant\u00e9e\u00a0en r\u00e9gion Grand-Est, \u00e0 Strasbourg, a vu le jour en mars 2017 pour permettre \u00e0 Mounia Raoui (com\u00e9dienne, auteure et porteuse de projets) de f\u00e9d\u00e9rer des \u00e9nergies, de provoquer des rencontres artistiques et professionnelles, de d\u00e9velopper des projets et d\u2019asseoir une recherche, en complicit\u00e9 avec des musiciens comme Areski Belkacem ou G\u00e9rard Tempia. La compagnie recherche une personne pour l\u2019administration et la production de ses activit\u00e9s. Cette personne, en lien avec la responsable artistique, aura [&hellip;]\" \/>\n<meta property=\"og:url\" content=\"https:\/\/hierostrasbourg.com\/index.php\/2023\/02\/22\/la-compagnie-toutes-nos-histoires-recrute-un-charge-de-production-f-h\/\" \/>\n<meta property=\"og:site_name\" content=\"HIERO STRASBOURG\" \/>\n<meta property=\"article:publisher\" content=\"https:\/\/www.facebook.com\/fedehierostrasbourg\" \/>\n<meta property=\"article:published_time\" content=\"2023-02-22T10:41:05+00:00\" \/>\n<meta name=\"twitter:card\" content=\"summary_large_image\" \/>\n<meta name=\"twitter:creator\" content=\"@hierostrasbourg\" \/>\n<meta name=\"twitter:site\" content=\"@hierostrasbourg\" \/>\n<meta name=\"twitter:label1\" content=\"Dur\u00e9e de lecture estim\u00e9e\" \/>\n\t<meta name=\"twitter:data1\" content=\"3 minutes\" \/>\n<script type=\"application\/ld+json\" class=\"yoast-schema-graph\">{\"@context\":\"https:\\\/\\\/schema.org\",\"@graph\":[{\"@type\":\"Article\",\"@id\":\"https:\\\/\\\/hierostrasbourg.com\\\/index.php\\\/2023\\\/02\\\/22\\\/la-compagnie-toutes-nos-histoires-recrute-un-charge-de-production-f-h\\\/#article\",\"isPartOf\":{\"@id\":\"https:\\\/\\\/hierostrasbourg.com\\\/index.php\\\/2023\\\/02\\\/22\\\/la-compagnie-toutes-nos-histoires-recrute-un-charge-de-production-f-h\\\/\"},\"author\":{\"name\":\"\",\"@id\":\"\"},\"headline\":\"La COMPAGNIE TOUTES NOS HISTOIRES recrute un charg\u00e9 de production [F\\\/H]\",\"datePublished\":\"2023-02-22T10:41:05+00:00\",\"mainEntityOfPage\":{\"@id\":\"https:\\\/\\\/hierostrasbourg.com\\\/index.php\\\/2023\\\/02\\\/22\\\/la-compagnie-toutes-nos-histoires-recrute-un-charge-de-production-f-h\\\/\"},\"wordCount\":604,\"publisher\":{\"@id\":\"https:\\\/\\\/hierostrasbourg.com\\\/#organization\"},\"inLanguage\":\"fr-FR\"},{\"@type\":\"WebPage\",\"@id\":\"https:\\\/\\\/hierostrasbourg.com\\\/index.php\\\/2023\\\/02\\\/22\\\/la-compagnie-toutes-nos-histoires-recrute-un-charge-de-production-f-h\\\/\",\"url\":\"https:\\\/\\\/hierostrasbourg.com\\\/index.php\\\/2023\\\/02\\\/22\\\/la-compagnie-toutes-nos-histoires-recrute-un-charge-de-production-f-h\\\/\",\"name\":\"La COMPAGNIE TOUTES NOS HISTOIRES recrute un charg\u00e9 de production [F\\\/H] - HIERO STRASBOURG\",\"isPartOf\":{\"@id\":\"https:\\\/\\\/hierostrasbourg.com\\\/#website\"},\"datePublished\":\"2023-02-22T10:41:05+00:00\",\"breadcrumb\":{\"@id\":\"https:\\\/\\\/hierostrasbourg.com\\\/index.php\\\/2023\\\/02\\\/22\\\/la-compagnie-toutes-nos-histoires-recrute-un-charge-de-production-f-h\\\/#breadcrumb\"},\"inLanguage\":\"fr-FR\",\"potentialAction\":[{\"@type\":\"ReadAction\",\"target\":[\"https:\\\/\\\/hierostrasbourg.com\\\/index.php\\\/2023\\\/02\\\/22\\\/la-compagnie-toutes-nos-histoires-recrute-un-charge-de-production-f-h\\\/\"]}]},{\"@type\":\"BreadcrumbList\",\"@id\":\"https:\\\/\\\/hierostrasbourg.com\\\/index.php\\\/2023\\\/02\\\/22\\\/la-compagnie-toutes-nos-histoires-recrute-un-charge-de-production-f-h\\\/#breadcrumb\",\"itemListElement\":[{\"@type\":\"ListItem\",\"position\":1,\"name\":\"Accueil\",\"item\":\"https:\\\/\\\/hierostrasbourg.com\\\/\"},{\"@type\":\"ListItem\",\"position\":2,\"name\":\"La COMPAGNIE TOUTES NOS HISTOIRES recrute un charg\u00e9 de production [F\\\/H]\"}]},{\"@type\":\"WebSite\",\"@id\":\"https:\\\/\\\/hierostrasbourg.com\\\/#website\",\"url\":\"https:\\\/\\\/hierostrasbourg.com\\\/\",\"name\":\"HIERO STRASBOURG\",\"description\":\"Centre de Ressources Musiques Actuelles\",\"publisher\":{\"@id\":\"https:\\\/\\\/hierostrasbourg.com\\\/#organization\"},\"potentialAction\":[{\"@type\":\"SearchAction\",\"target\":{\"@type\":\"EntryPoint\",\"urlTemplate\":\"https:\\\/\\\/hierostrasbourg.com\\\/?s={search_term_string}\"},\"query-input\":{\"@type\":\"PropertyValueSpecification\",\"valueRequired\":true,\"valueName\":\"search_term_string\"}}],\"inLanguage\":\"fr-FR\"},{\"@type\":\"Organization\",\"@id\":\"https:\\\/\\\/hierostrasbourg.com\\\/#organization\",\"name\":\"F\u00e9d\u00e9ration Hi\u00e9ro Strasbourg\",\"url\":\"https:\\\/\\\/hierostrasbourg.com\\\/\",\"logo\":{\"@type\":\"ImageObject\",\"inLanguage\":\"fr-FR\",\"@id\":\"https:\\\/\\\/hierostrasbourg.com\\\/#\\\/schema\\\/logo\\\/image\\\/\",\"url\":\"https:\\\/\\\/hierostrasbourg.com\\\/wp-content\\\/uploads\\\/2026\\\/04\\\/logo-hiero-strasbourg.jpg\",\"contentUrl\":\"https:\\\/\\\/hierostrasbourg.com\\\/wp-content\\\/uploads\\\/2026\\\/04\\\/logo-hiero-strasbourg.jpg\",\"width\":204,\"height\":192,\"caption\":\"F\u00e9d\u00e9ration Hi\u00e9ro Strasbourg\"},\"image\":{\"@id\":\"https:\\\/\\\/hierostrasbourg.com\\\/#\\\/schema\\\/logo\\\/image\\\/\"},\"sameAs\":[\"https:\\\/\\\/www.facebook.com\\\/fedehierostrasbourg\",\"https:\\\/\\\/x.com\\\/hierostrasbourg\"]}]}<\/script>\n<!-- \/ Yoast SEO plugin. -->","yoast_head_json":{"title":"La COMPAGNIE TOUTES NOS HISTOIRES recrute un charg\u00e9 de production [F\/H] - HIERO STRASBOURG","robots":{"index":"index","follow":"follow","max-snippet":"max-snippet:-1","max-image-preview":"max-image-preview:large","max-video-preview":"max-video-preview:-1"},"canonical":"https:\/\/hierostrasbourg.com\/index.php\/2023\/02\/22\/la-compagnie-toutes-nos-histoires-recrute-un-charge-de-production-f-h\/","og_locale":"fr_FR","og_type":"article","og_title":"La COMPAGNIE TOUTES NOS HISTOIRES recrute un charg\u00e9 de production [F\/H] - HIERO STRASBOURG","og_description":"La compagnie \u00ab\u00a0Toutes nos histoires\u00a0\u00bb implant\u00e9e\u00a0en r\u00e9gion Grand-Est, \u00e0 Strasbourg, a vu le jour en mars 2017 pour permettre \u00e0 Mounia Raoui (com\u00e9dienne, auteure et porteuse de projets) de f\u00e9d\u00e9rer des \u00e9nergies, de provoquer des rencontres artistiques et professionnelles, de d\u00e9velopper des projets et d\u2019asseoir une recherche, en complicit\u00e9 avec des musiciens comme Areski Belkacem ou G\u00e9rard Tempia. La compagnie recherche une personne pour l\u2019administration et la production de ses activit\u00e9s. Cette personne, en lien avec la responsable artistique, aura [&hellip;]","og_url":"https:\/\/hierostrasbourg.com\/index.php\/2023\/02\/22\/la-compagnie-toutes-nos-histoires-recrute-un-charge-de-production-f-h\/","og_site_name":"HIERO STRASBOURG","article_publisher":"https:\/\/www.facebook.com\/fedehierostrasbourg","article_published_time":"2023-02-22T10:41:05+00:00","twitter_card":"summary_large_image","twitter_creator":"@hierostrasbourg","twitter_site":"@hierostrasbourg","twitter_misc":{"Dur\u00e9e de lecture estim\u00e9e":"3 minutes"},"schema":{"@context":"https:\/\/schema.org","@graph":[{"@type":"Article","@id":"https:\/\/hierostrasbourg.com\/index.php\/2023\/02\/22\/la-compagnie-toutes-nos-histoires-recrute-un-charge-de-production-f-h\/#article","isPartOf":{"@id":"https:\/\/hierostrasbourg.com\/index.php\/2023\/02\/22\/la-compagnie-toutes-nos-histoires-recrute-un-charge-de-production-f-h\/"},"author":{"name":"","@id":""},"headline":"La COMPAGNIE TOUTES NOS HISTOIRES recrute un charg\u00e9 de production [F\/H]","datePublished":"2023-02-22T10:41:05+00:00","mainEntityOfPage":{"@id":"https:\/\/hierostrasbourg.com\/index.php\/2023\/02\/22\/la-compagnie-toutes-nos-histoires-recrute-un-charge-de-production-f-h\/"},"wordCount":604,"publisher":{"@id":"https:\/\/hierostrasbourg.com\/#organization"},"inLanguage":"fr-FR"},{"@type":"WebPage","@id":"https:\/\/hierostrasbourg.com\/index.php\/2023\/02\/22\/la-compagnie-toutes-nos-histoires-recrute-un-charge-de-production-f-h\/","url":"https:\/\/hierostrasbourg.com\/index.php\/2023\/02\/22\/la-compagnie-toutes-nos-histoires-recrute-un-charge-de-production-f-h\/","name":"La COMPAGNIE TOUTES NOS HISTOIRES recrute un charg\u00e9 de production [F\/H] - HIERO STRASBOURG","isPartOf":{"@id":"https:\/\/hierostrasbourg.com\/#website"},"datePublished":"2023-02-22T10:41:05+00:00","breadcrumb":{"@id":"https:\/\/hierostrasbourg.com\/index.php\/2023\/02\/22\/la-compagnie-toutes-nos-histoires-recrute-un-charge-de-production-f-h\/#breadcrumb"},"inLanguage":"fr-FR","potentialAction":[{"@type":"ReadAction","target":["https:\/\/hierostrasbourg.com\/index.php\/2023\/02\/22\/la-compagnie-toutes-nos-histoires-recrute-un-charge-de-production-f-h\/"]}]},{"@type":"BreadcrumbList","@id":"https:\/\/hierostrasbourg.com\/index.php\/2023\/02\/22\/la-compagnie-toutes-nos-histoires-recrute-un-charge-de-production-f-h\/#breadcrumb","itemListElement":[{"@type":"ListItem","position":1,"name":"Accueil","item":"https:\/\/hierostrasbourg.com\/"},{"@type":"ListItem","position":2,"name":"La COMPAGNIE TOUTES NOS HISTOIRES recrute un charg\u00e9 de production [F\/H]"}]},{"@type":"WebSite","@id":"https:\/\/hierostrasbourg.com\/#website","url":"https:\/\/hierostrasbourg.com\/","name":"HIERO STRASBOURG","description":"Centre de Ressources Musiques Actuelles","publisher":{"@id":"https:\/\/hierostrasbourg.com\/#organization"},"potentialAction":[{"@type":"SearchAction","target":{"@type":"EntryPoint","urlTemplate":"https:\/\/hierostrasbourg.com\/?s={search_term_string}"},"query-input":{"@type":"PropertyValueSpecification","valueRequired":true,"valueName":"search_term_string"}}],"inLanguage":"fr-FR"},{"@type":"Organization","@id":"https:\/\/hierostrasbourg.com\/#organization","name":"F\u00e9d\u00e9ration Hi\u00e9ro Strasbourg","url":"https:\/\/hierostrasbourg.com\/","logo":{"@type":"ImageObject","inLanguage":"fr-FR","@id":"https:\/\/hierostrasbourg.com\/#\/schema\/logo\/image\/","url":"https:\/\/hierostrasbourg.com\/wp-content\/uploads\/2026\/04\/logo-hiero-strasbourg.jpg","contentUrl":"https:\/\/hierostrasbourg.com\/wp-content\/uploads\/2026\/04\/logo-hiero-strasbourg.jpg","width":204,"height":192,"caption":"F\u00e9d\u00e9ration Hi\u00e9ro Strasbourg"},"image":{"@id":"https:\/\/hierostrasbourg.com\/#\/schema\/logo\/image\/"},"sameAs":["https:\/\/www.facebook.com\/fedehierostrasbourg","https:\/\/x.com\/hierostrasbourg"]}]}},"_links":{"self":[{"href":"https:\/\/hierostrasbourg.com\/index.php\/wp-json\/wp\/v2\/posts\/5392","targetHints":{"allow":["GET"]}}],"collection":[{"href":"https:\/\/hierostrasbourg.com\/index.php\/wp-json\/wp\/v2\/posts"}],"about":[{"href":"https:\/\/hierostrasbourg.com\/index.php\/wp-json\/wp\/v2\/types\/post"}],"replies":[{"embeddable":true,"href":"https:\/\/hierostrasbourg.com\/index.php\/wp-json\/wp\/v2\/comments?post=5392"}],"version-history":[{"count":0,"href":"https:\/\/hierostrasbourg.com\/index.php\/wp-json\/wp\/v2\/posts\/5392\/revisions"}],"wp:attachment":[{"href":"https:\/\/hierostrasbourg.com\/index.php\/wp-json\/wp\/v2\/media?parent=5392"}],"wp:term":[{"taxonomy":"category","embeddable":true,"href":"https:\/\/hierostrasbourg.com\/index.php\/wp-json\/wp\/v2\/categories?post=5392"},{"taxonomy":"post_tag","embeddable":true,"href":"https:\/\/hierostrasbourg.com\/index.php\/wp-json\/wp\/v2\/tags?post=5392"}],"curies":[{"name":"wp","href":"https:\/\/api.w.org\/{rel}","templated":true}]}}