{"id":5388,"date":"2023-02-21T19:42:11","date_gmt":"2023-02-21T18:42:11","guid":{"rendered":"https:\/\/hierostrasbourg.com\/index.php\/2023\/02\/21\/lespace-malraux-geispolsheim-recrute-un-regisseur-f-h-2\/"},"modified":"2023-02-21T19:42:11","modified_gmt":"2023-02-21T18:42:11","slug":"lespace-malraux-geispolsheim-recrute-un-regisseur-f-h-2","status":"publish","type":"post","link":"https:\/\/hierostrasbourg.com\/index.php\/2023\/02\/21\/lespace-malraux-geispolsheim-recrute-un-regisseur-f-h-2\/","title":{"rendered":"L&#039;ESPACE MALRAUX [Geispolsheim] recrute un r\u00e9gisseur [F\/H]"},"content":{"rendered":"<h2>Missions<\/h2>\n<p>Sous l\u2019autorit\u00e9 du Directeur G\u00e9n\u00e9ral des Services et du Responsable de la programmation culturelle, la Mairie de Geispolsheim recherche un\/une r\u00e9gisseur de l\u2019Espace Malraux.<br \/>\nLe r\u00e9gisseur est responsable de la pr\u00e9paration, de l\u2019exploitation et de la coordination technique de l\u2019ensemble des manifestations organis\u00e9e \u00e0 l\u2019Espace Malraux (culturelles, communales, associatives ou priv\u00e9es) et de quelques manifestations communales majeures (f\u00eate de la choucroute, printemps en f\u00eate, \u2026).<\/p>\n<h4>Activit\u00e9s principales<\/h4>\n<p>Participer aux r\u00e9unions pr\u00e9paratoires \u00e0 l\u2019organisation des spectacles et manifestations<br \/>\nAnalyser les fiches techniques, \u00e9valuer les besoins, et en fonction commander le mat\u00e9riel n\u00e9cessaire<br \/>\nAccueil technique de spectacle (contacts avec les r\u00e9gisseurs des compagnies en amont \/ lecture des plans de feu \/ r\u00e9alisation des montages \/ d\u00e9montages\u2026)<br \/>\nParticiper \u00e0 l\u2019installation des d\u00e9cors des compagnies (d\u00e9chargement, mise en place, rechargements)<br \/>\nAssure la mise en \u0153uvre des r\u00e9gies pour les manifestations de la Commune et de certains spectacles de la saison culturelle ou associatives.<br \/>\nSuivi des questions techniques li\u00e9es aux \u00e9quipements sp\u00e9cifiques de l\u2019Espace Malraux (son, lumi\u00e8res, vid\u00e9o, gril), maintenance pr\u00e9ventive et curative des mat\u00e9riels sc\u00e9nographiques, sc\u00e9niques et audiovisuels<br \/>\nResponsable de la bonne tenue des documents techniques (notices de mat\u00e9riels, garanties, plans des lieux, \u2026) et des documents administratifs (devis, factures, \u2026)<br \/>\nResponsable du suivi \/ maintenance des installations et su mat\u00e9riel technique (son, lumi\u00e8res et EPI) et des projets d\u2019acquisitions de nouveau mat\u00e9riel<\/p>\n<h2>Profils recherch\u00e9s<\/h2>\n<h4>SAVOIR<\/h4>\n<p>Baccalaur\u00e9at minimum, de pr\u00e9f\u00e9rences dans une fili\u00e8re technique<br \/>\nConnaissances et formations dans les domaines de la s\u00e9curit\u00e9 au travail et dans le domaine sp\u00e9cifique du spectacle (SST, \u00e9quipement des EPI, habilitation \u00e9lectrique souhait\u00e9e, formation \u00e0 l\u2019accroche et au levage, formation pour le travail en hauteur, conduite de pont, connaissance de la r\u00e9glementation applicable aux ERP \u2026)<br \/>\nBonne culture g\u00e9n\u00e9rale, artistique et technique. Bonne connaissance des m\u00e9tiers des usages et r\u00e8gles de la fili\u00e8re culturelle.<br \/>\nConnaissance de base en sc\u00e9nographie, \u00e9lectroacoustique, traitement num\u00e9rique du son, fonctionnement des instruments de musique et de la machinerie sc\u00e9nique.<br \/>\nMa\u00eetrise des consoles Yamaha QL, CL, Soundcraft Performer et des pupitres ETC (Cobalt et EOS), Obsidian Onyx<br \/>\nConnaissance des logiciels : Dante Virtual Soundcard, LA Network Manager, Ableton Live, D-light, QLab, LXFree\u2026<br \/>\nUne exp\u00e9rience constituerait un atout suppl\u00e9mentaire<\/p>\n<h4>SAVOIR FAIRE<\/h4>\n<p>Autonomie dans l\u2019organisation du travail<br \/>\nEsprit m\u00e9thodique, rigoureux, sens aigu de l\u2019organisation et de la planification<br \/>\nCoordonner les intervenants sur un spectacle, transmettre les consignes, respecter et faire respecter les horaires<br \/>\nResponsable de la s\u00e9curit\u00e9 technique des spectacles (personnel ou intervenants ext\u00e9rieurs, mat\u00e9riel)<br \/>\nUtiliser les machineries et \u00e9quipements mis \u00e0 disposition (sur place ou lou\u00e9s), rechercher les informations techniques<br \/>\nMaitrise de l\u2019informatique<\/p>\n<h4>SAVOIR ETRE<\/h4>\n<p>Ouverture d\u2019esprit, capacit\u00e9 d\u2019\u00e9coute, anticipation des besoins<br \/>\nAptitude \u00e0 g\u00e9rer le stress de tous les intervenants<br \/>\nCapacit\u00e9 \u00e0 analyser des situations dans l\u2019urgence et \u00e0 prendre les d\u00e9cisions adapt\u00e9es<br \/>\nFaire respecter les consignes d\u2019utilisation<br \/>\nTravailler seul mais \u00e9galement sens du travail en \u00e9quipe<\/p>\n<h4>RELATIONS FONCTIONNELLES<\/h4>\n<p>Primaut\u00e9 du contact direct avec Le(a) Responsable culturelle de l\u2019Espace Malraux et l\u2019Adjoint en charge de la Culture et de la Communication<br \/>\nRelations quotidiennes avec l\u2019\u00e9quipe du Service Technique communal<\/p>\n<p>Poste \u00e0 temps complet<br \/>\nTravail le week-end et\/ou les soirs et jours f\u00e9ri\u00e9s<br \/>\nTravail en hauteur et manipulation de charges lourdes<br \/>\nDate limite de d\u00e9p\u00f4t des candidatures : 22\/03\/2023<br \/>\nEmploi \u00e0 pourvoir le : 01\/04\/2023<br \/>\nR\u00e9mun\u00e9ration statutaire<br \/>\nAdresser CV + lettre de motivation<br \/>\nPoste \u00e0 pourvoir le 01\/04\/2023<\/p>\n<p>Monsieur le Maire<br \/>\nCommune de Geispolsheim<br \/>\n6, rue du Maire Fran\u00e7ois Nuss<br \/>\nBP 30433 GEISPOLSHEIM<br \/>\n67412 ILLKIRCH CEDEX<\/p>\n<p>Contact Laura Mah\u00e9, directrice culturelle, par mail \u00e0 espacemalraux.geispolsheim@gmail.com<\/p>\n<p>L\u2019article <a href=\"https:\/\/popburo.fr\/l039espace-malraux-geispolsheim-recrute-un-regisseur-f-h\/\">L&rsquo;ESPACE MALRAUX [Geispolsheim] recrute un r\u00e9gisseur [F\/H]<\/a> est apparu en premier sur <a href=\"https:\/\/popburo.fr\/\">POP B\u00dcRO<\/a>.<\/p>\n","protected":false},"excerpt":{"rendered":"<p>Missions Sous l\u2019autorit\u00e9 du Directeur G\u00e9n\u00e9ral des Services et du Responsable de la programmation culturelle, la Mairie de Geispolsheim recherche un\/une r\u00e9gisseur de l\u2019Espace Malraux. Le r\u00e9gisseur est responsable de la pr\u00e9paration, de l\u2019exploitation et de la coordination technique de l\u2019ensemble des manifestations organis\u00e9e \u00e0 l\u2019Espace Malraux (culturelles, communales, associatives ou priv\u00e9es) et de quelques manifestations communales majeures (f\u00eate de la choucroute, printemps en f\u00eate, \u2026). Activit\u00e9s principales Participer aux r\u00e9unions pr\u00e9paratoires \u00e0 l\u2019organisation des spectacles et manifestations Analyser les [&hellip;]<\/p>\n","protected":false},"author":0,"featured_media":0,"comment_status":"closed","ping_status":"open","sticky":false,"template":"","format":"standard","meta":{"footnotes":""},"categories":[1],"tags":[],"class_list":["post-5388","post","type-post","status-publish","format-standard","hentry","category-non-classe"],"yoast_head":"<!-- This site is optimized with the Yoast SEO plugin v27.4 - https:\/\/yoast.com\/product\/yoast-seo-wordpress\/ -->\n<title>L&#039;ESPACE MALRAUX [Geispolsheim] recrute un r\u00e9gisseur [F\/H] - HIERO STRASBOURG<\/title>\n<meta name=\"robots\" content=\"index, follow, max-snippet:-1, max-image-preview:large, max-video-preview:-1\" \/>\n<link rel=\"canonical\" href=\"https:\/\/hierostrasbourg.com\/index.php\/2023\/02\/21\/lespace-malraux-geispolsheim-recrute-un-regisseur-f-h-2\/\" \/>\n<meta property=\"og:locale\" content=\"fr_FR\" \/>\n<meta property=\"og:type\" content=\"article\" \/>\n<meta property=\"og:title\" content=\"L&#039;ESPACE MALRAUX [Geispolsheim] recrute un r\u00e9gisseur [F\/H] - HIERO STRASBOURG\" \/>\n<meta property=\"og:description\" content=\"Missions Sous l\u2019autorit\u00e9 du Directeur G\u00e9n\u00e9ral des Services et du Responsable de la programmation culturelle, la Mairie de Geispolsheim recherche un\/une r\u00e9gisseur de l\u2019Espace Malraux. Le r\u00e9gisseur est responsable de la pr\u00e9paration, de l\u2019exploitation et de la coordination technique de l\u2019ensemble des manifestations organis\u00e9e \u00e0 l\u2019Espace Malraux (culturelles, communales, associatives ou priv\u00e9es) et de quelques manifestations communales majeures (f\u00eate de la choucroute, printemps en f\u00eate, \u2026). Activit\u00e9s principales Participer aux r\u00e9unions pr\u00e9paratoires \u00e0 l\u2019organisation des spectacles et manifestations Analyser les [&hellip;]\" \/>\n<meta property=\"og:url\" content=\"https:\/\/hierostrasbourg.com\/index.php\/2023\/02\/21\/lespace-malraux-geispolsheim-recrute-un-regisseur-f-h-2\/\" \/>\n<meta property=\"og:site_name\" content=\"HIERO STRASBOURG\" \/>\n<meta property=\"article:publisher\" content=\"https:\/\/www.facebook.com\/fedehierostrasbourg\" \/>\n<meta property=\"article:published_time\" content=\"2023-02-21T18:42:11+00:00\" \/>\n<meta name=\"twitter:card\" content=\"summary_large_image\" \/>\n<meta name=\"twitter:creator\" content=\"@hierostrasbourg\" \/>\n<meta name=\"twitter:site\" content=\"@hierostrasbourg\" \/>\n<meta name=\"twitter:label1\" content=\"Dur\u00e9e de lecture estim\u00e9e\" \/>\n\t<meta name=\"twitter:data1\" content=\"3 minutes\" \/>\n<script type=\"application\/ld+json\" class=\"yoast-schema-graph\">{\"@context\":\"https:\\\/\\\/schema.org\",\"@graph\":[{\"@type\":\"Article\",\"@id\":\"https:\\\/\\\/hierostrasbourg.com\\\/index.php\\\/2023\\\/02\\\/21\\\/lespace-malraux-geispolsheim-recrute-un-regisseur-f-h-2\\\/#article\",\"isPartOf\":{\"@id\":\"https:\\\/\\\/hierostrasbourg.com\\\/index.php\\\/2023\\\/02\\\/21\\\/lespace-malraux-geispolsheim-recrute-un-regisseur-f-h-2\\\/\"},\"author\":{\"name\":\"\",\"@id\":\"\"},\"headline\":\"L&#039;ESPACE MALRAUX [Geispolsheim] recrute un r\u00e9gisseur [F\\\/H]\",\"datePublished\":\"2023-02-21T18:42:11+00:00\",\"mainEntityOfPage\":{\"@id\":\"https:\\\/\\\/hierostrasbourg.com\\\/index.php\\\/2023\\\/02\\\/21\\\/lespace-malraux-geispolsheim-recrute-un-regisseur-f-h-2\\\/\"},\"wordCount\":665,\"publisher\":{\"@id\":\"https:\\\/\\\/hierostrasbourg.com\\\/#organization\"},\"inLanguage\":\"fr-FR\"},{\"@type\":\"WebPage\",\"@id\":\"https:\\\/\\\/hierostrasbourg.com\\\/index.php\\\/2023\\\/02\\\/21\\\/lespace-malraux-geispolsheim-recrute-un-regisseur-f-h-2\\\/\",\"url\":\"https:\\\/\\\/hierostrasbourg.com\\\/index.php\\\/2023\\\/02\\\/21\\\/lespace-malraux-geispolsheim-recrute-un-regisseur-f-h-2\\\/\",\"name\":\"L&#039;ESPACE MALRAUX [Geispolsheim] recrute un r\u00e9gisseur [F\\\/H] - HIERO STRASBOURG\",\"isPartOf\":{\"@id\":\"https:\\\/\\\/hierostrasbourg.com\\\/#website\"},\"datePublished\":\"2023-02-21T18:42:11+00:00\",\"breadcrumb\":{\"@id\":\"https:\\\/\\\/hierostrasbourg.com\\\/index.php\\\/2023\\\/02\\\/21\\\/lespace-malraux-geispolsheim-recrute-un-regisseur-f-h-2\\\/#breadcrumb\"},\"inLanguage\":\"fr-FR\",\"potentialAction\":[{\"@type\":\"ReadAction\",\"target\":[\"https:\\\/\\\/hierostrasbourg.com\\\/index.php\\\/2023\\\/02\\\/21\\\/lespace-malraux-geispolsheim-recrute-un-regisseur-f-h-2\\\/\"]}]},{\"@type\":\"BreadcrumbList\",\"@id\":\"https:\\\/\\\/hierostrasbourg.com\\\/index.php\\\/2023\\\/02\\\/21\\\/lespace-malraux-geispolsheim-recrute-un-regisseur-f-h-2\\\/#breadcrumb\",\"itemListElement\":[{\"@type\":\"ListItem\",\"position\":1,\"name\":\"Accueil\",\"item\":\"https:\\\/\\\/hierostrasbourg.com\\\/\"},{\"@type\":\"ListItem\",\"position\":2,\"name\":\"L&#039;ESPACE MALRAUX [Geispolsheim] recrute un r\u00e9gisseur [F\\\/H]\"}]},{\"@type\":\"WebSite\",\"@id\":\"https:\\\/\\\/hierostrasbourg.com\\\/#website\",\"url\":\"https:\\\/\\\/hierostrasbourg.com\\\/\",\"name\":\"HIERO STRASBOURG\",\"description\":\"Centre de Ressources Musiques Actuelles\",\"publisher\":{\"@id\":\"https:\\\/\\\/hierostrasbourg.com\\\/#organization\"},\"potentialAction\":[{\"@type\":\"SearchAction\",\"target\":{\"@type\":\"EntryPoint\",\"urlTemplate\":\"https:\\\/\\\/hierostrasbourg.com\\\/?s={search_term_string}\"},\"query-input\":{\"@type\":\"PropertyValueSpecification\",\"valueRequired\":true,\"valueName\":\"search_term_string\"}}],\"inLanguage\":\"fr-FR\"},{\"@type\":\"Organization\",\"@id\":\"https:\\\/\\\/hierostrasbourg.com\\\/#organization\",\"name\":\"F\u00e9d\u00e9ration Hi\u00e9ro Strasbourg\",\"url\":\"https:\\\/\\\/hierostrasbourg.com\\\/\",\"logo\":{\"@type\":\"ImageObject\",\"inLanguage\":\"fr-FR\",\"@id\":\"https:\\\/\\\/hierostrasbourg.com\\\/#\\\/schema\\\/logo\\\/image\\\/\",\"url\":\"https:\\\/\\\/hierostrasbourg.com\\\/wp-content\\\/uploads\\\/2026\\\/04\\\/logo-hiero-strasbourg.jpg\",\"contentUrl\":\"https:\\\/\\\/hierostrasbourg.com\\\/wp-content\\\/uploads\\\/2026\\\/04\\\/logo-hiero-strasbourg.jpg\",\"width\":204,\"height\":192,\"caption\":\"F\u00e9d\u00e9ration Hi\u00e9ro Strasbourg\"},\"image\":{\"@id\":\"https:\\\/\\\/hierostrasbourg.com\\\/#\\\/schema\\\/logo\\\/image\\\/\"},\"sameAs\":[\"https:\\\/\\\/www.facebook.com\\\/fedehierostrasbourg\",\"https:\\\/\\\/x.com\\\/hierostrasbourg\"]}]}<\/script>\n<!-- \/ Yoast SEO plugin. -->","yoast_head_json":{"title":"L&#039;ESPACE MALRAUX [Geispolsheim] recrute un r\u00e9gisseur [F\/H] - HIERO STRASBOURG","robots":{"index":"index","follow":"follow","max-snippet":"max-snippet:-1","max-image-preview":"max-image-preview:large","max-video-preview":"max-video-preview:-1"},"canonical":"https:\/\/hierostrasbourg.com\/index.php\/2023\/02\/21\/lespace-malraux-geispolsheim-recrute-un-regisseur-f-h-2\/","og_locale":"fr_FR","og_type":"article","og_title":"L&#039;ESPACE MALRAUX [Geispolsheim] recrute un r\u00e9gisseur [F\/H] - HIERO STRASBOURG","og_description":"Missions Sous l\u2019autorit\u00e9 du Directeur G\u00e9n\u00e9ral des Services et du Responsable de la programmation culturelle, la Mairie de Geispolsheim recherche un\/une r\u00e9gisseur de l\u2019Espace Malraux. Le r\u00e9gisseur est responsable de la pr\u00e9paration, de l\u2019exploitation et de la coordination technique de l\u2019ensemble des manifestations organis\u00e9e \u00e0 l\u2019Espace Malraux (culturelles, communales, associatives ou priv\u00e9es) et de quelques manifestations communales majeures (f\u00eate de la choucroute, printemps en f\u00eate, \u2026). Activit\u00e9s principales Participer aux r\u00e9unions pr\u00e9paratoires \u00e0 l\u2019organisation des spectacles et manifestations Analyser les [&hellip;]","og_url":"https:\/\/hierostrasbourg.com\/index.php\/2023\/02\/21\/lespace-malraux-geispolsheim-recrute-un-regisseur-f-h-2\/","og_site_name":"HIERO STRASBOURG","article_publisher":"https:\/\/www.facebook.com\/fedehierostrasbourg","article_published_time":"2023-02-21T18:42:11+00:00","twitter_card":"summary_large_image","twitter_creator":"@hierostrasbourg","twitter_site":"@hierostrasbourg","twitter_misc":{"Dur\u00e9e de lecture estim\u00e9e":"3 minutes"},"schema":{"@context":"https:\/\/schema.org","@graph":[{"@type":"Article","@id":"https:\/\/hierostrasbourg.com\/index.php\/2023\/02\/21\/lespace-malraux-geispolsheim-recrute-un-regisseur-f-h-2\/#article","isPartOf":{"@id":"https:\/\/hierostrasbourg.com\/index.php\/2023\/02\/21\/lespace-malraux-geispolsheim-recrute-un-regisseur-f-h-2\/"},"author":{"name":"","@id":""},"headline":"L&#039;ESPACE MALRAUX [Geispolsheim] recrute un r\u00e9gisseur [F\/H]","datePublished":"2023-02-21T18:42:11+00:00","mainEntityOfPage":{"@id":"https:\/\/hierostrasbourg.com\/index.php\/2023\/02\/21\/lespace-malraux-geispolsheim-recrute-un-regisseur-f-h-2\/"},"wordCount":665,"publisher":{"@id":"https:\/\/hierostrasbourg.com\/#organization"},"inLanguage":"fr-FR"},{"@type":"WebPage","@id":"https:\/\/hierostrasbourg.com\/index.php\/2023\/02\/21\/lespace-malraux-geispolsheim-recrute-un-regisseur-f-h-2\/","url":"https:\/\/hierostrasbourg.com\/index.php\/2023\/02\/21\/lespace-malraux-geispolsheim-recrute-un-regisseur-f-h-2\/","name":"L&#039;ESPACE MALRAUX [Geispolsheim] recrute un r\u00e9gisseur [F\/H] - HIERO STRASBOURG","isPartOf":{"@id":"https:\/\/hierostrasbourg.com\/#website"},"datePublished":"2023-02-21T18:42:11+00:00","breadcrumb":{"@id":"https:\/\/hierostrasbourg.com\/index.php\/2023\/02\/21\/lespace-malraux-geispolsheim-recrute-un-regisseur-f-h-2\/#breadcrumb"},"inLanguage":"fr-FR","potentialAction":[{"@type":"ReadAction","target":["https:\/\/hierostrasbourg.com\/index.php\/2023\/02\/21\/lespace-malraux-geispolsheim-recrute-un-regisseur-f-h-2\/"]}]},{"@type":"BreadcrumbList","@id":"https:\/\/hierostrasbourg.com\/index.php\/2023\/02\/21\/lespace-malraux-geispolsheim-recrute-un-regisseur-f-h-2\/#breadcrumb","itemListElement":[{"@type":"ListItem","position":1,"name":"Accueil","item":"https:\/\/hierostrasbourg.com\/"},{"@type":"ListItem","position":2,"name":"L&#039;ESPACE MALRAUX [Geispolsheim] recrute un r\u00e9gisseur [F\/H]"}]},{"@type":"WebSite","@id":"https:\/\/hierostrasbourg.com\/#website","url":"https:\/\/hierostrasbourg.com\/","name":"HIERO STRASBOURG","description":"Centre de Ressources Musiques Actuelles","publisher":{"@id":"https:\/\/hierostrasbourg.com\/#organization"},"potentialAction":[{"@type":"SearchAction","target":{"@type":"EntryPoint","urlTemplate":"https:\/\/hierostrasbourg.com\/?s={search_term_string}"},"query-input":{"@type":"PropertyValueSpecification","valueRequired":true,"valueName":"search_term_string"}}],"inLanguage":"fr-FR"},{"@type":"Organization","@id":"https:\/\/hierostrasbourg.com\/#organization","name":"F\u00e9d\u00e9ration Hi\u00e9ro Strasbourg","url":"https:\/\/hierostrasbourg.com\/","logo":{"@type":"ImageObject","inLanguage":"fr-FR","@id":"https:\/\/hierostrasbourg.com\/#\/schema\/logo\/image\/","url":"https:\/\/hierostrasbourg.com\/wp-content\/uploads\/2026\/04\/logo-hiero-strasbourg.jpg","contentUrl":"https:\/\/hierostrasbourg.com\/wp-content\/uploads\/2026\/04\/logo-hiero-strasbourg.jpg","width":204,"height":192,"caption":"F\u00e9d\u00e9ration Hi\u00e9ro Strasbourg"},"image":{"@id":"https:\/\/hierostrasbourg.com\/#\/schema\/logo\/image\/"},"sameAs":["https:\/\/www.facebook.com\/fedehierostrasbourg","https:\/\/x.com\/hierostrasbourg"]}]}},"_links":{"self":[{"href":"https:\/\/hierostrasbourg.com\/index.php\/wp-json\/wp\/v2\/posts\/5388","targetHints":{"allow":["GET"]}}],"collection":[{"href":"https:\/\/hierostrasbourg.com\/index.php\/wp-json\/wp\/v2\/posts"}],"about":[{"href":"https:\/\/hierostrasbourg.com\/index.php\/wp-json\/wp\/v2\/types\/post"}],"replies":[{"embeddable":true,"href":"https:\/\/hierostrasbourg.com\/index.php\/wp-json\/wp\/v2\/comments?post=5388"}],"version-history":[{"count":0,"href":"https:\/\/hierostrasbourg.com\/index.php\/wp-json\/wp\/v2\/posts\/5388\/revisions"}],"wp:attachment":[{"href":"https:\/\/hierostrasbourg.com\/index.php\/wp-json\/wp\/v2\/media?parent=5388"}],"wp:term":[{"taxonomy":"category","embeddable":true,"href":"https:\/\/hierostrasbourg.com\/index.php\/wp-json\/wp\/v2\/categories?post=5388"},{"taxonomy":"post_tag","embeddable":true,"href":"https:\/\/hierostrasbourg.com\/index.php\/wp-json\/wp\/v2\/tags?post=5388"}],"curies":[{"name":"wp","href":"https:\/\/api.w.org\/{rel}","templated":true}]}}