{"id":5386,"date":"2023-02-21T19:42:10","date_gmt":"2023-02-21T18:42:10","guid":{"rendered":"https:\/\/hierostrasbourg.com\/index.php\/2023\/02\/21\/lopera-national-du-rhin-recrute-un-charge-daccueil-securite-chef-fe-dequipe-ssiap-2-f-h\/"},"modified":"2023-02-21T19:42:10","modified_gmt":"2023-02-21T18:42:10","slug":"lopera-national-du-rhin-recrute-un-charge-daccueil-securite-chef-fe-dequipe-ssiap-2-f-h","status":"publish","type":"post","link":"https:\/\/hierostrasbourg.com\/index.php\/2023\/02\/21\/lopera-national-du-rhin-recrute-un-charge-daccueil-securite-chef-fe-dequipe-ssiap-2-f-h\/","title":{"rendered":"L&#039;OP\u00c9RA NATIONAL DU RHIN recrute un charg\u00e9 d\u2019accueil \u2013 s\u00e9curit\u00e9 \/ chef.fe d\u2019\u00e9quipe \u2013 SSIAP 2 [F\/H]"},"content":{"rendered":"<h2>MISSIONS<\/h2>\n<p>Charg\u00e9.e de l\u2019accueil et de la s\u00e9curit\u00e9 des personnes, du contr\u00f4le des acc\u00e8s, et de la surveillance des syst\u00e8mes de s\u00e9curit\u00e9 des b\u00e2timents (Th\u00e9\u00e2tre, Grenier,\u2026).<br \/>\nEn spectacle, et en fonction du planning \u00e9tablit, assure soit les fonctions de chef.fe d\u2019\u00e9quipe spectacles charg\u00e9.e de la pr\u00e9vention et gestion des risques incendie et d\u2019assistance \u00e0 personnes, soit les fonctions d\u2019agent de s\u00e9curit\u00e9 sous la responsabilit\u00e9 d\u2019un.e chef.fe d\u2019\u00e9quipe.<\/p>\n<h4>ACTIVITES<\/h4>\n<p><strong>Accueil<\/strong><\/p>\n<p>Accueil physique et t\u00e9l\u00e9phonique des personnes<br \/>\nContr\u00f4le l\u2019acc\u00e8s des b\u00e2timents, informe, renseigne, et oriente avec pertinence, courtoisie et amabilit\u00e9<br \/>\nEst responsable de la bonne gestion des cl\u00e9s et autres moyens d\u2019acc\u00e8s aux b\u00e2timents<br \/>\nPeut \u00eatre amen\u00e9.e \u00e0 assister l\u2019agent responsable de la gouvernance dans ses missions (mise en place des salles, point d\u2019eau, \u2026)<br \/>\nEn fonction des imp\u00e9ratifs de bonne continuit\u00e9 des services, est charg\u00e9.e de la distribution du courrier au sein des b\u00e2timents de l\u2019Op\u00e9ra national du Rhin ou tout autre lieu si besoin.<\/p>\n<p><strong>S\u00e9curit\u00e9 Incendie \/ Secours \u00e0 personnes<\/strong><\/p>\n<p>Exploite le syst\u00e8me de mise en s\u00e9curit\u00e9 incendie de 1er niveau<br \/>\nS\u2019assure du bon fonctionnement des centrales de surveillances des b\u00e2timents (incendie, alarme technique, intrusion,..) et signale tout dysfonctionnement en application des proc\u00e9dures<br \/>\nVeille \u00e0 l\u2019application des proc\u00e9dures, en s\u00e9curit\u00e9 incendie, d\u2019acc\u00e8s, s\u00fbret\u00e9 intrusion notamment, et celles sp\u00e9cifiques \u00e0 chaque b\u00e2timent<br \/>\nEn pr\u00e9venteur, identifie les risques particuliers des diff\u00e9rents b\u00e2timents et diff\u00e9rentes situations, et sensibilise le personnel au quotidien en \u00e9tant pr\u00e9sent sur le terrain<br \/>\nEst charg\u00e9.e de la permanence s\u00e9curit\u00e9-incendie lors de tous les spectacles, selon un planning \u00e9tabli, en collaboration avec le personnel d\u2019astreinte technique,<br \/>\nAssure le suivi de l\u2019entretien des moyens de secours :<br \/>\ncontr\u00f4les de l\u2019\u00e9tat apparent et essais p\u00e9riodiques des RIA, extincteurs, Grand Secours, portes, acc\u00e8s ext\u00e9rieur, \u00e9clairage de service et de s\u00e9curit\u00e9, syst\u00e8me t\u00e9l\u00e9phonique de report d\u2019alarmes, dispositifs de d\u00e9senfumage, d\u00e9gagements et circulations,<br \/>\nd\u00e9neigement des acc\u00e8s au Th\u00e9\u00e2tre, au Grenier et \u00e0 la cour de l\u2019administration,<br \/>\nr\u00e9alisation d\u2019une ronde mensuelle de Maintenance Pr\u00e9ventive, en collaboration avec le service maintenance, des vannes de barrages d\u2019alimentation des RIA<\/p>\n<p>Assure la r\u00e9alisation de rondes de s\u00e9curit\u00e9 journali\u00e8res (suivant les plannings d\u2019activit\u00e9s) et transmet le reporting \u00e0 son responsable<br \/>\nAssure l\u2019astreinte de secours \u00e0 personnes (assist\u00e9 des S.S.T. pr\u00e9sents sur place) et permet, par une analyse de la situation, la prise en compte de l\u2019incident et la mise en place d\u2019un plan d\u2019actions correctives et pr\u00e9ventives<\/p>\n<p>Pendant les spectacles<\/p>\n<p>En qualit\u00e9 d\u2019agent de s\u00e9curit\u00e9 : sous la responsabilit\u00e9 du.de la chef.fe d\u2019\u00e9quipe, veille \u00e0 la pr\u00e9vention des risques incendies, applique les consignes de s\u00e9curit\u00e9, assure l\u2019assistance \u00e0 personne, informe et se tient \u00e0 disposition des moyens de secours<br \/>\n\u00a0En qualit\u00e9 de chef.fe d\u2019\u00e9quipe spectacle : en plus des missions d\u2019agent de s\u00e9curit\u00e9, coordonne l\u2019\u00e9quipe d\u2019agents de s\u00e9curit\u00e9, dirige le poste de s\u00e9curit\u00e9 lors de sinistres, applique les consignes de s\u00e9curit\u00e9, informe et se tient \u00e0 disposition des moyens de secours, renseigne la fiche de liaison et tient l\u2019\u00e9quipe \u00e0 disposition de l\u2019administrateur de service<br \/>\nCes missions sont assur\u00e9es \u00e0 tour de r\u00f4le dans l\u2019\u00e9quipe, en fonction des besoins et des plannings<\/p>\n<h2>Profil recherch\u00e9<\/h2>\n<h4>COMPETENCES ET QUALITES NECESSAIRES :<\/h4>\n<p>Titulaire d\u2019un CAP en pr\u00e9vention et d\u2019un dipl\u00f4me S.S.I.A.P. 2<br \/>\nConnaissance de la s\u00e9curit\u00e9 incendie et de fonctionnement d\u2019un ERP<br \/>\nTitulaire des habilitations \u00e9lectriques et du dipl\u00f4me S.S.T.<br \/>\nFormations assur\u00e9es si n\u00e9cessaire pour les candidatures internes<\/p>\n<h4>Qualit\u00e9s<\/h4>\n<p>Avoir un excellent sens relationnel et le go\u00fbt du contact humain<br \/>\nLa pratique d\u2019une langue \u00e9trang\u00e8re (anglais, allemand) et de l\u2019informatique, serait un plus<br \/>\nSens de l\u2019organisation et de la rigueur, et savoir faire preuve d\u2019initiative<br \/>\nCapacit\u00e9 \u00e0 g\u00e9rer une \u00e9quipe et sachant garder ma\u00eetrise et calme en cas de situation d\u00e9licate<br \/>\nExp\u00e9rience dans le domaine de l\u2019accueil conciergerie serait un plus<br \/>\nAptitude au travail en hauteur<\/p>\n<p>Contraintes particuli\u00e8res : horaires d\u00e9cal\u00e9s 7 jours sur 7<\/p>\n<p>Date limite de candidature : 18 Mars 2023<\/p>\n<p>Merci de faire parvenir votre candidature (lettre de motivation, curriculum vitae) pour le 18 Mars 2023<br \/>\n\u00e0 Monsieur le Directeur g\u00e9n\u00e9ral de l\u2019Op\u00e9ra National du Rhin<br \/>\nDirection des Ressources humaines<br \/>\n19, Place Broglie \u2013 67008 Strasbourg Cedex<\/p>\n<p>Email : rh@onr.fr<\/p>\n<p>L\u2019article <a href=\"https:\/\/popburo.fr\/l039opera-national-du-rhin-recrute-un-charge-daccueil-securite-chef-fe-dequipe-ssiap-2-f-h\/\">L&rsquo;OP\u00c9RA NATIONAL DU RHIN recrute un charg\u00e9 d\u2019accueil \u2013 s\u00e9curit\u00e9 \/ chef.fe d\u2019\u00e9quipe \u2013 SSIAP 2 [F\/H]<\/a> est apparu en premier sur <a href=\"https:\/\/popburo.fr\/\">POP B\u00dcRO<\/a>.<\/p>\n","protected":false},"excerpt":{"rendered":"<p>MISSIONS Charg\u00e9.e de l\u2019accueil et de la s\u00e9curit\u00e9 des personnes, du contr\u00f4le des acc\u00e8s, et de la surveillance des syst\u00e8mes de s\u00e9curit\u00e9 des b\u00e2timents (Th\u00e9\u00e2tre, Grenier,\u2026). En spectacle, et en fonction du planning \u00e9tablit, assure soit les fonctions de chef.fe d\u2019\u00e9quipe spectacles charg\u00e9.e de la pr\u00e9vention et gestion des risques incendie et d\u2019assistance \u00e0 personnes, soit les fonctions d\u2019agent de s\u00e9curit\u00e9 sous la responsabilit\u00e9 d\u2019un.e chef.fe d\u2019\u00e9quipe. ACTIVITES Accueil Accueil physique et t\u00e9l\u00e9phonique des personnes Contr\u00f4le l\u2019acc\u00e8s des b\u00e2timents, informe, [&hellip;]<\/p>\n","protected":false},"author":0,"featured_media":0,"comment_status":"closed","ping_status":"open","sticky":false,"template":"","format":"standard","meta":{"footnotes":""},"categories":[1],"tags":[],"class_list":["post-5386","post","type-post","status-publish","format-standard","hentry","category-non-classe"],"yoast_head":"<!-- This site is optimized with the Yoast SEO plugin v27.4 - https:\/\/yoast.com\/product\/yoast-seo-wordpress\/ -->\n<title>L&#039;OP\u00c9RA NATIONAL DU RHIN recrute un charg\u00e9 d\u2019accueil \u2013 s\u00e9curit\u00e9 \/ chef.fe d\u2019\u00e9quipe \u2013 SSIAP 2 [F\/H] - HIERO STRASBOURG<\/title>\n<meta name=\"robots\" content=\"index, follow, max-snippet:-1, max-image-preview:large, max-video-preview:-1\" \/>\n<link rel=\"canonical\" href=\"https:\/\/hierostrasbourg.com\/index.php\/2023\/02\/21\/lopera-national-du-rhin-recrute-un-charge-daccueil-securite-chef-fe-dequipe-ssiap-2-f-h\/\" \/>\n<meta property=\"og:locale\" content=\"fr_FR\" \/>\n<meta property=\"og:type\" content=\"article\" \/>\n<meta property=\"og:title\" content=\"L&#039;OP\u00c9RA NATIONAL DU RHIN recrute un charg\u00e9 d\u2019accueil \u2013 s\u00e9curit\u00e9 \/ chef.fe d\u2019\u00e9quipe \u2013 SSIAP 2 [F\/H] - HIERO STRASBOURG\" \/>\n<meta property=\"og:description\" content=\"MISSIONS Charg\u00e9.e de l\u2019accueil et de la s\u00e9curit\u00e9 des personnes, du contr\u00f4le des acc\u00e8s, et de la surveillance des syst\u00e8mes de s\u00e9curit\u00e9 des b\u00e2timents (Th\u00e9\u00e2tre, Grenier,\u2026). En spectacle, et en fonction du planning \u00e9tablit, assure soit les fonctions de chef.fe d\u2019\u00e9quipe spectacles charg\u00e9.e de la pr\u00e9vention et gestion des risques incendie et d\u2019assistance \u00e0 personnes, soit les fonctions d\u2019agent de s\u00e9curit\u00e9 sous la responsabilit\u00e9 d\u2019un.e chef.fe d\u2019\u00e9quipe. ACTIVITES Accueil Accueil physique et t\u00e9l\u00e9phonique des personnes Contr\u00f4le l\u2019acc\u00e8s des b\u00e2timents, informe, [&hellip;]\" \/>\n<meta property=\"og:url\" content=\"https:\/\/hierostrasbourg.com\/index.php\/2023\/02\/21\/lopera-national-du-rhin-recrute-un-charge-daccueil-securite-chef-fe-dequipe-ssiap-2-f-h\/\" \/>\n<meta property=\"og:site_name\" content=\"HIERO STRASBOURG\" \/>\n<meta property=\"article:publisher\" content=\"https:\/\/www.facebook.com\/fedehierostrasbourg\" \/>\n<meta property=\"article:published_time\" content=\"2023-02-21T18:42:10+00:00\" \/>\n<meta name=\"twitter:card\" content=\"summary_large_image\" \/>\n<meta name=\"twitter:creator\" content=\"@hierostrasbourg\" \/>\n<meta name=\"twitter:site\" content=\"@hierostrasbourg\" \/>\n<meta name=\"twitter:label1\" content=\"Dur\u00e9e de lecture estim\u00e9e\" \/>\n\t<meta name=\"twitter:data1\" content=\"4 minutes\" \/>\n<script type=\"application\/ld+json\" class=\"yoast-schema-graph\">{\"@context\":\"https:\\\/\\\/schema.org\",\"@graph\":[{\"@type\":\"Article\",\"@id\":\"https:\\\/\\\/hierostrasbourg.com\\\/index.php\\\/2023\\\/02\\\/21\\\/lopera-national-du-rhin-recrute-un-charge-daccueil-securite-chef-fe-dequipe-ssiap-2-f-h\\\/#article\",\"isPartOf\":{\"@id\":\"https:\\\/\\\/hierostrasbourg.com\\\/index.php\\\/2023\\\/02\\\/21\\\/lopera-national-du-rhin-recrute-un-charge-daccueil-securite-chef-fe-dequipe-ssiap-2-f-h\\\/\"},\"author\":{\"name\":\"\",\"@id\":\"\"},\"headline\":\"L&#039;OP\u00c9RA NATIONAL DU RHIN recrute un charg\u00e9 d\u2019accueil \u2013 s\u00e9curit\u00e9 \\\/ chef.fe d\u2019\u00e9quipe \u2013 SSIAP 2 [F\\\/H]\",\"datePublished\":\"2023-02-21T18:42:10+00:00\",\"mainEntityOfPage\":{\"@id\":\"https:\\\/\\\/hierostrasbourg.com\\\/index.php\\\/2023\\\/02\\\/21\\\/lopera-national-du-rhin-recrute-un-charge-daccueil-securite-chef-fe-dequipe-ssiap-2-f-h\\\/\"},\"wordCount\":839,\"publisher\":{\"@id\":\"https:\\\/\\\/hierostrasbourg.com\\\/#organization\"},\"inLanguage\":\"fr-FR\"},{\"@type\":\"WebPage\",\"@id\":\"https:\\\/\\\/hierostrasbourg.com\\\/index.php\\\/2023\\\/02\\\/21\\\/lopera-national-du-rhin-recrute-un-charge-daccueil-securite-chef-fe-dequipe-ssiap-2-f-h\\\/\",\"url\":\"https:\\\/\\\/hierostrasbourg.com\\\/index.php\\\/2023\\\/02\\\/21\\\/lopera-national-du-rhin-recrute-un-charge-daccueil-securite-chef-fe-dequipe-ssiap-2-f-h\\\/\",\"name\":\"L&#039;OP\u00c9RA NATIONAL DU RHIN recrute un charg\u00e9 d\u2019accueil \u2013 s\u00e9curit\u00e9 \\\/ chef.fe d\u2019\u00e9quipe \u2013 SSIAP 2 [F\\\/H] - HIERO STRASBOURG\",\"isPartOf\":{\"@id\":\"https:\\\/\\\/hierostrasbourg.com\\\/#website\"},\"datePublished\":\"2023-02-21T18:42:10+00:00\",\"breadcrumb\":{\"@id\":\"https:\\\/\\\/hierostrasbourg.com\\\/index.php\\\/2023\\\/02\\\/21\\\/lopera-national-du-rhin-recrute-un-charge-daccueil-securite-chef-fe-dequipe-ssiap-2-f-h\\\/#breadcrumb\"},\"inLanguage\":\"fr-FR\",\"potentialAction\":[{\"@type\":\"ReadAction\",\"target\":[\"https:\\\/\\\/hierostrasbourg.com\\\/index.php\\\/2023\\\/02\\\/21\\\/lopera-national-du-rhin-recrute-un-charge-daccueil-securite-chef-fe-dequipe-ssiap-2-f-h\\\/\"]}]},{\"@type\":\"BreadcrumbList\",\"@id\":\"https:\\\/\\\/hierostrasbourg.com\\\/index.php\\\/2023\\\/02\\\/21\\\/lopera-national-du-rhin-recrute-un-charge-daccueil-securite-chef-fe-dequipe-ssiap-2-f-h\\\/#breadcrumb\",\"itemListElement\":[{\"@type\":\"ListItem\",\"position\":1,\"name\":\"Accueil\",\"item\":\"https:\\\/\\\/hierostrasbourg.com\\\/\"},{\"@type\":\"ListItem\",\"position\":2,\"name\":\"L&#039;OP\u00c9RA NATIONAL DU RHIN recrute un charg\u00e9 d\u2019accueil \u2013 s\u00e9curit\u00e9 \\\/ chef.fe d\u2019\u00e9quipe \u2013 SSIAP 2 [F\\\/H]\"}]},{\"@type\":\"WebSite\",\"@id\":\"https:\\\/\\\/hierostrasbourg.com\\\/#website\",\"url\":\"https:\\\/\\\/hierostrasbourg.com\\\/\",\"name\":\"HIERO STRASBOURG\",\"description\":\"Centre de Ressources Musiques Actuelles\",\"publisher\":{\"@id\":\"https:\\\/\\\/hierostrasbourg.com\\\/#organization\"},\"potentialAction\":[{\"@type\":\"SearchAction\",\"target\":{\"@type\":\"EntryPoint\",\"urlTemplate\":\"https:\\\/\\\/hierostrasbourg.com\\\/?s={search_term_string}\"},\"query-input\":{\"@type\":\"PropertyValueSpecification\",\"valueRequired\":true,\"valueName\":\"search_term_string\"}}],\"inLanguage\":\"fr-FR\"},{\"@type\":\"Organization\",\"@id\":\"https:\\\/\\\/hierostrasbourg.com\\\/#organization\",\"name\":\"F\u00e9d\u00e9ration Hi\u00e9ro Strasbourg\",\"url\":\"https:\\\/\\\/hierostrasbourg.com\\\/\",\"logo\":{\"@type\":\"ImageObject\",\"inLanguage\":\"fr-FR\",\"@id\":\"https:\\\/\\\/hierostrasbourg.com\\\/#\\\/schema\\\/logo\\\/image\\\/\",\"url\":\"https:\\\/\\\/hierostrasbourg.com\\\/wp-content\\\/uploads\\\/2026\\\/04\\\/logo-hiero-strasbourg.jpg\",\"contentUrl\":\"https:\\\/\\\/hierostrasbourg.com\\\/wp-content\\\/uploads\\\/2026\\\/04\\\/logo-hiero-strasbourg.jpg\",\"width\":204,\"height\":192,\"caption\":\"F\u00e9d\u00e9ration Hi\u00e9ro Strasbourg\"},\"image\":{\"@id\":\"https:\\\/\\\/hierostrasbourg.com\\\/#\\\/schema\\\/logo\\\/image\\\/\"},\"sameAs\":[\"https:\\\/\\\/www.facebook.com\\\/fedehierostrasbourg\",\"https:\\\/\\\/x.com\\\/hierostrasbourg\"]}]}<\/script>\n<!-- \/ Yoast SEO plugin. -->","yoast_head_json":{"title":"L&#039;OP\u00c9RA NATIONAL DU RHIN recrute un charg\u00e9 d\u2019accueil \u2013 s\u00e9curit\u00e9 \/ chef.fe d\u2019\u00e9quipe \u2013 SSIAP 2 [F\/H] - HIERO STRASBOURG","robots":{"index":"index","follow":"follow","max-snippet":"max-snippet:-1","max-image-preview":"max-image-preview:large","max-video-preview":"max-video-preview:-1"},"canonical":"https:\/\/hierostrasbourg.com\/index.php\/2023\/02\/21\/lopera-national-du-rhin-recrute-un-charge-daccueil-securite-chef-fe-dequipe-ssiap-2-f-h\/","og_locale":"fr_FR","og_type":"article","og_title":"L&#039;OP\u00c9RA NATIONAL DU RHIN recrute un charg\u00e9 d\u2019accueil \u2013 s\u00e9curit\u00e9 \/ chef.fe d\u2019\u00e9quipe \u2013 SSIAP 2 [F\/H] - HIERO STRASBOURG","og_description":"MISSIONS Charg\u00e9.e de l\u2019accueil et de la s\u00e9curit\u00e9 des personnes, du contr\u00f4le des acc\u00e8s, et de la surveillance des syst\u00e8mes de s\u00e9curit\u00e9 des b\u00e2timents (Th\u00e9\u00e2tre, Grenier,\u2026). En spectacle, et en fonction du planning \u00e9tablit, assure soit les fonctions de chef.fe d\u2019\u00e9quipe spectacles charg\u00e9.e de la pr\u00e9vention et gestion des risques incendie et d\u2019assistance \u00e0 personnes, soit les fonctions d\u2019agent de s\u00e9curit\u00e9 sous la responsabilit\u00e9 d\u2019un.e chef.fe d\u2019\u00e9quipe. ACTIVITES Accueil Accueil physique et t\u00e9l\u00e9phonique des personnes Contr\u00f4le l\u2019acc\u00e8s des b\u00e2timents, informe, [&hellip;]","og_url":"https:\/\/hierostrasbourg.com\/index.php\/2023\/02\/21\/lopera-national-du-rhin-recrute-un-charge-daccueil-securite-chef-fe-dequipe-ssiap-2-f-h\/","og_site_name":"HIERO STRASBOURG","article_publisher":"https:\/\/www.facebook.com\/fedehierostrasbourg","article_published_time":"2023-02-21T18:42:10+00:00","twitter_card":"summary_large_image","twitter_creator":"@hierostrasbourg","twitter_site":"@hierostrasbourg","twitter_misc":{"Dur\u00e9e de lecture estim\u00e9e":"4 minutes"},"schema":{"@context":"https:\/\/schema.org","@graph":[{"@type":"Article","@id":"https:\/\/hierostrasbourg.com\/index.php\/2023\/02\/21\/lopera-national-du-rhin-recrute-un-charge-daccueil-securite-chef-fe-dequipe-ssiap-2-f-h\/#article","isPartOf":{"@id":"https:\/\/hierostrasbourg.com\/index.php\/2023\/02\/21\/lopera-national-du-rhin-recrute-un-charge-daccueil-securite-chef-fe-dequipe-ssiap-2-f-h\/"},"author":{"name":"","@id":""},"headline":"L&#039;OP\u00c9RA NATIONAL DU RHIN recrute un charg\u00e9 d\u2019accueil \u2013 s\u00e9curit\u00e9 \/ chef.fe d\u2019\u00e9quipe \u2013 SSIAP 2 [F\/H]","datePublished":"2023-02-21T18:42:10+00:00","mainEntityOfPage":{"@id":"https:\/\/hierostrasbourg.com\/index.php\/2023\/02\/21\/lopera-national-du-rhin-recrute-un-charge-daccueil-securite-chef-fe-dequipe-ssiap-2-f-h\/"},"wordCount":839,"publisher":{"@id":"https:\/\/hierostrasbourg.com\/#organization"},"inLanguage":"fr-FR"},{"@type":"WebPage","@id":"https:\/\/hierostrasbourg.com\/index.php\/2023\/02\/21\/lopera-national-du-rhin-recrute-un-charge-daccueil-securite-chef-fe-dequipe-ssiap-2-f-h\/","url":"https:\/\/hierostrasbourg.com\/index.php\/2023\/02\/21\/lopera-national-du-rhin-recrute-un-charge-daccueil-securite-chef-fe-dequipe-ssiap-2-f-h\/","name":"L&#039;OP\u00c9RA NATIONAL DU RHIN recrute un charg\u00e9 d\u2019accueil \u2013 s\u00e9curit\u00e9 \/ chef.fe d\u2019\u00e9quipe \u2013 SSIAP 2 [F\/H] - HIERO STRASBOURG","isPartOf":{"@id":"https:\/\/hierostrasbourg.com\/#website"},"datePublished":"2023-02-21T18:42:10+00:00","breadcrumb":{"@id":"https:\/\/hierostrasbourg.com\/index.php\/2023\/02\/21\/lopera-national-du-rhin-recrute-un-charge-daccueil-securite-chef-fe-dequipe-ssiap-2-f-h\/#breadcrumb"},"inLanguage":"fr-FR","potentialAction":[{"@type":"ReadAction","target":["https:\/\/hierostrasbourg.com\/index.php\/2023\/02\/21\/lopera-national-du-rhin-recrute-un-charge-daccueil-securite-chef-fe-dequipe-ssiap-2-f-h\/"]}]},{"@type":"BreadcrumbList","@id":"https:\/\/hierostrasbourg.com\/index.php\/2023\/02\/21\/lopera-national-du-rhin-recrute-un-charge-daccueil-securite-chef-fe-dequipe-ssiap-2-f-h\/#breadcrumb","itemListElement":[{"@type":"ListItem","position":1,"name":"Accueil","item":"https:\/\/hierostrasbourg.com\/"},{"@type":"ListItem","position":2,"name":"L&#039;OP\u00c9RA NATIONAL DU RHIN recrute un charg\u00e9 d\u2019accueil \u2013 s\u00e9curit\u00e9 \/ chef.fe d\u2019\u00e9quipe \u2013 SSIAP 2 [F\/H]"}]},{"@type":"WebSite","@id":"https:\/\/hierostrasbourg.com\/#website","url":"https:\/\/hierostrasbourg.com\/","name":"HIERO STRASBOURG","description":"Centre de Ressources Musiques Actuelles","publisher":{"@id":"https:\/\/hierostrasbourg.com\/#organization"},"potentialAction":[{"@type":"SearchAction","target":{"@type":"EntryPoint","urlTemplate":"https:\/\/hierostrasbourg.com\/?s={search_term_string}"},"query-input":{"@type":"PropertyValueSpecification","valueRequired":true,"valueName":"search_term_string"}}],"inLanguage":"fr-FR"},{"@type":"Organization","@id":"https:\/\/hierostrasbourg.com\/#organization","name":"F\u00e9d\u00e9ration Hi\u00e9ro Strasbourg","url":"https:\/\/hierostrasbourg.com\/","logo":{"@type":"ImageObject","inLanguage":"fr-FR","@id":"https:\/\/hierostrasbourg.com\/#\/schema\/logo\/image\/","url":"https:\/\/hierostrasbourg.com\/wp-content\/uploads\/2026\/04\/logo-hiero-strasbourg.jpg","contentUrl":"https:\/\/hierostrasbourg.com\/wp-content\/uploads\/2026\/04\/logo-hiero-strasbourg.jpg","width":204,"height":192,"caption":"F\u00e9d\u00e9ration Hi\u00e9ro Strasbourg"},"image":{"@id":"https:\/\/hierostrasbourg.com\/#\/schema\/logo\/image\/"},"sameAs":["https:\/\/www.facebook.com\/fedehierostrasbourg","https:\/\/x.com\/hierostrasbourg"]}]}},"_links":{"self":[{"href":"https:\/\/hierostrasbourg.com\/index.php\/wp-json\/wp\/v2\/posts\/5386","targetHints":{"allow":["GET"]}}],"collection":[{"href":"https:\/\/hierostrasbourg.com\/index.php\/wp-json\/wp\/v2\/posts"}],"about":[{"href":"https:\/\/hierostrasbourg.com\/index.php\/wp-json\/wp\/v2\/types\/post"}],"replies":[{"embeddable":true,"href":"https:\/\/hierostrasbourg.com\/index.php\/wp-json\/wp\/v2\/comments?post=5386"}],"version-history":[{"count":0,"href":"https:\/\/hierostrasbourg.com\/index.php\/wp-json\/wp\/v2\/posts\/5386\/revisions"}],"wp:attachment":[{"href":"https:\/\/hierostrasbourg.com\/index.php\/wp-json\/wp\/v2\/media?parent=5386"}],"wp:term":[{"taxonomy":"category","embeddable":true,"href":"https:\/\/hierostrasbourg.com\/index.php\/wp-json\/wp\/v2\/categories?post=5386"},{"taxonomy":"post_tag","embeddable":true,"href":"https:\/\/hierostrasbourg.com\/index.php\/wp-json\/wp\/v2\/tags?post=5386"}],"curies":[{"name":"wp","href":"https:\/\/api.w.org\/{rel}","templated":true}]}}